{"id":97985581,"date":"2018-01-19T08:35:03","date_gmt":"2018-01-19T11:35:03","guid":{"rendered":"http:\/\/acrimat.org.br\/portal\/?p=97985581"},"modified":"2018-01-19T08:54:38","modified_gmt":"2018-01-19T11:54:38","slug":"batistas-tentam-nova-defesa-na-cvm","status":"publish","type":"post","link":"https:\/\/acrimat.org.br\/portal\/batistas-tentam-nova-defesa-na-cvm\/","title":{"rendered":"Irm\u00e3os Batistas tentam nova defesa na CVM"},"content":{"rendered":"<p>H\u00e1 quatro meses na pris\u00e3o, os irm\u00e3os Joesley e Wesley Batista tentam refor\u00e7ar os argumentos de que n\u00e3o cometeram irregularidades no mercado de capitais antes da revela\u00e7\u00e3o de sua dela\u00e7\u00e3o. A aposta na desvaloriza\u00e7\u00e3o do real e a venda de a\u00e7\u00f5es da JBS nas semanas que precederam a not\u00edcia da colabora\u00e7\u00e3o premiada levaram ao pedido de pris\u00e3o dos empres\u00e1rios e a abertura de uma s\u00e9rie de investiga\u00e7\u00f5es na Comiss\u00e3o de Valores Mobili\u00e1rios (CVM).<\/p>\n<p>Os empres\u00e1rios, que amea\u00e7aram o governo Temer com sua dela\u00e7\u00e3o, querem dar g\u00e1s novo \u00e0 defesa com conclus\u00f5es de um estudo, encomendado a uma consultoria pela JBS para subsidiar apura\u00e7\u00f5es da CVM.<\/p>\n<p>Apesar de o processo judicial n\u00e3o depender das verifica\u00e7\u00f5es da autarquia, o andamento dos casos na CVM, que \u00e9 respons\u00e1vel por fiscalizar o mercado de capitais, \u00e9 importante para a estrat\u00e9gia dos empres\u00e1rios. Isso porque o Minist\u00e9rio P\u00fablico Federal os denunciou por &#8220;insider trading&#8221;, que \u00e9 o uso de informa\u00e7\u00e3o privilegiada, e manipula\u00e7\u00e3o de mercado, crimes cometidos no mercado de capitais &#8211; sobre Joesley pesa ainda pedido de pris\u00e3o por supostamente ter omitido informa\u00e7\u00f5es de sua dela\u00e7\u00e3o.<\/p>\n<p>Segundo os procuradores, cientes do efeito que a not\u00edcia da dela\u00e7\u00e3o teria sobre a economia &#8211; sobre o c\u00e2mbio e a\u00e7\u00f5es -, os Batistas atuaram para lucrar indevidamente, apostando contra o real e vendendo pap\u00e9is da JBS.<\/p>\n<p>O novo estudo, assinado pela empresa de consultoria M\u00e9trika, analisa o impacto de eventos pol\u00edticos na cota\u00e7\u00e3o do d\u00f3lar e nas a\u00e7\u00f5es da JBS. Ele soma-se a outros dois trabalhos feitos a pedido da JBS &#8211; da Fipecafi e da firma americana Nera.<\/p>\n<p>Nele, Euch\u00e9rio Rodrigues, ex-superintendente de Mercados Derivativos da CVM, sustenta que n\u00e3o h\u00e1 como prever o efeito de um evento pol\u00edtico sobre o d\u00f3lar. A consultoria analisou a varia\u00e7\u00e3o da moeda americana desde 2000 e diz ter identificado 453 datas em que houve retorno extraordin\u00e1rio do real ante o d\u00f3lar.<\/p>\n<p>Ao cruzar essa lista com uma rela\u00e7\u00e3o de 769 eventos pol\u00edticos e econ\u00f4micos de impacto &#8211; como impeachment de Dilma Rousseff e elei\u00e7\u00e3o de Donald Trump &#8211; encontrou parcela pequena de datas coincidentes.<\/p>\n<p>No caso das a\u00e7\u00f5es, a consultoria constatou que os retornos anormais nos pap\u00e9is da JBS desde sua abertura de capital, em 2007, foram afetados por acontecimentos pol\u00edticos e econ\u00f4micos, mas que &#8220;a maior parte&#8221; desses retornos extraordin\u00e1rios ocorreu devido a situa\u00e7\u00f5es &#8220;alheias a tais eventos&#8221;.<\/p>\n<p>Segundo o estudo, no caso da Braskem, a revela\u00e7\u00e3o da dela\u00e7\u00e3o de sua controladora, a Odebrecht, resultou em retornos anormais positivos. A M\u00e9trika conclui que \u00e9 &#8220;pouco plaus\u00edvel a hip\u00f3tese de que fosse poss\u00edvel antecipar efeitos negativos levados por evento da mesma natureza nas a\u00e7\u00f5es da JBS&#8221;.<\/p>\n<p>&#8220;O estudo faz prova negativa da inten\u00e7\u00e3o de usar a informa\u00e7\u00e3o para obter vantagem indevida no mercado&#8221;, afirma o advogado Walfrido Warde, que defende a JBS.<\/p>\n<p>At\u00e9 o momento, os Batistas s\u00e3o alvo de dois processos sancionadores na CVM derivados do caso (veja quadro ao lado). Wesley tem a seu favor, segundo seus defensores, o fato de que a CVM n\u00e3o viu insider trading na compra de d\u00f3lares, mas &#8220;pr\u00e1tica n\u00e3o equitativa&#8221; &#8211; diferentemente de uso de informa\u00e7\u00e3o privilegiada, n\u00e3o \u00e9 crime.<\/p>\n<p>Andamento. A \u00e1rea t\u00e9cnica da autarquia, por\u00e9m, teve mesmo entendimento que a PF e o Minist\u00e9rio P\u00fablico no caso das a\u00e7\u00f5es e viu manipula\u00e7\u00e3o de mercado com uso de informa\u00e7\u00e3o privilegiada na opera\u00e7\u00e3o. N\u00e3o h\u00e1 data para julgamento dos processos pelo colegiado da CVM .<\/p>\n<p>Joesley e Wesley est\u00e3o na carceragem da PF em S\u00e3o Paulo desde setembro. Conseguiram autoriza\u00e7\u00e3o para permanecer por l\u00e1 em vez de serem transferidos a um pres\u00eddio. Est\u00e3o h\u00e1 alguns quil\u00f4metros de suas casas e da sede da empresa, mas muito distantes da vida que levavam.<\/p>\n<p>Quem esteve com eles relata que \u00e9 vis\u00edvel a perda de peso e o abatimento. N\u00e3o est\u00e3o alheios, por\u00e9m, ao que ocorre na JBS e no grupo. Recebem visitas frequentes de advogados e s\u00e3o auxiliados por Francisco Assis, que tamb\u00e9m \u00e9 delator e supervisiona a estrat\u00e9gia de defesa e o rumo dos neg\u00f3cios dos irm\u00e3os.<\/p>\n<p>Os irm\u00e3os aguardam o retorno das atividades do Supremo Tribunal Federal para que dois recursos movidos por sua defesa, com o objetivo de que respondam em liberdade, sejam julgados. O processo de insider e manipula\u00e7\u00e3o corre em SP.<\/p>\n","protected":false},"excerpt":{"rendered":"<p>Com estudo encomendado por JBS, irm\u00e3os buscam se livrar de acusa\u00e7\u00f5es no mercado.<\/p>\n","protected":false},"author":7,"featured_media":97977530,"comment_status":"closed","ping_status":"closed","sticky":false,"template":"","format":"standard","meta":{"footnotes":""},"categories":[6,1],"tags":[],"class_list":["post-97985581","post","type-post","status-publish","format-standard","has-post-thumbnail","hentry","category-destaque","category-noticia"],"yoast_head":"<!-- This site is optimized with the Yoast SEO plugin v24.8.1 - https:\/\/yoast.com\/wordpress\/plugins\/seo\/ -->\n<title>Irm\u00e3os Batistas tentam nova defesa na CVM - Acrimat<\/title>\n<meta name=\"robots\" content=\"index, follow, max-snippet:-1, max-image-preview:large, max-video-preview:-1\" \/>\n<link rel=\"canonical\" href=\"https:\/\/acrimat.org.br\/portal\/batistas-tentam-nova-defesa-na-cvm\/\" \/>\n<meta property=\"og:locale\" content=\"pt_BR\" \/>\n<meta property=\"og:type\" content=\"article\" \/>\n<meta property=\"og:title\" content=\"Irm\u00e3os Batistas tentam nova defesa na CVM - Acrimat\" \/>\n<meta property=\"og:description\" content=\"Com estudo encomendado por JBS, irm\u00e3os buscam se livrar de acusa\u00e7\u00f5es no mercado.\" \/>\n<meta property=\"og:url\" content=\"https:\/\/acrimat.org.br\/portal\/batistas-tentam-nova-defesa-na-cvm\/\" \/>\n<meta property=\"og:site_name\" content=\"Acrimat\" \/>\n<meta property=\"article:published_time\" content=\"2018-01-19T11:35:03+00:00\" \/>\n<meta property=\"article:modified_time\" content=\"2018-01-19T11:54:38+00:00\" \/>\n<meta property=\"og:image\" content=\"https:\/\/acrimat.org.br\/portal\/wp-content\/uploads\/2016\/08\/jbs-.jpg\" \/>\n\t<meta property=\"og:image:width\" content=\"600\" \/>\n\t<meta property=\"og:image:height\" content=\"372\" \/>\n\t<meta property=\"og:image:type\" content=\"image\/jpeg\" \/>\n<meta name=\"author\" content=\"Assessoria de comunica\u00e7\u00e3o ACRIMAT\" \/>\n<meta name=\"twitter:card\" content=\"summary_large_image\" \/>\n<meta name=\"twitter:label1\" content=\"Escrito por\" \/>\n\t<meta name=\"twitter:data1\" content=\"Assessoria de comunica\u00e7\u00e3o ACRIMAT\" \/>\n\t<meta name=\"twitter:label2\" content=\"Est. tempo de leitura\" \/>\n\t<meta name=\"twitter:data2\" content=\"4 minutos\" \/>\n<script type=\"application\/ld+json\" class=\"yoast-schema-graph\">{\"@context\":\"https:\/\/schema.org\",\"@graph\":[{\"@type\":\"Article\",\"@id\":\"https:\/\/acrimat.org.br\/portal\/batistas-tentam-nova-defesa-na-cvm\/#article\",\"isPartOf\":{\"@id\":\"https:\/\/acrimat.org.br\/portal\/batistas-tentam-nova-defesa-na-cvm\/\"},\"author\":{\"name\":\"Assessoria de comunica\u00e7\u00e3o ACRIMAT\",\"@id\":\"https:\/\/acrimat.org.br\/portal\/#\/schema\/person\/a309b9496344ff991e8e1b1d751fdd7b\"},\"headline\":\"Irm\u00e3os Batistas tentam nova defesa na CVM\",\"datePublished\":\"2018-01-19T11:35:03+00:00\",\"dateModified\":\"2018-01-19T11:54:38+00:00\",\"mainEntityOfPage\":{\"@id\":\"https:\/\/acrimat.org.br\/portal\/batistas-tentam-nova-defesa-na-cvm\/\"},\"wordCount\":801,\"publisher\":{\"@id\":\"https:\/\/acrimat.org.br\/portal\/#organization\"},\"image\":{\"@id\":\"https:\/\/acrimat.org.br\/portal\/batistas-tentam-nova-defesa-na-cvm\/#primaryimage\"},\"thumbnailUrl\":\"https:\/\/acrimat.org.br\/portal\/wp-content\/uploads\/2016\/08\/jbs-.jpg\",\"articleSection\":[\"Destaques\",\"Not\u00edcias\"],\"inLanguage\":\"pt-BR\"},{\"@type\":\"WebPage\",\"@id\":\"https:\/\/acrimat.org.br\/portal\/batistas-tentam-nova-defesa-na-cvm\/\",\"url\":\"https:\/\/acrimat.org.br\/portal\/batistas-tentam-nova-defesa-na-cvm\/\",\"name\":\"Irm\u00e3os Batistas tentam nova defesa na CVM - Acrimat\",\"isPartOf\":{\"@id\":\"https:\/\/acrimat.org.br\/portal\/#website\"},\"primaryImageOfPage\":{\"@id\":\"https:\/\/acrimat.org.br\/portal\/batistas-tentam-nova-defesa-na-cvm\/#primaryimage\"},\"image\":{\"@id\":\"https:\/\/acrimat.org.br\/portal\/batistas-tentam-nova-defesa-na-cvm\/#primaryimage\"},\"thumbnailUrl\":\"https:\/\/acrimat.org.br\/portal\/wp-content\/uploads\/2016\/08\/jbs-.jpg\",\"datePublished\":\"2018-01-19T11:35:03+00:00\",\"dateModified\":\"2018-01-19T11:54:38+00:00\",\"breadcrumb\":{\"@id\":\"https:\/\/acrimat.org.br\/portal\/batistas-tentam-nova-defesa-na-cvm\/#breadcrumb\"},\"inLanguage\":\"pt-BR\",\"potentialAction\":[{\"@type\":\"ReadAction\",\"target\":[\"https:\/\/acrimat.org.br\/portal\/batistas-tentam-nova-defesa-na-cvm\/\"]}]},{\"@type\":\"ImageObject\",\"inLanguage\":\"pt-BR\",\"@id\":\"https:\/\/acrimat.org.br\/portal\/batistas-tentam-nova-defesa-na-cvm\/#primaryimage\",\"url\":\"https:\/\/acrimat.org.br\/portal\/wp-content\/uploads\/2016\/08\/jbs-.jpg\",\"contentUrl\":\"https:\/\/acrimat.org.br\/portal\/wp-content\/uploads\/2016\/08\/jbs-.jpg\",\"width\":600,\"height\":372},{\"@type\":\"BreadcrumbList\",\"@id\":\"https:\/\/acrimat.org.br\/portal\/batistas-tentam-nova-defesa-na-cvm\/#breadcrumb\",\"itemListElement\":[{\"@type\":\"ListItem\",\"position\":1,\"name\":\"In\u00edcio\",\"item\":\"https:\/\/acrimat.org.br\/portal\/\"},{\"@type\":\"ListItem\",\"position\":2,\"name\":\"Irm\u00e3os Batistas tentam nova defesa na CVM\"}]},{\"@type\":\"WebSite\",\"@id\":\"https:\/\/acrimat.org.br\/portal\/#website\",\"url\":\"https:\/\/acrimat.org.br\/portal\/\",\"name\":\"Acrimat\",\"description\":\"Associa\u00e7\u00e3o dos Criadores de Mato Grosso\",\"publisher\":{\"@id\":\"https:\/\/acrimat.org.br\/portal\/#organization\"},\"potentialAction\":[{\"@type\":\"SearchAction\",\"target\":{\"@type\":\"EntryPoint\",\"urlTemplate\":\"https:\/\/acrimat.org.br\/portal\/?s={search_term_string}\"},\"query-input\":{\"@type\":\"PropertyValueSpecification\",\"valueRequired\":true,\"valueName\":\"search_term_string\"}}],\"inLanguage\":\"pt-BR\"},{\"@type\":\"Organization\",\"@id\":\"https:\/\/acrimat.org.br\/portal\/#organization\",\"name\":\"Associa\u00e7\u00e3o dos Criadores de Mato Grosso\",\"url\":\"https:\/\/acrimat.org.br\/portal\/\",\"logo\":{\"@type\":\"ImageObject\",\"inLanguage\":\"pt-BR\",\"@id\":\"https:\/\/acrimat.org.br\/portal\/#\/schema\/logo\/image\/\",\"url\":\"https:\/\/acrimat.org.br\/portal\/wp-content\/uploads\/2018\/03\/logo-peq-original.png\",\"contentUrl\":\"https:\/\/acrimat.org.br\/portal\/wp-content\/uploads\/2018\/03\/logo-peq-original.png\",\"width\":174,\"height\":171,\"caption\":\"Associa\u00e7\u00e3o dos Criadores de Mato Grosso\"},\"image\":{\"@id\":\"https:\/\/acrimat.org.br\/portal\/#\/schema\/logo\/image\/\"}},{\"@type\":\"Person\",\"@id\":\"https:\/\/acrimat.org.br\/portal\/#\/schema\/person\/a309b9496344ff991e8e1b1d751fdd7b\",\"name\":\"Assessoria de comunica\u00e7\u00e3o ACRIMAT\",\"image\":{\"@type\":\"ImageObject\",\"inLanguage\":\"pt-BR\",\"@id\":\"https:\/\/acrimat.org.br\/portal\/#\/schema\/person\/image\/\",\"url\":\"https:\/\/secure.gravatar.com\/avatar\/2f9c28e64c317bcd762b25cb1575f1b4?s=96&d=mm&r=g\",\"contentUrl\":\"https:\/\/secure.gravatar.com\/avatar\/2f9c28e64c317bcd762b25cb1575f1b4?s=96&d=mm&r=g\",\"caption\":\"Assessoria de comunica\u00e7\u00e3o ACRIMAT\"},\"sameAs\":[\"http:\/\/acrimat.org.br\/\"],\"url\":\"https:\/\/acrimat.org.br\/portal\/author\/ascom\/\"}]}<\/script>\n<!-- \/ Yoast SEO plugin. -->","yoast_head_json":{"title":"Irm\u00e3os Batistas tentam nova defesa na CVM - Acrimat","robots":{"index":"index","follow":"follow","max-snippet":"max-snippet:-1","max-image-preview":"max-image-preview:large","max-video-preview":"max-video-preview:-1"},"canonical":"https:\/\/acrimat.org.br\/portal\/batistas-tentam-nova-defesa-na-cvm\/","og_locale":"pt_BR","og_type":"article","og_title":"Irm\u00e3os Batistas tentam nova defesa na CVM - Acrimat","og_description":"Com estudo encomendado por JBS, irm\u00e3os buscam se livrar de acusa\u00e7\u00f5es no mercado.","og_url":"https:\/\/acrimat.org.br\/portal\/batistas-tentam-nova-defesa-na-cvm\/","og_site_name":"Acrimat","article_published_time":"2018-01-19T11:35:03+00:00","article_modified_time":"2018-01-19T11:54:38+00:00","og_image":[{"width":600,"height":372,"url":"https:\/\/acrimat.org.br\/portal\/wp-content\/uploads\/2016\/08\/jbs-.jpg","type":"image\/jpeg"}],"author":"Assessoria de comunica\u00e7\u00e3o ACRIMAT","twitter_card":"summary_large_image","twitter_misc":{"Escrito por":"Assessoria de comunica\u00e7\u00e3o ACRIMAT","Est. tempo de leitura":"4 minutos"},"schema":{"@context":"https:\/\/schema.org","@graph":[{"@type":"Article","@id":"https:\/\/acrimat.org.br\/portal\/batistas-tentam-nova-defesa-na-cvm\/#article","isPartOf":{"@id":"https:\/\/acrimat.org.br\/portal\/batistas-tentam-nova-defesa-na-cvm\/"},"author":{"name":"Assessoria de comunica\u00e7\u00e3o ACRIMAT","@id":"https:\/\/acrimat.org.br\/portal\/#\/schema\/person\/a309b9496344ff991e8e1b1d751fdd7b"},"headline":"Irm\u00e3os Batistas tentam nova defesa na CVM","datePublished":"2018-01-19T11:35:03+00:00","dateModified":"2018-01-19T11:54:38+00:00","mainEntityOfPage":{"@id":"https:\/\/acrimat.org.br\/portal\/batistas-tentam-nova-defesa-na-cvm\/"},"wordCount":801,"publisher":{"@id":"https:\/\/acrimat.org.br\/portal\/#organization"},"image":{"@id":"https:\/\/acrimat.org.br\/portal\/batistas-tentam-nova-defesa-na-cvm\/#primaryimage"},"thumbnailUrl":"https:\/\/acrimat.org.br\/portal\/wp-content\/uploads\/2016\/08\/jbs-.jpg","articleSection":["Destaques","Not\u00edcias"],"inLanguage":"pt-BR"},{"@type":"WebPage","@id":"https:\/\/acrimat.org.br\/portal\/batistas-tentam-nova-defesa-na-cvm\/","url":"https:\/\/acrimat.org.br\/portal\/batistas-tentam-nova-defesa-na-cvm\/","name":"Irm\u00e3os Batistas tentam nova defesa na CVM - Acrimat","isPartOf":{"@id":"https:\/\/acrimat.org.br\/portal\/#website"},"primaryImageOfPage":{"@id":"https:\/\/acrimat.org.br\/portal\/batistas-tentam-nova-defesa-na-cvm\/#primaryimage"},"image":{"@id":"https:\/\/acrimat.org.br\/portal\/batistas-tentam-nova-defesa-na-cvm\/#primaryimage"},"thumbnailUrl":"https:\/\/acrimat.org.br\/portal\/wp-content\/uploads\/2016\/08\/jbs-.jpg","datePublished":"2018-01-19T11:35:03+00:00","dateModified":"2018-01-19T11:54:38+00:00","breadcrumb":{"@id":"https:\/\/acrimat.org.br\/portal\/batistas-tentam-nova-defesa-na-cvm\/#breadcrumb"},"inLanguage":"pt-BR","potentialAction":[{"@type":"ReadAction","target":["https:\/\/acrimat.org.br\/portal\/batistas-tentam-nova-defesa-na-cvm\/"]}]},{"@type":"ImageObject","inLanguage":"pt-BR","@id":"https:\/\/acrimat.org.br\/portal\/batistas-tentam-nova-defesa-na-cvm\/#primaryimage","url":"https:\/\/acrimat.org.br\/portal\/wp-content\/uploads\/2016\/08\/jbs-.jpg","contentUrl":"https:\/\/acrimat.org.br\/portal\/wp-content\/uploads\/2016\/08\/jbs-.jpg","width":600,"height":372},{"@type":"BreadcrumbList","@id":"https:\/\/acrimat.org.br\/portal\/batistas-tentam-nova-defesa-na-cvm\/#breadcrumb","itemListElement":[{"@type":"ListItem","position":1,"name":"In\u00edcio","item":"https:\/\/acrimat.org.br\/portal\/"},{"@type":"ListItem","position":2,"name":"Irm\u00e3os Batistas tentam nova defesa na CVM"}]},{"@type":"WebSite","@id":"https:\/\/acrimat.org.br\/portal\/#website","url":"https:\/\/acrimat.org.br\/portal\/","name":"Acrimat","description":"Associa\u00e7\u00e3o dos Criadores de Mato Grosso","publisher":{"@id":"https:\/\/acrimat.org.br\/portal\/#organization"},"potentialAction":[{"@type":"SearchAction","target":{"@type":"EntryPoint","urlTemplate":"https:\/\/acrimat.org.br\/portal\/?s={search_term_string}"},"query-input":{"@type":"PropertyValueSpecification","valueRequired":true,"valueName":"search_term_string"}}],"inLanguage":"pt-BR"},{"@type":"Organization","@id":"https:\/\/acrimat.org.br\/portal\/#organization","name":"Associa\u00e7\u00e3o dos Criadores de Mato Grosso","url":"https:\/\/acrimat.org.br\/portal\/","logo":{"@type":"ImageObject","inLanguage":"pt-BR","@id":"https:\/\/acrimat.org.br\/portal\/#\/schema\/logo\/image\/","url":"https:\/\/acrimat.org.br\/portal\/wp-content\/uploads\/2018\/03\/logo-peq-original.png","contentUrl":"https:\/\/acrimat.org.br\/portal\/wp-content\/uploads\/2018\/03\/logo-peq-original.png","width":174,"height":171,"caption":"Associa\u00e7\u00e3o dos Criadores de Mato Grosso"},"image":{"@id":"https:\/\/acrimat.org.br\/portal\/#\/schema\/logo\/image\/"}},{"@type":"Person","@id":"https:\/\/acrimat.org.br\/portal\/#\/schema\/person\/a309b9496344ff991e8e1b1d751fdd7b","name":"Assessoria de comunica\u00e7\u00e3o ACRIMAT","image":{"@type":"ImageObject","inLanguage":"pt-BR","@id":"https:\/\/acrimat.org.br\/portal\/#\/schema\/person\/image\/","url":"https:\/\/secure.gravatar.com\/avatar\/2f9c28e64c317bcd762b25cb1575f1b4?s=96&d=mm&r=g","contentUrl":"https:\/\/secure.gravatar.com\/avatar\/2f9c28e64c317bcd762b25cb1575f1b4?s=96&d=mm&r=g","caption":"Assessoria de comunica\u00e7\u00e3o ACRIMAT"},"sameAs":["http:\/\/acrimat.org.br\/"],"url":"https:\/\/acrimat.org.br\/portal\/author\/ascom\/"}]}},"_links":{"self":[{"href":"https:\/\/acrimat.org.br\/portal\/wp-json\/wp\/v2\/posts\/97985581","targetHints":{"allow":["GET"]}}],"collection":[{"href":"https:\/\/acrimat.org.br\/portal\/wp-json\/wp\/v2\/posts"}],"about":[{"href":"https:\/\/acrimat.org.br\/portal\/wp-json\/wp\/v2\/types\/post"}],"author":[{"embeddable":true,"href":"https:\/\/acrimat.org.br\/portal\/wp-json\/wp\/v2\/users\/7"}],"replies":[{"embeddable":true,"href":"https:\/\/acrimat.org.br\/portal\/wp-json\/wp\/v2\/comments?post=97985581"}],"version-history":[{"count":2,"href":"https:\/\/acrimat.org.br\/portal\/wp-json\/wp\/v2\/posts\/97985581\/revisions"}],"predecessor-version":[{"id":97985591,"href":"https:\/\/acrimat.org.br\/portal\/wp-json\/wp\/v2\/posts\/97985581\/revisions\/97985591"}],"wp:featuredmedia":[{"embeddable":true,"href":"https:\/\/acrimat.org.br\/portal\/wp-json\/wp\/v2\/media\/97977530"}],"wp:attachment":[{"href":"https:\/\/acrimat.org.br\/portal\/wp-json\/wp\/v2\/media?parent=97985581"}],"wp:term":[{"taxonomy":"category","embeddable":true,"href":"https:\/\/acrimat.org.br\/portal\/wp-json\/wp\/v2\/categories?post=97985581"},{"taxonomy":"post_tag","embeddable":true,"href":"https:\/\/acrimat.org.br\/portal\/wp-json\/wp\/v2\/tags?post=97985581"}],"curies":[{"name":"wp","href":"https:\/\/api.w.org\/{rel}","templated":true}]}}