{"id":97985583,"date":"2018-01-19T08:42:33","date_gmt":"2018-01-19T11:42:33","guid":{"rendered":"http:\/\/acrimat.org.br\/portal\/?p=97985583"},"modified":"2018-01-19T08:51:55","modified_gmt":"2018-01-19T11:51:55","slug":"carne-bovina-tem-a-pior-competitividade-para-o-mes-de-janeiro-em-8-anos","status":"publish","type":"post","link":"https:\/\/acrimat.org.br\/portal\/carne-bovina-tem-a-pior-competitividade-para-o-mes-de-janeiro-em-8-anos\/","title":{"rendered":"Carne bovina tem a pior competitividade em 8 anos"},"content":{"rendered":"<p>O mercado f\u00edsico de boi gordo teve pre\u00e7os est\u00e1veis nesta quinta-feira, dia 18. Os frigor\u00edficos devem continuar testando o mercado no curto prazo, considerando a lenta reposi\u00e7\u00e3o entre atacado e varejo durante a segunda quinzena do m\u00eas. Enquanto isso, os pecuaristas ainda ret\u00eam a oferta de animais terminados, aproveitando a boa condi\u00e7\u00e3o das pastagens neste momento.<\/p>\n<p>Segundo dados do Indicador de Propens\u00e3o ao Consumo que o Servi\u00e7o de prote\u00e7\u00e3o ao Cr\u00e9dito (SPC) e a Confedera\u00e7\u00e3o Nacional de Dirigentes Lojistas (CNDL) divulgados nesta primeira quinzena, 48% dos consumidores pretendiam diminuir o consumo em janeiro em fun\u00e7\u00e3o do n\u00edvel de endividamento. Isso explica o comportamento do mercado de carne, das margens das ind\u00fastrias e, consequentemente, do boi gordo.<\/p>\n<p>No mercado atacadista, os pre\u00e7os ficaram mais baixos para alguns cortes. A expectativa \u00e9 que esse movimento ganhe corpo no restante de janeiro, considerando o lento escoamento da carne nesse per\u00edodo em especial. A concorr\u00eancia permanece acirrada entre as principais prote\u00ednas de origem animal.<\/p>\n<p>Segundo a consultoria XP Investimentos, a carca\u00e7a bovina apresenta a pior competitividade frente as suas concorrentes (su\u00edna e de frango) para um m\u00eas de janeiro em 8 anos.<\/p>\n","protected":false},"excerpt":{"rendered":"<p>A concorr\u00eancia permanece acirrada entre as principais prote\u00ednas de origem animal.<\/p>\n","protected":false},"author":7,"featured_media":97982874,"comment_status":"closed","ping_status":"closed","sticky":false,"template":"","format":"standard","meta":{"footnotes":""},"categories":[6,1],"tags":[],"class_list":["post-97985583","post","type-post","status-publish","format-standard","has-post-thumbnail","hentry","category-destaque","category-noticia"],"yoast_head":"<!-- This site is optimized with the Yoast SEO plugin v24.8.1 - https:\/\/yoast.com\/wordpress\/plugins\/seo\/ -->\n<title>Carne bovina tem a pior competitividade em 8 anos - Acrimat<\/title>\n<meta name=\"robots\" content=\"index, follow, max-snippet:-1, max-image-preview:large, max-video-preview:-1\" \/>\n<link rel=\"canonical\" href=\"https:\/\/acrimat.org.br\/portal\/carne-bovina-tem-a-pior-competitividade-para-o-mes-de-janeiro-em-8-anos\/\" \/>\n<meta property=\"og:locale\" content=\"pt_BR\" \/>\n<meta property=\"og:type\" content=\"article\" \/>\n<meta property=\"og:title\" content=\"Carne bovina tem a pior competitividade em 8 anos - Acrimat\" \/>\n<meta property=\"og:description\" content=\"A concorr\u00eancia permanece acirrada entre as principais prote\u00ednas de origem animal.\" \/>\n<meta property=\"og:url\" content=\"https:\/\/acrimat.org.br\/portal\/carne-bovina-tem-a-pior-competitividade-para-o-mes-de-janeiro-em-8-anos\/\" \/>\n<meta property=\"og:site_name\" content=\"Acrimat\" \/>\n<meta property=\"article:published_time\" content=\"2018-01-19T11:42:33+00:00\" \/>\n<meta property=\"article:modified_time\" content=\"2018-01-19T11:51:55+00:00\" \/>\n<meta property=\"og:image\" content=\"https:\/\/acrimat.org.br\/portal\/wp-content\/uploads\/2017\/07\/17082100.jpeg\" \/>\n\t<meta property=\"og:image:width\" content=\"620\" \/>\n\t<meta property=\"og:image:height\" content=\"370\" \/>\n\t<meta property=\"og:image:type\" content=\"image\/jpeg\" \/>\n<meta name=\"author\" content=\"Assessoria de comunica\u00e7\u00e3o ACRIMAT\" \/>\n<meta name=\"twitter:card\" content=\"summary_large_image\" \/>\n<meta name=\"twitter:label1\" content=\"Escrito por\" \/>\n\t<meta name=\"twitter:data1\" content=\"Assessoria de comunica\u00e7\u00e3o ACRIMAT\" \/>\n\t<meta name=\"twitter:label2\" content=\"Est. tempo de leitura\" \/>\n\t<meta name=\"twitter:data2\" content=\"1 minuto\" \/>\n<script type=\"application\/ld+json\" class=\"yoast-schema-graph\">{\"@context\":\"https:\/\/schema.org\",\"@graph\":[{\"@type\":\"Article\",\"@id\":\"https:\/\/acrimat.org.br\/portal\/carne-bovina-tem-a-pior-competitividade-para-o-mes-de-janeiro-em-8-anos\/#article\",\"isPartOf\":{\"@id\":\"https:\/\/acrimat.org.br\/portal\/carne-bovina-tem-a-pior-competitividade-para-o-mes-de-janeiro-em-8-anos\/\"},\"author\":{\"name\":\"Assessoria de comunica\u00e7\u00e3o ACRIMAT\",\"@id\":\"https:\/\/acrimat.org.br\/portal\/#\/schema\/person\/a309b9496344ff991e8e1b1d751fdd7b\"},\"headline\":\"Carne bovina tem a pior competitividade em 8 anos\",\"datePublished\":\"2018-01-19T11:42:33+00:00\",\"dateModified\":\"2018-01-19T11:51:55+00:00\",\"mainEntityOfPage\":{\"@id\":\"https:\/\/acrimat.org.br\/portal\/carne-bovina-tem-a-pior-competitividade-para-o-mes-de-janeiro-em-8-anos\/\"},\"wordCount\":215,\"publisher\":{\"@id\":\"https:\/\/acrimat.org.br\/portal\/#organization\"},\"image\":{\"@id\":\"https:\/\/acrimat.org.br\/portal\/carne-bovina-tem-a-pior-competitividade-para-o-mes-de-janeiro-em-8-anos\/#primaryimage\"},\"thumbnailUrl\":\"https:\/\/acrimat.org.br\/portal\/wp-content\/uploads\/2017\/07\/17082100.jpeg\",\"articleSection\":[\"Destaques\",\"Not\u00edcias\"],\"inLanguage\":\"pt-BR\"},{\"@type\":\"WebPage\",\"@id\":\"https:\/\/acrimat.org.br\/portal\/carne-bovina-tem-a-pior-competitividade-para-o-mes-de-janeiro-em-8-anos\/\",\"url\":\"https:\/\/acrimat.org.br\/portal\/carne-bovina-tem-a-pior-competitividade-para-o-mes-de-janeiro-em-8-anos\/\",\"name\":\"Carne bovina tem a pior competitividade em 8 anos - Acrimat\",\"isPartOf\":{\"@id\":\"https:\/\/acrimat.org.br\/portal\/#website\"},\"primaryImageOfPage\":{\"@id\":\"https:\/\/acrimat.org.br\/portal\/carne-bovina-tem-a-pior-competitividade-para-o-mes-de-janeiro-em-8-anos\/#primaryimage\"},\"image\":{\"@id\":\"https:\/\/acrimat.org.br\/portal\/carne-bovina-tem-a-pior-competitividade-para-o-mes-de-janeiro-em-8-anos\/#primaryimage\"},\"thumbnailUrl\":\"https:\/\/acrimat.org.br\/portal\/wp-content\/uploads\/2017\/07\/17082100.jpeg\",\"datePublished\":\"2018-01-19T11:42:33+00:00\",\"dateModified\":\"2018-01-19T11:51:55+00:00\",\"breadcrumb\":{\"@id\":\"https:\/\/acrimat.org.br\/portal\/carne-bovina-tem-a-pior-competitividade-para-o-mes-de-janeiro-em-8-anos\/#breadcrumb\"},\"inLanguage\":\"pt-BR\",\"potentialAction\":[{\"@type\":\"ReadAction\",\"target\":[\"https:\/\/acrimat.org.br\/portal\/carne-bovina-tem-a-pior-competitividade-para-o-mes-de-janeiro-em-8-anos\/\"]}]},{\"@type\":\"ImageObject\",\"inLanguage\":\"pt-BR\",\"@id\":\"https:\/\/acrimat.org.br\/portal\/carne-bovina-tem-a-pior-competitividade-para-o-mes-de-janeiro-em-8-anos\/#primaryimage\",\"url\":\"https:\/\/acrimat.org.br\/portal\/wp-content\/uploads\/2017\/07\/17082100.jpeg\",\"contentUrl\":\"https:\/\/acrimat.org.br\/portal\/wp-content\/uploads\/2017\/07\/17082100.jpeg\",\"width\":620,\"height\":370,\"caption\":\"Ronny Santos\/Folhapress\"},{\"@type\":\"BreadcrumbList\",\"@id\":\"https:\/\/acrimat.org.br\/portal\/carne-bovina-tem-a-pior-competitividade-para-o-mes-de-janeiro-em-8-anos\/#breadcrumb\",\"itemListElement\":[{\"@type\":\"ListItem\",\"position\":1,\"name\":\"In\u00edcio\",\"item\":\"https:\/\/acrimat.org.br\/portal\/\"},{\"@type\":\"ListItem\",\"position\":2,\"name\":\"Carne bovina tem a pior competitividade em 8 anos\"}]},{\"@type\":\"WebSite\",\"@id\":\"https:\/\/acrimat.org.br\/portal\/#website\",\"url\":\"https:\/\/acrimat.org.br\/portal\/\",\"name\":\"Acrimat\",\"description\":\"Associa\u00e7\u00e3o dos Criadores de Mato Grosso\",\"publisher\":{\"@id\":\"https:\/\/acrimat.org.br\/portal\/#organization\"},\"potentialAction\":[{\"@type\":\"SearchAction\",\"target\":{\"@type\":\"EntryPoint\",\"urlTemplate\":\"https:\/\/acrimat.org.br\/portal\/?s={search_term_string}\"},\"query-input\":{\"@type\":\"PropertyValueSpecification\",\"valueRequired\":true,\"valueName\":\"search_term_string\"}}],\"inLanguage\":\"pt-BR\"},{\"@type\":\"Organization\",\"@id\":\"https:\/\/acrimat.org.br\/portal\/#organization\",\"name\":\"Associa\u00e7\u00e3o dos Criadores de Mato Grosso\",\"url\":\"https:\/\/acrimat.org.br\/portal\/\",\"logo\":{\"@type\":\"ImageObject\",\"inLanguage\":\"pt-BR\",\"@id\":\"https:\/\/acrimat.org.br\/portal\/#\/schema\/logo\/image\/\",\"url\":\"https:\/\/acrimat.org.br\/portal\/wp-content\/uploads\/2018\/03\/logo-peq-original.png\",\"contentUrl\":\"https:\/\/acrimat.org.br\/portal\/wp-content\/uploads\/2018\/03\/logo-peq-original.png\",\"width\":174,\"height\":171,\"caption\":\"Associa\u00e7\u00e3o dos Criadores de Mato Grosso\"},\"image\":{\"@id\":\"https:\/\/acrimat.org.br\/portal\/#\/schema\/logo\/image\/\"}},{\"@type\":\"Person\",\"@id\":\"https:\/\/acrimat.org.br\/portal\/#\/schema\/person\/a309b9496344ff991e8e1b1d751fdd7b\",\"name\":\"Assessoria de comunica\u00e7\u00e3o ACRIMAT\",\"image\":{\"@type\":\"ImageObject\",\"inLanguage\":\"pt-BR\",\"@id\":\"https:\/\/acrimat.org.br\/portal\/#\/schema\/person\/image\/\",\"url\":\"https:\/\/secure.gravatar.com\/avatar\/2f9c28e64c317bcd762b25cb1575f1b4?s=96&d=mm&r=g\",\"contentUrl\":\"https:\/\/secure.gravatar.com\/avatar\/2f9c28e64c317bcd762b25cb1575f1b4?s=96&d=mm&r=g\",\"caption\":\"Assessoria de comunica\u00e7\u00e3o ACRIMAT\"},\"sameAs\":[\"http:\/\/acrimat.org.br\/\"],\"url\":\"https:\/\/acrimat.org.br\/portal\/author\/ascom\/\"}]}<\/script>\n<!-- \/ Yoast SEO plugin. -->","yoast_head_json":{"title":"Carne bovina tem a pior competitividade em 8 anos - Acrimat","robots":{"index":"index","follow":"follow","max-snippet":"max-snippet:-1","max-image-preview":"max-image-preview:large","max-video-preview":"max-video-preview:-1"},"canonical":"https:\/\/acrimat.org.br\/portal\/carne-bovina-tem-a-pior-competitividade-para-o-mes-de-janeiro-em-8-anos\/","og_locale":"pt_BR","og_type":"article","og_title":"Carne bovina tem a pior competitividade em 8 anos - Acrimat","og_description":"A concorr\u00eancia permanece acirrada entre as principais prote\u00ednas de origem animal.","og_url":"https:\/\/acrimat.org.br\/portal\/carne-bovina-tem-a-pior-competitividade-para-o-mes-de-janeiro-em-8-anos\/","og_site_name":"Acrimat","article_published_time":"2018-01-19T11:42:33+00:00","article_modified_time":"2018-01-19T11:51:55+00:00","og_image":[{"width":620,"height":370,"url":"https:\/\/acrimat.org.br\/portal\/wp-content\/uploads\/2017\/07\/17082100.jpeg","type":"image\/jpeg"}],"author":"Assessoria de comunica\u00e7\u00e3o ACRIMAT","twitter_card":"summary_large_image","twitter_misc":{"Escrito por":"Assessoria de comunica\u00e7\u00e3o ACRIMAT","Est. tempo de leitura":"1 minuto"},"schema":{"@context":"https:\/\/schema.org","@graph":[{"@type":"Article","@id":"https:\/\/acrimat.org.br\/portal\/carne-bovina-tem-a-pior-competitividade-para-o-mes-de-janeiro-em-8-anos\/#article","isPartOf":{"@id":"https:\/\/acrimat.org.br\/portal\/carne-bovina-tem-a-pior-competitividade-para-o-mes-de-janeiro-em-8-anos\/"},"author":{"name":"Assessoria de comunica\u00e7\u00e3o ACRIMAT","@id":"https:\/\/acrimat.org.br\/portal\/#\/schema\/person\/a309b9496344ff991e8e1b1d751fdd7b"},"headline":"Carne bovina tem a pior competitividade em 8 anos","datePublished":"2018-01-19T11:42:33+00:00","dateModified":"2018-01-19T11:51:55+00:00","mainEntityOfPage":{"@id":"https:\/\/acrimat.org.br\/portal\/carne-bovina-tem-a-pior-competitividade-para-o-mes-de-janeiro-em-8-anos\/"},"wordCount":215,"publisher":{"@id":"https:\/\/acrimat.org.br\/portal\/#organization"},"image":{"@id":"https:\/\/acrimat.org.br\/portal\/carne-bovina-tem-a-pior-competitividade-para-o-mes-de-janeiro-em-8-anos\/#primaryimage"},"thumbnailUrl":"https:\/\/acrimat.org.br\/portal\/wp-content\/uploads\/2017\/07\/17082100.jpeg","articleSection":["Destaques","Not\u00edcias"],"inLanguage":"pt-BR"},{"@type":"WebPage","@id":"https:\/\/acrimat.org.br\/portal\/carne-bovina-tem-a-pior-competitividade-para-o-mes-de-janeiro-em-8-anos\/","url":"https:\/\/acrimat.org.br\/portal\/carne-bovina-tem-a-pior-competitividade-para-o-mes-de-janeiro-em-8-anos\/","name":"Carne bovina tem a pior competitividade em 8 anos - Acrimat","isPartOf":{"@id":"https:\/\/acrimat.org.br\/portal\/#website"},"primaryImageOfPage":{"@id":"https:\/\/acrimat.org.br\/portal\/carne-bovina-tem-a-pior-competitividade-para-o-mes-de-janeiro-em-8-anos\/#primaryimage"},"image":{"@id":"https:\/\/acrimat.org.br\/portal\/carne-bovina-tem-a-pior-competitividade-para-o-mes-de-janeiro-em-8-anos\/#primaryimage"},"thumbnailUrl":"https:\/\/acrimat.org.br\/portal\/wp-content\/uploads\/2017\/07\/17082100.jpeg","datePublished":"2018-01-19T11:42:33+00:00","dateModified":"2018-01-19T11:51:55+00:00","breadcrumb":{"@id":"https:\/\/acrimat.org.br\/portal\/carne-bovina-tem-a-pior-competitividade-para-o-mes-de-janeiro-em-8-anos\/#breadcrumb"},"inLanguage":"pt-BR","potentialAction":[{"@type":"ReadAction","target":["https:\/\/acrimat.org.br\/portal\/carne-bovina-tem-a-pior-competitividade-para-o-mes-de-janeiro-em-8-anos\/"]}]},{"@type":"ImageObject","inLanguage":"pt-BR","@id":"https:\/\/acrimat.org.br\/portal\/carne-bovina-tem-a-pior-competitividade-para-o-mes-de-janeiro-em-8-anos\/#primaryimage","url":"https:\/\/acrimat.org.br\/portal\/wp-content\/uploads\/2017\/07\/17082100.jpeg","contentUrl":"https:\/\/acrimat.org.br\/portal\/wp-content\/uploads\/2017\/07\/17082100.jpeg","width":620,"height":370,"caption":"Ronny Santos\/Folhapress"},{"@type":"BreadcrumbList","@id":"https:\/\/acrimat.org.br\/portal\/carne-bovina-tem-a-pior-competitividade-para-o-mes-de-janeiro-em-8-anos\/#breadcrumb","itemListElement":[{"@type":"ListItem","position":1,"name":"In\u00edcio","item":"https:\/\/acrimat.org.br\/portal\/"},{"@type":"ListItem","position":2,"name":"Carne bovina tem a pior competitividade em 8 anos"}]},{"@type":"WebSite","@id":"https:\/\/acrimat.org.br\/portal\/#website","url":"https:\/\/acrimat.org.br\/portal\/","name":"Acrimat","description":"Associa\u00e7\u00e3o dos Criadores de Mato Grosso","publisher":{"@id":"https:\/\/acrimat.org.br\/portal\/#organization"},"potentialAction":[{"@type":"SearchAction","target":{"@type":"EntryPoint","urlTemplate":"https:\/\/acrimat.org.br\/portal\/?s={search_term_string}"},"query-input":{"@type":"PropertyValueSpecification","valueRequired":true,"valueName":"search_term_string"}}],"inLanguage":"pt-BR"},{"@type":"Organization","@id":"https:\/\/acrimat.org.br\/portal\/#organization","name":"Associa\u00e7\u00e3o dos Criadores de Mato Grosso","url":"https:\/\/acrimat.org.br\/portal\/","logo":{"@type":"ImageObject","inLanguage":"pt-BR","@id":"https:\/\/acrimat.org.br\/portal\/#\/schema\/logo\/image\/","url":"https:\/\/acrimat.org.br\/portal\/wp-content\/uploads\/2018\/03\/logo-peq-original.png","contentUrl":"https:\/\/acrimat.org.br\/portal\/wp-content\/uploads\/2018\/03\/logo-peq-original.png","width":174,"height":171,"caption":"Associa\u00e7\u00e3o dos Criadores de Mato Grosso"},"image":{"@id":"https:\/\/acrimat.org.br\/portal\/#\/schema\/logo\/image\/"}},{"@type":"Person","@id":"https:\/\/acrimat.org.br\/portal\/#\/schema\/person\/a309b9496344ff991e8e1b1d751fdd7b","name":"Assessoria de comunica\u00e7\u00e3o ACRIMAT","image":{"@type":"ImageObject","inLanguage":"pt-BR","@id":"https:\/\/acrimat.org.br\/portal\/#\/schema\/person\/image\/","url":"https:\/\/secure.gravatar.com\/avatar\/2f9c28e64c317bcd762b25cb1575f1b4?s=96&d=mm&r=g","contentUrl":"https:\/\/secure.gravatar.com\/avatar\/2f9c28e64c317bcd762b25cb1575f1b4?s=96&d=mm&r=g","caption":"Assessoria de comunica\u00e7\u00e3o ACRIMAT"},"sameAs":["http:\/\/acrimat.org.br\/"],"url":"https:\/\/acrimat.org.br\/portal\/author\/ascom\/"}]}},"_links":{"self":[{"href":"https:\/\/acrimat.org.br\/portal\/wp-json\/wp\/v2\/posts\/97985583","targetHints":{"allow":["GET"]}}],"collection":[{"href":"https:\/\/acrimat.org.br\/portal\/wp-json\/wp\/v2\/posts"}],"about":[{"href":"https:\/\/acrimat.org.br\/portal\/wp-json\/wp\/v2\/types\/post"}],"author":[{"embeddable":true,"href":"https:\/\/acrimat.org.br\/portal\/wp-json\/wp\/v2\/users\/7"}],"replies":[{"embeddable":true,"href":"https:\/\/acrimat.org.br\/portal\/wp-json\/wp\/v2\/comments?post=97985583"}],"version-history":[{"count":2,"href":"https:\/\/acrimat.org.br\/portal\/wp-json\/wp\/v2\/posts\/97985583\/revisions"}],"predecessor-version":[{"id":97985587,"href":"https:\/\/acrimat.org.br\/portal\/wp-json\/wp\/v2\/posts\/97985583\/revisions\/97985587"}],"wp:featuredmedia":[{"embeddable":true,"href":"https:\/\/acrimat.org.br\/portal\/wp-json\/wp\/v2\/media\/97982874"}],"wp:attachment":[{"href":"https:\/\/acrimat.org.br\/portal\/wp-json\/wp\/v2\/media?parent=97985583"}],"wp:term":[{"taxonomy":"category","embeddable":true,"href":"https:\/\/acrimat.org.br\/portal\/wp-json\/wp\/v2\/categories?post=97985583"},{"taxonomy":"post_tag","embeddable":true,"href":"https:\/\/acrimat.org.br\/portal\/wp-json\/wp\/v2\/tags?post=97985583"}],"curies":[{"name":"wp","href":"https:\/\/api.w.org\/{rel}","templated":true}]}}