{"id":97985605,"date":"2018-01-22T08:51:35","date_gmt":"2018-01-22T11:51:35","guid":{"rendered":"http:\/\/acrimat.org.br\/portal\/?p=97985605"},"modified":"2018-01-22T08:54:56","modified_gmt":"2018-01-22T11:54:56","slug":"fazendas-contratam-mais","status":"publish","type":"post","link":"https:\/\/acrimat.org.br\/portal\/fazendas-contratam-mais\/","title":{"rendered":"Fazendas contratam mais"},"content":{"rendered":"<p>A demanda por m\u00e3o de obra a cada nova safra agr\u00edcola \u00e9 c\u00edclica como as esta\u00e7\u00f5es clim\u00e1ticas. Com o plantio e colheita da soja, milho e algod\u00e3o em Mato Grosso, as admiss\u00f5es extras nas fazendas aumentam, concentradas nesse per\u00edodo do ano. Dados do Cadastro Geral de Empregados e Desempregados (Caged), reunidos pelo Minist\u00e9rio do Trabalho, ilustram bem essa repeti\u00e7\u00e3o das contrata\u00e7\u00f5es adicionais nos primeiros meses e dispensa de trabalhadores no final do ciclo agr\u00edcola.<\/p>\n<p>Na \u00faltima safra, logo no in\u00edcio da colheita da soja, foram criadas 7,396 mil novas vagas de emprego no campo. Esse saldo de emprego registrado em janeiro de 2017 \u00e9 bem diferente da situa\u00e7\u00e3o verificada em novembro do mesmo ano. No pen\u00faltimo m\u00eas de 2017 as demiss\u00f5es superaram as contrata\u00e7\u00f5es e o saldo de emprego na agropecu\u00e1ria ficou negativo em 3,185 mil vagas.<\/p>\n<p>Em janeiro o produtor rural de Mato Grosso concentra esfor\u00e7os para colher a safra de soja. Na sequ\u00eancia, prepara a 2\u00aa safra agr\u00edcola, geralmente algod\u00e3o e milho. \u201cAt\u00e9 os meses de julho e agosto o trabalho \u00e9 muito intenso nas propriedades\u201d, comenta o superintendente do Servi\u00e7o Nacional de Aprendizagem Rural (Senar) em Mato Grosso, Ot\u00e1vio Celid\u00f4neo. Segundo ele, nas fazendas destinadas ao cultivo do algod\u00e3o, a demanda por m\u00e3o de obra \u00e9 ainda maior.<\/p>\n<p>O cotonicultor emprega o dobro de colaboradores que o sojicultor, compara o presidente da Associa\u00e7\u00e3o Mato-grossense dos Produtores de Algod\u00e3o (Ampa), Alexandre Schenkel. \u201cAtualmente todo associado da Ampa investe na produ\u00e7\u00e3o de soja. Mas, enquanto uma unidade produtora de algod\u00e3o conta com um colaborador para cada 150 hectares, na soja a rela\u00e7\u00e3o \u00e9 de um colaborador para cada 300 hectares\u201d, afirma.<\/p>\n<p>Estudo realizado pelo Instituto Mato-grossense de Economia Agropecu\u00e1ria (Imea) revela que a cada dezena de empregos diretos gerados nas propriedades de algod\u00e3o s\u00e3o estimulados um emprego indireto e 6 empregos induzidos.<\/p>\n<p>Conforme registra Schenkel, desde o in\u00edcio da safra de algod\u00e3o h\u00e1 grande demanda por m\u00e3o de obra, que se intensifica na \u00e9poca da colheita, momento importante para manter a qualidade da fibra. A etapa com maior utiliza\u00e7\u00e3o de colaboradores \u00e9 a do beneficiamento, processo que pode ser realizado na fazenda ou em algodoeiras terceirizadas.<\/p>\n<p>Vice-presidente da Associa\u00e7\u00e3o dos Produtores de Soja e Milho de Mato Grosso (Aprosoja), Fernando Cadore observa que a colheita da soja se intensifica em fevereiro e, neste ano, o plantio do milho de 2\u00aa safra poder\u00e1 avan\u00e7ar at\u00e9 mar\u00e7o, em fun\u00e7\u00e3o do atraso no plantio da 1\u00aa safra. \u201cHouve atraso na janela de semeadura ideal da soja e isso afeta o plantio do milho, que com certeza ter\u00e1 redu\u00e7\u00e3o de \u00e1rea. Por isso acredito que vai baixar os investimentos nas lavouras\u201d.<\/p>\n<p>Por consequ\u00eancia, as contrata\u00e7\u00f5es sazonais nas propriedades rurais em 2018 poder\u00e3o ser inferiores \u00e0quelas da \u00faltima safra, conjectura o superintendente do Senar. Al\u00e9m disso, a produ\u00e7\u00e3o de gr\u00e3os na safra 2017\/2018 est\u00e1 projetada em volume ligeiramente inferior ao do \u00faltimo ciclo. Enquanto na safra passada foram colhidas 61,986 milh\u00f5es de toneladas de gr\u00e3os, para o ciclo atual a Companhia Nacional de Abastecimento (Conab) projeta 60,778 milh\u00f5es\/t. Ainda assim, os primeiros meses de cada ano lideram as contrata\u00e7\u00f5es no campo. \u201cNa agricultura existe uma demanda sazonal por m\u00e3o de obra, concentrada nesse per\u00edodo, porque a safra de soja culmina em 3 opera\u00e7\u00f5es, que \u00e9 o plantio, a colheita e o transporte. Isso sempre ser\u00e1 assim e n\u00e3o vai mudar\u201d, conclui Cadore. Para ele, um fator que pode impactar as contrata\u00e7\u00f5es no campo \u00e9 a automatiza\u00e7\u00e3o dos processos, com a presen\u00e7a de m\u00e1quinas agr\u00edcolas cada vez avan\u00e7adas. \u201cA quantidade de pessoal empregado j\u00e1 foi maior e tende a reduzir. Isso tamb\u00e9m se deu em fun\u00e7\u00e3o dos entraves da legisla\u00e7\u00e3o trabalhista. A reforma trabalhista veio tarde e o mercado se condicionou a empregar mais m\u00e1quinas e reduzir a presen\u00e7a humana\u201d, avalia o vice-presidente da Aprosoja.<\/p>\n<p><strong>Demanda x Oferta<\/strong><\/p>\n<p>Na fazenda Conc\u00f3rdia, administrada pela engenheira agr\u00f4noma Luana Belusso, 28, s\u00e3o mantidos 11 funcion\u00e1rios fixos. Nessa \u00e9poca do ano, com a colheita da soja e sucessivo plantio da 2\u00aa safra &#8211; milho, feij\u00e3o e algod\u00e3o &#8211; s\u00e3o necess\u00e1rios mais 5 colaboradores, explica a gestora da propriedade, localizada em Nova Ubirat\u00e3.<\/p>\n<p>O munic\u00edpio distante 502 quil\u00f4metros a m\u00e9dio-norte de Cuiab\u00e1 est\u00e1 situado numa das principais regi\u00f5es produtoras de gr\u00e3os de Mato Grosso. Na propriedade de 2,5 mil hectares, dos quais 600 est\u00e3o arrendados, a agricultura \u00e9 predominante.<\/p>\n<p>A inten\u00e7\u00e3o da fam\u00edlia Belusso \u00e9 diversificar a produ\u00e7\u00e3o na propriedade para ampliar a renda. Atualmente o gado existente na fazenda \u00e9 mantido apenas para consumo interno. A implanta\u00e7\u00e3o da piscicultura est\u00e1 em est\u00e1gio inicial e precisa ser aprimorada, relata a engenheira agr\u00f4noma.<\/p>\n<p>A fam\u00edlia pretende, ainda, investir na suinocultura e no confinamento. Ao atingir a meta, ser\u00e1 necess\u00e1rio empregar mais pessoal.<\/p>\n<p>Para a administradora da Fazenda Conc\u00f3rdia, a necessidade de garantir m\u00e3o de obra qualificada nas propriedades nos per\u00edodos de plantio e colheita \u00e9 proeminente. \u201cPrecisamos de pessoas pra operar as colheitadeiras e caminh\u00f5es. A tecnologia est\u00e1 a\u00ed, implantada na \u00e1rea agr\u00edcola, principalmente nas m\u00e1quinas e implementos, como pilotos autom\u00e1ticos nas colheitadeiras, mapas de produ\u00e7\u00e3o, sensores nas plantadeiras\u201d, exemplifica a engenheira agr\u00f4noma.<\/p>\n<p>Segundo ela, \u00e9 dif\u00edcil encontrar m\u00e3o de obra realmente qualificada, j\u00e1 que a maioria dos colaboradores da fazenda sequer concluiu o Ensino M\u00e9dio. \u201cO conhecimento que eles possuem \u00e9 a pr\u00e1tica dentro da fazenda. Alguns n\u00e3o querem e n\u00e3o gostam de fazer cursos profissionalizantes e por isso n\u00e3o procuram se especializar na profiss\u00e3o\u201d, exp\u00f5e. Para contornar essa barreira, os produtores rurais saem em busca de m\u00e3o de obra qualificada e contratam pessoal de outras regi\u00f5es do pa\u00eds, especialmente do Sul do Brasil.<\/p>\n","protected":false},"excerpt":{"rendered":"<p>As admiss\u00f5es de trabalhadores extras no meio rural aumentam em Mato Grosso e est\u00e3o concentradas neste per\u00edodo do ano<\/p>\n","protected":false},"author":7,"featured_media":97985608,"comment_status":"closed","ping_status":"closed","sticky":false,"template":"","format":"standard","meta":{"footnotes":""},"categories":[6,1],"tags":[],"class_list":["post-97985605","post","type-post","status-publish","format-standard","has-post-thumbnail","hentry","category-destaque","category-noticia"],"yoast_head":"<!-- This site is optimized with the Yoast SEO plugin v24.8.1 - https:\/\/yoast.com\/wordpress\/plugins\/seo\/ -->\n<title>Fazendas contratam mais - Acrimat<\/title>\n<meta name=\"robots\" content=\"index, follow, max-snippet:-1, max-image-preview:large, max-video-preview:-1\" \/>\n<link rel=\"canonical\" href=\"https:\/\/acrimat.org.br\/portal\/fazendas-contratam-mais\/\" \/>\n<meta property=\"og:locale\" content=\"pt_BR\" \/>\n<meta property=\"og:type\" content=\"article\" \/>\n<meta property=\"og:title\" content=\"Fazendas contratam mais - Acrimat\" \/>\n<meta property=\"og:description\" content=\"As admiss\u00f5es de trabalhadores extras no meio rural aumentam em Mato Grosso e est\u00e3o concentradas neste per\u00edodo do ano\" \/>\n<meta property=\"og:url\" content=\"https:\/\/acrimat.org.br\/portal\/fazendas-contratam-mais\/\" \/>\n<meta property=\"og:site_name\" content=\"Acrimat\" \/>\n<meta property=\"article:published_time\" content=\"2018-01-22T11:51:35+00:00\" \/>\n<meta property=\"article:modified_time\" content=\"2018-01-22T11:54:56+00:00\" \/>\n<meta property=\"og:image\" content=\"https:\/\/acrimat.org.br\/portal\/wp-content\/uploads\/2018\/01\/combine-2927854_1920.jpg\" \/>\n\t<meta property=\"og:image:width\" content=\"1920\" \/>\n\t<meta property=\"og:image:height\" content=\"1159\" \/>\n\t<meta property=\"og:image:type\" content=\"image\/jpeg\" \/>\n<meta name=\"author\" content=\"Assessoria de comunica\u00e7\u00e3o ACRIMAT\" \/>\n<meta name=\"twitter:card\" content=\"summary_large_image\" \/>\n<meta name=\"twitter:label1\" content=\"Escrito por\" \/>\n\t<meta name=\"twitter:data1\" content=\"Assessoria de comunica\u00e7\u00e3o ACRIMAT\" \/>\n\t<meta name=\"twitter:label2\" content=\"Est. tempo de leitura\" \/>\n\t<meta name=\"twitter:data2\" content=\"5 minutos\" \/>\n<script type=\"application\/ld+json\" class=\"yoast-schema-graph\">{\"@context\":\"https:\/\/schema.org\",\"@graph\":[{\"@type\":\"Article\",\"@id\":\"https:\/\/acrimat.org.br\/portal\/fazendas-contratam-mais\/#article\",\"isPartOf\":{\"@id\":\"https:\/\/acrimat.org.br\/portal\/fazendas-contratam-mais\/\"},\"author\":{\"name\":\"Assessoria de comunica\u00e7\u00e3o ACRIMAT\",\"@id\":\"https:\/\/acrimat.org.br\/portal\/#\/schema\/person\/a309b9496344ff991e8e1b1d751fdd7b\"},\"headline\":\"Fazendas contratam mais\",\"datePublished\":\"2018-01-22T11:51:35+00:00\",\"dateModified\":\"2018-01-22T11:54:56+00:00\",\"mainEntityOfPage\":{\"@id\":\"https:\/\/acrimat.org.br\/portal\/fazendas-contratam-mais\/\"},\"wordCount\":1005,\"publisher\":{\"@id\":\"https:\/\/acrimat.org.br\/portal\/#organization\"},\"image\":{\"@id\":\"https:\/\/acrimat.org.br\/portal\/fazendas-contratam-mais\/#primaryimage\"},\"thumbnailUrl\":\"https:\/\/acrimat.org.br\/portal\/wp-content\/uploads\/2018\/01\/combine-2927854_1920.jpg\",\"articleSection\":[\"Destaques\",\"Not\u00edcias\"],\"inLanguage\":\"pt-BR\"},{\"@type\":\"WebPage\",\"@id\":\"https:\/\/acrimat.org.br\/portal\/fazendas-contratam-mais\/\",\"url\":\"https:\/\/acrimat.org.br\/portal\/fazendas-contratam-mais\/\",\"name\":\"Fazendas contratam mais - Acrimat\",\"isPartOf\":{\"@id\":\"https:\/\/acrimat.org.br\/portal\/#website\"},\"primaryImageOfPage\":{\"@id\":\"https:\/\/acrimat.org.br\/portal\/fazendas-contratam-mais\/#primaryimage\"},\"image\":{\"@id\":\"https:\/\/acrimat.org.br\/portal\/fazendas-contratam-mais\/#primaryimage\"},\"thumbnailUrl\":\"https:\/\/acrimat.org.br\/portal\/wp-content\/uploads\/2018\/01\/combine-2927854_1920.jpg\",\"datePublished\":\"2018-01-22T11:51:35+00:00\",\"dateModified\":\"2018-01-22T11:54:56+00:00\",\"breadcrumb\":{\"@id\":\"https:\/\/acrimat.org.br\/portal\/fazendas-contratam-mais\/#breadcrumb\"},\"inLanguage\":\"pt-BR\",\"potentialAction\":[{\"@type\":\"ReadAction\",\"target\":[\"https:\/\/acrimat.org.br\/portal\/fazendas-contratam-mais\/\"]}]},{\"@type\":\"ImageObject\",\"inLanguage\":\"pt-BR\",\"@id\":\"https:\/\/acrimat.org.br\/portal\/fazendas-contratam-mais\/#primaryimage\",\"url\":\"https:\/\/acrimat.org.br\/portal\/wp-content\/uploads\/2018\/01\/combine-2927854_1920.jpg\",\"contentUrl\":\"https:\/\/acrimat.org.br\/portal\/wp-content\/uploads\/2018\/01\/combine-2927854_1920.jpg\",\"width\":1920,\"height\":1159},{\"@type\":\"BreadcrumbList\",\"@id\":\"https:\/\/acrimat.org.br\/portal\/fazendas-contratam-mais\/#breadcrumb\",\"itemListElement\":[{\"@type\":\"ListItem\",\"position\":1,\"name\":\"In\u00edcio\",\"item\":\"https:\/\/acrimat.org.br\/portal\/\"},{\"@type\":\"ListItem\",\"position\":2,\"name\":\"Fazendas contratam mais\"}]},{\"@type\":\"WebSite\",\"@id\":\"https:\/\/acrimat.org.br\/portal\/#website\",\"url\":\"https:\/\/acrimat.org.br\/portal\/\",\"name\":\"Acrimat\",\"description\":\"Associa\u00e7\u00e3o dos Criadores de Mato Grosso\",\"publisher\":{\"@id\":\"https:\/\/acrimat.org.br\/portal\/#organization\"},\"potentialAction\":[{\"@type\":\"SearchAction\",\"target\":{\"@type\":\"EntryPoint\",\"urlTemplate\":\"https:\/\/acrimat.org.br\/portal\/?s={search_term_string}\"},\"query-input\":{\"@type\":\"PropertyValueSpecification\",\"valueRequired\":true,\"valueName\":\"search_term_string\"}}],\"inLanguage\":\"pt-BR\"},{\"@type\":\"Organization\",\"@id\":\"https:\/\/acrimat.org.br\/portal\/#organization\",\"name\":\"Associa\u00e7\u00e3o dos Criadores de Mato Grosso\",\"url\":\"https:\/\/acrimat.org.br\/portal\/\",\"logo\":{\"@type\":\"ImageObject\",\"inLanguage\":\"pt-BR\",\"@id\":\"https:\/\/acrimat.org.br\/portal\/#\/schema\/logo\/image\/\",\"url\":\"https:\/\/acrimat.org.br\/portal\/wp-content\/uploads\/2018\/03\/logo-peq-original.png\",\"contentUrl\":\"https:\/\/acrimat.org.br\/portal\/wp-content\/uploads\/2018\/03\/logo-peq-original.png\",\"width\":174,\"height\":171,\"caption\":\"Associa\u00e7\u00e3o dos Criadores de Mato Grosso\"},\"image\":{\"@id\":\"https:\/\/acrimat.org.br\/portal\/#\/schema\/logo\/image\/\"}},{\"@type\":\"Person\",\"@id\":\"https:\/\/acrimat.org.br\/portal\/#\/schema\/person\/a309b9496344ff991e8e1b1d751fdd7b\",\"name\":\"Assessoria de comunica\u00e7\u00e3o ACRIMAT\",\"image\":{\"@type\":\"ImageObject\",\"inLanguage\":\"pt-BR\",\"@id\":\"https:\/\/acrimat.org.br\/portal\/#\/schema\/person\/image\/\",\"url\":\"https:\/\/secure.gravatar.com\/avatar\/2f9c28e64c317bcd762b25cb1575f1b4?s=96&d=mm&r=g\",\"contentUrl\":\"https:\/\/secure.gravatar.com\/avatar\/2f9c28e64c317bcd762b25cb1575f1b4?s=96&d=mm&r=g\",\"caption\":\"Assessoria de comunica\u00e7\u00e3o ACRIMAT\"},\"sameAs\":[\"http:\/\/acrimat.org.br\/\"],\"url\":\"https:\/\/acrimat.org.br\/portal\/author\/ascom\/\"}]}<\/script>\n<!-- \/ Yoast SEO plugin. -->","yoast_head_json":{"title":"Fazendas contratam mais - Acrimat","robots":{"index":"index","follow":"follow","max-snippet":"max-snippet:-1","max-image-preview":"max-image-preview:large","max-video-preview":"max-video-preview:-1"},"canonical":"https:\/\/acrimat.org.br\/portal\/fazendas-contratam-mais\/","og_locale":"pt_BR","og_type":"article","og_title":"Fazendas contratam mais - Acrimat","og_description":"As admiss\u00f5es de trabalhadores extras no meio rural aumentam em Mato Grosso e est\u00e3o concentradas neste per\u00edodo do ano","og_url":"https:\/\/acrimat.org.br\/portal\/fazendas-contratam-mais\/","og_site_name":"Acrimat","article_published_time":"2018-01-22T11:51:35+00:00","article_modified_time":"2018-01-22T11:54:56+00:00","og_image":[{"width":1920,"height":1159,"url":"https:\/\/acrimat.org.br\/portal\/wp-content\/uploads\/2018\/01\/combine-2927854_1920.jpg","type":"image\/jpeg"}],"author":"Assessoria de comunica\u00e7\u00e3o ACRIMAT","twitter_card":"summary_large_image","twitter_misc":{"Escrito por":"Assessoria de comunica\u00e7\u00e3o ACRIMAT","Est. tempo de leitura":"5 minutos"},"schema":{"@context":"https:\/\/schema.org","@graph":[{"@type":"Article","@id":"https:\/\/acrimat.org.br\/portal\/fazendas-contratam-mais\/#article","isPartOf":{"@id":"https:\/\/acrimat.org.br\/portal\/fazendas-contratam-mais\/"},"author":{"name":"Assessoria de comunica\u00e7\u00e3o ACRIMAT","@id":"https:\/\/acrimat.org.br\/portal\/#\/schema\/person\/a309b9496344ff991e8e1b1d751fdd7b"},"headline":"Fazendas contratam mais","datePublished":"2018-01-22T11:51:35+00:00","dateModified":"2018-01-22T11:54:56+00:00","mainEntityOfPage":{"@id":"https:\/\/acrimat.org.br\/portal\/fazendas-contratam-mais\/"},"wordCount":1005,"publisher":{"@id":"https:\/\/acrimat.org.br\/portal\/#organization"},"image":{"@id":"https:\/\/acrimat.org.br\/portal\/fazendas-contratam-mais\/#primaryimage"},"thumbnailUrl":"https:\/\/acrimat.org.br\/portal\/wp-content\/uploads\/2018\/01\/combine-2927854_1920.jpg","articleSection":["Destaques","Not\u00edcias"],"inLanguage":"pt-BR"},{"@type":"WebPage","@id":"https:\/\/acrimat.org.br\/portal\/fazendas-contratam-mais\/","url":"https:\/\/acrimat.org.br\/portal\/fazendas-contratam-mais\/","name":"Fazendas contratam mais - Acrimat","isPartOf":{"@id":"https:\/\/acrimat.org.br\/portal\/#website"},"primaryImageOfPage":{"@id":"https:\/\/acrimat.org.br\/portal\/fazendas-contratam-mais\/#primaryimage"},"image":{"@id":"https:\/\/acrimat.org.br\/portal\/fazendas-contratam-mais\/#primaryimage"},"thumbnailUrl":"https:\/\/acrimat.org.br\/portal\/wp-content\/uploads\/2018\/01\/combine-2927854_1920.jpg","datePublished":"2018-01-22T11:51:35+00:00","dateModified":"2018-01-22T11:54:56+00:00","breadcrumb":{"@id":"https:\/\/acrimat.org.br\/portal\/fazendas-contratam-mais\/#breadcrumb"},"inLanguage":"pt-BR","potentialAction":[{"@type":"ReadAction","target":["https:\/\/acrimat.org.br\/portal\/fazendas-contratam-mais\/"]}]},{"@type":"ImageObject","inLanguage":"pt-BR","@id":"https:\/\/acrimat.org.br\/portal\/fazendas-contratam-mais\/#primaryimage","url":"https:\/\/acrimat.org.br\/portal\/wp-content\/uploads\/2018\/01\/combine-2927854_1920.jpg","contentUrl":"https:\/\/acrimat.org.br\/portal\/wp-content\/uploads\/2018\/01\/combine-2927854_1920.jpg","width":1920,"height":1159},{"@type":"BreadcrumbList","@id":"https:\/\/acrimat.org.br\/portal\/fazendas-contratam-mais\/#breadcrumb","itemListElement":[{"@type":"ListItem","position":1,"name":"In\u00edcio","item":"https:\/\/acrimat.org.br\/portal\/"},{"@type":"ListItem","position":2,"name":"Fazendas contratam mais"}]},{"@type":"WebSite","@id":"https:\/\/acrimat.org.br\/portal\/#website","url":"https:\/\/acrimat.org.br\/portal\/","name":"Acrimat","description":"Associa\u00e7\u00e3o dos Criadores de Mato Grosso","publisher":{"@id":"https:\/\/acrimat.org.br\/portal\/#organization"},"potentialAction":[{"@type":"SearchAction","target":{"@type":"EntryPoint","urlTemplate":"https:\/\/acrimat.org.br\/portal\/?s={search_term_string}"},"query-input":{"@type":"PropertyValueSpecification","valueRequired":true,"valueName":"search_term_string"}}],"inLanguage":"pt-BR"},{"@type":"Organization","@id":"https:\/\/acrimat.org.br\/portal\/#organization","name":"Associa\u00e7\u00e3o dos Criadores de Mato Grosso","url":"https:\/\/acrimat.org.br\/portal\/","logo":{"@type":"ImageObject","inLanguage":"pt-BR","@id":"https:\/\/acrimat.org.br\/portal\/#\/schema\/logo\/image\/","url":"https:\/\/acrimat.org.br\/portal\/wp-content\/uploads\/2018\/03\/logo-peq-original.png","contentUrl":"https:\/\/acrimat.org.br\/portal\/wp-content\/uploads\/2018\/03\/logo-peq-original.png","width":174,"height":171,"caption":"Associa\u00e7\u00e3o dos Criadores de Mato Grosso"},"image":{"@id":"https:\/\/acrimat.org.br\/portal\/#\/schema\/logo\/image\/"}},{"@type":"Person","@id":"https:\/\/acrimat.org.br\/portal\/#\/schema\/person\/a309b9496344ff991e8e1b1d751fdd7b","name":"Assessoria de comunica\u00e7\u00e3o ACRIMAT","image":{"@type":"ImageObject","inLanguage":"pt-BR","@id":"https:\/\/acrimat.org.br\/portal\/#\/schema\/person\/image\/","url":"https:\/\/secure.gravatar.com\/avatar\/2f9c28e64c317bcd762b25cb1575f1b4?s=96&d=mm&r=g","contentUrl":"https:\/\/secure.gravatar.com\/avatar\/2f9c28e64c317bcd762b25cb1575f1b4?s=96&d=mm&r=g","caption":"Assessoria de comunica\u00e7\u00e3o ACRIMAT"},"sameAs":["http:\/\/acrimat.org.br\/"],"url":"https:\/\/acrimat.org.br\/portal\/author\/ascom\/"}]}},"_links":{"self":[{"href":"https:\/\/acrimat.org.br\/portal\/wp-json\/wp\/v2\/posts\/97985605","targetHints":{"allow":["GET"]}}],"collection":[{"href":"https:\/\/acrimat.org.br\/portal\/wp-json\/wp\/v2\/posts"}],"about":[{"href":"https:\/\/acrimat.org.br\/portal\/wp-json\/wp\/v2\/types\/post"}],"author":[{"embeddable":true,"href":"https:\/\/acrimat.org.br\/portal\/wp-json\/wp\/v2\/users\/7"}],"replies":[{"embeddable":true,"href":"https:\/\/acrimat.org.br\/portal\/wp-json\/wp\/v2\/comments?post=97985605"}],"version-history":[{"count":1,"href":"https:\/\/acrimat.org.br\/portal\/wp-json\/wp\/v2\/posts\/97985605\/revisions"}],"predecessor-version":[{"id":97985606,"href":"https:\/\/acrimat.org.br\/portal\/wp-json\/wp\/v2\/posts\/97985605\/revisions\/97985606"}],"wp:featuredmedia":[{"embeddable":true,"href":"https:\/\/acrimat.org.br\/portal\/wp-json\/wp\/v2\/media\/97985608"}],"wp:attachment":[{"href":"https:\/\/acrimat.org.br\/portal\/wp-json\/wp\/v2\/media?parent=97985605"}],"wp:term":[{"taxonomy":"category","embeddable":true,"href":"https:\/\/acrimat.org.br\/portal\/wp-json\/wp\/v2\/categories?post=97985605"},{"taxonomy":"post_tag","embeddable":true,"href":"https:\/\/acrimat.org.br\/portal\/wp-json\/wp\/v2\/tags?post=97985605"}],"curies":[{"name":"wp","href":"https:\/\/api.w.org\/{rel}","templated":true}]}}