{"id":97985609,"date":"2018-01-22T09:05:05","date_gmt":"2018-01-22T12:05:05","guid":{"rendered":"http:\/\/acrimat.org.br\/portal\/?p=97985609"},"modified":"2018-01-22T09:18:17","modified_gmt":"2018-01-22T12:18:17","slug":"direito-e-certo-conheca-o-instituto-pensar-agro","status":"publish","type":"post","link":"https:\/\/acrimat.org.br\/portal\/direito-e-certo-conheca-o-instituto-pensar-agro\/","title":{"rendered":"Direito e Certo: Conhe\u00e7a o Instituto Pensar Agro"},"content":{"rendered":"<p class=\"ng-binding\">No terceiro e quarto bloco do programa Direito e Certo deste domingo (21), o secret\u00e1rio-executivo da CBFB, Egon Schaden fala sobre as entidades do agroneg\u00f3cio no Brasil. Al\u00e9m disso, o coordenador-t\u00e9cnico do Instituto Pensar Agro, Gustavo Carneiro,explica sobre o funcionamento da institui\u00e7\u00e3o, que re\u00fane diversas associa\u00e7\u00f5es e leva as ideias at\u00e9 os parlamentares.<\/p>\n<p><strong>Clique na imagem para assistir ao v\u00eddeo.<\/strong><\/p>\n<p><a href=\"http:\/\/tvterraviva.band.uol.com.br\/videos\/ultimos-videos\/16382921\/direito-e-certo-conheca-o-instituto-pensar-agro.html\" target=\"_blank\" rel=\"noopener\"><img fetchpriority=\"high\" decoding=\"async\" class=\"size-full wp-image-97985610 alignleft\" src=\"http:\/\/acrimat.org.br\/portal\/wp-content\/uploads\/2018\/01\/16382921.jpg\" alt=\"\" width=\"320\" height=\"180\" srcset=\"https:\/\/acrimat.org.br\/portal\/wp-content\/uploads\/2018\/01\/16382921.jpg 320w, https:\/\/acrimat.org.br\/portal\/wp-content\/uploads\/2018\/01\/16382921-300x169.jpg 300w, https:\/\/acrimat.org.br\/portal\/wp-content\/uploads\/2018\/01\/16382921-250x141.jpg 250w\" sizes=\"(max-width: 320px) 100vw, 320px\" \/><\/a><\/p>\n","protected":false},"excerpt":{"rendered":"<p>O secret\u00e1rio-executivo da CBFB, Egon Schaden fala sobre as entidades do agroneg\u00f3cio no Brasil<\/p>\n","protected":false},"author":7,"featured_media":97985610,"comment_status":"closed","ping_status":"closed","sticky":false,"template":"","format":"standard","meta":{"footnotes":""},"categories":[6,1],"tags":[],"class_list":["post-97985609","post","type-post","status-publish","format-standard","has-post-thumbnail","hentry","category-destaque","category-noticia"],"yoast_head":"<!-- This site is optimized with the Yoast SEO plugin v24.8.1 - https:\/\/yoast.com\/wordpress\/plugins\/seo\/ -->\n<title>Direito e Certo: Conhe\u00e7a o Instituto Pensar Agro - Acrimat<\/title>\n<meta name=\"robots\" content=\"index, follow, max-snippet:-1, max-image-preview:large, max-video-preview:-1\" \/>\n<link rel=\"canonical\" href=\"https:\/\/acrimat.org.br\/portal\/direito-e-certo-conheca-o-instituto-pensar-agro\/\" \/>\n<meta property=\"og:locale\" content=\"pt_BR\" \/>\n<meta property=\"og:type\" content=\"article\" \/>\n<meta property=\"og:title\" content=\"Direito e Certo: Conhe\u00e7a o Instituto Pensar Agro - Acrimat\" \/>\n<meta property=\"og:description\" content=\"O secret\u00e1rio-executivo da CBFB, Egon Schaden fala sobre as entidades do agroneg\u00f3cio no Brasil\" \/>\n<meta property=\"og:url\" content=\"https:\/\/acrimat.org.br\/portal\/direito-e-certo-conheca-o-instituto-pensar-agro\/\" \/>\n<meta property=\"og:site_name\" content=\"Acrimat\" \/>\n<meta property=\"article:published_time\" content=\"2018-01-22T12:05:05+00:00\" \/>\n<meta property=\"article:modified_time\" content=\"2018-01-22T12:18:17+00:00\" \/>\n<meta property=\"og:image\" content=\"https:\/\/acrimat.org.br\/portal\/wp-content\/uploads\/2018\/01\/16382921.jpg\" \/>\n\t<meta property=\"og:image:width\" content=\"320\" \/>\n\t<meta property=\"og:image:height\" content=\"180\" \/>\n\t<meta property=\"og:image:type\" content=\"image\/jpeg\" \/>\n<meta name=\"author\" content=\"Assessoria de comunica\u00e7\u00e3o ACRIMAT\" \/>\n<meta name=\"twitter:card\" content=\"summary_large_image\" \/>\n<meta name=\"twitter:label1\" content=\"Escrito por\" \/>\n\t<meta name=\"twitter:data1\" content=\"Assessoria de comunica\u00e7\u00e3o ACRIMAT\" \/>\n<script type=\"application\/ld+json\" class=\"yoast-schema-graph\">{\"@context\":\"https:\/\/schema.org\",\"@graph\":[{\"@type\":\"Article\",\"@id\":\"https:\/\/acrimat.org.br\/portal\/direito-e-certo-conheca-o-instituto-pensar-agro\/#article\",\"isPartOf\":{\"@id\":\"https:\/\/acrimat.org.br\/portal\/direito-e-certo-conheca-o-instituto-pensar-agro\/\"},\"author\":{\"name\":\"Assessoria de comunica\u00e7\u00e3o ACRIMAT\",\"@id\":\"https:\/\/acrimat.org.br\/portal\/#\/schema\/person\/a309b9496344ff991e8e1b1d751fdd7b\"},\"headline\":\"Direito e Certo: Conhe\u00e7a o Instituto Pensar Agro\",\"datePublished\":\"2018-01-22T12:05:05+00:00\",\"dateModified\":\"2018-01-22T12:18:17+00:00\",\"mainEntityOfPage\":{\"@id\":\"https:\/\/acrimat.org.br\/portal\/direito-e-certo-conheca-o-instituto-pensar-agro\/\"},\"wordCount\":77,\"publisher\":{\"@id\":\"https:\/\/acrimat.org.br\/portal\/#organization\"},\"image\":{\"@id\":\"https:\/\/acrimat.org.br\/portal\/direito-e-certo-conheca-o-instituto-pensar-agro\/#primaryimage\"},\"thumbnailUrl\":\"https:\/\/acrimat.org.br\/portal\/wp-content\/uploads\/2018\/01\/16382921.jpg\",\"articleSection\":[\"Destaques\",\"Not\u00edcias\"],\"inLanguage\":\"pt-BR\"},{\"@type\":\"WebPage\",\"@id\":\"https:\/\/acrimat.org.br\/portal\/direito-e-certo-conheca-o-instituto-pensar-agro\/\",\"url\":\"https:\/\/acrimat.org.br\/portal\/direito-e-certo-conheca-o-instituto-pensar-agro\/\",\"name\":\"Direito e Certo: Conhe\u00e7a o Instituto Pensar Agro - Acrimat\",\"isPartOf\":{\"@id\":\"https:\/\/acrimat.org.br\/portal\/#website\"},\"primaryImageOfPage\":{\"@id\":\"https:\/\/acrimat.org.br\/portal\/direito-e-certo-conheca-o-instituto-pensar-agro\/#primaryimage\"},\"image\":{\"@id\":\"https:\/\/acrimat.org.br\/portal\/direito-e-certo-conheca-o-instituto-pensar-agro\/#primaryimage\"},\"thumbnailUrl\":\"https:\/\/acrimat.org.br\/portal\/wp-content\/uploads\/2018\/01\/16382921.jpg\",\"datePublished\":\"2018-01-22T12:05:05+00:00\",\"dateModified\":\"2018-01-22T12:18:17+00:00\",\"breadcrumb\":{\"@id\":\"https:\/\/acrimat.org.br\/portal\/direito-e-certo-conheca-o-instituto-pensar-agro\/#breadcrumb\"},\"inLanguage\":\"pt-BR\",\"potentialAction\":[{\"@type\":\"ReadAction\",\"target\":[\"https:\/\/acrimat.org.br\/portal\/direito-e-certo-conheca-o-instituto-pensar-agro\/\"]}]},{\"@type\":\"ImageObject\",\"inLanguage\":\"pt-BR\",\"@id\":\"https:\/\/acrimat.org.br\/portal\/direito-e-certo-conheca-o-instituto-pensar-agro\/#primaryimage\",\"url\":\"https:\/\/acrimat.org.br\/portal\/wp-content\/uploads\/2018\/01\/16382921.jpg\",\"contentUrl\":\"https:\/\/acrimat.org.br\/portal\/wp-content\/uploads\/2018\/01\/16382921.jpg\",\"width\":320,\"height\":180},{\"@type\":\"BreadcrumbList\",\"@id\":\"https:\/\/acrimat.org.br\/portal\/direito-e-certo-conheca-o-instituto-pensar-agro\/#breadcrumb\",\"itemListElement\":[{\"@type\":\"ListItem\",\"position\":1,\"name\":\"In\u00edcio\",\"item\":\"https:\/\/acrimat.org.br\/portal\/\"},{\"@type\":\"ListItem\",\"position\":2,\"name\":\"Direito e Certo: Conhe\u00e7a o Instituto Pensar Agro\"}]},{\"@type\":\"WebSite\",\"@id\":\"https:\/\/acrimat.org.br\/portal\/#website\",\"url\":\"https:\/\/acrimat.org.br\/portal\/\",\"name\":\"Acrimat\",\"description\":\"Associa\u00e7\u00e3o dos Criadores de Mato Grosso\",\"publisher\":{\"@id\":\"https:\/\/acrimat.org.br\/portal\/#organization\"},\"potentialAction\":[{\"@type\":\"SearchAction\",\"target\":{\"@type\":\"EntryPoint\",\"urlTemplate\":\"https:\/\/acrimat.org.br\/portal\/?s={search_term_string}\"},\"query-input\":{\"@type\":\"PropertyValueSpecification\",\"valueRequired\":true,\"valueName\":\"search_term_string\"}}],\"inLanguage\":\"pt-BR\"},{\"@type\":\"Organization\",\"@id\":\"https:\/\/acrimat.org.br\/portal\/#organization\",\"name\":\"Associa\u00e7\u00e3o dos Criadores de Mato Grosso\",\"url\":\"https:\/\/acrimat.org.br\/portal\/\",\"logo\":{\"@type\":\"ImageObject\",\"inLanguage\":\"pt-BR\",\"@id\":\"https:\/\/acrimat.org.br\/portal\/#\/schema\/logo\/image\/\",\"url\":\"https:\/\/acrimat.org.br\/portal\/wp-content\/uploads\/2018\/03\/logo-peq-original.png\",\"contentUrl\":\"https:\/\/acrimat.org.br\/portal\/wp-content\/uploads\/2018\/03\/logo-peq-original.png\",\"width\":174,\"height\":171,\"caption\":\"Associa\u00e7\u00e3o dos Criadores de Mato Grosso\"},\"image\":{\"@id\":\"https:\/\/acrimat.org.br\/portal\/#\/schema\/logo\/image\/\"}},{\"@type\":\"Person\",\"@id\":\"https:\/\/acrimat.org.br\/portal\/#\/schema\/person\/a309b9496344ff991e8e1b1d751fdd7b\",\"name\":\"Assessoria de comunica\u00e7\u00e3o ACRIMAT\",\"image\":{\"@type\":\"ImageObject\",\"inLanguage\":\"pt-BR\",\"@id\":\"https:\/\/acrimat.org.br\/portal\/#\/schema\/person\/image\/\",\"url\":\"https:\/\/secure.gravatar.com\/avatar\/2f9c28e64c317bcd762b25cb1575f1b4?s=96&d=mm&r=g\",\"contentUrl\":\"https:\/\/secure.gravatar.com\/avatar\/2f9c28e64c317bcd762b25cb1575f1b4?s=96&d=mm&r=g\",\"caption\":\"Assessoria de comunica\u00e7\u00e3o ACRIMAT\"},\"sameAs\":[\"http:\/\/acrimat.org.br\/\"],\"url\":\"https:\/\/acrimat.org.br\/portal\/author\/ascom\/\"}]}<\/script>\n<!-- \/ Yoast SEO plugin. -->","yoast_head_json":{"title":"Direito e Certo: Conhe\u00e7a o Instituto Pensar Agro - Acrimat","robots":{"index":"index","follow":"follow","max-snippet":"max-snippet:-1","max-image-preview":"max-image-preview:large","max-video-preview":"max-video-preview:-1"},"canonical":"https:\/\/acrimat.org.br\/portal\/direito-e-certo-conheca-o-instituto-pensar-agro\/","og_locale":"pt_BR","og_type":"article","og_title":"Direito e Certo: Conhe\u00e7a o Instituto Pensar Agro - Acrimat","og_description":"O secret\u00e1rio-executivo da CBFB, Egon Schaden fala sobre as entidades do agroneg\u00f3cio no Brasil","og_url":"https:\/\/acrimat.org.br\/portal\/direito-e-certo-conheca-o-instituto-pensar-agro\/","og_site_name":"Acrimat","article_published_time":"2018-01-22T12:05:05+00:00","article_modified_time":"2018-01-22T12:18:17+00:00","og_image":[{"width":320,"height":180,"url":"https:\/\/acrimat.org.br\/portal\/wp-content\/uploads\/2018\/01\/16382921.jpg","type":"image\/jpeg"}],"author":"Assessoria de comunica\u00e7\u00e3o ACRIMAT","twitter_card":"summary_large_image","twitter_misc":{"Escrito por":"Assessoria de comunica\u00e7\u00e3o ACRIMAT"},"schema":{"@context":"https:\/\/schema.org","@graph":[{"@type":"Article","@id":"https:\/\/acrimat.org.br\/portal\/direito-e-certo-conheca-o-instituto-pensar-agro\/#article","isPartOf":{"@id":"https:\/\/acrimat.org.br\/portal\/direito-e-certo-conheca-o-instituto-pensar-agro\/"},"author":{"name":"Assessoria de comunica\u00e7\u00e3o ACRIMAT","@id":"https:\/\/acrimat.org.br\/portal\/#\/schema\/person\/a309b9496344ff991e8e1b1d751fdd7b"},"headline":"Direito e Certo: Conhe\u00e7a o Instituto Pensar Agro","datePublished":"2018-01-22T12:05:05+00:00","dateModified":"2018-01-22T12:18:17+00:00","mainEntityOfPage":{"@id":"https:\/\/acrimat.org.br\/portal\/direito-e-certo-conheca-o-instituto-pensar-agro\/"},"wordCount":77,"publisher":{"@id":"https:\/\/acrimat.org.br\/portal\/#organization"},"image":{"@id":"https:\/\/acrimat.org.br\/portal\/direito-e-certo-conheca-o-instituto-pensar-agro\/#primaryimage"},"thumbnailUrl":"https:\/\/acrimat.org.br\/portal\/wp-content\/uploads\/2018\/01\/16382921.jpg","articleSection":["Destaques","Not\u00edcias"],"inLanguage":"pt-BR"},{"@type":"WebPage","@id":"https:\/\/acrimat.org.br\/portal\/direito-e-certo-conheca-o-instituto-pensar-agro\/","url":"https:\/\/acrimat.org.br\/portal\/direito-e-certo-conheca-o-instituto-pensar-agro\/","name":"Direito e Certo: Conhe\u00e7a o Instituto Pensar Agro - Acrimat","isPartOf":{"@id":"https:\/\/acrimat.org.br\/portal\/#website"},"primaryImageOfPage":{"@id":"https:\/\/acrimat.org.br\/portal\/direito-e-certo-conheca-o-instituto-pensar-agro\/#primaryimage"},"image":{"@id":"https:\/\/acrimat.org.br\/portal\/direito-e-certo-conheca-o-instituto-pensar-agro\/#primaryimage"},"thumbnailUrl":"https:\/\/acrimat.org.br\/portal\/wp-content\/uploads\/2018\/01\/16382921.jpg","datePublished":"2018-01-22T12:05:05+00:00","dateModified":"2018-01-22T12:18:17+00:00","breadcrumb":{"@id":"https:\/\/acrimat.org.br\/portal\/direito-e-certo-conheca-o-instituto-pensar-agro\/#breadcrumb"},"inLanguage":"pt-BR","potentialAction":[{"@type":"ReadAction","target":["https:\/\/acrimat.org.br\/portal\/direito-e-certo-conheca-o-instituto-pensar-agro\/"]}]},{"@type":"ImageObject","inLanguage":"pt-BR","@id":"https:\/\/acrimat.org.br\/portal\/direito-e-certo-conheca-o-instituto-pensar-agro\/#primaryimage","url":"https:\/\/acrimat.org.br\/portal\/wp-content\/uploads\/2018\/01\/16382921.jpg","contentUrl":"https:\/\/acrimat.org.br\/portal\/wp-content\/uploads\/2018\/01\/16382921.jpg","width":320,"height":180},{"@type":"BreadcrumbList","@id":"https:\/\/acrimat.org.br\/portal\/direito-e-certo-conheca-o-instituto-pensar-agro\/#breadcrumb","itemListElement":[{"@type":"ListItem","position":1,"name":"In\u00edcio","item":"https:\/\/acrimat.org.br\/portal\/"},{"@type":"ListItem","position":2,"name":"Direito e Certo: Conhe\u00e7a o Instituto Pensar Agro"}]},{"@type":"WebSite","@id":"https:\/\/acrimat.org.br\/portal\/#website","url":"https:\/\/acrimat.org.br\/portal\/","name":"Acrimat","description":"Associa\u00e7\u00e3o dos Criadores de Mato Grosso","publisher":{"@id":"https:\/\/acrimat.org.br\/portal\/#organization"},"potentialAction":[{"@type":"SearchAction","target":{"@type":"EntryPoint","urlTemplate":"https:\/\/acrimat.org.br\/portal\/?s={search_term_string}"},"query-input":{"@type":"PropertyValueSpecification","valueRequired":true,"valueName":"search_term_string"}}],"inLanguage":"pt-BR"},{"@type":"Organization","@id":"https:\/\/acrimat.org.br\/portal\/#organization","name":"Associa\u00e7\u00e3o dos Criadores de Mato Grosso","url":"https:\/\/acrimat.org.br\/portal\/","logo":{"@type":"ImageObject","inLanguage":"pt-BR","@id":"https:\/\/acrimat.org.br\/portal\/#\/schema\/logo\/image\/","url":"https:\/\/acrimat.org.br\/portal\/wp-content\/uploads\/2018\/03\/logo-peq-original.png","contentUrl":"https:\/\/acrimat.org.br\/portal\/wp-content\/uploads\/2018\/03\/logo-peq-original.png","width":174,"height":171,"caption":"Associa\u00e7\u00e3o dos Criadores de Mato Grosso"},"image":{"@id":"https:\/\/acrimat.org.br\/portal\/#\/schema\/logo\/image\/"}},{"@type":"Person","@id":"https:\/\/acrimat.org.br\/portal\/#\/schema\/person\/a309b9496344ff991e8e1b1d751fdd7b","name":"Assessoria de comunica\u00e7\u00e3o ACRIMAT","image":{"@type":"ImageObject","inLanguage":"pt-BR","@id":"https:\/\/acrimat.org.br\/portal\/#\/schema\/person\/image\/","url":"https:\/\/secure.gravatar.com\/avatar\/2f9c28e64c317bcd762b25cb1575f1b4?s=96&d=mm&r=g","contentUrl":"https:\/\/secure.gravatar.com\/avatar\/2f9c28e64c317bcd762b25cb1575f1b4?s=96&d=mm&r=g","caption":"Assessoria de comunica\u00e7\u00e3o ACRIMAT"},"sameAs":["http:\/\/acrimat.org.br\/"],"url":"https:\/\/acrimat.org.br\/portal\/author\/ascom\/"}]}},"_links":{"self":[{"href":"https:\/\/acrimat.org.br\/portal\/wp-json\/wp\/v2\/posts\/97985609","targetHints":{"allow":["GET"]}}],"collection":[{"href":"https:\/\/acrimat.org.br\/portal\/wp-json\/wp\/v2\/posts"}],"about":[{"href":"https:\/\/acrimat.org.br\/portal\/wp-json\/wp\/v2\/types\/post"}],"author":[{"embeddable":true,"href":"https:\/\/acrimat.org.br\/portal\/wp-json\/wp\/v2\/users\/7"}],"replies":[{"embeddable":true,"href":"https:\/\/acrimat.org.br\/portal\/wp-json\/wp\/v2\/comments?post=97985609"}],"version-history":[{"count":5,"href":"https:\/\/acrimat.org.br\/portal\/wp-json\/wp\/v2\/posts\/97985609\/revisions"}],"predecessor-version":[{"id":97985617,"href":"https:\/\/acrimat.org.br\/portal\/wp-json\/wp\/v2\/posts\/97985609\/revisions\/97985617"}],"wp:featuredmedia":[{"embeddable":true,"href":"https:\/\/acrimat.org.br\/portal\/wp-json\/wp\/v2\/media\/97985610"}],"wp:attachment":[{"href":"https:\/\/acrimat.org.br\/portal\/wp-json\/wp\/v2\/media?parent=97985609"}],"wp:term":[{"taxonomy":"category","embeddable":true,"href":"https:\/\/acrimat.org.br\/portal\/wp-json\/wp\/v2\/categories?post=97985609"},{"taxonomy":"post_tag","embeddable":true,"href":"https:\/\/acrimat.org.br\/portal\/wp-json\/wp\/v2\/tags?post=97985609"}],"curies":[{"name":"wp","href":"https:\/\/api.w.org\/{rel}","templated":true}]}}