{"id":97985626,"date":"2018-01-23T10:42:16","date_gmt":"2018-01-23T13:42:16","guid":{"rendered":"http:\/\/acrimat.org.br\/portal\/?p=97985626"},"modified":"2018-01-23T10:42:16","modified_gmt":"2018-01-23T13:42:16","slug":"carcaca-do-boi-castrado-atinge-o-menor-preco-em-5-meses","status":"publish","type":"post","link":"https:\/\/acrimat.org.br\/portal\/carcaca-do-boi-castrado-atinge-o-menor-preco-em-5-meses\/","title":{"rendered":"Carca\u00e7a do boi castrado atinge o menor pre\u00e7o em 5 meses"},"content":{"rendered":"<p>O mercado f\u00edsico de boi gordo teve pre\u00e7os predominantemente mais baixos nesta segunda-feira,\u00a022. A queda foi expressiva em\u00a0algumas regi\u00f5es e a tend\u00eancia \u00e9 que este movimento se prolongue\u00a0no restante\u00a0do m\u00eas. A oferta crescente de f\u00eameas favorece esse comportamento, com o descarte<br \/>\ndas vacas que n\u00e3o emprenharam.<br \/>\nSegundo a consultoria Safras &amp; Mercado, mesmo para a primeira quinzena de fevereiro, \u00e9 limitado\u00a0o espa\u00e7o para\u00a0recupera\u00e7\u00e3o nos pre\u00e7os. J\u00e1 a XP Investimentos estima que consumo poder\u00e1 reagir\u00a0no decorrer da semana, com uma poss\u00edvel reposi\u00e7\u00e3o para o in\u00edcio de fevereiro, mas at\u00e9 o\u00a0momento, o escoamento ainda \u00e9 lento.<br \/>\nNo atacado, o ritmo ainda \u00e9 fraco e s\u00e3o comuns relatos de empresas realizando promo\u00e7\u00f5es para\u00a0estimular a venda de carne. Prova disto \u00e9 que o boi casado recua consecutivamente desde o in\u00edcio\u00a0do ano e j\u00e1 registra a menor m\u00e9dia em dois meses.<br \/>\nO mercado de carne bovina com osso tamb\u00e9m sentiu os efeitos da retra\u00e7\u00e3o do consumo e fechou\u00a0em queda. Segundo a Scot Consultoria, a carca\u00e7a de bovinos castrados est\u00e1 cotada em R$ 9,18 o\u00a0quilo, queda de 4,5% frente ao levantamento de sexta-feira, 19, atingindo o menor patamar desde\u00a0agosto.<br \/>\nEssa desvaloriza\u00e7\u00e3o no atacado, fez a margem de comercializa\u00e7\u00e3o das ind\u00fastrias que desossam,\u00a0cair abaixo da m\u00e9dia hist\u00f3rica.\u00a0Atualmente, segundo o indicador equivalente Scot desossa, a\u00a0margem de comercializa\u00e7\u00e3o est\u00e1 em 20,3% e a m\u00e9dia hist\u00f3rica \u00e9 de 20,4%.<br \/>\nEnquanto isso, a competitividade da carne bovina segue prejudicada frente suas concorrentes<br \/>\n(su\u00edna e frango).<\/p>\n","protected":false},"excerpt":{"rendered":"<p> A queda foi expressiva em\u00a0algumas regi\u00f5es e a tend\u00eancia \u00e9 que este movimento se prolongue\u00a0no restante\u00a0do m\u00eas.<\/p>\n","protected":false},"author":7,"featured_media":97984648,"comment_status":"closed","ping_status":"closed","sticky":false,"template":"","format":"standard","meta":{"footnotes":""},"categories":[6,1],"tags":[],"class_list":["post-97985626","post","type-post","status-publish","format-standard","has-post-thumbnail","hentry","category-destaque","category-noticia"],"yoast_head":"<!-- This site is optimized with the Yoast SEO plugin v24.8.1 - https:\/\/yoast.com\/wordpress\/plugins\/seo\/ -->\n<title>Carca\u00e7a do boi castrado atinge o menor pre\u00e7o em 5 meses - Acrimat<\/title>\n<meta name=\"robots\" content=\"index, follow, max-snippet:-1, max-image-preview:large, max-video-preview:-1\" \/>\n<link rel=\"canonical\" href=\"https:\/\/acrimat.org.br\/portal\/carcaca-do-boi-castrado-atinge-o-menor-preco-em-5-meses\/\" \/>\n<meta property=\"og:locale\" content=\"pt_BR\" \/>\n<meta property=\"og:type\" content=\"article\" \/>\n<meta property=\"og:title\" content=\"Carca\u00e7a do boi castrado atinge o menor pre\u00e7o em 5 meses - Acrimat\" \/>\n<meta property=\"og:description\" content=\"A queda foi expressiva em\u00a0algumas regi\u00f5es e a tend\u00eancia \u00e9 que este movimento se prolongue\u00a0no restante\u00a0do m\u00eas.\" \/>\n<meta property=\"og:url\" content=\"https:\/\/acrimat.org.br\/portal\/carcaca-do-boi-castrado-atinge-o-menor-preco-em-5-meses\/\" \/>\n<meta property=\"og:site_name\" content=\"Acrimat\" \/>\n<meta property=\"article:published_time\" content=\"2018-01-23T13:42:16+00:00\" \/>\n<meta property=\"og:image\" content=\"https:\/\/acrimat.org.br\/portal\/wp-content\/uploads\/2017\/11\/abate4.jpg\" \/>\n\t<meta property=\"og:image:width\" content=\"556\" \/>\n\t<meta property=\"og:image:height\" content=\"417\" \/>\n\t<meta property=\"og:image:type\" content=\"image\/jpeg\" \/>\n<meta name=\"author\" content=\"Assessoria de comunica\u00e7\u00e3o ACRIMAT\" \/>\n<meta name=\"twitter:card\" content=\"summary_large_image\" \/>\n<meta name=\"twitter:label1\" content=\"Escrito por\" \/>\n\t<meta name=\"twitter:data1\" content=\"Assessoria de comunica\u00e7\u00e3o ACRIMAT\" \/>\n\t<meta name=\"twitter:label2\" content=\"Est. tempo de leitura\" \/>\n\t<meta name=\"twitter:data2\" content=\"1 minuto\" \/>\n<script type=\"application\/ld+json\" class=\"yoast-schema-graph\">{\"@context\":\"https:\/\/schema.org\",\"@graph\":[{\"@type\":\"Article\",\"@id\":\"https:\/\/acrimat.org.br\/portal\/carcaca-do-boi-castrado-atinge-o-menor-preco-em-5-meses\/#article\",\"isPartOf\":{\"@id\":\"https:\/\/acrimat.org.br\/portal\/carcaca-do-boi-castrado-atinge-o-menor-preco-em-5-meses\/\"},\"author\":{\"name\":\"Assessoria de comunica\u00e7\u00e3o ACRIMAT\",\"@id\":\"https:\/\/acrimat.org.br\/portal\/#\/schema\/person\/a309b9496344ff991e8e1b1d751fdd7b\"},\"headline\":\"Carca\u00e7a do boi castrado atinge o menor pre\u00e7o em 5 meses\",\"datePublished\":\"2018-01-23T13:42:16+00:00\",\"mainEntityOfPage\":{\"@id\":\"https:\/\/acrimat.org.br\/portal\/carcaca-do-boi-castrado-atinge-o-menor-preco-em-5-meses\/\"},\"wordCount\":279,\"publisher\":{\"@id\":\"https:\/\/acrimat.org.br\/portal\/#organization\"},\"image\":{\"@id\":\"https:\/\/acrimat.org.br\/portal\/carcaca-do-boi-castrado-atinge-o-menor-preco-em-5-meses\/#primaryimage\"},\"thumbnailUrl\":\"https:\/\/acrimat.org.br\/portal\/wp-content\/uploads\/2017\/11\/abate4.jpg\",\"articleSection\":[\"Destaques\",\"Not\u00edcias\"],\"inLanguage\":\"pt-BR\"},{\"@type\":\"WebPage\",\"@id\":\"https:\/\/acrimat.org.br\/portal\/carcaca-do-boi-castrado-atinge-o-menor-preco-em-5-meses\/\",\"url\":\"https:\/\/acrimat.org.br\/portal\/carcaca-do-boi-castrado-atinge-o-menor-preco-em-5-meses\/\",\"name\":\"Carca\u00e7a do boi castrado atinge o menor pre\u00e7o em 5 meses - Acrimat\",\"isPartOf\":{\"@id\":\"https:\/\/acrimat.org.br\/portal\/#website\"},\"primaryImageOfPage\":{\"@id\":\"https:\/\/acrimat.org.br\/portal\/carcaca-do-boi-castrado-atinge-o-menor-preco-em-5-meses\/#primaryimage\"},\"image\":{\"@id\":\"https:\/\/acrimat.org.br\/portal\/carcaca-do-boi-castrado-atinge-o-menor-preco-em-5-meses\/#primaryimage\"},\"thumbnailUrl\":\"https:\/\/acrimat.org.br\/portal\/wp-content\/uploads\/2017\/11\/abate4.jpg\",\"datePublished\":\"2018-01-23T13:42:16+00:00\",\"breadcrumb\":{\"@id\":\"https:\/\/acrimat.org.br\/portal\/carcaca-do-boi-castrado-atinge-o-menor-preco-em-5-meses\/#breadcrumb\"},\"inLanguage\":\"pt-BR\",\"potentialAction\":[{\"@type\":\"ReadAction\",\"target\":[\"https:\/\/acrimat.org.br\/portal\/carcaca-do-boi-castrado-atinge-o-menor-preco-em-5-meses\/\"]}]},{\"@type\":\"ImageObject\",\"inLanguage\":\"pt-BR\",\"@id\":\"https:\/\/acrimat.org.br\/portal\/carcaca-do-boi-castrado-atinge-o-menor-preco-em-5-meses\/#primaryimage\",\"url\":\"https:\/\/acrimat.org.br\/portal\/wp-content\/uploads\/2017\/11\/abate4.jpg\",\"contentUrl\":\"https:\/\/acrimat.org.br\/portal\/wp-content\/uploads\/2017\/11\/abate4.jpg\",\"width\":556,\"height\":417},{\"@type\":\"BreadcrumbList\",\"@id\":\"https:\/\/acrimat.org.br\/portal\/carcaca-do-boi-castrado-atinge-o-menor-preco-em-5-meses\/#breadcrumb\",\"itemListElement\":[{\"@type\":\"ListItem\",\"position\":1,\"name\":\"In\u00edcio\",\"item\":\"https:\/\/acrimat.org.br\/portal\/\"},{\"@type\":\"ListItem\",\"position\":2,\"name\":\"Carca\u00e7a do boi castrado atinge o menor pre\u00e7o em 5 meses\"}]},{\"@type\":\"WebSite\",\"@id\":\"https:\/\/acrimat.org.br\/portal\/#website\",\"url\":\"https:\/\/acrimat.org.br\/portal\/\",\"name\":\"Acrimat\",\"description\":\"Associa\u00e7\u00e3o dos Criadores de Mato Grosso\",\"publisher\":{\"@id\":\"https:\/\/acrimat.org.br\/portal\/#organization\"},\"potentialAction\":[{\"@type\":\"SearchAction\",\"target\":{\"@type\":\"EntryPoint\",\"urlTemplate\":\"https:\/\/acrimat.org.br\/portal\/?s={search_term_string}\"},\"query-input\":{\"@type\":\"PropertyValueSpecification\",\"valueRequired\":true,\"valueName\":\"search_term_string\"}}],\"inLanguage\":\"pt-BR\"},{\"@type\":\"Organization\",\"@id\":\"https:\/\/acrimat.org.br\/portal\/#organization\",\"name\":\"Associa\u00e7\u00e3o dos Criadores de Mato Grosso\",\"url\":\"https:\/\/acrimat.org.br\/portal\/\",\"logo\":{\"@type\":\"ImageObject\",\"inLanguage\":\"pt-BR\",\"@id\":\"https:\/\/acrimat.org.br\/portal\/#\/schema\/logo\/image\/\",\"url\":\"https:\/\/acrimat.org.br\/portal\/wp-content\/uploads\/2018\/03\/logo-peq-original.png\",\"contentUrl\":\"https:\/\/acrimat.org.br\/portal\/wp-content\/uploads\/2018\/03\/logo-peq-original.png\",\"width\":174,\"height\":171,\"caption\":\"Associa\u00e7\u00e3o dos Criadores de Mato Grosso\"},\"image\":{\"@id\":\"https:\/\/acrimat.org.br\/portal\/#\/schema\/logo\/image\/\"}},{\"@type\":\"Person\",\"@id\":\"https:\/\/acrimat.org.br\/portal\/#\/schema\/person\/a309b9496344ff991e8e1b1d751fdd7b\",\"name\":\"Assessoria de comunica\u00e7\u00e3o ACRIMAT\",\"image\":{\"@type\":\"ImageObject\",\"inLanguage\":\"pt-BR\",\"@id\":\"https:\/\/acrimat.org.br\/portal\/#\/schema\/person\/image\/\",\"url\":\"https:\/\/secure.gravatar.com\/avatar\/2f9c28e64c317bcd762b25cb1575f1b4?s=96&d=mm&r=g\",\"contentUrl\":\"https:\/\/secure.gravatar.com\/avatar\/2f9c28e64c317bcd762b25cb1575f1b4?s=96&d=mm&r=g\",\"caption\":\"Assessoria de comunica\u00e7\u00e3o ACRIMAT\"},\"sameAs\":[\"http:\/\/acrimat.org.br\/\"],\"url\":\"https:\/\/acrimat.org.br\/portal\/author\/ascom\/\"}]}<\/script>\n<!-- \/ Yoast SEO plugin. -->","yoast_head_json":{"title":"Carca\u00e7a do boi castrado atinge o menor pre\u00e7o em 5 meses - Acrimat","robots":{"index":"index","follow":"follow","max-snippet":"max-snippet:-1","max-image-preview":"max-image-preview:large","max-video-preview":"max-video-preview:-1"},"canonical":"https:\/\/acrimat.org.br\/portal\/carcaca-do-boi-castrado-atinge-o-menor-preco-em-5-meses\/","og_locale":"pt_BR","og_type":"article","og_title":"Carca\u00e7a do boi castrado atinge o menor pre\u00e7o em 5 meses - Acrimat","og_description":"A queda foi expressiva em\u00a0algumas regi\u00f5es e a tend\u00eancia \u00e9 que este movimento se prolongue\u00a0no restante\u00a0do m\u00eas.","og_url":"https:\/\/acrimat.org.br\/portal\/carcaca-do-boi-castrado-atinge-o-menor-preco-em-5-meses\/","og_site_name":"Acrimat","article_published_time":"2018-01-23T13:42:16+00:00","og_image":[{"width":556,"height":417,"url":"https:\/\/acrimat.org.br\/portal\/wp-content\/uploads\/2017\/11\/abate4.jpg","type":"image\/jpeg"}],"author":"Assessoria de comunica\u00e7\u00e3o ACRIMAT","twitter_card":"summary_large_image","twitter_misc":{"Escrito por":"Assessoria de comunica\u00e7\u00e3o ACRIMAT","Est. tempo de leitura":"1 minuto"},"schema":{"@context":"https:\/\/schema.org","@graph":[{"@type":"Article","@id":"https:\/\/acrimat.org.br\/portal\/carcaca-do-boi-castrado-atinge-o-menor-preco-em-5-meses\/#article","isPartOf":{"@id":"https:\/\/acrimat.org.br\/portal\/carcaca-do-boi-castrado-atinge-o-menor-preco-em-5-meses\/"},"author":{"name":"Assessoria de comunica\u00e7\u00e3o ACRIMAT","@id":"https:\/\/acrimat.org.br\/portal\/#\/schema\/person\/a309b9496344ff991e8e1b1d751fdd7b"},"headline":"Carca\u00e7a do boi castrado atinge o menor pre\u00e7o em 5 meses","datePublished":"2018-01-23T13:42:16+00:00","mainEntityOfPage":{"@id":"https:\/\/acrimat.org.br\/portal\/carcaca-do-boi-castrado-atinge-o-menor-preco-em-5-meses\/"},"wordCount":279,"publisher":{"@id":"https:\/\/acrimat.org.br\/portal\/#organization"},"image":{"@id":"https:\/\/acrimat.org.br\/portal\/carcaca-do-boi-castrado-atinge-o-menor-preco-em-5-meses\/#primaryimage"},"thumbnailUrl":"https:\/\/acrimat.org.br\/portal\/wp-content\/uploads\/2017\/11\/abate4.jpg","articleSection":["Destaques","Not\u00edcias"],"inLanguage":"pt-BR"},{"@type":"WebPage","@id":"https:\/\/acrimat.org.br\/portal\/carcaca-do-boi-castrado-atinge-o-menor-preco-em-5-meses\/","url":"https:\/\/acrimat.org.br\/portal\/carcaca-do-boi-castrado-atinge-o-menor-preco-em-5-meses\/","name":"Carca\u00e7a do boi castrado atinge o menor pre\u00e7o em 5 meses - Acrimat","isPartOf":{"@id":"https:\/\/acrimat.org.br\/portal\/#website"},"primaryImageOfPage":{"@id":"https:\/\/acrimat.org.br\/portal\/carcaca-do-boi-castrado-atinge-o-menor-preco-em-5-meses\/#primaryimage"},"image":{"@id":"https:\/\/acrimat.org.br\/portal\/carcaca-do-boi-castrado-atinge-o-menor-preco-em-5-meses\/#primaryimage"},"thumbnailUrl":"https:\/\/acrimat.org.br\/portal\/wp-content\/uploads\/2017\/11\/abate4.jpg","datePublished":"2018-01-23T13:42:16+00:00","breadcrumb":{"@id":"https:\/\/acrimat.org.br\/portal\/carcaca-do-boi-castrado-atinge-o-menor-preco-em-5-meses\/#breadcrumb"},"inLanguage":"pt-BR","potentialAction":[{"@type":"ReadAction","target":["https:\/\/acrimat.org.br\/portal\/carcaca-do-boi-castrado-atinge-o-menor-preco-em-5-meses\/"]}]},{"@type":"ImageObject","inLanguage":"pt-BR","@id":"https:\/\/acrimat.org.br\/portal\/carcaca-do-boi-castrado-atinge-o-menor-preco-em-5-meses\/#primaryimage","url":"https:\/\/acrimat.org.br\/portal\/wp-content\/uploads\/2017\/11\/abate4.jpg","contentUrl":"https:\/\/acrimat.org.br\/portal\/wp-content\/uploads\/2017\/11\/abate4.jpg","width":556,"height":417},{"@type":"BreadcrumbList","@id":"https:\/\/acrimat.org.br\/portal\/carcaca-do-boi-castrado-atinge-o-menor-preco-em-5-meses\/#breadcrumb","itemListElement":[{"@type":"ListItem","position":1,"name":"In\u00edcio","item":"https:\/\/acrimat.org.br\/portal\/"},{"@type":"ListItem","position":2,"name":"Carca\u00e7a do boi castrado atinge o menor pre\u00e7o em 5 meses"}]},{"@type":"WebSite","@id":"https:\/\/acrimat.org.br\/portal\/#website","url":"https:\/\/acrimat.org.br\/portal\/","name":"Acrimat","description":"Associa\u00e7\u00e3o dos Criadores de Mato Grosso","publisher":{"@id":"https:\/\/acrimat.org.br\/portal\/#organization"},"potentialAction":[{"@type":"SearchAction","target":{"@type":"EntryPoint","urlTemplate":"https:\/\/acrimat.org.br\/portal\/?s={search_term_string}"},"query-input":{"@type":"PropertyValueSpecification","valueRequired":true,"valueName":"search_term_string"}}],"inLanguage":"pt-BR"},{"@type":"Organization","@id":"https:\/\/acrimat.org.br\/portal\/#organization","name":"Associa\u00e7\u00e3o dos Criadores de Mato Grosso","url":"https:\/\/acrimat.org.br\/portal\/","logo":{"@type":"ImageObject","inLanguage":"pt-BR","@id":"https:\/\/acrimat.org.br\/portal\/#\/schema\/logo\/image\/","url":"https:\/\/acrimat.org.br\/portal\/wp-content\/uploads\/2018\/03\/logo-peq-original.png","contentUrl":"https:\/\/acrimat.org.br\/portal\/wp-content\/uploads\/2018\/03\/logo-peq-original.png","width":174,"height":171,"caption":"Associa\u00e7\u00e3o dos Criadores de Mato Grosso"},"image":{"@id":"https:\/\/acrimat.org.br\/portal\/#\/schema\/logo\/image\/"}},{"@type":"Person","@id":"https:\/\/acrimat.org.br\/portal\/#\/schema\/person\/a309b9496344ff991e8e1b1d751fdd7b","name":"Assessoria de comunica\u00e7\u00e3o ACRIMAT","image":{"@type":"ImageObject","inLanguage":"pt-BR","@id":"https:\/\/acrimat.org.br\/portal\/#\/schema\/person\/image\/","url":"https:\/\/secure.gravatar.com\/avatar\/2f9c28e64c317bcd762b25cb1575f1b4?s=96&d=mm&r=g","contentUrl":"https:\/\/secure.gravatar.com\/avatar\/2f9c28e64c317bcd762b25cb1575f1b4?s=96&d=mm&r=g","caption":"Assessoria de comunica\u00e7\u00e3o ACRIMAT"},"sameAs":["http:\/\/acrimat.org.br\/"],"url":"https:\/\/acrimat.org.br\/portal\/author\/ascom\/"}]}},"_links":{"self":[{"href":"https:\/\/acrimat.org.br\/portal\/wp-json\/wp\/v2\/posts\/97985626","targetHints":{"allow":["GET"]}}],"collection":[{"href":"https:\/\/acrimat.org.br\/portal\/wp-json\/wp\/v2\/posts"}],"about":[{"href":"https:\/\/acrimat.org.br\/portal\/wp-json\/wp\/v2\/types\/post"}],"author":[{"embeddable":true,"href":"https:\/\/acrimat.org.br\/portal\/wp-json\/wp\/v2\/users\/7"}],"replies":[{"embeddable":true,"href":"https:\/\/acrimat.org.br\/portal\/wp-json\/wp\/v2\/comments?post=97985626"}],"version-history":[{"count":1,"href":"https:\/\/acrimat.org.br\/portal\/wp-json\/wp\/v2\/posts\/97985626\/revisions"}],"predecessor-version":[{"id":97985627,"href":"https:\/\/acrimat.org.br\/portal\/wp-json\/wp\/v2\/posts\/97985626\/revisions\/97985627"}],"wp:featuredmedia":[{"embeddable":true,"href":"https:\/\/acrimat.org.br\/portal\/wp-json\/wp\/v2\/media\/97984648"}],"wp:attachment":[{"href":"https:\/\/acrimat.org.br\/portal\/wp-json\/wp\/v2\/media?parent=97985626"}],"wp:term":[{"taxonomy":"category","embeddable":true,"href":"https:\/\/acrimat.org.br\/portal\/wp-json\/wp\/v2\/categories?post=97985626"},{"taxonomy":"post_tag","embeddable":true,"href":"https:\/\/acrimat.org.br\/portal\/wp-json\/wp\/v2\/tags?post=97985626"}],"curies":[{"name":"wp","href":"https:\/\/api.w.org\/{rel}","templated":true}]}}