{"id":97985628,"date":"2018-01-23T10:48:16","date_gmt":"2018-01-23T13:48:16","guid":{"rendered":"http:\/\/acrimat.org.br\/portal\/?p=97985628"},"modified":"2018-01-23T10:54:35","modified_gmt":"2018-01-23T13:54:35","slug":"nova-regulamentacao-reduz-dose-da-vacina-contra-a-febre-aftosa","status":"publish","type":"post","link":"https:\/\/acrimat.org.br\/portal\/nova-regulamentacao-reduz-dose-da-vacina-contra-a-febre-aftosa\/","title":{"rendered":"Nova regulamenta\u00e7\u00e3o reduz dose da vacina contra a febre aftosa para 2 ml"},"content":{"rendered":"<p>Minist\u00e9rio da Agricultura publicou nesta segunda-feira, 22, a nova regulamenta\u00e7\u00e3o sobre a vacina contra a febre aftosa, cuja dose a ser aplicada no rebanho bovino brasileiro foi reduzida para 2 mililitros, ante 5 mililitros. O Regulamento T\u00e9cnico para a Produ\u00e7\u00e3o, Controle da Qualidade, Comercializa\u00e7\u00e3o e Emprego do produto oficializa a retirada do ant\u00edgeno C da formula\u00e7\u00e3o, mas n\u00e3o trata do uso da saponina.<\/p>\n<p>A presen\u00e7a desta subst\u00e2ncia na composi\u00e7\u00e3o da vacina gerou debates no ano passado, depois de a saponina ter sido apontada pelo setor produtivo como uma das causas da forma\u00e7\u00e3o de abscessos na carne bovina &#8211; os n\u00f3dulos presentes no produto exportado para os Estados Unidos fizeram o pa\u00eds suspender as compras em junho de 2017. Havia uma expectativa de que o governo fosse proibir seu uso. A nova vacina deve chegar ao mercado no primeiro trimestre de 2019, segundo expectativa da ind\u00fastria.<\/p>\n<p>De acordo com o Minist\u00e9rio da Agricultura, testes sobre o uso da saponina est\u00e3o em curso e por isso n\u00e3o foi definida ainda sua aplica\u00e7\u00e3o. Por outro lado, Emilio Salani, vice-presidente executivo do Sindicato Nacional da Ind\u00fastria de Produtos para Sa\u00fade Animal (Sindan), afirma que, mesmo sem uma regra oficial, a ind\u00fastria vai produzir a nova vacina &#8211; em doses de 2 mililitros e sem o ant\u00edgeno C &#8211; sem a saponina. Ele ressalta que a subst\u00e2ncia n\u00e3o provoca n\u00f3dulos na carne, mas a mudan\u00e7a ser\u00e1 adotada para atender \u00e0 demanda. &#8220;N\u00e3o h\u00e1 uma causa \u00fanica&#8221;, afirma.<\/p>\n<p>N\u00e3o h\u00e1 de fato um consenso no mercado sobre a causa do problema. Outra suspeita \u00e9 de que o n\u00f3dulo seria uma consequ\u00eancia da aplica\u00e7\u00e3o incorreta da vacina ou ainda de falta de higiene no processo. Apesar de n\u00e3o tratar da subst\u00e2ncia, o regulamento publicado hoje define regras sobre quest\u00f5es como teste de toler\u00e2ncia aos quais as vacinas devem ser submetidas. &#8220;Quando administrada, a vacina n\u00e3o deve produzir sinais cl\u00ednicos de febre aftosa ou qualquer rea\u00e7\u00e3o indesej\u00e1vel local ou sist\u00eamica na esp\u00e9cie alvo&#8221;, diz o documento.<\/p>\n","protected":false},"excerpt":{"rendered":"<p>Minist\u00e9rio da Agricultura publicou nesta segunda-feira, 22, a nova regulamenta\u00e7\u00e3o sobre a vacina contra a febre aftosa<\/p>\n","protected":false},"author":7,"featured_media":97985178,"comment_status":"closed","ping_status":"closed","sticky":false,"template":"","format":"standard","meta":{"footnotes":""},"categories":[6,1],"tags":[],"class_list":["post-97985628","post","type-post","status-publish","format-standard","has-post-thumbnail","hentry","category-destaque","category-noticia"],"yoast_head":"<!-- This site is optimized with the Yoast SEO plugin v24.8.1 - https:\/\/yoast.com\/wordpress\/plugins\/seo\/ -->\n<title>Nova regulamenta\u00e7\u00e3o reduz dose da vacina contra a febre aftosa para 2 ml - Acrimat<\/title>\n<meta name=\"robots\" content=\"index, follow, max-snippet:-1, max-image-preview:large, max-video-preview:-1\" \/>\n<link rel=\"canonical\" href=\"https:\/\/acrimat.org.br\/portal\/nova-regulamentacao-reduz-dose-da-vacina-contra-a-febre-aftosa\/\" \/>\n<meta property=\"og:locale\" content=\"pt_BR\" \/>\n<meta property=\"og:type\" content=\"article\" \/>\n<meta property=\"og:title\" content=\"Nova regulamenta\u00e7\u00e3o reduz dose da vacina contra a febre aftosa para 2 ml - Acrimat\" \/>\n<meta property=\"og:description\" content=\"Minist\u00e9rio da Agricultura publicou nesta segunda-feira, 22, a nova regulamenta\u00e7\u00e3o sobre a vacina contra a febre aftosa\" \/>\n<meta property=\"og:url\" content=\"https:\/\/acrimat.org.br\/portal\/nova-regulamentacao-reduz-dose-da-vacina-contra-a-febre-aftosa\/\" \/>\n<meta property=\"og:site_name\" content=\"Acrimat\" \/>\n<meta property=\"article:published_time\" content=\"2018-01-23T13:48:16+00:00\" \/>\n<meta property=\"article:modified_time\" content=\"2018-01-23T13:54:35+00:00\" \/>\n<meta property=\"og:image\" content=\"https:\/\/acrimat.org.br\/portal\/wp-content\/uploads\/2017\/12\/vacinacao-aftosa.jpg\" \/>\n\t<meta property=\"og:image:width\" content=\"900\" \/>\n\t<meta property=\"og:image:height\" content=\"667\" \/>\n\t<meta property=\"og:image:type\" content=\"image\/jpeg\" \/>\n<meta name=\"author\" content=\"Assessoria de comunica\u00e7\u00e3o ACRIMAT\" \/>\n<meta name=\"twitter:card\" content=\"summary_large_image\" \/>\n<meta name=\"twitter:label1\" content=\"Escrito por\" \/>\n\t<meta name=\"twitter:data1\" content=\"Assessoria de comunica\u00e7\u00e3o ACRIMAT\" \/>\n\t<meta name=\"twitter:label2\" content=\"Est. tempo de leitura\" \/>\n\t<meta name=\"twitter:data2\" content=\"2 minutos\" \/>\n<script type=\"application\/ld+json\" class=\"yoast-schema-graph\">{\"@context\":\"https:\/\/schema.org\",\"@graph\":[{\"@type\":\"Article\",\"@id\":\"https:\/\/acrimat.org.br\/portal\/nova-regulamentacao-reduz-dose-da-vacina-contra-a-febre-aftosa\/#article\",\"isPartOf\":{\"@id\":\"https:\/\/acrimat.org.br\/portal\/nova-regulamentacao-reduz-dose-da-vacina-contra-a-febre-aftosa\/\"},\"author\":{\"name\":\"Assessoria de comunica\u00e7\u00e3o ACRIMAT\",\"@id\":\"https:\/\/acrimat.org.br\/portal\/#\/schema\/person\/a309b9496344ff991e8e1b1d751fdd7b\"},\"headline\":\"Nova regulamenta\u00e7\u00e3o reduz dose da vacina contra a febre aftosa para 2 ml\",\"datePublished\":\"2018-01-23T13:48:16+00:00\",\"dateModified\":\"2018-01-23T13:54:35+00:00\",\"mainEntityOfPage\":{\"@id\":\"https:\/\/acrimat.org.br\/portal\/nova-regulamentacao-reduz-dose-da-vacina-contra-a-febre-aftosa\/\"},\"wordCount\":375,\"publisher\":{\"@id\":\"https:\/\/acrimat.org.br\/portal\/#organization\"},\"image\":{\"@id\":\"https:\/\/acrimat.org.br\/portal\/nova-regulamentacao-reduz-dose-da-vacina-contra-a-febre-aftosa\/#primaryimage\"},\"thumbnailUrl\":\"https:\/\/acrimat.org.br\/portal\/wp-content\/uploads\/2017\/12\/vacinacao-aftosa.jpg\",\"articleSection\":[\"Destaques\",\"Not\u00edcias\"],\"inLanguage\":\"pt-BR\"},{\"@type\":\"WebPage\",\"@id\":\"https:\/\/acrimat.org.br\/portal\/nova-regulamentacao-reduz-dose-da-vacina-contra-a-febre-aftosa\/\",\"url\":\"https:\/\/acrimat.org.br\/portal\/nova-regulamentacao-reduz-dose-da-vacina-contra-a-febre-aftosa\/\",\"name\":\"Nova regulamenta\u00e7\u00e3o reduz dose da vacina contra a febre aftosa para 2 ml - Acrimat\",\"isPartOf\":{\"@id\":\"https:\/\/acrimat.org.br\/portal\/#website\"},\"primaryImageOfPage\":{\"@id\":\"https:\/\/acrimat.org.br\/portal\/nova-regulamentacao-reduz-dose-da-vacina-contra-a-febre-aftosa\/#primaryimage\"},\"image\":{\"@id\":\"https:\/\/acrimat.org.br\/portal\/nova-regulamentacao-reduz-dose-da-vacina-contra-a-febre-aftosa\/#primaryimage\"},\"thumbnailUrl\":\"https:\/\/acrimat.org.br\/portal\/wp-content\/uploads\/2017\/12\/vacinacao-aftosa.jpg\",\"datePublished\":\"2018-01-23T13:48:16+00:00\",\"dateModified\":\"2018-01-23T13:54:35+00:00\",\"breadcrumb\":{\"@id\":\"https:\/\/acrimat.org.br\/portal\/nova-regulamentacao-reduz-dose-da-vacina-contra-a-febre-aftosa\/#breadcrumb\"},\"inLanguage\":\"pt-BR\",\"potentialAction\":[{\"@type\":\"ReadAction\",\"target\":[\"https:\/\/acrimat.org.br\/portal\/nova-regulamentacao-reduz-dose-da-vacina-contra-a-febre-aftosa\/\"]}]},{\"@type\":\"ImageObject\",\"inLanguage\":\"pt-BR\",\"@id\":\"https:\/\/acrimat.org.br\/portal\/nova-regulamentacao-reduz-dose-da-vacina-contra-a-febre-aftosa\/#primaryimage\",\"url\":\"https:\/\/acrimat.org.br\/portal\/wp-content\/uploads\/2017\/12\/vacinacao-aftosa.jpg\",\"contentUrl\":\"https:\/\/acrimat.org.br\/portal\/wp-content\/uploads\/2017\/12\/vacinacao-aftosa.jpg\",\"width\":900,\"height\":667},{\"@type\":\"BreadcrumbList\",\"@id\":\"https:\/\/acrimat.org.br\/portal\/nova-regulamentacao-reduz-dose-da-vacina-contra-a-febre-aftosa\/#breadcrumb\",\"itemListElement\":[{\"@type\":\"ListItem\",\"position\":1,\"name\":\"In\u00edcio\",\"item\":\"https:\/\/acrimat.org.br\/portal\/\"},{\"@type\":\"ListItem\",\"position\":2,\"name\":\"Nova regulamenta\u00e7\u00e3o reduz dose da vacina contra a febre aftosa para 2 ml\"}]},{\"@type\":\"WebSite\",\"@id\":\"https:\/\/acrimat.org.br\/portal\/#website\",\"url\":\"https:\/\/acrimat.org.br\/portal\/\",\"name\":\"Acrimat\",\"description\":\"Associa\u00e7\u00e3o dos Criadores de Mato Grosso\",\"publisher\":{\"@id\":\"https:\/\/acrimat.org.br\/portal\/#organization\"},\"potentialAction\":[{\"@type\":\"SearchAction\",\"target\":{\"@type\":\"EntryPoint\",\"urlTemplate\":\"https:\/\/acrimat.org.br\/portal\/?s={search_term_string}\"},\"query-input\":{\"@type\":\"PropertyValueSpecification\",\"valueRequired\":true,\"valueName\":\"search_term_string\"}}],\"inLanguage\":\"pt-BR\"},{\"@type\":\"Organization\",\"@id\":\"https:\/\/acrimat.org.br\/portal\/#organization\",\"name\":\"Associa\u00e7\u00e3o dos Criadores de Mato Grosso\",\"url\":\"https:\/\/acrimat.org.br\/portal\/\",\"logo\":{\"@type\":\"ImageObject\",\"inLanguage\":\"pt-BR\",\"@id\":\"https:\/\/acrimat.org.br\/portal\/#\/schema\/logo\/image\/\",\"url\":\"https:\/\/acrimat.org.br\/portal\/wp-content\/uploads\/2018\/03\/logo-peq-original.png\",\"contentUrl\":\"https:\/\/acrimat.org.br\/portal\/wp-content\/uploads\/2018\/03\/logo-peq-original.png\",\"width\":174,\"height\":171,\"caption\":\"Associa\u00e7\u00e3o dos Criadores de Mato Grosso\"},\"image\":{\"@id\":\"https:\/\/acrimat.org.br\/portal\/#\/schema\/logo\/image\/\"}},{\"@type\":\"Person\",\"@id\":\"https:\/\/acrimat.org.br\/portal\/#\/schema\/person\/a309b9496344ff991e8e1b1d751fdd7b\",\"name\":\"Assessoria de comunica\u00e7\u00e3o ACRIMAT\",\"image\":{\"@type\":\"ImageObject\",\"inLanguage\":\"pt-BR\",\"@id\":\"https:\/\/acrimat.org.br\/portal\/#\/schema\/person\/image\/\",\"url\":\"https:\/\/secure.gravatar.com\/avatar\/2f9c28e64c317bcd762b25cb1575f1b4?s=96&d=mm&r=g\",\"contentUrl\":\"https:\/\/secure.gravatar.com\/avatar\/2f9c28e64c317bcd762b25cb1575f1b4?s=96&d=mm&r=g\",\"caption\":\"Assessoria de comunica\u00e7\u00e3o ACRIMAT\"},\"sameAs\":[\"http:\/\/acrimat.org.br\/\"],\"url\":\"https:\/\/acrimat.org.br\/portal\/author\/ascom\/\"}]}<\/script>\n<!-- \/ Yoast SEO plugin. -->","yoast_head_json":{"title":"Nova regulamenta\u00e7\u00e3o reduz dose da vacina contra a febre aftosa para 2 ml - Acrimat","robots":{"index":"index","follow":"follow","max-snippet":"max-snippet:-1","max-image-preview":"max-image-preview:large","max-video-preview":"max-video-preview:-1"},"canonical":"https:\/\/acrimat.org.br\/portal\/nova-regulamentacao-reduz-dose-da-vacina-contra-a-febre-aftosa\/","og_locale":"pt_BR","og_type":"article","og_title":"Nova regulamenta\u00e7\u00e3o reduz dose da vacina contra a febre aftosa para 2 ml - Acrimat","og_description":"Minist\u00e9rio da Agricultura publicou nesta segunda-feira, 22, a nova regulamenta\u00e7\u00e3o sobre a vacina contra a febre aftosa","og_url":"https:\/\/acrimat.org.br\/portal\/nova-regulamentacao-reduz-dose-da-vacina-contra-a-febre-aftosa\/","og_site_name":"Acrimat","article_published_time":"2018-01-23T13:48:16+00:00","article_modified_time":"2018-01-23T13:54:35+00:00","og_image":[{"width":900,"height":667,"url":"https:\/\/acrimat.org.br\/portal\/wp-content\/uploads\/2017\/12\/vacinacao-aftosa.jpg","type":"image\/jpeg"}],"author":"Assessoria de comunica\u00e7\u00e3o ACRIMAT","twitter_card":"summary_large_image","twitter_misc":{"Escrito por":"Assessoria de comunica\u00e7\u00e3o ACRIMAT","Est. tempo de leitura":"2 minutos"},"schema":{"@context":"https:\/\/schema.org","@graph":[{"@type":"Article","@id":"https:\/\/acrimat.org.br\/portal\/nova-regulamentacao-reduz-dose-da-vacina-contra-a-febre-aftosa\/#article","isPartOf":{"@id":"https:\/\/acrimat.org.br\/portal\/nova-regulamentacao-reduz-dose-da-vacina-contra-a-febre-aftosa\/"},"author":{"name":"Assessoria de comunica\u00e7\u00e3o ACRIMAT","@id":"https:\/\/acrimat.org.br\/portal\/#\/schema\/person\/a309b9496344ff991e8e1b1d751fdd7b"},"headline":"Nova regulamenta\u00e7\u00e3o reduz dose da vacina contra a febre aftosa para 2 ml","datePublished":"2018-01-23T13:48:16+00:00","dateModified":"2018-01-23T13:54:35+00:00","mainEntityOfPage":{"@id":"https:\/\/acrimat.org.br\/portal\/nova-regulamentacao-reduz-dose-da-vacina-contra-a-febre-aftosa\/"},"wordCount":375,"publisher":{"@id":"https:\/\/acrimat.org.br\/portal\/#organization"},"image":{"@id":"https:\/\/acrimat.org.br\/portal\/nova-regulamentacao-reduz-dose-da-vacina-contra-a-febre-aftosa\/#primaryimage"},"thumbnailUrl":"https:\/\/acrimat.org.br\/portal\/wp-content\/uploads\/2017\/12\/vacinacao-aftosa.jpg","articleSection":["Destaques","Not\u00edcias"],"inLanguage":"pt-BR"},{"@type":"WebPage","@id":"https:\/\/acrimat.org.br\/portal\/nova-regulamentacao-reduz-dose-da-vacina-contra-a-febre-aftosa\/","url":"https:\/\/acrimat.org.br\/portal\/nova-regulamentacao-reduz-dose-da-vacina-contra-a-febre-aftosa\/","name":"Nova regulamenta\u00e7\u00e3o reduz dose da vacina contra a febre aftosa para 2 ml - Acrimat","isPartOf":{"@id":"https:\/\/acrimat.org.br\/portal\/#website"},"primaryImageOfPage":{"@id":"https:\/\/acrimat.org.br\/portal\/nova-regulamentacao-reduz-dose-da-vacina-contra-a-febre-aftosa\/#primaryimage"},"image":{"@id":"https:\/\/acrimat.org.br\/portal\/nova-regulamentacao-reduz-dose-da-vacina-contra-a-febre-aftosa\/#primaryimage"},"thumbnailUrl":"https:\/\/acrimat.org.br\/portal\/wp-content\/uploads\/2017\/12\/vacinacao-aftosa.jpg","datePublished":"2018-01-23T13:48:16+00:00","dateModified":"2018-01-23T13:54:35+00:00","breadcrumb":{"@id":"https:\/\/acrimat.org.br\/portal\/nova-regulamentacao-reduz-dose-da-vacina-contra-a-febre-aftosa\/#breadcrumb"},"inLanguage":"pt-BR","potentialAction":[{"@type":"ReadAction","target":["https:\/\/acrimat.org.br\/portal\/nova-regulamentacao-reduz-dose-da-vacina-contra-a-febre-aftosa\/"]}]},{"@type":"ImageObject","inLanguage":"pt-BR","@id":"https:\/\/acrimat.org.br\/portal\/nova-regulamentacao-reduz-dose-da-vacina-contra-a-febre-aftosa\/#primaryimage","url":"https:\/\/acrimat.org.br\/portal\/wp-content\/uploads\/2017\/12\/vacinacao-aftosa.jpg","contentUrl":"https:\/\/acrimat.org.br\/portal\/wp-content\/uploads\/2017\/12\/vacinacao-aftosa.jpg","width":900,"height":667},{"@type":"BreadcrumbList","@id":"https:\/\/acrimat.org.br\/portal\/nova-regulamentacao-reduz-dose-da-vacina-contra-a-febre-aftosa\/#breadcrumb","itemListElement":[{"@type":"ListItem","position":1,"name":"In\u00edcio","item":"https:\/\/acrimat.org.br\/portal\/"},{"@type":"ListItem","position":2,"name":"Nova regulamenta\u00e7\u00e3o reduz dose da vacina contra a febre aftosa para 2 ml"}]},{"@type":"WebSite","@id":"https:\/\/acrimat.org.br\/portal\/#website","url":"https:\/\/acrimat.org.br\/portal\/","name":"Acrimat","description":"Associa\u00e7\u00e3o dos Criadores de Mato Grosso","publisher":{"@id":"https:\/\/acrimat.org.br\/portal\/#organization"},"potentialAction":[{"@type":"SearchAction","target":{"@type":"EntryPoint","urlTemplate":"https:\/\/acrimat.org.br\/portal\/?s={search_term_string}"},"query-input":{"@type":"PropertyValueSpecification","valueRequired":true,"valueName":"search_term_string"}}],"inLanguage":"pt-BR"},{"@type":"Organization","@id":"https:\/\/acrimat.org.br\/portal\/#organization","name":"Associa\u00e7\u00e3o dos Criadores de Mato Grosso","url":"https:\/\/acrimat.org.br\/portal\/","logo":{"@type":"ImageObject","inLanguage":"pt-BR","@id":"https:\/\/acrimat.org.br\/portal\/#\/schema\/logo\/image\/","url":"https:\/\/acrimat.org.br\/portal\/wp-content\/uploads\/2018\/03\/logo-peq-original.png","contentUrl":"https:\/\/acrimat.org.br\/portal\/wp-content\/uploads\/2018\/03\/logo-peq-original.png","width":174,"height":171,"caption":"Associa\u00e7\u00e3o dos Criadores de Mato Grosso"},"image":{"@id":"https:\/\/acrimat.org.br\/portal\/#\/schema\/logo\/image\/"}},{"@type":"Person","@id":"https:\/\/acrimat.org.br\/portal\/#\/schema\/person\/a309b9496344ff991e8e1b1d751fdd7b","name":"Assessoria de comunica\u00e7\u00e3o ACRIMAT","image":{"@type":"ImageObject","inLanguage":"pt-BR","@id":"https:\/\/acrimat.org.br\/portal\/#\/schema\/person\/image\/","url":"https:\/\/secure.gravatar.com\/avatar\/2f9c28e64c317bcd762b25cb1575f1b4?s=96&d=mm&r=g","contentUrl":"https:\/\/secure.gravatar.com\/avatar\/2f9c28e64c317bcd762b25cb1575f1b4?s=96&d=mm&r=g","caption":"Assessoria de comunica\u00e7\u00e3o ACRIMAT"},"sameAs":["http:\/\/acrimat.org.br\/"],"url":"https:\/\/acrimat.org.br\/portal\/author\/ascom\/"}]}},"_links":{"self":[{"href":"https:\/\/acrimat.org.br\/portal\/wp-json\/wp\/v2\/posts\/97985628","targetHints":{"allow":["GET"]}}],"collection":[{"href":"https:\/\/acrimat.org.br\/portal\/wp-json\/wp\/v2\/posts"}],"about":[{"href":"https:\/\/acrimat.org.br\/portal\/wp-json\/wp\/v2\/types\/post"}],"author":[{"embeddable":true,"href":"https:\/\/acrimat.org.br\/portal\/wp-json\/wp\/v2\/users\/7"}],"replies":[{"embeddable":true,"href":"https:\/\/acrimat.org.br\/portal\/wp-json\/wp\/v2\/comments?post=97985628"}],"version-history":[{"count":2,"href":"https:\/\/acrimat.org.br\/portal\/wp-json\/wp\/v2\/posts\/97985628\/revisions"}],"predecessor-version":[{"id":97985635,"href":"https:\/\/acrimat.org.br\/portal\/wp-json\/wp\/v2\/posts\/97985628\/revisions\/97985635"}],"wp:featuredmedia":[{"embeddable":true,"href":"https:\/\/acrimat.org.br\/portal\/wp-json\/wp\/v2\/media\/97985178"}],"wp:attachment":[{"href":"https:\/\/acrimat.org.br\/portal\/wp-json\/wp\/v2\/media?parent=97985628"}],"wp:term":[{"taxonomy":"category","embeddable":true,"href":"https:\/\/acrimat.org.br\/portal\/wp-json\/wp\/v2\/categories?post=97985628"},{"taxonomy":"post_tag","embeddable":true,"href":"https:\/\/acrimat.org.br\/portal\/wp-json\/wp\/v2\/tags?post=97985628"}],"curies":[{"name":"wp","href":"https:\/\/api.w.org\/{rel}","templated":true}]}}