{"id":97985630,"date":"2018-01-23T10:50:33","date_gmt":"2018-01-23T13:50:33","guid":{"rendered":"http:\/\/acrimat.org.br\/portal\/?p=97985630"},"modified":"2018-01-24T09:14:46","modified_gmt":"2018-01-24T12:14:46","slug":"ano-comeca-com-recordes-em-exportacao-no-agronegocio","status":"publish","type":"post","link":"https:\/\/acrimat.org.br\/portal\/ano-comeca-com-recordes-em-exportacao-no-agronegocio\/","title":{"rendered":"Ano come\u00e7a com recordes em exporta\u00e7\u00e3o"},"content":{"rendered":"<p>As exporta\u00e7\u00f5es come\u00e7am aquecidas neste in\u00edcio de ano. As vendas externas de soja, o carro-chefe da balan\u00e7a comercial, j\u00e1 atingem o recorde de 1,04 milh\u00e3o de toneladas nos 14 primeiros dias \u00fateis do m\u00eas. No ritmo atual, devem somar 1,64 milh\u00e3o de toneladas no per\u00edodo.<\/p>\n<p>Essas exporta\u00e7\u00f5es ainda refletem o recorde de produ\u00e7\u00e3o de 2017. Tradicionalmente s\u00e3o os Estados Unidos que fornecem soja para o mercado externo nesse per\u00edodo de janeiro, devido \u00e0 entressafra brasileira.<\/p>\n<p>\u00c9 prov\u00e1vel, portanto, que as exporta\u00e7\u00f5es brasileiras se mantenham cont\u00ednuas neste ano, uma vez que, em fevereiro, come\u00e7a a ser exportada a soja j\u00e1 colhida em 2018. Durante 2017, as exporta\u00e7\u00f5es de soja somaram 68 milh\u00f5es de toneladas, um volume que dever\u00e1 ser repetido neste.<\/p>\n<p>As estimativas de safra para este ano ainda s\u00e3o divergentes. Algumas consultorias preveem redu\u00e7\u00e3o, enquanto outras estimam safra semelhante ao recorde de 114 milh\u00f5es de toneladas de 2017.<\/p>\n<p>Os portos est\u00e3o movimentados n\u00e3o s\u00f3 pela soja mas tamb\u00e9m pelo milho. As exporta\u00e7\u00f5es do cereal deste m\u00eas j\u00e1 somam 2,13 milh\u00f5es de toneladas e devem terminar o per\u00edodo em 3,4 milh\u00f5es. Se confirmado, esse volume ser\u00e1 o segundo maior para os meses de janeiro, inferior apenas aos 4,4 milh\u00f5es de toneladas de 2016.<\/p>\n<p>A sa\u00edda de a\u00e7\u00facar pelos portos brasileiros deste m\u00eas mant\u00e9m o patamar de dezembro e deve atingir 1,8 milh\u00e3o de toneladas, mas fica abaixo dos 2,2 milh\u00f5es de janeiro de 2017.<\/p>\n<p>O embarque de carnes perdeu ritmo no m\u00eas, em rela\u00e7\u00e3o a janeiro do ano passado. A principal queda ocorre com a carne su\u00edna, cujo recuo foi de 23% no per\u00edodo.<\/p>\n<p>A R\u00fassia, principal importadora de carne su\u00edna do Brasil, imp\u00f4s restri\u00e7\u00f5es ao produto brasileiro no final do ano passado.<\/p>\n<p>O setor de frango tamb\u00e9m inicia o ano com queda nas vendas externas. As exporta\u00e7\u00f5es de carne &#8220;in natura&#8221; dever\u00e3o atingir 290 mil toneladas, 12% inferiores \u00e0s de janeiro de 2017.<\/p>\n<p>As exporta\u00e7\u00f5es de algod\u00e3o tamb\u00e9m s\u00e3o uma boa surpresa na balan\u00e7a comercial brasileira deste ano. A Secex (Secretaria de Com\u00e9rcio Exterior) registra alta de 156% nas vendas deste m\u00eas, em rela\u00e7\u00e3o \u00e0s de janeiro de 2017.<\/p>\n<p>*<\/p>\n<p><strong>Exporta\u00e7\u00e3o de etanol cresce 50% em janeiro<\/strong><\/p>\n<p>Os embarques de etanol devem somar pelo menos 150 milh\u00f5es de litros neste m\u00eas, 50% mais do que em igual per\u00edodo do ano passado.<\/p>\n<p>O aumento de volume embarcado n\u00e3o deve alterar as estimativas de equil\u00edbrio entre exporta\u00e7\u00f5es e importa\u00e7\u00f5es em 1,5 bilh\u00e3o de litros de abril de 2017 a mar\u00e7o de 2018.<\/p>\n<p>Parte desse produto que est\u00e1 sendo escoado vem dos 84 milh\u00f5es de litros que sa\u00edram das usinas no m\u00eas passado.<\/p>\n<p>*<\/p>\n<p><strong>Arco Norte &#8211;<\/strong>\u00a0Pelo menos 43% das exporta\u00e7\u00f5es de gr\u00e3os feitas pelos mato-grossenses em 2017 sa\u00edram pelo chamado Arco Norte. O porto de Barcarena (PA) foi o destaque, com acr\u00e9scimo de 92,6%.<\/p>\n<p><strong>Ainda Santos &#8211;<\/strong>\u00a0A maior parte da soja exportada pelos mato-grossenses, contudo, ainda sai pelo porto de Santos (SP), segundo dados do Imea (Instituto Mato-Grossense de Economia Agropecu\u00e1ria).<\/p>\n<p><strong>Devolu\u00e7\u00e3o &#8211;<\/strong>\u00a0A JBS vai restituir 0,8 ponto percentual da taxa de 2,3% descontada do Funrural dos pecuaristas que tiveram animais abatidos na empresa do in\u00edcio do ano ao dia dia 9 deste m\u00eas.<\/p>\n<p><strong>Nova lei &#8211;<\/strong>\u00a0A lei 13.606, de 2018, publicada no &#8220;Di\u00e1rio Oficial da Uni\u00e3o&#8221; de 10 de janeiro, fixou em 1,5% a al\u00edquota (1,2% de Funrural, 0,1% de seguro e 0,2% de Senar).<\/p>\n<p><strong>Envelhecimento &#8211;<\/strong>\u00a0Apenas 5,6% das fazendas europeias s\u00e3o geridas por jovens com menos de 35 anos. Isso preocupa o setor, que v\u00ea queda de competitividade e de garantia de produ\u00e7\u00e3o no futuro.<\/p>\n<p>&nbsp;<\/p>\n","protected":false},"excerpt":{"rendered":"<p>O embarque de carnes perdeu ritmo no m\u00eas, em rela\u00e7\u00e3o a janeiro do ano passado. <\/p>\n","protected":false},"author":7,"featured_media":97985063,"comment_status":"closed","ping_status":"closed","sticky":false,"template":"","format":"standard","meta":{"footnotes":""},"categories":[6,1],"tags":[],"class_list":["post-97985630","post","type-post","status-publish","format-standard","has-post-thumbnail","hentry","category-destaque","category-noticia"],"yoast_head":"<!-- This site is optimized with the Yoast SEO plugin v24.8.1 - https:\/\/yoast.com\/wordpress\/plugins\/seo\/ -->\n<title>Ano come\u00e7a com recordes em exporta\u00e7\u00e3o - Acrimat<\/title>\n<meta name=\"robots\" content=\"index, follow, max-snippet:-1, max-image-preview:large, max-video-preview:-1\" \/>\n<link rel=\"canonical\" href=\"https:\/\/acrimat.org.br\/portal\/ano-comeca-com-recordes-em-exportacao-no-agronegocio\/\" \/>\n<meta property=\"og:locale\" content=\"pt_BR\" \/>\n<meta property=\"og:type\" content=\"article\" \/>\n<meta property=\"og:title\" content=\"Ano come\u00e7a com recordes em exporta\u00e7\u00e3o - Acrimat\" \/>\n<meta property=\"og:description\" content=\"O embarque de carnes perdeu ritmo no m\u00eas, em rela\u00e7\u00e3o a janeiro do ano passado.\" \/>\n<meta property=\"og:url\" content=\"https:\/\/acrimat.org.br\/portal\/ano-comeca-com-recordes-em-exportacao-no-agronegocio\/\" \/>\n<meta property=\"og:site_name\" content=\"Acrimat\" \/>\n<meta property=\"article:published_time\" content=\"2018-01-23T13:50:33+00:00\" \/>\n<meta property=\"article:modified_time\" content=\"2018-01-24T12:14:46+00:00\" \/>\n<meta property=\"og:image\" content=\"https:\/\/acrimat.org.br\/portal\/wp-content\/uploads\/2017\/11\/exportacoes2.jpg\" \/>\n\t<meta property=\"og:image:width\" content=\"732\" \/>\n\t<meta property=\"og:image:height\" content=\"487\" \/>\n\t<meta property=\"og:image:type\" content=\"image\/jpeg\" \/>\n<meta name=\"author\" content=\"Assessoria de comunica\u00e7\u00e3o ACRIMAT\" \/>\n<meta name=\"twitter:card\" content=\"summary_large_image\" \/>\n<meta name=\"twitter:label1\" content=\"Escrito por\" \/>\n\t<meta name=\"twitter:data1\" content=\"Assessoria de comunica\u00e7\u00e3o ACRIMAT\" \/>\n\t<meta name=\"twitter:label2\" content=\"Est. tempo de leitura\" \/>\n\t<meta name=\"twitter:data2\" content=\"3 minutos\" \/>\n<script type=\"application\/ld+json\" class=\"yoast-schema-graph\">{\"@context\":\"https:\/\/schema.org\",\"@graph\":[{\"@type\":\"Article\",\"@id\":\"https:\/\/acrimat.org.br\/portal\/ano-comeca-com-recordes-em-exportacao-no-agronegocio\/#article\",\"isPartOf\":{\"@id\":\"https:\/\/acrimat.org.br\/portal\/ano-comeca-com-recordes-em-exportacao-no-agronegocio\/\"},\"author\":{\"name\":\"Assessoria de comunica\u00e7\u00e3o ACRIMAT\",\"@id\":\"https:\/\/acrimat.org.br\/portal\/#\/schema\/person\/a309b9496344ff991e8e1b1d751fdd7b\"},\"headline\":\"Ano come\u00e7a com recordes em exporta\u00e7\u00e3o\",\"datePublished\":\"2018-01-23T13:50:33+00:00\",\"dateModified\":\"2018-01-24T12:14:46+00:00\",\"mainEntityOfPage\":{\"@id\":\"https:\/\/acrimat.org.br\/portal\/ano-comeca-com-recordes-em-exportacao-no-agronegocio\/\"},\"wordCount\":632,\"publisher\":{\"@id\":\"https:\/\/acrimat.org.br\/portal\/#organization\"},\"image\":{\"@id\":\"https:\/\/acrimat.org.br\/portal\/ano-comeca-com-recordes-em-exportacao-no-agronegocio\/#primaryimage\"},\"thumbnailUrl\":\"https:\/\/acrimat.org.br\/portal\/wp-content\/uploads\/2017\/11\/exportacoes2.jpg\",\"articleSection\":[\"Destaques\",\"Not\u00edcias\"],\"inLanguage\":\"pt-BR\"},{\"@type\":\"WebPage\",\"@id\":\"https:\/\/acrimat.org.br\/portal\/ano-comeca-com-recordes-em-exportacao-no-agronegocio\/\",\"url\":\"https:\/\/acrimat.org.br\/portal\/ano-comeca-com-recordes-em-exportacao-no-agronegocio\/\",\"name\":\"Ano come\u00e7a com recordes em exporta\u00e7\u00e3o - Acrimat\",\"isPartOf\":{\"@id\":\"https:\/\/acrimat.org.br\/portal\/#website\"},\"primaryImageOfPage\":{\"@id\":\"https:\/\/acrimat.org.br\/portal\/ano-comeca-com-recordes-em-exportacao-no-agronegocio\/#primaryimage\"},\"image\":{\"@id\":\"https:\/\/acrimat.org.br\/portal\/ano-comeca-com-recordes-em-exportacao-no-agronegocio\/#primaryimage\"},\"thumbnailUrl\":\"https:\/\/acrimat.org.br\/portal\/wp-content\/uploads\/2017\/11\/exportacoes2.jpg\",\"datePublished\":\"2018-01-23T13:50:33+00:00\",\"dateModified\":\"2018-01-24T12:14:46+00:00\",\"breadcrumb\":{\"@id\":\"https:\/\/acrimat.org.br\/portal\/ano-comeca-com-recordes-em-exportacao-no-agronegocio\/#breadcrumb\"},\"inLanguage\":\"pt-BR\",\"potentialAction\":[{\"@type\":\"ReadAction\",\"target\":[\"https:\/\/acrimat.org.br\/portal\/ano-comeca-com-recordes-em-exportacao-no-agronegocio\/\"]}]},{\"@type\":\"ImageObject\",\"inLanguage\":\"pt-BR\",\"@id\":\"https:\/\/acrimat.org.br\/portal\/ano-comeca-com-recordes-em-exportacao-no-agronegocio\/#primaryimage\",\"url\":\"https:\/\/acrimat.org.br\/portal\/wp-content\/uploads\/2017\/11\/exportacoes2.jpg\",\"contentUrl\":\"https:\/\/acrimat.org.br\/portal\/wp-content\/uploads\/2017\/11\/exportacoes2.jpg\",\"width\":732,\"height\":487},{\"@type\":\"BreadcrumbList\",\"@id\":\"https:\/\/acrimat.org.br\/portal\/ano-comeca-com-recordes-em-exportacao-no-agronegocio\/#breadcrumb\",\"itemListElement\":[{\"@type\":\"ListItem\",\"position\":1,\"name\":\"In\u00edcio\",\"item\":\"https:\/\/acrimat.org.br\/portal\/\"},{\"@type\":\"ListItem\",\"position\":2,\"name\":\"Ano come\u00e7a com recordes em exporta\u00e7\u00e3o\"}]},{\"@type\":\"WebSite\",\"@id\":\"https:\/\/acrimat.org.br\/portal\/#website\",\"url\":\"https:\/\/acrimat.org.br\/portal\/\",\"name\":\"Acrimat\",\"description\":\"Associa\u00e7\u00e3o dos Criadores de Mato Grosso\",\"publisher\":{\"@id\":\"https:\/\/acrimat.org.br\/portal\/#organization\"},\"potentialAction\":[{\"@type\":\"SearchAction\",\"target\":{\"@type\":\"EntryPoint\",\"urlTemplate\":\"https:\/\/acrimat.org.br\/portal\/?s={search_term_string}\"},\"query-input\":{\"@type\":\"PropertyValueSpecification\",\"valueRequired\":true,\"valueName\":\"search_term_string\"}}],\"inLanguage\":\"pt-BR\"},{\"@type\":\"Organization\",\"@id\":\"https:\/\/acrimat.org.br\/portal\/#organization\",\"name\":\"Associa\u00e7\u00e3o dos Criadores de Mato Grosso\",\"url\":\"https:\/\/acrimat.org.br\/portal\/\",\"logo\":{\"@type\":\"ImageObject\",\"inLanguage\":\"pt-BR\",\"@id\":\"https:\/\/acrimat.org.br\/portal\/#\/schema\/logo\/image\/\",\"url\":\"https:\/\/acrimat.org.br\/portal\/wp-content\/uploads\/2018\/03\/logo-peq-original.png\",\"contentUrl\":\"https:\/\/acrimat.org.br\/portal\/wp-content\/uploads\/2018\/03\/logo-peq-original.png\",\"width\":174,\"height\":171,\"caption\":\"Associa\u00e7\u00e3o dos Criadores de Mato Grosso\"},\"image\":{\"@id\":\"https:\/\/acrimat.org.br\/portal\/#\/schema\/logo\/image\/\"}},{\"@type\":\"Person\",\"@id\":\"https:\/\/acrimat.org.br\/portal\/#\/schema\/person\/a309b9496344ff991e8e1b1d751fdd7b\",\"name\":\"Assessoria de comunica\u00e7\u00e3o ACRIMAT\",\"image\":{\"@type\":\"ImageObject\",\"inLanguage\":\"pt-BR\",\"@id\":\"https:\/\/acrimat.org.br\/portal\/#\/schema\/person\/image\/\",\"url\":\"https:\/\/secure.gravatar.com\/avatar\/2f9c28e64c317bcd762b25cb1575f1b4?s=96&d=mm&r=g\",\"contentUrl\":\"https:\/\/secure.gravatar.com\/avatar\/2f9c28e64c317bcd762b25cb1575f1b4?s=96&d=mm&r=g\",\"caption\":\"Assessoria de comunica\u00e7\u00e3o ACRIMAT\"},\"sameAs\":[\"http:\/\/acrimat.org.br\/\"],\"url\":\"https:\/\/acrimat.org.br\/portal\/author\/ascom\/\"}]}<\/script>\n<!-- \/ Yoast SEO plugin. -->","yoast_head_json":{"title":"Ano come\u00e7a com recordes em exporta\u00e7\u00e3o - Acrimat","robots":{"index":"index","follow":"follow","max-snippet":"max-snippet:-1","max-image-preview":"max-image-preview:large","max-video-preview":"max-video-preview:-1"},"canonical":"https:\/\/acrimat.org.br\/portal\/ano-comeca-com-recordes-em-exportacao-no-agronegocio\/","og_locale":"pt_BR","og_type":"article","og_title":"Ano come\u00e7a com recordes em exporta\u00e7\u00e3o - Acrimat","og_description":"O embarque de carnes perdeu ritmo no m\u00eas, em rela\u00e7\u00e3o a janeiro do ano passado.","og_url":"https:\/\/acrimat.org.br\/portal\/ano-comeca-com-recordes-em-exportacao-no-agronegocio\/","og_site_name":"Acrimat","article_published_time":"2018-01-23T13:50:33+00:00","article_modified_time":"2018-01-24T12:14:46+00:00","og_image":[{"width":732,"height":487,"url":"https:\/\/acrimat.org.br\/portal\/wp-content\/uploads\/2017\/11\/exportacoes2.jpg","type":"image\/jpeg"}],"author":"Assessoria de comunica\u00e7\u00e3o ACRIMAT","twitter_card":"summary_large_image","twitter_misc":{"Escrito por":"Assessoria de comunica\u00e7\u00e3o ACRIMAT","Est. tempo de leitura":"3 minutos"},"schema":{"@context":"https:\/\/schema.org","@graph":[{"@type":"Article","@id":"https:\/\/acrimat.org.br\/portal\/ano-comeca-com-recordes-em-exportacao-no-agronegocio\/#article","isPartOf":{"@id":"https:\/\/acrimat.org.br\/portal\/ano-comeca-com-recordes-em-exportacao-no-agronegocio\/"},"author":{"name":"Assessoria de comunica\u00e7\u00e3o ACRIMAT","@id":"https:\/\/acrimat.org.br\/portal\/#\/schema\/person\/a309b9496344ff991e8e1b1d751fdd7b"},"headline":"Ano come\u00e7a com recordes em exporta\u00e7\u00e3o","datePublished":"2018-01-23T13:50:33+00:00","dateModified":"2018-01-24T12:14:46+00:00","mainEntityOfPage":{"@id":"https:\/\/acrimat.org.br\/portal\/ano-comeca-com-recordes-em-exportacao-no-agronegocio\/"},"wordCount":632,"publisher":{"@id":"https:\/\/acrimat.org.br\/portal\/#organization"},"image":{"@id":"https:\/\/acrimat.org.br\/portal\/ano-comeca-com-recordes-em-exportacao-no-agronegocio\/#primaryimage"},"thumbnailUrl":"https:\/\/acrimat.org.br\/portal\/wp-content\/uploads\/2017\/11\/exportacoes2.jpg","articleSection":["Destaques","Not\u00edcias"],"inLanguage":"pt-BR"},{"@type":"WebPage","@id":"https:\/\/acrimat.org.br\/portal\/ano-comeca-com-recordes-em-exportacao-no-agronegocio\/","url":"https:\/\/acrimat.org.br\/portal\/ano-comeca-com-recordes-em-exportacao-no-agronegocio\/","name":"Ano come\u00e7a com recordes em exporta\u00e7\u00e3o - Acrimat","isPartOf":{"@id":"https:\/\/acrimat.org.br\/portal\/#website"},"primaryImageOfPage":{"@id":"https:\/\/acrimat.org.br\/portal\/ano-comeca-com-recordes-em-exportacao-no-agronegocio\/#primaryimage"},"image":{"@id":"https:\/\/acrimat.org.br\/portal\/ano-comeca-com-recordes-em-exportacao-no-agronegocio\/#primaryimage"},"thumbnailUrl":"https:\/\/acrimat.org.br\/portal\/wp-content\/uploads\/2017\/11\/exportacoes2.jpg","datePublished":"2018-01-23T13:50:33+00:00","dateModified":"2018-01-24T12:14:46+00:00","breadcrumb":{"@id":"https:\/\/acrimat.org.br\/portal\/ano-comeca-com-recordes-em-exportacao-no-agronegocio\/#breadcrumb"},"inLanguage":"pt-BR","potentialAction":[{"@type":"ReadAction","target":["https:\/\/acrimat.org.br\/portal\/ano-comeca-com-recordes-em-exportacao-no-agronegocio\/"]}]},{"@type":"ImageObject","inLanguage":"pt-BR","@id":"https:\/\/acrimat.org.br\/portal\/ano-comeca-com-recordes-em-exportacao-no-agronegocio\/#primaryimage","url":"https:\/\/acrimat.org.br\/portal\/wp-content\/uploads\/2017\/11\/exportacoes2.jpg","contentUrl":"https:\/\/acrimat.org.br\/portal\/wp-content\/uploads\/2017\/11\/exportacoes2.jpg","width":732,"height":487},{"@type":"BreadcrumbList","@id":"https:\/\/acrimat.org.br\/portal\/ano-comeca-com-recordes-em-exportacao-no-agronegocio\/#breadcrumb","itemListElement":[{"@type":"ListItem","position":1,"name":"In\u00edcio","item":"https:\/\/acrimat.org.br\/portal\/"},{"@type":"ListItem","position":2,"name":"Ano come\u00e7a com recordes em exporta\u00e7\u00e3o"}]},{"@type":"WebSite","@id":"https:\/\/acrimat.org.br\/portal\/#website","url":"https:\/\/acrimat.org.br\/portal\/","name":"Acrimat","description":"Associa\u00e7\u00e3o dos Criadores de Mato Grosso","publisher":{"@id":"https:\/\/acrimat.org.br\/portal\/#organization"},"potentialAction":[{"@type":"SearchAction","target":{"@type":"EntryPoint","urlTemplate":"https:\/\/acrimat.org.br\/portal\/?s={search_term_string}"},"query-input":{"@type":"PropertyValueSpecification","valueRequired":true,"valueName":"search_term_string"}}],"inLanguage":"pt-BR"},{"@type":"Organization","@id":"https:\/\/acrimat.org.br\/portal\/#organization","name":"Associa\u00e7\u00e3o dos Criadores de Mato Grosso","url":"https:\/\/acrimat.org.br\/portal\/","logo":{"@type":"ImageObject","inLanguage":"pt-BR","@id":"https:\/\/acrimat.org.br\/portal\/#\/schema\/logo\/image\/","url":"https:\/\/acrimat.org.br\/portal\/wp-content\/uploads\/2018\/03\/logo-peq-original.png","contentUrl":"https:\/\/acrimat.org.br\/portal\/wp-content\/uploads\/2018\/03\/logo-peq-original.png","width":174,"height":171,"caption":"Associa\u00e7\u00e3o dos Criadores de Mato Grosso"},"image":{"@id":"https:\/\/acrimat.org.br\/portal\/#\/schema\/logo\/image\/"}},{"@type":"Person","@id":"https:\/\/acrimat.org.br\/portal\/#\/schema\/person\/a309b9496344ff991e8e1b1d751fdd7b","name":"Assessoria de comunica\u00e7\u00e3o ACRIMAT","image":{"@type":"ImageObject","inLanguage":"pt-BR","@id":"https:\/\/acrimat.org.br\/portal\/#\/schema\/person\/image\/","url":"https:\/\/secure.gravatar.com\/avatar\/2f9c28e64c317bcd762b25cb1575f1b4?s=96&d=mm&r=g","contentUrl":"https:\/\/secure.gravatar.com\/avatar\/2f9c28e64c317bcd762b25cb1575f1b4?s=96&d=mm&r=g","caption":"Assessoria de comunica\u00e7\u00e3o ACRIMAT"},"sameAs":["http:\/\/acrimat.org.br\/"],"url":"https:\/\/acrimat.org.br\/portal\/author\/ascom\/"}]}},"_links":{"self":[{"href":"https:\/\/acrimat.org.br\/portal\/wp-json\/wp\/v2\/posts\/97985630","targetHints":{"allow":["GET"]}}],"collection":[{"href":"https:\/\/acrimat.org.br\/portal\/wp-json\/wp\/v2\/posts"}],"about":[{"href":"https:\/\/acrimat.org.br\/portal\/wp-json\/wp\/v2\/types\/post"}],"author":[{"embeddable":true,"href":"https:\/\/acrimat.org.br\/portal\/wp-json\/wp\/v2\/users\/7"}],"replies":[{"embeddable":true,"href":"https:\/\/acrimat.org.br\/portal\/wp-json\/wp\/v2\/comments?post=97985630"}],"version-history":[{"count":2,"href":"https:\/\/acrimat.org.br\/portal\/wp-json\/wp\/v2\/posts\/97985630\/revisions"}],"predecessor-version":[{"id":97985652,"href":"https:\/\/acrimat.org.br\/portal\/wp-json\/wp\/v2\/posts\/97985630\/revisions\/97985652"}],"wp:featuredmedia":[{"embeddable":true,"href":"https:\/\/acrimat.org.br\/portal\/wp-json\/wp\/v2\/media\/97985063"}],"wp:attachment":[{"href":"https:\/\/acrimat.org.br\/portal\/wp-json\/wp\/v2\/media?parent=97985630"}],"wp:term":[{"taxonomy":"category","embeddable":true,"href":"https:\/\/acrimat.org.br\/portal\/wp-json\/wp\/v2\/categories?post=97985630"},{"taxonomy":"post_tag","embeddable":true,"href":"https:\/\/acrimat.org.br\/portal\/wp-json\/wp\/v2\/tags?post=97985630"}],"curies":[{"name":"wp","href":"https:\/\/api.w.org\/{rel}","templated":true}]}}