{"id":97985632,"date":"2018-01-23T10:53:51","date_gmt":"2018-01-23T13:53:51","guid":{"rendered":"http:\/\/acrimat.org.br\/portal\/?p=97985632"},"modified":"2018-01-23T10:53:51","modified_gmt":"2018-01-23T13:53:51","slug":"frigorificos-se-recuperam-e-voltam-a-gerar-empregos","status":"publish","type":"post","link":"https:\/\/acrimat.org.br\/portal\/frigorificos-se-recuperam-e-voltam-a-gerar-empregos\/","title":{"rendered":"Frigor\u00edficos se recuperam e voltam a gerar empregos"},"content":{"rendered":"<p>&nbsp;<\/p>\n<p>H\u00e1 alguns anos, os moradores da Juruena, no norte de Mato Grosso, sofrem com as parcas alternativas de emprego. Como \u00e9 comum em cidades de menor porte, a prefeitura representa mais da metade das vagas formais, e as atividades do setor privado s\u00e3o escassas. Mas a situa\u00e7\u00e3o come\u00e7ou a mudar recentemente com o an\u00fancio do arrendamento e reabertura de fri<\/p>\n<p>&#8220;A cidade est\u00e1 toda animada&#8221;, relata o ex-prefeito Bernardo Crozetta, hoje \u00e0 frente da Secretaria de Desenvolvimento de Juruena. Se tudo correr como o esperado na emiss\u00e3o das licen\u00e7as ambientais, o munic\u00edpio ganhar\u00e1 em torno de 450 empregos em fevereiro, o equivalente a quase 50% do total de vagas at\u00e9 ent\u00e3o existentes da cidade &#8211; isso sem contar em<\/p>\n<p>Assim como Juruena, outros rinc\u00f5es do pa\u00eds passam por um movimento semelhante. Ap\u00f3s as turbul\u00eancias de 2015 e 2016, per\u00edodo no qual a restri\u00e7\u00e3o de boi gordo e a recess\u00e3o da economia provocaram o fechamento de mais de 50 frigor\u00edficos e a demiss\u00e3o de 7,9 mil pessoas, a ind\u00fastria de carne bovina parece ter entrado em nova fase, embalada pela invers\u00e3o<\/p>\n<p>Segundo dados do Cadastro Geral de Empregados e Desempregados (Caged) compilados pelo Valor, o saldo de empregos nos abatedouros de bovinos do pa\u00eds ficou positivo em 8,7 mil vagas entre janeiro e novembro &#8211; o dado de dezembro ainda n\u00e3o foi divulgado. Trata-se do melhor desempenho desde 2012, quando os frigor\u00edficos geraram 10,2 mil vagas. Dono do maior rebanho do pa\u00eds, Mato Grosso lidera o movimento.<\/p>\n<p>As vagas criadas no \u00faltimo ano representam um crescimento de 7,5% ante com o estoque de 113,1 mil empregados em abatedouros de bovinos em dezembro de 2016, de acordo com os dados da Rela\u00e7\u00e3o Anual de Informa\u00e7\u00f5es Sociais (RAIS), do Minist\u00e9rio do Trabalho.<\/p>\n<p>A tend\u00eancia \u00e9 que o saldo de empregos do setor cres\u00e7a ainda mais, incluindo unidades que ser\u00e3o reabertas neste ano pelo Frigol em Juruena, pela Marfrig em Pontes e Lacerda e pelo Frigoestrela em Rondon\u00f3polis, ambos em Mato Grosso. Aos dados tamb\u00e9m devem ser acrescidos o frigor\u00edfico do Rodopa em Cachoeira Alta (GO), que foi arrendado pelo Frigol e v<\/p>\n<p>e voltou a funcionar em dezembro, gerando 380 vagas, segundo o presidente da empresa paulista, Luciano Pascon.<\/p>\n<p>&#8220;A nossa cidade \u00e9 muito dependente de frigor\u00edfico&#8221;, reconhece o prefeito da goiana Cachoeira Alta, Kelson Vilarinho (PSD), que j\u00e1 observa uma recupera\u00e7\u00e3o do munic\u00edpio de 12 mil habitantes. &#8220;A cidade est\u00e1 movimentada. Veio muita gente de fora e o com\u00e9rcio melhorou&#8221;, acrescenta o prefeito.<\/p>\n<p>A avalia\u00e7\u00e3o de autoridades de outras cidades ouvidas pelo Valor \u00e9 semelhante. &#8220;O impacto foi excelente porque antes a cidade estava parada. O com\u00e9rcio apareceu&#8221;, diz Pedro Henrique Gomes, chefe de gabinete do prefeito de Mirassol D&#8217;Oeste (MT). Devido \u00e0 reabertura da unidade da Minerva Foods, o munic\u00edpio liderou o saldo positivo de empregos no setor em 2017. Ao todo, foram 857 vagas, o que representa mais de 15% do empregos formais de Mirassol, que tem 26 mil habitantes.<\/p>\n<p>or.com.br). Essas regras t\u00eam como objetivo proteger o investimento que o Valor faz na qualidade de seu jornalismo.<\/p>\n<p>Tamb\u00e9m em Nova Xavantina, na regi\u00e3o nordeste de Mato Grosso, a retomada das opera\u00e7\u00f5es da unidade da Marfrig significou uma mudan\u00e7a de grandes propor\u00e7\u00f5es para o munic\u00edpio. &#8220;Hoje, o frigor\u00edfico \u00e9 o maior gerador de empregos&#8221;, diz o prefeito Jo\u00e3o Batista da Silva (PSD). At\u00e9 meados do ano, quando a planta estava fechada, a prefeitura e era a maior empregadora, segundo Silva. De acordo com os dados do Caged, o saldo de empregos nos abatedouros de bovinos de Nova Xavantina ficou positivo em 635 vagas &#8211; 19,7% dos empregos formais.<\/p>\n<p>&#8220;Com essa sa\u00edda da JBS, voc\u00ea traz um novo cen\u00e1rio a essas regi\u00f5es&#8221;, avalia o pesquisador do Centro de Estudos Avan\u00e7ados em Economia Aplicada (Cepea), vinculado \u00e0 Escola de Agricultura Luiz de Queiroz (Esalq\/USP), Thiago Bernardino de Carvalho. Para ele, a concentra\u00e7\u00e3o do setor restringia as alternativas aos pecuaristas do pa\u00eds.<\/p>\n<p>No Mato Grosso, a JBS chegou a ter mais de 50% da capacidade de abate &#8211; incluindo unidades abertas e fechadas -, conforme o relat\u00f3rio final da Comiss\u00e3o Parlamentar de Inqu\u00e9rito (CPI) dos Frigor\u00edficos da Assembleia Legislativa de Mato Grosso, conclu\u00eddo em 2017.<\/p>\n","protected":false},"excerpt":{"rendered":"<p>A restri\u00e7\u00e3o de boi gordo e a recess\u00e3o da economia provocaram o fechamento de mais de 50 frigor\u00edficos <\/p>\n","protected":false},"author":7,"featured_media":97983953,"comment_status":"closed","ping_status":"closed","sticky":false,"template":"","format":"standard","meta":{"footnotes":""},"categories":[6,1],"tags":[],"class_list":["post-97985632","post","type-post","status-publish","format-standard","has-post-thumbnail","hentry","category-destaque","category-noticia"],"yoast_head":"<!-- This site is optimized with the Yoast SEO plugin v24.8.1 - https:\/\/yoast.com\/wordpress\/plugins\/seo\/ -->\n<title>Frigor\u00edficos se recuperam e voltam a gerar empregos - Acrimat<\/title>\n<meta name=\"robots\" content=\"index, follow, max-snippet:-1, max-image-preview:large, max-video-preview:-1\" \/>\n<link rel=\"canonical\" href=\"https:\/\/acrimat.org.br\/portal\/frigorificos-se-recuperam-e-voltam-a-gerar-empregos\/\" \/>\n<meta property=\"og:locale\" content=\"pt_BR\" \/>\n<meta property=\"og:type\" content=\"article\" \/>\n<meta property=\"og:title\" content=\"Frigor\u00edficos se recuperam e voltam a gerar empregos - Acrimat\" \/>\n<meta property=\"og:description\" content=\"A restri\u00e7\u00e3o de boi gordo e a recess\u00e3o da economia provocaram o fechamento de mais de 50 frigor\u00edficos\" \/>\n<meta property=\"og:url\" content=\"https:\/\/acrimat.org.br\/portal\/frigorificos-se-recuperam-e-voltam-a-gerar-empregos\/\" \/>\n<meta property=\"og:site_name\" content=\"Acrimat\" \/>\n<meta property=\"article:published_time\" content=\"2018-01-23T13:53:51+00:00\" \/>\n<meta property=\"og:image\" content=\"https:\/\/acrimat.org.br\/portal\/wp-content\/uploads\/2017\/10\/adelle-2-696x466.jpg\" \/>\n\t<meta property=\"og:image:width\" content=\"696\" \/>\n\t<meta property=\"og:image:height\" content=\"466\" \/>\n\t<meta property=\"og:image:type\" content=\"image\/jpeg\" \/>\n<meta name=\"author\" content=\"Assessoria de comunica\u00e7\u00e3o ACRIMAT\" \/>\n<meta name=\"twitter:card\" content=\"summary_large_image\" \/>\n<meta name=\"twitter:label1\" content=\"Escrito por\" \/>\n\t<meta name=\"twitter:data1\" content=\"Assessoria de comunica\u00e7\u00e3o ACRIMAT\" \/>\n\t<meta name=\"twitter:label2\" content=\"Est. tempo de leitura\" \/>\n\t<meta name=\"twitter:data2\" content=\"4 minutos\" \/>\n<script type=\"application\/ld+json\" class=\"yoast-schema-graph\">{\"@context\":\"https:\/\/schema.org\",\"@graph\":[{\"@type\":\"Article\",\"@id\":\"https:\/\/acrimat.org.br\/portal\/frigorificos-se-recuperam-e-voltam-a-gerar-empregos\/#article\",\"isPartOf\":{\"@id\":\"https:\/\/acrimat.org.br\/portal\/frigorificos-se-recuperam-e-voltam-a-gerar-empregos\/\"},\"author\":{\"name\":\"Assessoria de comunica\u00e7\u00e3o ACRIMAT\",\"@id\":\"https:\/\/acrimat.org.br\/portal\/#\/schema\/person\/a309b9496344ff991e8e1b1d751fdd7b\"},\"headline\":\"Frigor\u00edficos se recuperam e voltam a gerar empregos\",\"datePublished\":\"2018-01-23T13:53:51+00:00\",\"mainEntityOfPage\":{\"@id\":\"https:\/\/acrimat.org.br\/portal\/frigorificos-se-recuperam-e-voltam-a-gerar-empregos\/\"},\"wordCount\":734,\"publisher\":{\"@id\":\"https:\/\/acrimat.org.br\/portal\/#organization\"},\"image\":{\"@id\":\"https:\/\/acrimat.org.br\/portal\/frigorificos-se-recuperam-e-voltam-a-gerar-empregos\/#primaryimage\"},\"thumbnailUrl\":\"https:\/\/acrimat.org.br\/portal\/wp-content\/uploads\/2017\/10\/adelle-2-696x466.jpg\",\"articleSection\":[\"Destaques\",\"Not\u00edcias\"],\"inLanguage\":\"pt-BR\"},{\"@type\":\"WebPage\",\"@id\":\"https:\/\/acrimat.org.br\/portal\/frigorificos-se-recuperam-e-voltam-a-gerar-empregos\/\",\"url\":\"https:\/\/acrimat.org.br\/portal\/frigorificos-se-recuperam-e-voltam-a-gerar-empregos\/\",\"name\":\"Frigor\u00edficos se recuperam e voltam a gerar empregos - Acrimat\",\"isPartOf\":{\"@id\":\"https:\/\/acrimat.org.br\/portal\/#website\"},\"primaryImageOfPage\":{\"@id\":\"https:\/\/acrimat.org.br\/portal\/frigorificos-se-recuperam-e-voltam-a-gerar-empregos\/#primaryimage\"},\"image\":{\"@id\":\"https:\/\/acrimat.org.br\/portal\/frigorificos-se-recuperam-e-voltam-a-gerar-empregos\/#primaryimage\"},\"thumbnailUrl\":\"https:\/\/acrimat.org.br\/portal\/wp-content\/uploads\/2017\/10\/adelle-2-696x466.jpg\",\"datePublished\":\"2018-01-23T13:53:51+00:00\",\"breadcrumb\":{\"@id\":\"https:\/\/acrimat.org.br\/portal\/frigorificos-se-recuperam-e-voltam-a-gerar-empregos\/#breadcrumb\"},\"inLanguage\":\"pt-BR\",\"potentialAction\":[{\"@type\":\"ReadAction\",\"target\":[\"https:\/\/acrimat.org.br\/portal\/frigorificos-se-recuperam-e-voltam-a-gerar-empregos\/\"]}]},{\"@type\":\"ImageObject\",\"inLanguage\":\"pt-BR\",\"@id\":\"https:\/\/acrimat.org.br\/portal\/frigorificos-se-recuperam-e-voltam-a-gerar-empregos\/#primaryimage\",\"url\":\"https:\/\/acrimat.org.br\/portal\/wp-content\/uploads\/2017\/10\/adelle-2-696x466.jpg\",\"contentUrl\":\"https:\/\/acrimat.org.br\/portal\/wp-content\/uploads\/2017\/10\/adelle-2-696x466.jpg\",\"width\":696,\"height\":466},{\"@type\":\"BreadcrumbList\",\"@id\":\"https:\/\/acrimat.org.br\/portal\/frigorificos-se-recuperam-e-voltam-a-gerar-empregos\/#breadcrumb\",\"itemListElement\":[{\"@type\":\"ListItem\",\"position\":1,\"name\":\"In\u00edcio\",\"item\":\"https:\/\/acrimat.org.br\/portal\/\"},{\"@type\":\"ListItem\",\"position\":2,\"name\":\"Frigor\u00edficos se recuperam e voltam a gerar empregos\"}]},{\"@type\":\"WebSite\",\"@id\":\"https:\/\/acrimat.org.br\/portal\/#website\",\"url\":\"https:\/\/acrimat.org.br\/portal\/\",\"name\":\"Acrimat\",\"description\":\"Associa\u00e7\u00e3o dos Criadores de Mato Grosso\",\"publisher\":{\"@id\":\"https:\/\/acrimat.org.br\/portal\/#organization\"},\"potentialAction\":[{\"@type\":\"SearchAction\",\"target\":{\"@type\":\"EntryPoint\",\"urlTemplate\":\"https:\/\/acrimat.org.br\/portal\/?s={search_term_string}\"},\"query-input\":{\"@type\":\"PropertyValueSpecification\",\"valueRequired\":true,\"valueName\":\"search_term_string\"}}],\"inLanguage\":\"pt-BR\"},{\"@type\":\"Organization\",\"@id\":\"https:\/\/acrimat.org.br\/portal\/#organization\",\"name\":\"Associa\u00e7\u00e3o dos Criadores de Mato Grosso\",\"url\":\"https:\/\/acrimat.org.br\/portal\/\",\"logo\":{\"@type\":\"ImageObject\",\"inLanguage\":\"pt-BR\",\"@id\":\"https:\/\/acrimat.org.br\/portal\/#\/schema\/logo\/image\/\",\"url\":\"https:\/\/acrimat.org.br\/portal\/wp-content\/uploads\/2018\/03\/logo-peq-original.png\",\"contentUrl\":\"https:\/\/acrimat.org.br\/portal\/wp-content\/uploads\/2018\/03\/logo-peq-original.png\",\"width\":174,\"height\":171,\"caption\":\"Associa\u00e7\u00e3o dos Criadores de Mato Grosso\"},\"image\":{\"@id\":\"https:\/\/acrimat.org.br\/portal\/#\/schema\/logo\/image\/\"}},{\"@type\":\"Person\",\"@id\":\"https:\/\/acrimat.org.br\/portal\/#\/schema\/person\/a309b9496344ff991e8e1b1d751fdd7b\",\"name\":\"Assessoria de comunica\u00e7\u00e3o ACRIMAT\",\"image\":{\"@type\":\"ImageObject\",\"inLanguage\":\"pt-BR\",\"@id\":\"https:\/\/acrimat.org.br\/portal\/#\/schema\/person\/image\/\",\"url\":\"https:\/\/secure.gravatar.com\/avatar\/2f9c28e64c317bcd762b25cb1575f1b4?s=96&d=mm&r=g\",\"contentUrl\":\"https:\/\/secure.gravatar.com\/avatar\/2f9c28e64c317bcd762b25cb1575f1b4?s=96&d=mm&r=g\",\"caption\":\"Assessoria de comunica\u00e7\u00e3o ACRIMAT\"},\"sameAs\":[\"http:\/\/acrimat.org.br\/\"],\"url\":\"https:\/\/acrimat.org.br\/portal\/author\/ascom\/\"}]}<\/script>\n<!-- \/ Yoast SEO plugin. -->","yoast_head_json":{"title":"Frigor\u00edficos se recuperam e voltam a gerar empregos - Acrimat","robots":{"index":"index","follow":"follow","max-snippet":"max-snippet:-1","max-image-preview":"max-image-preview:large","max-video-preview":"max-video-preview:-1"},"canonical":"https:\/\/acrimat.org.br\/portal\/frigorificos-se-recuperam-e-voltam-a-gerar-empregos\/","og_locale":"pt_BR","og_type":"article","og_title":"Frigor\u00edficos se recuperam e voltam a gerar empregos - Acrimat","og_description":"A restri\u00e7\u00e3o de boi gordo e a recess\u00e3o da economia provocaram o fechamento de mais de 50 frigor\u00edficos","og_url":"https:\/\/acrimat.org.br\/portal\/frigorificos-se-recuperam-e-voltam-a-gerar-empregos\/","og_site_name":"Acrimat","article_published_time":"2018-01-23T13:53:51+00:00","og_image":[{"width":696,"height":466,"url":"https:\/\/acrimat.org.br\/portal\/wp-content\/uploads\/2017\/10\/adelle-2-696x466.jpg","type":"image\/jpeg"}],"author":"Assessoria de comunica\u00e7\u00e3o ACRIMAT","twitter_card":"summary_large_image","twitter_misc":{"Escrito por":"Assessoria de comunica\u00e7\u00e3o ACRIMAT","Est. tempo de leitura":"4 minutos"},"schema":{"@context":"https:\/\/schema.org","@graph":[{"@type":"Article","@id":"https:\/\/acrimat.org.br\/portal\/frigorificos-se-recuperam-e-voltam-a-gerar-empregos\/#article","isPartOf":{"@id":"https:\/\/acrimat.org.br\/portal\/frigorificos-se-recuperam-e-voltam-a-gerar-empregos\/"},"author":{"name":"Assessoria de comunica\u00e7\u00e3o ACRIMAT","@id":"https:\/\/acrimat.org.br\/portal\/#\/schema\/person\/a309b9496344ff991e8e1b1d751fdd7b"},"headline":"Frigor\u00edficos se recuperam e voltam a gerar empregos","datePublished":"2018-01-23T13:53:51+00:00","mainEntityOfPage":{"@id":"https:\/\/acrimat.org.br\/portal\/frigorificos-se-recuperam-e-voltam-a-gerar-empregos\/"},"wordCount":734,"publisher":{"@id":"https:\/\/acrimat.org.br\/portal\/#organization"},"image":{"@id":"https:\/\/acrimat.org.br\/portal\/frigorificos-se-recuperam-e-voltam-a-gerar-empregos\/#primaryimage"},"thumbnailUrl":"https:\/\/acrimat.org.br\/portal\/wp-content\/uploads\/2017\/10\/adelle-2-696x466.jpg","articleSection":["Destaques","Not\u00edcias"],"inLanguage":"pt-BR"},{"@type":"WebPage","@id":"https:\/\/acrimat.org.br\/portal\/frigorificos-se-recuperam-e-voltam-a-gerar-empregos\/","url":"https:\/\/acrimat.org.br\/portal\/frigorificos-se-recuperam-e-voltam-a-gerar-empregos\/","name":"Frigor\u00edficos se recuperam e voltam a gerar empregos - Acrimat","isPartOf":{"@id":"https:\/\/acrimat.org.br\/portal\/#website"},"primaryImageOfPage":{"@id":"https:\/\/acrimat.org.br\/portal\/frigorificos-se-recuperam-e-voltam-a-gerar-empregos\/#primaryimage"},"image":{"@id":"https:\/\/acrimat.org.br\/portal\/frigorificos-se-recuperam-e-voltam-a-gerar-empregos\/#primaryimage"},"thumbnailUrl":"https:\/\/acrimat.org.br\/portal\/wp-content\/uploads\/2017\/10\/adelle-2-696x466.jpg","datePublished":"2018-01-23T13:53:51+00:00","breadcrumb":{"@id":"https:\/\/acrimat.org.br\/portal\/frigorificos-se-recuperam-e-voltam-a-gerar-empregos\/#breadcrumb"},"inLanguage":"pt-BR","potentialAction":[{"@type":"ReadAction","target":["https:\/\/acrimat.org.br\/portal\/frigorificos-se-recuperam-e-voltam-a-gerar-empregos\/"]}]},{"@type":"ImageObject","inLanguage":"pt-BR","@id":"https:\/\/acrimat.org.br\/portal\/frigorificos-se-recuperam-e-voltam-a-gerar-empregos\/#primaryimage","url":"https:\/\/acrimat.org.br\/portal\/wp-content\/uploads\/2017\/10\/adelle-2-696x466.jpg","contentUrl":"https:\/\/acrimat.org.br\/portal\/wp-content\/uploads\/2017\/10\/adelle-2-696x466.jpg","width":696,"height":466},{"@type":"BreadcrumbList","@id":"https:\/\/acrimat.org.br\/portal\/frigorificos-se-recuperam-e-voltam-a-gerar-empregos\/#breadcrumb","itemListElement":[{"@type":"ListItem","position":1,"name":"In\u00edcio","item":"https:\/\/acrimat.org.br\/portal\/"},{"@type":"ListItem","position":2,"name":"Frigor\u00edficos se recuperam e voltam a gerar empregos"}]},{"@type":"WebSite","@id":"https:\/\/acrimat.org.br\/portal\/#website","url":"https:\/\/acrimat.org.br\/portal\/","name":"Acrimat","description":"Associa\u00e7\u00e3o dos Criadores de Mato Grosso","publisher":{"@id":"https:\/\/acrimat.org.br\/portal\/#organization"},"potentialAction":[{"@type":"SearchAction","target":{"@type":"EntryPoint","urlTemplate":"https:\/\/acrimat.org.br\/portal\/?s={search_term_string}"},"query-input":{"@type":"PropertyValueSpecification","valueRequired":true,"valueName":"search_term_string"}}],"inLanguage":"pt-BR"},{"@type":"Organization","@id":"https:\/\/acrimat.org.br\/portal\/#organization","name":"Associa\u00e7\u00e3o dos Criadores de Mato Grosso","url":"https:\/\/acrimat.org.br\/portal\/","logo":{"@type":"ImageObject","inLanguage":"pt-BR","@id":"https:\/\/acrimat.org.br\/portal\/#\/schema\/logo\/image\/","url":"https:\/\/acrimat.org.br\/portal\/wp-content\/uploads\/2018\/03\/logo-peq-original.png","contentUrl":"https:\/\/acrimat.org.br\/portal\/wp-content\/uploads\/2018\/03\/logo-peq-original.png","width":174,"height":171,"caption":"Associa\u00e7\u00e3o dos Criadores de Mato Grosso"},"image":{"@id":"https:\/\/acrimat.org.br\/portal\/#\/schema\/logo\/image\/"}},{"@type":"Person","@id":"https:\/\/acrimat.org.br\/portal\/#\/schema\/person\/a309b9496344ff991e8e1b1d751fdd7b","name":"Assessoria de comunica\u00e7\u00e3o ACRIMAT","image":{"@type":"ImageObject","inLanguage":"pt-BR","@id":"https:\/\/acrimat.org.br\/portal\/#\/schema\/person\/image\/","url":"https:\/\/secure.gravatar.com\/avatar\/2f9c28e64c317bcd762b25cb1575f1b4?s=96&d=mm&r=g","contentUrl":"https:\/\/secure.gravatar.com\/avatar\/2f9c28e64c317bcd762b25cb1575f1b4?s=96&d=mm&r=g","caption":"Assessoria de comunica\u00e7\u00e3o ACRIMAT"},"sameAs":["http:\/\/acrimat.org.br\/"],"url":"https:\/\/acrimat.org.br\/portal\/author\/ascom\/"}]}},"_links":{"self":[{"href":"https:\/\/acrimat.org.br\/portal\/wp-json\/wp\/v2\/posts\/97985632","targetHints":{"allow":["GET"]}}],"collection":[{"href":"https:\/\/acrimat.org.br\/portal\/wp-json\/wp\/v2\/posts"}],"about":[{"href":"https:\/\/acrimat.org.br\/portal\/wp-json\/wp\/v2\/types\/post"}],"author":[{"embeddable":true,"href":"https:\/\/acrimat.org.br\/portal\/wp-json\/wp\/v2\/users\/7"}],"replies":[{"embeddable":true,"href":"https:\/\/acrimat.org.br\/portal\/wp-json\/wp\/v2\/comments?post=97985632"}],"version-history":[{"count":1,"href":"https:\/\/acrimat.org.br\/portal\/wp-json\/wp\/v2\/posts\/97985632\/revisions"}],"predecessor-version":[{"id":97985633,"href":"https:\/\/acrimat.org.br\/portal\/wp-json\/wp\/v2\/posts\/97985632\/revisions\/97985633"}],"wp:featuredmedia":[{"embeddable":true,"href":"https:\/\/acrimat.org.br\/portal\/wp-json\/wp\/v2\/media\/97983953"}],"wp:attachment":[{"href":"https:\/\/acrimat.org.br\/portal\/wp-json\/wp\/v2\/media?parent=97985632"}],"wp:term":[{"taxonomy":"category","embeddable":true,"href":"https:\/\/acrimat.org.br\/portal\/wp-json\/wp\/v2\/categories?post=97985632"},{"taxonomy":"post_tag","embeddable":true,"href":"https:\/\/acrimat.org.br\/portal\/wp-json\/wp\/v2\/tags?post=97985632"}],"curies":[{"name":"wp","href":"https:\/\/api.w.org\/{rel}","templated":true}]}}