{"id":97985644,"date":"2018-01-24T08:21:05","date_gmt":"2018-01-24T11:21:05","guid":{"rendered":"http:\/\/acrimat.org.br\/portal\/?p=97985644"},"modified":"2018-01-24T08:21:05","modified_gmt":"2018-01-24T11:21:05","slug":"boi-gordo-2018-promete-ser-bom-para-confinadores","status":"publish","type":"post","link":"https:\/\/acrimat.org.br\/portal\/boi-gordo-2018-promete-ser-bom-para-confinadores\/","title":{"rendered":"Boi gordo: 2018 promete ser bom para confinadores"},"content":{"rendered":"<p>2018 promete ser um ano mais est\u00e1vel para a pecu\u00e1ria brasileira. A recupera\u00e7\u00e3o do consumo interno e o aumento nas exporta\u00e7\u00f5es v\u00e3o manter a demanda firme. A expectativa \u00e9 que o volume de animais confinados cres\u00e7a 12% e atinja a marca de 3,8 milh\u00f5es de cabe\u00e7as.<\/p>\n<p>Um confinamento localizado em Boituva, interior de S\u00e3o Paulo, tem capacidade para abater 9.000 animais por ano. Em 2017, a propriedade operou com apenas metade do potencial produtivo. Este ano, o pecuarista espera que o volume volte a crescer e ultrapasse a marca de 6.000 bovinos.<\/p>\n<p>\u201cEu acredito que n\u00f3s vamos ter um ano bom em fun\u00e7\u00e3o do aumento das exporta\u00e7\u00f5es que deve ocorrer. O custo deve ficar um pouco maior, mas eu acredito que a arroba vai se elevar um pouco\u201d, diz o pecuarista Jos\u00e9 Ov\u00eddio Sebastiani.<\/p>\n<p>Para este ano a Associa\u00e7\u00e3o Nacional de Pecu\u00e1ria Intensiva projeta crescimento de 12% no volume de animais confinados no pa\u00eds. Se forem confirmados, os n\u00fameros mostram a recupera\u00e7\u00e3o do confinamento na pecu\u00e1ria nacional. A estrat\u00e9gia havia perdido espa\u00e7o nos \u00faltimos anos por conta da instabilidade nos pre\u00e7os dos gr\u00e3os e nos animais de reposi\u00e7\u00e3o, que aumentam o riscos da atividade.<\/p>\n<p>A entidade calcula que o volume de animais confinados no Brasil este ano atinja a marca de 3,8 milh\u00f5es de cabe\u00e7as, quase 400 mil a mais em rela\u00e7\u00e3o a 2017.<\/p>\n<p>\u201cN\u00f3s j\u00e1 chegamos a confinar, de acordo com os n\u00fameros da Assocon, quase 5 milh\u00f5es de animais, n\u00f3s ca\u00edmos e estamos tentando nos recuperar dessa queda. Mas o confinamento \u00e9 uma atividade que acaba sendo definida de ano a ano, muitos produtores t\u00eam a op\u00e7\u00e3o de realizar a produ\u00e7\u00e3o intensiva a pasto, o que deixa o confinamento em segundo plano em um ano de dificuldades como foi 2016\u201d, diz Bruno Andrade, gerente executivo da Associa\u00e7\u00e3o Nacional de Pecu\u00e1ria Intensiva.<\/p>\n<p>Um levantamento feito pela entidade mostra que, no estado de S\u00e3o Paulo, o custo m\u00e1ximo da di\u00e1ria de alimenta\u00e7\u00e3o deve ser de R$ 9,50 por animal. Na compra do boi magro, a aquisi\u00e7\u00e3o n\u00e3o deve ultrapassar o valor de R$ 2.000 por animal.<\/p>\n<p>\u201cComposi\u00e7\u00e3o de dieta acima de R$ 9,50 ou compras acima desses valores podem trazer preju\u00edzo ao confinador. Agora, o confinador que trabalhar abaixo desses limites deve conseguir margem de contribui\u00e7\u00e3o positiva. \u00c9 claro que cada fazenda trabalha de um jeito, mas analisando nossos n\u00fameros foram esses os limites que n\u00f3s encontramos\u201d, afirma Andrade.<\/p>\n<p>Outra boa not\u00edcia para os confinadores \u00e9 que o mercado de reposi\u00e7\u00e3o, que nos \u00faltimos dois anos ficou inflacionado por conta da baixa oferta de bezerros e boi magro, deve operar em patamares favor\u00e1veis ao invernista em 2018.<\/p>\n<p>\u201cAt\u00e9 o momento melhorou a reposi\u00e7\u00e3o do gado magro para o confinamento, mas existe uma incerteza quanto \u00e0 continuidade e aos volumes. No caso de exporta\u00e7\u00e3o de animais vivos isso pode prejudicar um pouco o ritmo de comercializa\u00e7\u00e3o\u201d, diz o pecuarista Sebastiani.<\/p>\n","protected":false},"excerpt":{"rendered":"<p>Com a perspectiva de mais estabilidade, volume de animais confinados deve subir 12% em 2018<\/p>\n","protected":false},"author":7,"featured_media":97984903,"comment_status":"closed","ping_status":"closed","sticky":false,"template":"","format":"standard","meta":{"footnotes":""},"categories":[6,1],"tags":[],"class_list":["post-97985644","post","type-post","status-publish","format-standard","has-post-thumbnail","hentry","category-destaque","category-noticia"],"yoast_head":"<!-- This site is optimized with the Yoast SEO plugin v24.8.1 - https:\/\/yoast.com\/wordpress\/plugins\/seo\/ -->\n<title>Boi gordo: 2018 promete ser bom para confinadores - Acrimat<\/title>\n<meta name=\"robots\" content=\"index, follow, max-snippet:-1, max-image-preview:large, max-video-preview:-1\" \/>\n<link rel=\"canonical\" href=\"https:\/\/acrimat.org.br\/portal\/boi-gordo-2018-promete-ser-bom-para-confinadores\/\" \/>\n<meta property=\"og:locale\" content=\"pt_BR\" \/>\n<meta property=\"og:type\" content=\"article\" \/>\n<meta property=\"og:title\" content=\"Boi gordo: 2018 promete ser bom para confinadores - Acrimat\" \/>\n<meta property=\"og:description\" content=\"Com a perspectiva de mais estabilidade, volume de animais confinados deve subir 12% em 2018\" \/>\n<meta property=\"og:url\" content=\"https:\/\/acrimat.org.br\/portal\/boi-gordo-2018-promete-ser-bom-para-confinadores\/\" \/>\n<meta property=\"og:site_name\" content=\"Acrimat\" \/>\n<meta property=\"article:published_time\" content=\"2018-01-24T11:21:05+00:00\" \/>\n<meta property=\"og:image\" content=\"https:\/\/acrimat.org.br\/portal\/wp-content\/uploads\/2017\/11\/2.jpg\" \/>\n\t<meta property=\"og:image:width\" content=\"1024\" \/>\n\t<meta property=\"og:image:height\" content=\"683\" \/>\n\t<meta property=\"og:image:type\" content=\"image\/jpeg\" \/>\n<meta name=\"author\" content=\"Assessoria de comunica\u00e7\u00e3o ACRIMAT\" \/>\n<meta name=\"twitter:card\" content=\"summary_large_image\" \/>\n<meta name=\"twitter:label1\" content=\"Escrito por\" \/>\n\t<meta name=\"twitter:data1\" content=\"Assessoria de comunica\u00e7\u00e3o ACRIMAT\" \/>\n\t<meta name=\"twitter:label2\" content=\"Est. tempo de leitura\" \/>\n\t<meta name=\"twitter:data2\" content=\"3 minutos\" \/>\n<script type=\"application\/ld+json\" class=\"yoast-schema-graph\">{\"@context\":\"https:\/\/schema.org\",\"@graph\":[{\"@type\":\"Article\",\"@id\":\"https:\/\/acrimat.org.br\/portal\/boi-gordo-2018-promete-ser-bom-para-confinadores\/#article\",\"isPartOf\":{\"@id\":\"https:\/\/acrimat.org.br\/portal\/boi-gordo-2018-promete-ser-bom-para-confinadores\/\"},\"author\":{\"name\":\"Assessoria de comunica\u00e7\u00e3o ACRIMAT\",\"@id\":\"https:\/\/acrimat.org.br\/portal\/#\/schema\/person\/a309b9496344ff991e8e1b1d751fdd7b\"},\"headline\":\"Boi gordo: 2018 promete ser bom para confinadores\",\"datePublished\":\"2018-01-24T11:21:05+00:00\",\"mainEntityOfPage\":{\"@id\":\"https:\/\/acrimat.org.br\/portal\/boi-gordo-2018-promete-ser-bom-para-confinadores\/\"},\"wordCount\":519,\"publisher\":{\"@id\":\"https:\/\/acrimat.org.br\/portal\/#organization\"},\"image\":{\"@id\":\"https:\/\/acrimat.org.br\/portal\/boi-gordo-2018-promete-ser-bom-para-confinadores\/#primaryimage\"},\"thumbnailUrl\":\"https:\/\/acrimat.org.br\/portal\/wp-content\/uploads\/2017\/11\/2.jpg\",\"articleSection\":[\"Destaques\",\"Not\u00edcias\"],\"inLanguage\":\"pt-BR\"},{\"@type\":\"WebPage\",\"@id\":\"https:\/\/acrimat.org.br\/portal\/boi-gordo-2018-promete-ser-bom-para-confinadores\/\",\"url\":\"https:\/\/acrimat.org.br\/portal\/boi-gordo-2018-promete-ser-bom-para-confinadores\/\",\"name\":\"Boi gordo: 2018 promete ser bom para confinadores - Acrimat\",\"isPartOf\":{\"@id\":\"https:\/\/acrimat.org.br\/portal\/#website\"},\"primaryImageOfPage\":{\"@id\":\"https:\/\/acrimat.org.br\/portal\/boi-gordo-2018-promete-ser-bom-para-confinadores\/#primaryimage\"},\"image\":{\"@id\":\"https:\/\/acrimat.org.br\/portal\/boi-gordo-2018-promete-ser-bom-para-confinadores\/#primaryimage\"},\"thumbnailUrl\":\"https:\/\/acrimat.org.br\/portal\/wp-content\/uploads\/2017\/11\/2.jpg\",\"datePublished\":\"2018-01-24T11:21:05+00:00\",\"breadcrumb\":{\"@id\":\"https:\/\/acrimat.org.br\/portal\/boi-gordo-2018-promete-ser-bom-para-confinadores\/#breadcrumb\"},\"inLanguage\":\"pt-BR\",\"potentialAction\":[{\"@type\":\"ReadAction\",\"target\":[\"https:\/\/acrimat.org.br\/portal\/boi-gordo-2018-promete-ser-bom-para-confinadores\/\"]}]},{\"@type\":\"ImageObject\",\"inLanguage\":\"pt-BR\",\"@id\":\"https:\/\/acrimat.org.br\/portal\/boi-gordo-2018-promete-ser-bom-para-confinadores\/#primaryimage\",\"url\":\"https:\/\/acrimat.org.br\/portal\/wp-content\/uploads\/2017\/11\/2.jpg\",\"contentUrl\":\"https:\/\/acrimat.org.br\/portal\/wp-content\/uploads\/2017\/11\/2.jpg\",\"width\":1024,\"height\":683},{\"@type\":\"BreadcrumbList\",\"@id\":\"https:\/\/acrimat.org.br\/portal\/boi-gordo-2018-promete-ser-bom-para-confinadores\/#breadcrumb\",\"itemListElement\":[{\"@type\":\"ListItem\",\"position\":1,\"name\":\"In\u00edcio\",\"item\":\"https:\/\/acrimat.org.br\/portal\/\"},{\"@type\":\"ListItem\",\"position\":2,\"name\":\"Boi gordo: 2018 promete ser bom para confinadores\"}]},{\"@type\":\"WebSite\",\"@id\":\"https:\/\/acrimat.org.br\/portal\/#website\",\"url\":\"https:\/\/acrimat.org.br\/portal\/\",\"name\":\"Acrimat\",\"description\":\"Associa\u00e7\u00e3o dos Criadores de Mato Grosso\",\"publisher\":{\"@id\":\"https:\/\/acrimat.org.br\/portal\/#organization\"},\"potentialAction\":[{\"@type\":\"SearchAction\",\"target\":{\"@type\":\"EntryPoint\",\"urlTemplate\":\"https:\/\/acrimat.org.br\/portal\/?s={search_term_string}\"},\"query-input\":{\"@type\":\"PropertyValueSpecification\",\"valueRequired\":true,\"valueName\":\"search_term_string\"}}],\"inLanguage\":\"pt-BR\"},{\"@type\":\"Organization\",\"@id\":\"https:\/\/acrimat.org.br\/portal\/#organization\",\"name\":\"Associa\u00e7\u00e3o dos Criadores de Mato Grosso\",\"url\":\"https:\/\/acrimat.org.br\/portal\/\",\"logo\":{\"@type\":\"ImageObject\",\"inLanguage\":\"pt-BR\",\"@id\":\"https:\/\/acrimat.org.br\/portal\/#\/schema\/logo\/image\/\",\"url\":\"https:\/\/acrimat.org.br\/portal\/wp-content\/uploads\/2018\/03\/logo-peq-original.png\",\"contentUrl\":\"https:\/\/acrimat.org.br\/portal\/wp-content\/uploads\/2018\/03\/logo-peq-original.png\",\"width\":174,\"height\":171,\"caption\":\"Associa\u00e7\u00e3o dos Criadores de Mato Grosso\"},\"image\":{\"@id\":\"https:\/\/acrimat.org.br\/portal\/#\/schema\/logo\/image\/\"}},{\"@type\":\"Person\",\"@id\":\"https:\/\/acrimat.org.br\/portal\/#\/schema\/person\/a309b9496344ff991e8e1b1d751fdd7b\",\"name\":\"Assessoria de comunica\u00e7\u00e3o ACRIMAT\",\"image\":{\"@type\":\"ImageObject\",\"inLanguage\":\"pt-BR\",\"@id\":\"https:\/\/acrimat.org.br\/portal\/#\/schema\/person\/image\/\",\"url\":\"https:\/\/secure.gravatar.com\/avatar\/2f9c28e64c317bcd762b25cb1575f1b4?s=96&d=mm&r=g\",\"contentUrl\":\"https:\/\/secure.gravatar.com\/avatar\/2f9c28e64c317bcd762b25cb1575f1b4?s=96&d=mm&r=g\",\"caption\":\"Assessoria de comunica\u00e7\u00e3o ACRIMAT\"},\"sameAs\":[\"http:\/\/acrimat.org.br\/\"],\"url\":\"https:\/\/acrimat.org.br\/portal\/author\/ascom\/\"}]}<\/script>\n<!-- \/ Yoast SEO plugin. -->","yoast_head_json":{"title":"Boi gordo: 2018 promete ser bom para confinadores - Acrimat","robots":{"index":"index","follow":"follow","max-snippet":"max-snippet:-1","max-image-preview":"max-image-preview:large","max-video-preview":"max-video-preview:-1"},"canonical":"https:\/\/acrimat.org.br\/portal\/boi-gordo-2018-promete-ser-bom-para-confinadores\/","og_locale":"pt_BR","og_type":"article","og_title":"Boi gordo: 2018 promete ser bom para confinadores - Acrimat","og_description":"Com a perspectiva de mais estabilidade, volume de animais confinados deve subir 12% em 2018","og_url":"https:\/\/acrimat.org.br\/portal\/boi-gordo-2018-promete-ser-bom-para-confinadores\/","og_site_name":"Acrimat","article_published_time":"2018-01-24T11:21:05+00:00","og_image":[{"width":1024,"height":683,"url":"https:\/\/acrimat.org.br\/portal\/wp-content\/uploads\/2017\/11\/2.jpg","type":"image\/jpeg"}],"author":"Assessoria de comunica\u00e7\u00e3o ACRIMAT","twitter_card":"summary_large_image","twitter_misc":{"Escrito por":"Assessoria de comunica\u00e7\u00e3o ACRIMAT","Est. tempo de leitura":"3 minutos"},"schema":{"@context":"https:\/\/schema.org","@graph":[{"@type":"Article","@id":"https:\/\/acrimat.org.br\/portal\/boi-gordo-2018-promete-ser-bom-para-confinadores\/#article","isPartOf":{"@id":"https:\/\/acrimat.org.br\/portal\/boi-gordo-2018-promete-ser-bom-para-confinadores\/"},"author":{"name":"Assessoria de comunica\u00e7\u00e3o ACRIMAT","@id":"https:\/\/acrimat.org.br\/portal\/#\/schema\/person\/a309b9496344ff991e8e1b1d751fdd7b"},"headline":"Boi gordo: 2018 promete ser bom para confinadores","datePublished":"2018-01-24T11:21:05+00:00","mainEntityOfPage":{"@id":"https:\/\/acrimat.org.br\/portal\/boi-gordo-2018-promete-ser-bom-para-confinadores\/"},"wordCount":519,"publisher":{"@id":"https:\/\/acrimat.org.br\/portal\/#organization"},"image":{"@id":"https:\/\/acrimat.org.br\/portal\/boi-gordo-2018-promete-ser-bom-para-confinadores\/#primaryimage"},"thumbnailUrl":"https:\/\/acrimat.org.br\/portal\/wp-content\/uploads\/2017\/11\/2.jpg","articleSection":["Destaques","Not\u00edcias"],"inLanguage":"pt-BR"},{"@type":"WebPage","@id":"https:\/\/acrimat.org.br\/portal\/boi-gordo-2018-promete-ser-bom-para-confinadores\/","url":"https:\/\/acrimat.org.br\/portal\/boi-gordo-2018-promete-ser-bom-para-confinadores\/","name":"Boi gordo: 2018 promete ser bom para confinadores - Acrimat","isPartOf":{"@id":"https:\/\/acrimat.org.br\/portal\/#website"},"primaryImageOfPage":{"@id":"https:\/\/acrimat.org.br\/portal\/boi-gordo-2018-promete-ser-bom-para-confinadores\/#primaryimage"},"image":{"@id":"https:\/\/acrimat.org.br\/portal\/boi-gordo-2018-promete-ser-bom-para-confinadores\/#primaryimage"},"thumbnailUrl":"https:\/\/acrimat.org.br\/portal\/wp-content\/uploads\/2017\/11\/2.jpg","datePublished":"2018-01-24T11:21:05+00:00","breadcrumb":{"@id":"https:\/\/acrimat.org.br\/portal\/boi-gordo-2018-promete-ser-bom-para-confinadores\/#breadcrumb"},"inLanguage":"pt-BR","potentialAction":[{"@type":"ReadAction","target":["https:\/\/acrimat.org.br\/portal\/boi-gordo-2018-promete-ser-bom-para-confinadores\/"]}]},{"@type":"ImageObject","inLanguage":"pt-BR","@id":"https:\/\/acrimat.org.br\/portal\/boi-gordo-2018-promete-ser-bom-para-confinadores\/#primaryimage","url":"https:\/\/acrimat.org.br\/portal\/wp-content\/uploads\/2017\/11\/2.jpg","contentUrl":"https:\/\/acrimat.org.br\/portal\/wp-content\/uploads\/2017\/11\/2.jpg","width":1024,"height":683},{"@type":"BreadcrumbList","@id":"https:\/\/acrimat.org.br\/portal\/boi-gordo-2018-promete-ser-bom-para-confinadores\/#breadcrumb","itemListElement":[{"@type":"ListItem","position":1,"name":"In\u00edcio","item":"https:\/\/acrimat.org.br\/portal\/"},{"@type":"ListItem","position":2,"name":"Boi gordo: 2018 promete ser bom para confinadores"}]},{"@type":"WebSite","@id":"https:\/\/acrimat.org.br\/portal\/#website","url":"https:\/\/acrimat.org.br\/portal\/","name":"Acrimat","description":"Associa\u00e7\u00e3o dos Criadores de Mato Grosso","publisher":{"@id":"https:\/\/acrimat.org.br\/portal\/#organization"},"potentialAction":[{"@type":"SearchAction","target":{"@type":"EntryPoint","urlTemplate":"https:\/\/acrimat.org.br\/portal\/?s={search_term_string}"},"query-input":{"@type":"PropertyValueSpecification","valueRequired":true,"valueName":"search_term_string"}}],"inLanguage":"pt-BR"},{"@type":"Organization","@id":"https:\/\/acrimat.org.br\/portal\/#organization","name":"Associa\u00e7\u00e3o dos Criadores de Mato Grosso","url":"https:\/\/acrimat.org.br\/portal\/","logo":{"@type":"ImageObject","inLanguage":"pt-BR","@id":"https:\/\/acrimat.org.br\/portal\/#\/schema\/logo\/image\/","url":"https:\/\/acrimat.org.br\/portal\/wp-content\/uploads\/2018\/03\/logo-peq-original.png","contentUrl":"https:\/\/acrimat.org.br\/portal\/wp-content\/uploads\/2018\/03\/logo-peq-original.png","width":174,"height":171,"caption":"Associa\u00e7\u00e3o dos Criadores de Mato Grosso"},"image":{"@id":"https:\/\/acrimat.org.br\/portal\/#\/schema\/logo\/image\/"}},{"@type":"Person","@id":"https:\/\/acrimat.org.br\/portal\/#\/schema\/person\/a309b9496344ff991e8e1b1d751fdd7b","name":"Assessoria de comunica\u00e7\u00e3o ACRIMAT","image":{"@type":"ImageObject","inLanguage":"pt-BR","@id":"https:\/\/acrimat.org.br\/portal\/#\/schema\/person\/image\/","url":"https:\/\/secure.gravatar.com\/avatar\/2f9c28e64c317bcd762b25cb1575f1b4?s=96&d=mm&r=g","contentUrl":"https:\/\/secure.gravatar.com\/avatar\/2f9c28e64c317bcd762b25cb1575f1b4?s=96&d=mm&r=g","caption":"Assessoria de comunica\u00e7\u00e3o ACRIMAT"},"sameAs":["http:\/\/acrimat.org.br\/"],"url":"https:\/\/acrimat.org.br\/portal\/author\/ascom\/"}]}},"_links":{"self":[{"href":"https:\/\/acrimat.org.br\/portal\/wp-json\/wp\/v2\/posts\/97985644","targetHints":{"allow":["GET"]}}],"collection":[{"href":"https:\/\/acrimat.org.br\/portal\/wp-json\/wp\/v2\/posts"}],"about":[{"href":"https:\/\/acrimat.org.br\/portal\/wp-json\/wp\/v2\/types\/post"}],"author":[{"embeddable":true,"href":"https:\/\/acrimat.org.br\/portal\/wp-json\/wp\/v2\/users\/7"}],"replies":[{"embeddable":true,"href":"https:\/\/acrimat.org.br\/portal\/wp-json\/wp\/v2\/comments?post=97985644"}],"version-history":[{"count":1,"href":"https:\/\/acrimat.org.br\/portal\/wp-json\/wp\/v2\/posts\/97985644\/revisions"}],"predecessor-version":[{"id":97985645,"href":"https:\/\/acrimat.org.br\/portal\/wp-json\/wp\/v2\/posts\/97985644\/revisions\/97985645"}],"wp:featuredmedia":[{"embeddable":true,"href":"https:\/\/acrimat.org.br\/portal\/wp-json\/wp\/v2\/media\/97984903"}],"wp:attachment":[{"href":"https:\/\/acrimat.org.br\/portal\/wp-json\/wp\/v2\/media?parent=97985644"}],"wp:term":[{"taxonomy":"category","embeddable":true,"href":"https:\/\/acrimat.org.br\/portal\/wp-json\/wp\/v2\/categories?post=97985644"},{"taxonomy":"post_tag","embeddable":true,"href":"https:\/\/acrimat.org.br\/portal\/wp-json\/wp\/v2\/tags?post=97985644"}],"curies":[{"name":"wp","href":"https:\/\/api.w.org\/{rel}","templated":true}]}}