{"id":97985648,"date":"2018-01-24T08:29:54","date_gmt":"2018-01-24T11:29:54","guid":{"rendered":"http:\/\/acrimat.org.br\/portal\/?p=97985648"},"modified":"2018-01-24T08:29:54","modified_gmt":"2018-01-24T11:29:54","slug":"dose-da-vacina-contra-febre-aftosa-passa-de-5-para-2-ml","status":"publish","type":"post","link":"https:\/\/acrimat.org.br\/portal\/dose-da-vacina-contra-febre-aftosa-passa-de-5-para-2-ml\/","title":{"rendered":"Dose da vacina contra febre aftosa passa de 5 para 2 ml"},"content":{"rendered":"<p>A dose da vacina contra a febre aftosa foi reduzida de 5 ml para 2 ml em bovinos e bubalinos, de acordo com Instru\u00e7\u00e3o Normativa (IN) publicada no Di\u00e1rio Oficial da Uni\u00e3o (DOU) desta segunda-feira (22). O LIVRE antecipou a decis\u00e3o do Minist\u00e9rio da Agricultura, Pecu\u00e1ria e Abastecimento em mat\u00e9ria publicada em 22 de junho.<\/p>\n<p>A altera\u00e7\u00e3o atende a uma das demandas do setor produtivo e visa reduzir rea\u00e7\u00f5es adversas em decorr\u00eancia do \u00f3leo mineral da vacina. Segundo Mapa, pa\u00edses, como Argentina, Uruguai e Bol\u00edvia j\u00e1 adotam essa pr\u00e1tica, com resultados satisfat\u00f3rios, tanto em rela\u00e7\u00e3o \u00e0 diminui\u00e7\u00e3o \u00e0s rea\u00e7\u00f5es, quanto na preserva\u00e7\u00e3o da pot\u00eancia da vacina.<\/p>\n<p>Ainda segundo o Minist\u00e9rio, a adequa\u00e7\u00e3o dos m\u00e9todos de controle de pot\u00eancia e de toler\u00e2ncia que ser\u00e3o submetidas cada partida de vacina produzida, garantir\u00e3o a efic\u00e1cia e a seguran\u00e7a do produto.<\/p>\n<p>A reac\u00e3o \u00e0 vacina (abcessos) levou os Estados Unidos a suspender a importa\u00e7\u00e3o da carne in natura do Brasil no fim de junho. No m\u00eas seguinte, Maggi chegou a realizar uma miss\u00e3o ao pa\u00eds na tentativa de reabrir o mercado, mas n\u00e3o teve sucesso e o embargo permanece at\u00e9 hoje.<\/p>\n<p>O diretor-t\u00e9cnico da Associa\u00e7\u00e3o dos Criadores de Mato Grosso (Acrimat), Francisco Manzi, afirma que a redu\u00e7\u00e3o da dose \u00e9 segura e poder\u00e1 diminuir a incid\u00eancia de abscessos. \u201cCom a diminui\u00e7\u00e3o do volume de medicamento, reduz tamb\u00e9m a probabilidade de rejei\u00e7\u00e3o ou rea\u00e7\u00e3o no organismo do animal\u201d.<\/p>\n<p>A redu\u00e7\u00e3o da dose foi uma das solu\u00e7\u00f5es sugeridas pelo Instituto Pensar Agro (IPA) \u00e0 Secretaria de Defesa Agropecu\u00e1ria ap\u00f3s os Estados Unidos identificarem a presen\u00e7a de abscesso em carne bovina brasileira e suspenderem as importa\u00e7\u00f5es. Com a Instru\u00e7\u00e3o Normativa, a expectativa \u00e9 que o risco de rea\u00e7\u00e3o adversa seja reduzido.<\/p>\n<p>Ap\u00f3s levantamento t\u00e9cnico, o IPA solicitou as seguintes altera\u00e7\u00f5es em janeiro do ano passado: 1) optar pela da via de aplica\u00e7\u00e3o subcut\u00e2nea para minimizar o risco de que a vacina\u00e7\u00e3o cause abscessos ou les\u00f5es; 2) diminui\u00e7\u00e3o da dose dos atuais 5 ml para 2 ml; 3) retirada da saponina dentre os componentes da vacina; e 4) limite da faixa et\u00e1ria da vacina\u00e7\u00e3o para animais de at\u00e9 30 meses.<\/p>\n","protected":false},"excerpt":{"rendered":"<p>Altera\u00e7\u00e3o atende demanda do setor produtivo e visa reduzir rea\u00e7\u00f5es adversas em decorr\u00eancia da vacina<\/p>\n","protected":false},"author":7,"featured_media":97984582,"comment_status":"closed","ping_status":"closed","sticky":false,"template":"","format":"standard","meta":{"footnotes":""},"categories":[6,1],"tags":[],"class_list":["post-97985648","post","type-post","status-publish","format-standard","has-post-thumbnail","hentry","category-destaque","category-noticia"],"yoast_head":"<!-- This site is optimized with the Yoast SEO plugin v24.8.1 - https:\/\/yoast.com\/wordpress\/plugins\/seo\/ -->\n<title>Dose da vacina contra febre aftosa passa de 5 para 2 ml - Acrimat<\/title>\n<meta name=\"robots\" content=\"index, follow, max-snippet:-1, max-image-preview:large, max-video-preview:-1\" \/>\n<link rel=\"canonical\" href=\"https:\/\/acrimat.org.br\/portal\/dose-da-vacina-contra-febre-aftosa-passa-de-5-para-2-ml\/\" \/>\n<meta property=\"og:locale\" content=\"pt_BR\" \/>\n<meta property=\"og:type\" content=\"article\" \/>\n<meta property=\"og:title\" content=\"Dose da vacina contra febre aftosa passa de 5 para 2 ml - Acrimat\" \/>\n<meta property=\"og:description\" content=\"Altera\u00e7\u00e3o atende demanda do setor produtivo e visa reduzir rea\u00e7\u00f5es adversas em decorr\u00eancia da vacina\" \/>\n<meta property=\"og:url\" content=\"https:\/\/acrimat.org.br\/portal\/dose-da-vacina-contra-febre-aftosa-passa-de-5-para-2-ml\/\" \/>\n<meta property=\"og:site_name\" content=\"Acrimat\" \/>\n<meta property=\"article:published_time\" content=\"2018-01-24T11:29:54+00:00\" \/>\n<meta property=\"og:image\" content=\"https:\/\/acrimat.org.br\/portal\/wp-content\/uploads\/2017\/10\/vacina-aftosa-c.jpg\" \/>\n\t<meta property=\"og:image:width\" content=\"732\" \/>\n\t<meta property=\"og:image:height\" content=\"487\" \/>\n\t<meta property=\"og:image:type\" content=\"image\/jpeg\" \/>\n<meta name=\"author\" content=\"Assessoria de comunica\u00e7\u00e3o ACRIMAT\" \/>\n<meta name=\"twitter:card\" content=\"summary_large_image\" \/>\n<meta name=\"twitter:label1\" content=\"Escrito por\" \/>\n\t<meta name=\"twitter:data1\" content=\"Assessoria de comunica\u00e7\u00e3o ACRIMAT\" \/>\n\t<meta name=\"twitter:label2\" content=\"Est. tempo de leitura\" \/>\n\t<meta name=\"twitter:data2\" content=\"2 minutos\" \/>\n<script type=\"application\/ld+json\" class=\"yoast-schema-graph\">{\"@context\":\"https:\/\/schema.org\",\"@graph\":[{\"@type\":\"Article\",\"@id\":\"https:\/\/acrimat.org.br\/portal\/dose-da-vacina-contra-febre-aftosa-passa-de-5-para-2-ml\/#article\",\"isPartOf\":{\"@id\":\"https:\/\/acrimat.org.br\/portal\/dose-da-vacina-contra-febre-aftosa-passa-de-5-para-2-ml\/\"},\"author\":{\"name\":\"Assessoria de comunica\u00e7\u00e3o ACRIMAT\",\"@id\":\"https:\/\/acrimat.org.br\/portal\/#\/schema\/person\/a309b9496344ff991e8e1b1d751fdd7b\"},\"headline\":\"Dose da vacina contra febre aftosa passa de 5 para 2 ml\",\"datePublished\":\"2018-01-24T11:29:54+00:00\",\"mainEntityOfPage\":{\"@id\":\"https:\/\/acrimat.org.br\/portal\/dose-da-vacina-contra-febre-aftosa-passa-de-5-para-2-ml\/\"},\"wordCount\":406,\"publisher\":{\"@id\":\"https:\/\/acrimat.org.br\/portal\/#organization\"},\"image\":{\"@id\":\"https:\/\/acrimat.org.br\/portal\/dose-da-vacina-contra-febre-aftosa-passa-de-5-para-2-ml\/#primaryimage\"},\"thumbnailUrl\":\"https:\/\/acrimat.org.br\/portal\/wp-content\/uploads\/2017\/10\/vacina-aftosa-c.jpg\",\"articleSection\":[\"Destaques\",\"Not\u00edcias\"],\"inLanguage\":\"pt-BR\"},{\"@type\":\"WebPage\",\"@id\":\"https:\/\/acrimat.org.br\/portal\/dose-da-vacina-contra-febre-aftosa-passa-de-5-para-2-ml\/\",\"url\":\"https:\/\/acrimat.org.br\/portal\/dose-da-vacina-contra-febre-aftosa-passa-de-5-para-2-ml\/\",\"name\":\"Dose da vacina contra febre aftosa passa de 5 para 2 ml - Acrimat\",\"isPartOf\":{\"@id\":\"https:\/\/acrimat.org.br\/portal\/#website\"},\"primaryImageOfPage\":{\"@id\":\"https:\/\/acrimat.org.br\/portal\/dose-da-vacina-contra-febre-aftosa-passa-de-5-para-2-ml\/#primaryimage\"},\"image\":{\"@id\":\"https:\/\/acrimat.org.br\/portal\/dose-da-vacina-contra-febre-aftosa-passa-de-5-para-2-ml\/#primaryimage\"},\"thumbnailUrl\":\"https:\/\/acrimat.org.br\/portal\/wp-content\/uploads\/2017\/10\/vacina-aftosa-c.jpg\",\"datePublished\":\"2018-01-24T11:29:54+00:00\",\"breadcrumb\":{\"@id\":\"https:\/\/acrimat.org.br\/portal\/dose-da-vacina-contra-febre-aftosa-passa-de-5-para-2-ml\/#breadcrumb\"},\"inLanguage\":\"pt-BR\",\"potentialAction\":[{\"@type\":\"ReadAction\",\"target\":[\"https:\/\/acrimat.org.br\/portal\/dose-da-vacina-contra-febre-aftosa-passa-de-5-para-2-ml\/\"]}]},{\"@type\":\"ImageObject\",\"inLanguage\":\"pt-BR\",\"@id\":\"https:\/\/acrimat.org.br\/portal\/dose-da-vacina-contra-febre-aftosa-passa-de-5-para-2-ml\/#primaryimage\",\"url\":\"https:\/\/acrimat.org.br\/portal\/wp-content\/uploads\/2017\/10\/vacina-aftosa-c.jpg\",\"contentUrl\":\"https:\/\/acrimat.org.br\/portal\/wp-content\/uploads\/2017\/10\/vacina-aftosa-c.jpg\",\"width\":732,\"height\":487},{\"@type\":\"BreadcrumbList\",\"@id\":\"https:\/\/acrimat.org.br\/portal\/dose-da-vacina-contra-febre-aftosa-passa-de-5-para-2-ml\/#breadcrumb\",\"itemListElement\":[{\"@type\":\"ListItem\",\"position\":1,\"name\":\"In\u00edcio\",\"item\":\"https:\/\/acrimat.org.br\/portal\/\"},{\"@type\":\"ListItem\",\"position\":2,\"name\":\"Dose da vacina contra febre aftosa passa de 5 para 2 ml\"}]},{\"@type\":\"WebSite\",\"@id\":\"https:\/\/acrimat.org.br\/portal\/#website\",\"url\":\"https:\/\/acrimat.org.br\/portal\/\",\"name\":\"Acrimat\",\"description\":\"Associa\u00e7\u00e3o dos Criadores de Mato Grosso\",\"publisher\":{\"@id\":\"https:\/\/acrimat.org.br\/portal\/#organization\"},\"potentialAction\":[{\"@type\":\"SearchAction\",\"target\":{\"@type\":\"EntryPoint\",\"urlTemplate\":\"https:\/\/acrimat.org.br\/portal\/?s={search_term_string}\"},\"query-input\":{\"@type\":\"PropertyValueSpecification\",\"valueRequired\":true,\"valueName\":\"search_term_string\"}}],\"inLanguage\":\"pt-BR\"},{\"@type\":\"Organization\",\"@id\":\"https:\/\/acrimat.org.br\/portal\/#organization\",\"name\":\"Associa\u00e7\u00e3o dos Criadores de Mato Grosso\",\"url\":\"https:\/\/acrimat.org.br\/portal\/\",\"logo\":{\"@type\":\"ImageObject\",\"inLanguage\":\"pt-BR\",\"@id\":\"https:\/\/acrimat.org.br\/portal\/#\/schema\/logo\/image\/\",\"url\":\"https:\/\/acrimat.org.br\/portal\/wp-content\/uploads\/2018\/03\/logo-peq-original.png\",\"contentUrl\":\"https:\/\/acrimat.org.br\/portal\/wp-content\/uploads\/2018\/03\/logo-peq-original.png\",\"width\":174,\"height\":171,\"caption\":\"Associa\u00e7\u00e3o dos Criadores de Mato Grosso\"},\"image\":{\"@id\":\"https:\/\/acrimat.org.br\/portal\/#\/schema\/logo\/image\/\"}},{\"@type\":\"Person\",\"@id\":\"https:\/\/acrimat.org.br\/portal\/#\/schema\/person\/a309b9496344ff991e8e1b1d751fdd7b\",\"name\":\"Assessoria de comunica\u00e7\u00e3o ACRIMAT\",\"image\":{\"@type\":\"ImageObject\",\"inLanguage\":\"pt-BR\",\"@id\":\"https:\/\/acrimat.org.br\/portal\/#\/schema\/person\/image\/\",\"url\":\"https:\/\/secure.gravatar.com\/avatar\/2f9c28e64c317bcd762b25cb1575f1b4?s=96&d=mm&r=g\",\"contentUrl\":\"https:\/\/secure.gravatar.com\/avatar\/2f9c28e64c317bcd762b25cb1575f1b4?s=96&d=mm&r=g\",\"caption\":\"Assessoria de comunica\u00e7\u00e3o ACRIMAT\"},\"sameAs\":[\"http:\/\/acrimat.org.br\/\"],\"url\":\"https:\/\/acrimat.org.br\/portal\/author\/ascom\/\"}]}<\/script>\n<!-- \/ Yoast SEO plugin. -->","yoast_head_json":{"title":"Dose da vacina contra febre aftosa passa de 5 para 2 ml - Acrimat","robots":{"index":"index","follow":"follow","max-snippet":"max-snippet:-1","max-image-preview":"max-image-preview:large","max-video-preview":"max-video-preview:-1"},"canonical":"https:\/\/acrimat.org.br\/portal\/dose-da-vacina-contra-febre-aftosa-passa-de-5-para-2-ml\/","og_locale":"pt_BR","og_type":"article","og_title":"Dose da vacina contra febre aftosa passa de 5 para 2 ml - Acrimat","og_description":"Altera\u00e7\u00e3o atende demanda do setor produtivo e visa reduzir rea\u00e7\u00f5es adversas em decorr\u00eancia da vacina","og_url":"https:\/\/acrimat.org.br\/portal\/dose-da-vacina-contra-febre-aftosa-passa-de-5-para-2-ml\/","og_site_name":"Acrimat","article_published_time":"2018-01-24T11:29:54+00:00","og_image":[{"width":732,"height":487,"url":"https:\/\/acrimat.org.br\/portal\/wp-content\/uploads\/2017\/10\/vacina-aftosa-c.jpg","type":"image\/jpeg"}],"author":"Assessoria de comunica\u00e7\u00e3o ACRIMAT","twitter_card":"summary_large_image","twitter_misc":{"Escrito por":"Assessoria de comunica\u00e7\u00e3o ACRIMAT","Est. tempo de leitura":"2 minutos"},"schema":{"@context":"https:\/\/schema.org","@graph":[{"@type":"Article","@id":"https:\/\/acrimat.org.br\/portal\/dose-da-vacina-contra-febre-aftosa-passa-de-5-para-2-ml\/#article","isPartOf":{"@id":"https:\/\/acrimat.org.br\/portal\/dose-da-vacina-contra-febre-aftosa-passa-de-5-para-2-ml\/"},"author":{"name":"Assessoria de comunica\u00e7\u00e3o ACRIMAT","@id":"https:\/\/acrimat.org.br\/portal\/#\/schema\/person\/a309b9496344ff991e8e1b1d751fdd7b"},"headline":"Dose da vacina contra febre aftosa passa de 5 para 2 ml","datePublished":"2018-01-24T11:29:54+00:00","mainEntityOfPage":{"@id":"https:\/\/acrimat.org.br\/portal\/dose-da-vacina-contra-febre-aftosa-passa-de-5-para-2-ml\/"},"wordCount":406,"publisher":{"@id":"https:\/\/acrimat.org.br\/portal\/#organization"},"image":{"@id":"https:\/\/acrimat.org.br\/portal\/dose-da-vacina-contra-febre-aftosa-passa-de-5-para-2-ml\/#primaryimage"},"thumbnailUrl":"https:\/\/acrimat.org.br\/portal\/wp-content\/uploads\/2017\/10\/vacina-aftosa-c.jpg","articleSection":["Destaques","Not\u00edcias"],"inLanguage":"pt-BR"},{"@type":"WebPage","@id":"https:\/\/acrimat.org.br\/portal\/dose-da-vacina-contra-febre-aftosa-passa-de-5-para-2-ml\/","url":"https:\/\/acrimat.org.br\/portal\/dose-da-vacina-contra-febre-aftosa-passa-de-5-para-2-ml\/","name":"Dose da vacina contra febre aftosa passa de 5 para 2 ml - Acrimat","isPartOf":{"@id":"https:\/\/acrimat.org.br\/portal\/#website"},"primaryImageOfPage":{"@id":"https:\/\/acrimat.org.br\/portal\/dose-da-vacina-contra-febre-aftosa-passa-de-5-para-2-ml\/#primaryimage"},"image":{"@id":"https:\/\/acrimat.org.br\/portal\/dose-da-vacina-contra-febre-aftosa-passa-de-5-para-2-ml\/#primaryimage"},"thumbnailUrl":"https:\/\/acrimat.org.br\/portal\/wp-content\/uploads\/2017\/10\/vacina-aftosa-c.jpg","datePublished":"2018-01-24T11:29:54+00:00","breadcrumb":{"@id":"https:\/\/acrimat.org.br\/portal\/dose-da-vacina-contra-febre-aftosa-passa-de-5-para-2-ml\/#breadcrumb"},"inLanguage":"pt-BR","potentialAction":[{"@type":"ReadAction","target":["https:\/\/acrimat.org.br\/portal\/dose-da-vacina-contra-febre-aftosa-passa-de-5-para-2-ml\/"]}]},{"@type":"ImageObject","inLanguage":"pt-BR","@id":"https:\/\/acrimat.org.br\/portal\/dose-da-vacina-contra-febre-aftosa-passa-de-5-para-2-ml\/#primaryimage","url":"https:\/\/acrimat.org.br\/portal\/wp-content\/uploads\/2017\/10\/vacina-aftosa-c.jpg","contentUrl":"https:\/\/acrimat.org.br\/portal\/wp-content\/uploads\/2017\/10\/vacina-aftosa-c.jpg","width":732,"height":487},{"@type":"BreadcrumbList","@id":"https:\/\/acrimat.org.br\/portal\/dose-da-vacina-contra-febre-aftosa-passa-de-5-para-2-ml\/#breadcrumb","itemListElement":[{"@type":"ListItem","position":1,"name":"In\u00edcio","item":"https:\/\/acrimat.org.br\/portal\/"},{"@type":"ListItem","position":2,"name":"Dose da vacina contra febre aftosa passa de 5 para 2 ml"}]},{"@type":"WebSite","@id":"https:\/\/acrimat.org.br\/portal\/#website","url":"https:\/\/acrimat.org.br\/portal\/","name":"Acrimat","description":"Associa\u00e7\u00e3o dos Criadores de Mato Grosso","publisher":{"@id":"https:\/\/acrimat.org.br\/portal\/#organization"},"potentialAction":[{"@type":"SearchAction","target":{"@type":"EntryPoint","urlTemplate":"https:\/\/acrimat.org.br\/portal\/?s={search_term_string}"},"query-input":{"@type":"PropertyValueSpecification","valueRequired":true,"valueName":"search_term_string"}}],"inLanguage":"pt-BR"},{"@type":"Organization","@id":"https:\/\/acrimat.org.br\/portal\/#organization","name":"Associa\u00e7\u00e3o dos Criadores de Mato Grosso","url":"https:\/\/acrimat.org.br\/portal\/","logo":{"@type":"ImageObject","inLanguage":"pt-BR","@id":"https:\/\/acrimat.org.br\/portal\/#\/schema\/logo\/image\/","url":"https:\/\/acrimat.org.br\/portal\/wp-content\/uploads\/2018\/03\/logo-peq-original.png","contentUrl":"https:\/\/acrimat.org.br\/portal\/wp-content\/uploads\/2018\/03\/logo-peq-original.png","width":174,"height":171,"caption":"Associa\u00e7\u00e3o dos Criadores de Mato Grosso"},"image":{"@id":"https:\/\/acrimat.org.br\/portal\/#\/schema\/logo\/image\/"}},{"@type":"Person","@id":"https:\/\/acrimat.org.br\/portal\/#\/schema\/person\/a309b9496344ff991e8e1b1d751fdd7b","name":"Assessoria de comunica\u00e7\u00e3o ACRIMAT","image":{"@type":"ImageObject","inLanguage":"pt-BR","@id":"https:\/\/acrimat.org.br\/portal\/#\/schema\/person\/image\/","url":"https:\/\/secure.gravatar.com\/avatar\/2f9c28e64c317bcd762b25cb1575f1b4?s=96&d=mm&r=g","contentUrl":"https:\/\/secure.gravatar.com\/avatar\/2f9c28e64c317bcd762b25cb1575f1b4?s=96&d=mm&r=g","caption":"Assessoria de comunica\u00e7\u00e3o ACRIMAT"},"sameAs":["http:\/\/acrimat.org.br\/"],"url":"https:\/\/acrimat.org.br\/portal\/author\/ascom\/"}]}},"_links":{"self":[{"href":"https:\/\/acrimat.org.br\/portal\/wp-json\/wp\/v2\/posts\/97985648","targetHints":{"allow":["GET"]}}],"collection":[{"href":"https:\/\/acrimat.org.br\/portal\/wp-json\/wp\/v2\/posts"}],"about":[{"href":"https:\/\/acrimat.org.br\/portal\/wp-json\/wp\/v2\/types\/post"}],"author":[{"embeddable":true,"href":"https:\/\/acrimat.org.br\/portal\/wp-json\/wp\/v2\/users\/7"}],"replies":[{"embeddable":true,"href":"https:\/\/acrimat.org.br\/portal\/wp-json\/wp\/v2\/comments?post=97985648"}],"version-history":[{"count":1,"href":"https:\/\/acrimat.org.br\/portal\/wp-json\/wp\/v2\/posts\/97985648\/revisions"}],"predecessor-version":[{"id":97985649,"href":"https:\/\/acrimat.org.br\/portal\/wp-json\/wp\/v2\/posts\/97985648\/revisions\/97985649"}],"wp:featuredmedia":[{"embeddable":true,"href":"https:\/\/acrimat.org.br\/portal\/wp-json\/wp\/v2\/media\/97984582"}],"wp:attachment":[{"href":"https:\/\/acrimat.org.br\/portal\/wp-json\/wp\/v2\/media?parent=97985648"}],"wp:term":[{"taxonomy":"category","embeddable":true,"href":"https:\/\/acrimat.org.br\/portal\/wp-json\/wp\/v2\/categories?post=97985648"},{"taxonomy":"post_tag","embeddable":true,"href":"https:\/\/acrimat.org.br\/portal\/wp-json\/wp\/v2\/tags?post=97985648"}],"curies":[{"name":"wp","href":"https:\/\/api.w.org\/{rel}","templated":true}]}}