{"id":97985660,"date":"2018-01-25T14:04:16","date_gmt":"2018-01-25T17:04:16","guid":{"rendered":"http:\/\/acrimat.org.br\/portal\/?p=97985660"},"modified":"2018-01-25T14:04:16","modified_gmt":"2018-01-25T17:04:16","slug":"aftosa-nova-dose-de-vacina-nao-tera-saponina-diz-secretario","status":"publish","type":"post","link":"https:\/\/acrimat.org.br\/portal\/aftosa-nova-dose-de-vacina-nao-tera-saponina-diz-secretario\/","title":{"rendered":"Aftosa: nova dose de vacina n\u00e3o ter\u00e1 saponina, diz secret\u00e1rio"},"content":{"rendered":"<p>A aplica\u00e7\u00e3o da vacina contra aftosa em dose reduzida de 2 mililitros, prevista na Instru\u00e7\u00e3o Normativa n\u00ba 11 do Minist\u00e9rio da Agricultura, Pecu\u00e1ria e Abastecimento, dever\u00e1 valer neste ano, mas a partir da segunda fase de aplica\u00e7\u00e3o, que sempre acontece no segundo semestre, explicou nesta quarta-feira, dia 24, o secret\u00e1rio de Defesa Agropecu\u00e1ria, Luis Rangel. \u201c\u00c9 importante ressaltar que o pecuarista n\u00e3o procure, agora, em maio, as vacinas com a nova formula\u00e7\u00e3o\u201d, alertou.<\/p>\n<p>Segundo Rangel, na segunda etapa de vacina\u00e7\u00e3o de 2018, as doses &#8220;j\u00e1 estar\u00e3o com as altera\u00e7\u00f5es na dose, do jeito que o pecuarista solicitou, com a redu\u00e7\u00e3o da saponina, para evitar os abscessos e efeitos adversos da vacina de maneira indevida\u201d. Em entrevista exclusiva ao Canal Rural, o secret\u00e1rio afirmou que a subst\u00e2ncia ser\u00e1 retirada das futuras doses.<\/p>\n<p>Um dos principais objetivos na mudan\u00e7a da vacina ser\u00e1 a inje\u00e7\u00e3o de menor volume de \u00f3leo mineral, com consequente redu\u00e7\u00e3o de rea\u00e7\u00f5es al\u00e9rgicas nos animais. \u201cTrabalhamos muitos anos com a dose de 5 mil\u00edmetros. A transi\u00e7\u00e3o precisa ser feita de maneira adequada com todas as vigil\u00e2ncias necess\u00e1rias por parte do Minist\u00e9rio da Agricultura para que, com a redu\u00e7\u00e3o da dose, se mantenham as mesmas garantias. Por isso, esse cuidado\u201d, afirmou.<\/p>\n<p>O secret\u00e1rio lembrou que \u201c100% dessas vacinas, que s\u00e3o produzidas no Brasil para vacina\u00e7\u00e3o de febre aftosa, s\u00e3o testadas pelos Lanagros, os laborat\u00f3rios oficiais agropecu\u00e1rios do Minist\u00e9rio da Agricultura. Tamb\u00e9m se mant\u00e9m vigil\u00e2ncia no mercado para garantir a efici\u00eancia da vacina\u201d.<\/p>\n<p><strong>Imuniza\u00e7\u00e3o<\/strong><\/p>\n<p>Rangel disse que o produtor pode ter tranquilidade em rela\u00e7\u00e3o ao novo produto que ser\u00e1 ofertado, \u201cpois estar\u00e1 atestado pelo minist\u00e9rio e com a seguran\u00e7a necess\u00e1ria\u201d. Mas lembrou que o mesmo cuidado em rela\u00e7\u00e3o ao produto deve haver tamb\u00e9m com o manejo. A aplica\u00e7\u00e3o da vacina \u00e9 fundamental para efici\u00eancia da imuniza\u00e7\u00e3o, observou. \u00c9 importante que o pecuarista seja capacitado para aplicar a nova dose. \u201cPara fazer isso e assegurar a transi\u00e7\u00e3o saud\u00e1vel, que v\u00e1 al\u00e9m do cuidado com o insumo, fizemos parceria com a Confedera\u00e7\u00e3o da Agricultura e Pecu\u00e1ria (CNA) e o Senar\u201d.<\/p>\n<p>Rangel enfatizou ainda: \u201cO mais importante para n\u00f3s \u00e9 fazer com que a imuniza\u00e7\u00e3o tenha todas as caracter\u00edsticas de seguran\u00e7a e efici\u00eancia para manter o status sanit\u00e1rio que temos hoje. N\u00f3s viemos j\u00e1 de 50 anos trabalhando com a erradica\u00e7\u00e3o dessa doen\u00e7a no Brasil e a vacina\u00e7\u00e3o foi ferramenta fundamental para atingirmos o status atual\u201d. O pa\u00eds est\u00e1 livre da aftosa com vacina\u00e7\u00e3o, o que dever\u00e1 ser referendado, em maio pr\u00f3ximo, pela OIE (Organiza\u00e7\u00e3o Mundial de sa\u00fade Animal). Santa Catarina \u00e9 o \u00fanico estado livre sem vacina\u00e7\u00e3o.<\/p>\n<p>Conjunto de normas previstas no Plano Estrat\u00e9gico do Programa Nacional de Erradica\u00e7\u00e3o e Preven\u00e7\u00e3o da Febre Aftosa (PNEFA) traz as a\u00e7\u00f5es que ser\u00e3o desenvolvidas nos pr\u00f3ximos dez anos para o Brasil tornar-se \u00e1rea livre da doen\u00e7a sem vacina\u00e7\u00e3o a partir de 2023.<\/p>\n","protected":false},"excerpt":{"rendered":"<p>Dose da vacina contra aftosa \u00e9 reduzida de 2 mililitros<\/p>\n","protected":false},"author":7,"featured_media":97985448,"comment_status":"closed","ping_status":"closed","sticky":false,"template":"","format":"standard","meta":{"footnotes":""},"categories":[6,1],"tags":[],"class_list":["post-97985660","post","type-post","status-publish","format-standard","has-post-thumbnail","hentry","category-destaque","category-noticia"],"yoast_head":"<!-- This site is optimized with the Yoast SEO plugin v24.8.1 - https:\/\/yoast.com\/wordpress\/plugins\/seo\/ -->\n<title>Aftosa: nova dose de vacina n\u00e3o ter\u00e1 saponina, diz secret\u00e1rio - Acrimat<\/title>\n<meta name=\"robots\" content=\"index, follow, max-snippet:-1, max-image-preview:large, max-video-preview:-1\" \/>\n<link rel=\"canonical\" href=\"https:\/\/acrimat.org.br\/portal\/aftosa-nova-dose-de-vacina-nao-tera-saponina-diz-secretario\/\" \/>\n<meta property=\"og:locale\" content=\"pt_BR\" \/>\n<meta property=\"og:type\" content=\"article\" \/>\n<meta property=\"og:title\" content=\"Aftosa: nova dose de vacina n\u00e3o ter\u00e1 saponina, diz secret\u00e1rio - Acrimat\" \/>\n<meta property=\"og:description\" content=\"Dose da vacina contra aftosa \u00e9 reduzida de 2 mililitros\" \/>\n<meta property=\"og:url\" content=\"https:\/\/acrimat.org.br\/portal\/aftosa-nova-dose-de-vacina-nao-tera-saponina-diz-secretario\/\" \/>\n<meta property=\"og:site_name\" content=\"Acrimat\" \/>\n<meta property=\"article:published_time\" content=\"2018-01-25T17:04:16+00:00\" \/>\n<meta property=\"og:image\" content=\"https:\/\/acrimat.org.br\/portal\/wp-content\/uploads\/2018\/01\/vacinacao.jpg\" \/>\n\t<meta property=\"og:image:width\" content=\"600\" \/>\n\t<meta property=\"og:image:height\" content=\"400\" \/>\n\t<meta property=\"og:image:type\" content=\"image\/jpeg\" \/>\n<meta name=\"author\" content=\"Assessoria de comunica\u00e7\u00e3o ACRIMAT\" \/>\n<meta name=\"twitter:card\" content=\"summary_large_image\" \/>\n<meta name=\"twitter:label1\" content=\"Escrito por\" \/>\n\t<meta name=\"twitter:data1\" content=\"Assessoria de comunica\u00e7\u00e3o ACRIMAT\" \/>\n\t<meta name=\"twitter:label2\" content=\"Est. tempo de leitura\" \/>\n\t<meta name=\"twitter:data2\" content=\"3 minutos\" \/>\n<script type=\"application\/ld+json\" class=\"yoast-schema-graph\">{\"@context\":\"https:\/\/schema.org\",\"@graph\":[{\"@type\":\"Article\",\"@id\":\"https:\/\/acrimat.org.br\/portal\/aftosa-nova-dose-de-vacina-nao-tera-saponina-diz-secretario\/#article\",\"isPartOf\":{\"@id\":\"https:\/\/acrimat.org.br\/portal\/aftosa-nova-dose-de-vacina-nao-tera-saponina-diz-secretario\/\"},\"author\":{\"name\":\"Assessoria de comunica\u00e7\u00e3o ACRIMAT\",\"@id\":\"https:\/\/acrimat.org.br\/portal\/#\/schema\/person\/a309b9496344ff991e8e1b1d751fdd7b\"},\"headline\":\"Aftosa: nova dose de vacina n\u00e3o ter\u00e1 saponina, diz secret\u00e1rio\",\"datePublished\":\"2018-01-25T17:04:16+00:00\",\"mainEntityOfPage\":{\"@id\":\"https:\/\/acrimat.org.br\/portal\/aftosa-nova-dose-de-vacina-nao-tera-saponina-diz-secretario\/\"},\"wordCount\":541,\"publisher\":{\"@id\":\"https:\/\/acrimat.org.br\/portal\/#organization\"},\"image\":{\"@id\":\"https:\/\/acrimat.org.br\/portal\/aftosa-nova-dose-de-vacina-nao-tera-saponina-diz-secretario\/#primaryimage\"},\"thumbnailUrl\":\"https:\/\/acrimat.org.br\/portal\/wp-content\/uploads\/2018\/01\/vacinacao.jpg\",\"articleSection\":[\"Destaques\",\"Not\u00edcias\"],\"inLanguage\":\"pt-BR\"},{\"@type\":\"WebPage\",\"@id\":\"https:\/\/acrimat.org.br\/portal\/aftosa-nova-dose-de-vacina-nao-tera-saponina-diz-secretario\/\",\"url\":\"https:\/\/acrimat.org.br\/portal\/aftosa-nova-dose-de-vacina-nao-tera-saponina-diz-secretario\/\",\"name\":\"Aftosa: nova dose de vacina n\u00e3o ter\u00e1 saponina, diz secret\u00e1rio - Acrimat\",\"isPartOf\":{\"@id\":\"https:\/\/acrimat.org.br\/portal\/#website\"},\"primaryImageOfPage\":{\"@id\":\"https:\/\/acrimat.org.br\/portal\/aftosa-nova-dose-de-vacina-nao-tera-saponina-diz-secretario\/#primaryimage\"},\"image\":{\"@id\":\"https:\/\/acrimat.org.br\/portal\/aftosa-nova-dose-de-vacina-nao-tera-saponina-diz-secretario\/#primaryimage\"},\"thumbnailUrl\":\"https:\/\/acrimat.org.br\/portal\/wp-content\/uploads\/2018\/01\/vacinacao.jpg\",\"datePublished\":\"2018-01-25T17:04:16+00:00\",\"breadcrumb\":{\"@id\":\"https:\/\/acrimat.org.br\/portal\/aftosa-nova-dose-de-vacina-nao-tera-saponina-diz-secretario\/#breadcrumb\"},\"inLanguage\":\"pt-BR\",\"potentialAction\":[{\"@type\":\"ReadAction\",\"target\":[\"https:\/\/acrimat.org.br\/portal\/aftosa-nova-dose-de-vacina-nao-tera-saponina-diz-secretario\/\"]}]},{\"@type\":\"ImageObject\",\"inLanguage\":\"pt-BR\",\"@id\":\"https:\/\/acrimat.org.br\/portal\/aftosa-nova-dose-de-vacina-nao-tera-saponina-diz-secretario\/#primaryimage\",\"url\":\"https:\/\/acrimat.org.br\/portal\/wp-content\/uploads\/2018\/01\/vacinacao.jpg\",\"contentUrl\":\"https:\/\/acrimat.org.br\/portal\/wp-content\/uploads\/2018\/01\/vacinacao.jpg\",\"width\":600,\"height\":400},{\"@type\":\"BreadcrumbList\",\"@id\":\"https:\/\/acrimat.org.br\/portal\/aftosa-nova-dose-de-vacina-nao-tera-saponina-diz-secretario\/#breadcrumb\",\"itemListElement\":[{\"@type\":\"ListItem\",\"position\":1,\"name\":\"In\u00edcio\",\"item\":\"https:\/\/acrimat.org.br\/portal\/\"},{\"@type\":\"ListItem\",\"position\":2,\"name\":\"Aftosa: nova dose de vacina n\u00e3o ter\u00e1 saponina, diz secret\u00e1rio\"}]},{\"@type\":\"WebSite\",\"@id\":\"https:\/\/acrimat.org.br\/portal\/#website\",\"url\":\"https:\/\/acrimat.org.br\/portal\/\",\"name\":\"Acrimat\",\"description\":\"Associa\u00e7\u00e3o dos Criadores de Mato Grosso\",\"publisher\":{\"@id\":\"https:\/\/acrimat.org.br\/portal\/#organization\"},\"potentialAction\":[{\"@type\":\"SearchAction\",\"target\":{\"@type\":\"EntryPoint\",\"urlTemplate\":\"https:\/\/acrimat.org.br\/portal\/?s={search_term_string}\"},\"query-input\":{\"@type\":\"PropertyValueSpecification\",\"valueRequired\":true,\"valueName\":\"search_term_string\"}}],\"inLanguage\":\"pt-BR\"},{\"@type\":\"Organization\",\"@id\":\"https:\/\/acrimat.org.br\/portal\/#organization\",\"name\":\"Associa\u00e7\u00e3o dos Criadores de Mato Grosso\",\"url\":\"https:\/\/acrimat.org.br\/portal\/\",\"logo\":{\"@type\":\"ImageObject\",\"inLanguage\":\"pt-BR\",\"@id\":\"https:\/\/acrimat.org.br\/portal\/#\/schema\/logo\/image\/\",\"url\":\"https:\/\/acrimat.org.br\/portal\/wp-content\/uploads\/2018\/03\/logo-peq-original.png\",\"contentUrl\":\"https:\/\/acrimat.org.br\/portal\/wp-content\/uploads\/2018\/03\/logo-peq-original.png\",\"width\":174,\"height\":171,\"caption\":\"Associa\u00e7\u00e3o dos Criadores de Mato Grosso\"},\"image\":{\"@id\":\"https:\/\/acrimat.org.br\/portal\/#\/schema\/logo\/image\/\"}},{\"@type\":\"Person\",\"@id\":\"https:\/\/acrimat.org.br\/portal\/#\/schema\/person\/a309b9496344ff991e8e1b1d751fdd7b\",\"name\":\"Assessoria de comunica\u00e7\u00e3o ACRIMAT\",\"image\":{\"@type\":\"ImageObject\",\"inLanguage\":\"pt-BR\",\"@id\":\"https:\/\/acrimat.org.br\/portal\/#\/schema\/person\/image\/\",\"url\":\"https:\/\/secure.gravatar.com\/avatar\/2f9c28e64c317bcd762b25cb1575f1b4?s=96&d=mm&r=g\",\"contentUrl\":\"https:\/\/secure.gravatar.com\/avatar\/2f9c28e64c317bcd762b25cb1575f1b4?s=96&d=mm&r=g\",\"caption\":\"Assessoria de comunica\u00e7\u00e3o ACRIMAT\"},\"sameAs\":[\"http:\/\/acrimat.org.br\/\"],\"url\":\"https:\/\/acrimat.org.br\/portal\/author\/ascom\/\"}]}<\/script>\n<!-- \/ Yoast SEO plugin. -->","yoast_head_json":{"title":"Aftosa: nova dose de vacina n\u00e3o ter\u00e1 saponina, diz secret\u00e1rio - Acrimat","robots":{"index":"index","follow":"follow","max-snippet":"max-snippet:-1","max-image-preview":"max-image-preview:large","max-video-preview":"max-video-preview:-1"},"canonical":"https:\/\/acrimat.org.br\/portal\/aftosa-nova-dose-de-vacina-nao-tera-saponina-diz-secretario\/","og_locale":"pt_BR","og_type":"article","og_title":"Aftosa: nova dose de vacina n\u00e3o ter\u00e1 saponina, diz secret\u00e1rio - Acrimat","og_description":"Dose da vacina contra aftosa \u00e9 reduzida de 2 mililitros","og_url":"https:\/\/acrimat.org.br\/portal\/aftosa-nova-dose-de-vacina-nao-tera-saponina-diz-secretario\/","og_site_name":"Acrimat","article_published_time":"2018-01-25T17:04:16+00:00","og_image":[{"width":600,"height":400,"url":"https:\/\/acrimat.org.br\/portal\/wp-content\/uploads\/2018\/01\/vacinacao.jpg","type":"image\/jpeg"}],"author":"Assessoria de comunica\u00e7\u00e3o ACRIMAT","twitter_card":"summary_large_image","twitter_misc":{"Escrito por":"Assessoria de comunica\u00e7\u00e3o ACRIMAT","Est. tempo de leitura":"3 minutos"},"schema":{"@context":"https:\/\/schema.org","@graph":[{"@type":"Article","@id":"https:\/\/acrimat.org.br\/portal\/aftosa-nova-dose-de-vacina-nao-tera-saponina-diz-secretario\/#article","isPartOf":{"@id":"https:\/\/acrimat.org.br\/portal\/aftosa-nova-dose-de-vacina-nao-tera-saponina-diz-secretario\/"},"author":{"name":"Assessoria de comunica\u00e7\u00e3o ACRIMAT","@id":"https:\/\/acrimat.org.br\/portal\/#\/schema\/person\/a309b9496344ff991e8e1b1d751fdd7b"},"headline":"Aftosa: nova dose de vacina n\u00e3o ter\u00e1 saponina, diz secret\u00e1rio","datePublished":"2018-01-25T17:04:16+00:00","mainEntityOfPage":{"@id":"https:\/\/acrimat.org.br\/portal\/aftosa-nova-dose-de-vacina-nao-tera-saponina-diz-secretario\/"},"wordCount":541,"publisher":{"@id":"https:\/\/acrimat.org.br\/portal\/#organization"},"image":{"@id":"https:\/\/acrimat.org.br\/portal\/aftosa-nova-dose-de-vacina-nao-tera-saponina-diz-secretario\/#primaryimage"},"thumbnailUrl":"https:\/\/acrimat.org.br\/portal\/wp-content\/uploads\/2018\/01\/vacinacao.jpg","articleSection":["Destaques","Not\u00edcias"],"inLanguage":"pt-BR"},{"@type":"WebPage","@id":"https:\/\/acrimat.org.br\/portal\/aftosa-nova-dose-de-vacina-nao-tera-saponina-diz-secretario\/","url":"https:\/\/acrimat.org.br\/portal\/aftosa-nova-dose-de-vacina-nao-tera-saponina-diz-secretario\/","name":"Aftosa: nova dose de vacina n\u00e3o ter\u00e1 saponina, diz secret\u00e1rio - Acrimat","isPartOf":{"@id":"https:\/\/acrimat.org.br\/portal\/#website"},"primaryImageOfPage":{"@id":"https:\/\/acrimat.org.br\/portal\/aftosa-nova-dose-de-vacina-nao-tera-saponina-diz-secretario\/#primaryimage"},"image":{"@id":"https:\/\/acrimat.org.br\/portal\/aftosa-nova-dose-de-vacina-nao-tera-saponina-diz-secretario\/#primaryimage"},"thumbnailUrl":"https:\/\/acrimat.org.br\/portal\/wp-content\/uploads\/2018\/01\/vacinacao.jpg","datePublished":"2018-01-25T17:04:16+00:00","breadcrumb":{"@id":"https:\/\/acrimat.org.br\/portal\/aftosa-nova-dose-de-vacina-nao-tera-saponina-diz-secretario\/#breadcrumb"},"inLanguage":"pt-BR","potentialAction":[{"@type":"ReadAction","target":["https:\/\/acrimat.org.br\/portal\/aftosa-nova-dose-de-vacina-nao-tera-saponina-diz-secretario\/"]}]},{"@type":"ImageObject","inLanguage":"pt-BR","@id":"https:\/\/acrimat.org.br\/portal\/aftosa-nova-dose-de-vacina-nao-tera-saponina-diz-secretario\/#primaryimage","url":"https:\/\/acrimat.org.br\/portal\/wp-content\/uploads\/2018\/01\/vacinacao.jpg","contentUrl":"https:\/\/acrimat.org.br\/portal\/wp-content\/uploads\/2018\/01\/vacinacao.jpg","width":600,"height":400},{"@type":"BreadcrumbList","@id":"https:\/\/acrimat.org.br\/portal\/aftosa-nova-dose-de-vacina-nao-tera-saponina-diz-secretario\/#breadcrumb","itemListElement":[{"@type":"ListItem","position":1,"name":"In\u00edcio","item":"https:\/\/acrimat.org.br\/portal\/"},{"@type":"ListItem","position":2,"name":"Aftosa: nova dose de vacina n\u00e3o ter\u00e1 saponina, diz secret\u00e1rio"}]},{"@type":"WebSite","@id":"https:\/\/acrimat.org.br\/portal\/#website","url":"https:\/\/acrimat.org.br\/portal\/","name":"Acrimat","description":"Associa\u00e7\u00e3o dos Criadores de Mato Grosso","publisher":{"@id":"https:\/\/acrimat.org.br\/portal\/#organization"},"potentialAction":[{"@type":"SearchAction","target":{"@type":"EntryPoint","urlTemplate":"https:\/\/acrimat.org.br\/portal\/?s={search_term_string}"},"query-input":{"@type":"PropertyValueSpecification","valueRequired":true,"valueName":"search_term_string"}}],"inLanguage":"pt-BR"},{"@type":"Organization","@id":"https:\/\/acrimat.org.br\/portal\/#organization","name":"Associa\u00e7\u00e3o dos Criadores de Mato Grosso","url":"https:\/\/acrimat.org.br\/portal\/","logo":{"@type":"ImageObject","inLanguage":"pt-BR","@id":"https:\/\/acrimat.org.br\/portal\/#\/schema\/logo\/image\/","url":"https:\/\/acrimat.org.br\/portal\/wp-content\/uploads\/2018\/03\/logo-peq-original.png","contentUrl":"https:\/\/acrimat.org.br\/portal\/wp-content\/uploads\/2018\/03\/logo-peq-original.png","width":174,"height":171,"caption":"Associa\u00e7\u00e3o dos Criadores de Mato Grosso"},"image":{"@id":"https:\/\/acrimat.org.br\/portal\/#\/schema\/logo\/image\/"}},{"@type":"Person","@id":"https:\/\/acrimat.org.br\/portal\/#\/schema\/person\/a309b9496344ff991e8e1b1d751fdd7b","name":"Assessoria de comunica\u00e7\u00e3o ACRIMAT","image":{"@type":"ImageObject","inLanguage":"pt-BR","@id":"https:\/\/acrimat.org.br\/portal\/#\/schema\/person\/image\/","url":"https:\/\/secure.gravatar.com\/avatar\/2f9c28e64c317bcd762b25cb1575f1b4?s=96&d=mm&r=g","contentUrl":"https:\/\/secure.gravatar.com\/avatar\/2f9c28e64c317bcd762b25cb1575f1b4?s=96&d=mm&r=g","caption":"Assessoria de comunica\u00e7\u00e3o ACRIMAT"},"sameAs":["http:\/\/acrimat.org.br\/"],"url":"https:\/\/acrimat.org.br\/portal\/author\/ascom\/"}]}},"_links":{"self":[{"href":"https:\/\/acrimat.org.br\/portal\/wp-json\/wp\/v2\/posts\/97985660","targetHints":{"allow":["GET"]}}],"collection":[{"href":"https:\/\/acrimat.org.br\/portal\/wp-json\/wp\/v2\/posts"}],"about":[{"href":"https:\/\/acrimat.org.br\/portal\/wp-json\/wp\/v2\/types\/post"}],"author":[{"embeddable":true,"href":"https:\/\/acrimat.org.br\/portal\/wp-json\/wp\/v2\/users\/7"}],"replies":[{"embeddable":true,"href":"https:\/\/acrimat.org.br\/portal\/wp-json\/wp\/v2\/comments?post=97985660"}],"version-history":[{"count":1,"href":"https:\/\/acrimat.org.br\/portal\/wp-json\/wp\/v2\/posts\/97985660\/revisions"}],"predecessor-version":[{"id":97985661,"href":"https:\/\/acrimat.org.br\/portal\/wp-json\/wp\/v2\/posts\/97985660\/revisions\/97985661"}],"wp:featuredmedia":[{"embeddable":true,"href":"https:\/\/acrimat.org.br\/portal\/wp-json\/wp\/v2\/media\/97985448"}],"wp:attachment":[{"href":"https:\/\/acrimat.org.br\/portal\/wp-json\/wp\/v2\/media?parent=97985660"}],"wp:term":[{"taxonomy":"category","embeddable":true,"href":"https:\/\/acrimat.org.br\/portal\/wp-json\/wp\/v2\/categories?post=97985660"},{"taxonomy":"post_tag","embeddable":true,"href":"https:\/\/acrimat.org.br\/portal\/wp-json\/wp\/v2\/tags?post=97985660"}],"curies":[{"name":"wp","href":"https:\/\/api.w.org\/{rel}","templated":true}]}}