{"id":97985667,"date":"2018-01-25T14:09:22","date_gmt":"2018-01-25T17:09:22","guid":{"rendered":"http:\/\/acrimat.org.br\/portal\/?p=97985667"},"modified":"2018-01-25T14:26:03","modified_gmt":"2018-01-25T17:26:03","slug":"vice-presidente-da-acrimat-orienta-produtores-sobre-a-nova-lei-do-funrural-em-vigor","status":"publish","type":"post","link":"https:\/\/acrimat.org.br\/portal\/vice-presidente-da-acrimat-orienta-produtores-sobre-a-nova-lei-do-funrural-em-vigor\/","title":{"rendered":"Vice presidente da ACRIMAT orienta produtores sobre o FUNRURAL"},"content":{"rendered":"<p>Ap\u00f3s publicada no Di\u00e1rio Oficial da Uni\u00e3o de 10 de janeiro a lei 13.606 de 2018, sobre o FUNRURAL, foi fixado em 1,5% a al\u00edquota do FUNRURAL a ser cobrado a partir dessa data (1,2% de FUNRURAL, 0,1% de seguro e 0,2% de SENAR).<\/p>\n<p>Para explicar a nova situa\u00e7\u00e3o, a r\u00e1dio Tucunar\u00e9 e site Acesse Not\u00edcias entrevistou o vice-presidente da ACRIMAT, Fernando Conte.<\/p>\n<p>Sobre essa nova lei, Fernando disse que a nova al\u00edquota do FUNRURAL \u00e9 de 1,5% onde a principal caracter\u00edstica est\u00e1 em rela\u00e7\u00e3o ao retroativo, ou seja, nessa lei vem ainda, um programa de regulamenta\u00e7\u00e3o do refis da d\u00edvida dos \u00faltimos 5 anos do produtor rural.<\/p>\n<p>&#8220;No abate de boi gordo, as unidades frigor\u00edficas s\u00e3o sub-rogados para reter esse imposto no ato da compra&#8221;, informou.<\/p>\n<p>Quando o pecuarista abate o boi gordo, o normal \u00e9 que a empresa frigor\u00edfica retenha esse imposto, sendo imprescind\u00edvel que o produtor rural veja isso na nota fiscal, onde o valor do FUNRURAL est\u00e1 discriminado e descontado do valor. \u201cEssa \u00e9 uma obriga\u00e7\u00e3o da empresa\u201d, disse Conte.<\/p>\n<p>Na negocia\u00e7\u00e3o do boi magro, essa negocia\u00e7\u00e3o passa a ser em rela\u00e7\u00e3o de pessoa f\u00edsica para pessoa f\u00edsica, ent\u00e3o a obriga\u00e7\u00e3o de recolher \u00e9 do vendedor e na rela\u00e7\u00e3o de venda de pessoa f\u00edsica para pessoa jur\u00eddica, a pessoa jur\u00eddica tamb\u00e9m \u00e9 sub-rogado devendo reter o imposto.<\/p>\n<p>Para Fernando Conte, o FUNRURAL \u201c\u00e9 um fantasma que ressuscitou sobre as costas do produtor rural, pois entend\u00edamos que era uma p\u00e1gina virada, mas o Supremo Tribunal Federal decidiu em mar\u00e7o de 2017, que \u00e9 leg\u00edtimo, ent\u00e3o n\u00e3o h\u00e1 mais Inst\u00e2ncia superior para recorrer e no momento o pecuarista aguarda modula\u00e7\u00e3o dessa decis\u00e3o sobre o FUNRURAL. Espera-se que nos embargos da decis\u00e3o do Supremo venha a cair por terra em rela\u00e7\u00e3o \u00e0s d\u00edvidas retroativas dos \u00faltimos 5 anos, que est\u00e1 alcan\u00e7ada nessa nova lei do FUNRURAL e que, se isso acontecer, essa decis\u00e3o judicial vai migrar para lei, ent\u00e3o como ela \u00e9 auto declarat\u00f3ria, para voc\u00ea participar do refis, o produtor dever\u00e1 procurar a Receita e informar que vendeu gado nos \u00faltimos 5 anos\u201d, comunicou o vice-presidente.<\/p>\n<p>Sexta-feira, dia 26, na R\u00e1dio Tucunar\u00e9 950 AM no quadro de entrevista do \u201cRep\u00f3rter Tucunar\u00e9\u201d, as 11 horas e 30 minutos, entrevista completa com Fernando Conte sobre a nova lei do FUNRURAL e outras informa\u00e7\u00f5es relevantes sobre a pecu\u00e1ria.<\/p>\n<p>A frequ\u00eancia da emissora \u00e9 950 AM e pode ser ouvida pelo site www.radiotucunare.com.br ou pelo app (IOS e ANDROID)<\/p>\n","protected":false},"excerpt":{"rendered":"<p>Entra em vigor nova Lei do FUNRURAL<\/p>\n","protected":false},"author":7,"featured_media":97982972,"comment_status":"closed","ping_status":"closed","sticky":false,"template":"","format":"standard","meta":{"footnotes":""},"categories":[1],"tags":[],"class_list":["post-97985667","post","type-post","status-publish","format-standard","has-post-thumbnail","hentry","category-noticia"],"yoast_head":"<!-- This site is optimized with the Yoast SEO plugin v24.8.1 - https:\/\/yoast.com\/wordpress\/plugins\/seo\/ -->\n<title>Vice presidente da ACRIMAT orienta produtores sobre o FUNRURAL - Acrimat<\/title>\n<meta name=\"robots\" content=\"index, follow, max-snippet:-1, max-image-preview:large, max-video-preview:-1\" \/>\n<link rel=\"canonical\" href=\"https:\/\/acrimat.org.br\/portal\/vice-presidente-da-acrimat-orienta-produtores-sobre-a-nova-lei-do-funrural-em-vigor\/\" \/>\n<meta property=\"og:locale\" content=\"pt_BR\" \/>\n<meta property=\"og:type\" content=\"article\" \/>\n<meta property=\"og:title\" content=\"Vice presidente da ACRIMAT orienta produtores sobre o FUNRURAL - Acrimat\" \/>\n<meta property=\"og:description\" content=\"Entra em vigor nova Lei do FUNRURAL\" \/>\n<meta property=\"og:url\" content=\"https:\/\/acrimat.org.br\/portal\/vice-presidente-da-acrimat-orienta-produtores-sobre-a-nova-lei-do-funrural-em-vigor\/\" \/>\n<meta property=\"og:site_name\" content=\"Acrimat\" \/>\n<meta property=\"article:published_time\" content=\"2018-01-25T17:09:22+00:00\" \/>\n<meta property=\"article:modified_time\" content=\"2018-01-25T17:26:03+00:00\" \/>\n<meta property=\"og:image\" content=\"https:\/\/acrimat.org.br\/portal\/wp-content\/uploads\/2017\/08\/11810.jpg\" \/>\n\t<meta property=\"og:image:width\" content=\"700\" \/>\n\t<meta property=\"og:image:height\" content=\"500\" \/>\n\t<meta property=\"og:image:type\" content=\"image\/jpeg\" \/>\n<meta name=\"author\" content=\"Assessoria de comunica\u00e7\u00e3o ACRIMAT\" \/>\n<meta name=\"twitter:card\" content=\"summary_large_image\" \/>\n<meta name=\"twitter:label1\" content=\"Escrito por\" \/>\n\t<meta name=\"twitter:data1\" content=\"Assessoria de comunica\u00e7\u00e3o ACRIMAT\" \/>\n\t<meta name=\"twitter:label2\" content=\"Est. tempo de leitura\" \/>\n\t<meta name=\"twitter:data2\" content=\"2 minutos\" \/>\n<script type=\"application\/ld+json\" class=\"yoast-schema-graph\">{\"@context\":\"https:\/\/schema.org\",\"@graph\":[{\"@type\":\"Article\",\"@id\":\"https:\/\/acrimat.org.br\/portal\/vice-presidente-da-acrimat-orienta-produtores-sobre-a-nova-lei-do-funrural-em-vigor\/#article\",\"isPartOf\":{\"@id\":\"https:\/\/acrimat.org.br\/portal\/vice-presidente-da-acrimat-orienta-produtores-sobre-a-nova-lei-do-funrural-em-vigor\/\"},\"author\":{\"name\":\"Assessoria de comunica\u00e7\u00e3o ACRIMAT\",\"@id\":\"https:\/\/acrimat.org.br\/portal\/#\/schema\/person\/a309b9496344ff991e8e1b1d751fdd7b\"},\"headline\":\"Vice presidente da ACRIMAT orienta produtores sobre o FUNRURAL\",\"datePublished\":\"2018-01-25T17:09:22+00:00\",\"dateModified\":\"2018-01-25T17:26:03+00:00\",\"mainEntityOfPage\":{\"@id\":\"https:\/\/acrimat.org.br\/portal\/vice-presidente-da-acrimat-orienta-produtores-sobre-a-nova-lei-do-funrural-em-vigor\/\"},\"wordCount\":443,\"publisher\":{\"@id\":\"https:\/\/acrimat.org.br\/portal\/#organization\"},\"image\":{\"@id\":\"https:\/\/acrimat.org.br\/portal\/vice-presidente-da-acrimat-orienta-produtores-sobre-a-nova-lei-do-funrural-em-vigor\/#primaryimage\"},\"thumbnailUrl\":\"https:\/\/acrimat.org.br\/portal\/wp-content\/uploads\/2017\/08\/11810.jpg\",\"articleSection\":[\"Not\u00edcias\"],\"inLanguage\":\"pt-BR\"},{\"@type\":\"WebPage\",\"@id\":\"https:\/\/acrimat.org.br\/portal\/vice-presidente-da-acrimat-orienta-produtores-sobre-a-nova-lei-do-funrural-em-vigor\/\",\"url\":\"https:\/\/acrimat.org.br\/portal\/vice-presidente-da-acrimat-orienta-produtores-sobre-a-nova-lei-do-funrural-em-vigor\/\",\"name\":\"Vice presidente da ACRIMAT orienta produtores sobre o FUNRURAL - Acrimat\",\"isPartOf\":{\"@id\":\"https:\/\/acrimat.org.br\/portal\/#website\"},\"primaryImageOfPage\":{\"@id\":\"https:\/\/acrimat.org.br\/portal\/vice-presidente-da-acrimat-orienta-produtores-sobre-a-nova-lei-do-funrural-em-vigor\/#primaryimage\"},\"image\":{\"@id\":\"https:\/\/acrimat.org.br\/portal\/vice-presidente-da-acrimat-orienta-produtores-sobre-a-nova-lei-do-funrural-em-vigor\/#primaryimage\"},\"thumbnailUrl\":\"https:\/\/acrimat.org.br\/portal\/wp-content\/uploads\/2017\/08\/11810.jpg\",\"datePublished\":\"2018-01-25T17:09:22+00:00\",\"dateModified\":\"2018-01-25T17:26:03+00:00\",\"breadcrumb\":{\"@id\":\"https:\/\/acrimat.org.br\/portal\/vice-presidente-da-acrimat-orienta-produtores-sobre-a-nova-lei-do-funrural-em-vigor\/#breadcrumb\"},\"inLanguage\":\"pt-BR\",\"potentialAction\":[{\"@type\":\"ReadAction\",\"target\":[\"https:\/\/acrimat.org.br\/portal\/vice-presidente-da-acrimat-orienta-produtores-sobre-a-nova-lei-do-funrural-em-vigor\/\"]}]},{\"@type\":\"ImageObject\",\"inLanguage\":\"pt-BR\",\"@id\":\"https:\/\/acrimat.org.br\/portal\/vice-presidente-da-acrimat-orienta-produtores-sobre-a-nova-lei-do-funrural-em-vigor\/#primaryimage\",\"url\":\"https:\/\/acrimat.org.br\/portal\/wp-content\/uploads\/2017\/08\/11810.jpg\",\"contentUrl\":\"https:\/\/acrimat.org.br\/portal\/wp-content\/uploads\/2017\/08\/11810.jpg\",\"width\":700,\"height\":500,\"caption\":\"Com o uso de progesterona oral fornecida no suplemento foi poss\u00edvel registrar um aumento de at\u00e9 8% nas taxas de prenhez\"},{\"@type\":\"BreadcrumbList\",\"@id\":\"https:\/\/acrimat.org.br\/portal\/vice-presidente-da-acrimat-orienta-produtores-sobre-a-nova-lei-do-funrural-em-vigor\/#breadcrumb\",\"itemListElement\":[{\"@type\":\"ListItem\",\"position\":1,\"name\":\"In\u00edcio\",\"item\":\"https:\/\/acrimat.org.br\/portal\/\"},{\"@type\":\"ListItem\",\"position\":2,\"name\":\"Vice presidente da ACRIMAT orienta produtores sobre o FUNRURAL\"}]},{\"@type\":\"WebSite\",\"@id\":\"https:\/\/acrimat.org.br\/portal\/#website\",\"url\":\"https:\/\/acrimat.org.br\/portal\/\",\"name\":\"Acrimat\",\"description\":\"Associa\u00e7\u00e3o dos Criadores de Mato Grosso\",\"publisher\":{\"@id\":\"https:\/\/acrimat.org.br\/portal\/#organization\"},\"potentialAction\":[{\"@type\":\"SearchAction\",\"target\":{\"@type\":\"EntryPoint\",\"urlTemplate\":\"https:\/\/acrimat.org.br\/portal\/?s={search_term_string}\"},\"query-input\":{\"@type\":\"PropertyValueSpecification\",\"valueRequired\":true,\"valueName\":\"search_term_string\"}}],\"inLanguage\":\"pt-BR\"},{\"@type\":\"Organization\",\"@id\":\"https:\/\/acrimat.org.br\/portal\/#organization\",\"name\":\"Associa\u00e7\u00e3o dos Criadores de Mato Grosso\",\"url\":\"https:\/\/acrimat.org.br\/portal\/\",\"logo\":{\"@type\":\"ImageObject\",\"inLanguage\":\"pt-BR\",\"@id\":\"https:\/\/acrimat.org.br\/portal\/#\/schema\/logo\/image\/\",\"url\":\"https:\/\/acrimat.org.br\/portal\/wp-content\/uploads\/2018\/03\/logo-peq-original.png\",\"contentUrl\":\"https:\/\/acrimat.org.br\/portal\/wp-content\/uploads\/2018\/03\/logo-peq-original.png\",\"width\":174,\"height\":171,\"caption\":\"Associa\u00e7\u00e3o dos Criadores de Mato Grosso\"},\"image\":{\"@id\":\"https:\/\/acrimat.org.br\/portal\/#\/schema\/logo\/image\/\"}},{\"@type\":\"Person\",\"@id\":\"https:\/\/acrimat.org.br\/portal\/#\/schema\/person\/a309b9496344ff991e8e1b1d751fdd7b\",\"name\":\"Assessoria de comunica\u00e7\u00e3o ACRIMAT\",\"image\":{\"@type\":\"ImageObject\",\"inLanguage\":\"pt-BR\",\"@id\":\"https:\/\/acrimat.org.br\/portal\/#\/schema\/person\/image\/\",\"url\":\"https:\/\/secure.gravatar.com\/avatar\/2f9c28e64c317bcd762b25cb1575f1b4?s=96&d=mm&r=g\",\"contentUrl\":\"https:\/\/secure.gravatar.com\/avatar\/2f9c28e64c317bcd762b25cb1575f1b4?s=96&d=mm&r=g\",\"caption\":\"Assessoria de comunica\u00e7\u00e3o ACRIMAT\"},\"sameAs\":[\"http:\/\/acrimat.org.br\/\"],\"url\":\"https:\/\/acrimat.org.br\/portal\/author\/ascom\/\"}]}<\/script>\n<!-- \/ Yoast SEO plugin. -->","yoast_head_json":{"title":"Vice presidente da ACRIMAT orienta produtores sobre o FUNRURAL - Acrimat","robots":{"index":"index","follow":"follow","max-snippet":"max-snippet:-1","max-image-preview":"max-image-preview:large","max-video-preview":"max-video-preview:-1"},"canonical":"https:\/\/acrimat.org.br\/portal\/vice-presidente-da-acrimat-orienta-produtores-sobre-a-nova-lei-do-funrural-em-vigor\/","og_locale":"pt_BR","og_type":"article","og_title":"Vice presidente da ACRIMAT orienta produtores sobre o FUNRURAL - Acrimat","og_description":"Entra em vigor nova Lei do FUNRURAL","og_url":"https:\/\/acrimat.org.br\/portal\/vice-presidente-da-acrimat-orienta-produtores-sobre-a-nova-lei-do-funrural-em-vigor\/","og_site_name":"Acrimat","article_published_time":"2018-01-25T17:09:22+00:00","article_modified_time":"2018-01-25T17:26:03+00:00","og_image":[{"width":700,"height":500,"url":"https:\/\/acrimat.org.br\/portal\/wp-content\/uploads\/2017\/08\/11810.jpg","type":"image\/jpeg"}],"author":"Assessoria de comunica\u00e7\u00e3o ACRIMAT","twitter_card":"summary_large_image","twitter_misc":{"Escrito por":"Assessoria de comunica\u00e7\u00e3o ACRIMAT","Est. tempo de leitura":"2 minutos"},"schema":{"@context":"https:\/\/schema.org","@graph":[{"@type":"Article","@id":"https:\/\/acrimat.org.br\/portal\/vice-presidente-da-acrimat-orienta-produtores-sobre-a-nova-lei-do-funrural-em-vigor\/#article","isPartOf":{"@id":"https:\/\/acrimat.org.br\/portal\/vice-presidente-da-acrimat-orienta-produtores-sobre-a-nova-lei-do-funrural-em-vigor\/"},"author":{"name":"Assessoria de comunica\u00e7\u00e3o ACRIMAT","@id":"https:\/\/acrimat.org.br\/portal\/#\/schema\/person\/a309b9496344ff991e8e1b1d751fdd7b"},"headline":"Vice presidente da ACRIMAT orienta produtores sobre o FUNRURAL","datePublished":"2018-01-25T17:09:22+00:00","dateModified":"2018-01-25T17:26:03+00:00","mainEntityOfPage":{"@id":"https:\/\/acrimat.org.br\/portal\/vice-presidente-da-acrimat-orienta-produtores-sobre-a-nova-lei-do-funrural-em-vigor\/"},"wordCount":443,"publisher":{"@id":"https:\/\/acrimat.org.br\/portal\/#organization"},"image":{"@id":"https:\/\/acrimat.org.br\/portal\/vice-presidente-da-acrimat-orienta-produtores-sobre-a-nova-lei-do-funrural-em-vigor\/#primaryimage"},"thumbnailUrl":"https:\/\/acrimat.org.br\/portal\/wp-content\/uploads\/2017\/08\/11810.jpg","articleSection":["Not\u00edcias"],"inLanguage":"pt-BR"},{"@type":"WebPage","@id":"https:\/\/acrimat.org.br\/portal\/vice-presidente-da-acrimat-orienta-produtores-sobre-a-nova-lei-do-funrural-em-vigor\/","url":"https:\/\/acrimat.org.br\/portal\/vice-presidente-da-acrimat-orienta-produtores-sobre-a-nova-lei-do-funrural-em-vigor\/","name":"Vice presidente da ACRIMAT orienta produtores sobre o FUNRURAL - Acrimat","isPartOf":{"@id":"https:\/\/acrimat.org.br\/portal\/#website"},"primaryImageOfPage":{"@id":"https:\/\/acrimat.org.br\/portal\/vice-presidente-da-acrimat-orienta-produtores-sobre-a-nova-lei-do-funrural-em-vigor\/#primaryimage"},"image":{"@id":"https:\/\/acrimat.org.br\/portal\/vice-presidente-da-acrimat-orienta-produtores-sobre-a-nova-lei-do-funrural-em-vigor\/#primaryimage"},"thumbnailUrl":"https:\/\/acrimat.org.br\/portal\/wp-content\/uploads\/2017\/08\/11810.jpg","datePublished":"2018-01-25T17:09:22+00:00","dateModified":"2018-01-25T17:26:03+00:00","breadcrumb":{"@id":"https:\/\/acrimat.org.br\/portal\/vice-presidente-da-acrimat-orienta-produtores-sobre-a-nova-lei-do-funrural-em-vigor\/#breadcrumb"},"inLanguage":"pt-BR","potentialAction":[{"@type":"ReadAction","target":["https:\/\/acrimat.org.br\/portal\/vice-presidente-da-acrimat-orienta-produtores-sobre-a-nova-lei-do-funrural-em-vigor\/"]}]},{"@type":"ImageObject","inLanguage":"pt-BR","@id":"https:\/\/acrimat.org.br\/portal\/vice-presidente-da-acrimat-orienta-produtores-sobre-a-nova-lei-do-funrural-em-vigor\/#primaryimage","url":"https:\/\/acrimat.org.br\/portal\/wp-content\/uploads\/2017\/08\/11810.jpg","contentUrl":"https:\/\/acrimat.org.br\/portal\/wp-content\/uploads\/2017\/08\/11810.jpg","width":700,"height":500,"caption":"Com o uso de progesterona oral fornecida no suplemento foi poss\u00edvel registrar um aumento de at\u00e9 8% nas taxas de prenhez"},{"@type":"BreadcrumbList","@id":"https:\/\/acrimat.org.br\/portal\/vice-presidente-da-acrimat-orienta-produtores-sobre-a-nova-lei-do-funrural-em-vigor\/#breadcrumb","itemListElement":[{"@type":"ListItem","position":1,"name":"In\u00edcio","item":"https:\/\/acrimat.org.br\/portal\/"},{"@type":"ListItem","position":2,"name":"Vice presidente da ACRIMAT orienta produtores sobre o FUNRURAL"}]},{"@type":"WebSite","@id":"https:\/\/acrimat.org.br\/portal\/#website","url":"https:\/\/acrimat.org.br\/portal\/","name":"Acrimat","description":"Associa\u00e7\u00e3o dos Criadores de Mato Grosso","publisher":{"@id":"https:\/\/acrimat.org.br\/portal\/#organization"},"potentialAction":[{"@type":"SearchAction","target":{"@type":"EntryPoint","urlTemplate":"https:\/\/acrimat.org.br\/portal\/?s={search_term_string}"},"query-input":{"@type":"PropertyValueSpecification","valueRequired":true,"valueName":"search_term_string"}}],"inLanguage":"pt-BR"},{"@type":"Organization","@id":"https:\/\/acrimat.org.br\/portal\/#organization","name":"Associa\u00e7\u00e3o dos Criadores de Mato Grosso","url":"https:\/\/acrimat.org.br\/portal\/","logo":{"@type":"ImageObject","inLanguage":"pt-BR","@id":"https:\/\/acrimat.org.br\/portal\/#\/schema\/logo\/image\/","url":"https:\/\/acrimat.org.br\/portal\/wp-content\/uploads\/2018\/03\/logo-peq-original.png","contentUrl":"https:\/\/acrimat.org.br\/portal\/wp-content\/uploads\/2018\/03\/logo-peq-original.png","width":174,"height":171,"caption":"Associa\u00e7\u00e3o dos Criadores de Mato Grosso"},"image":{"@id":"https:\/\/acrimat.org.br\/portal\/#\/schema\/logo\/image\/"}},{"@type":"Person","@id":"https:\/\/acrimat.org.br\/portal\/#\/schema\/person\/a309b9496344ff991e8e1b1d751fdd7b","name":"Assessoria de comunica\u00e7\u00e3o ACRIMAT","image":{"@type":"ImageObject","inLanguage":"pt-BR","@id":"https:\/\/acrimat.org.br\/portal\/#\/schema\/person\/image\/","url":"https:\/\/secure.gravatar.com\/avatar\/2f9c28e64c317bcd762b25cb1575f1b4?s=96&d=mm&r=g","contentUrl":"https:\/\/secure.gravatar.com\/avatar\/2f9c28e64c317bcd762b25cb1575f1b4?s=96&d=mm&r=g","caption":"Assessoria de comunica\u00e7\u00e3o ACRIMAT"},"sameAs":["http:\/\/acrimat.org.br\/"],"url":"https:\/\/acrimat.org.br\/portal\/author\/ascom\/"}]}},"_links":{"self":[{"href":"https:\/\/acrimat.org.br\/portal\/wp-json\/wp\/v2\/posts\/97985667","targetHints":{"allow":["GET"]}}],"collection":[{"href":"https:\/\/acrimat.org.br\/portal\/wp-json\/wp\/v2\/posts"}],"about":[{"href":"https:\/\/acrimat.org.br\/portal\/wp-json\/wp\/v2\/types\/post"}],"author":[{"embeddable":true,"href":"https:\/\/acrimat.org.br\/portal\/wp-json\/wp\/v2\/users\/7"}],"replies":[{"embeddable":true,"href":"https:\/\/acrimat.org.br\/portal\/wp-json\/wp\/v2\/comments?post=97985667"}],"version-history":[{"count":2,"href":"https:\/\/acrimat.org.br\/portal\/wp-json\/wp\/v2\/posts\/97985667\/revisions"}],"predecessor-version":[{"id":97985670,"href":"https:\/\/acrimat.org.br\/portal\/wp-json\/wp\/v2\/posts\/97985667\/revisions\/97985670"}],"wp:featuredmedia":[{"embeddable":true,"href":"https:\/\/acrimat.org.br\/portal\/wp-json\/wp\/v2\/media\/97982972"}],"wp:attachment":[{"href":"https:\/\/acrimat.org.br\/portal\/wp-json\/wp\/v2\/media?parent=97985667"}],"wp:term":[{"taxonomy":"category","embeddable":true,"href":"https:\/\/acrimat.org.br\/portal\/wp-json\/wp\/v2\/categories?post=97985667"},{"taxonomy":"post_tag","embeddable":true,"href":"https:\/\/acrimat.org.br\/portal\/wp-json\/wp\/v2\/tags?post=97985667"}],"curies":[{"name":"wp","href":"https:\/\/api.w.org\/{rel}","templated":true}]}}