{"id":97985677,"date":"2018-01-26T08:49:48","date_gmt":"2018-01-26T11:49:48","guid":{"rendered":"http:\/\/acrimat.org.br\/portal\/?p=97985677"},"modified":"2018-01-26T08:52:50","modified_gmt":"2018-01-26T11:52:50","slug":"mt-entra-na-rota-da-exportacao-de-boi-em-pe","status":"publish","type":"post","link":"https:\/\/acrimat.org.br\/portal\/mt-entra-na-rota-da-exportacao-de-boi-em-pe\/","title":{"rendered":"MT entra na rota da exporta\u00e7\u00e3o de boi em p\u00e9"},"content":{"rendered":"<p>No Mato Grosso, as demandas de exporta\u00e7\u00f5es de animais em p\u00e9 v\u00eam aumentando, sendo que os principais compradores s\u00e3o dos Emirados \u00c1rabes, Egito e a Europa. No entanto, alguns frigor\u00edficos do estado est\u00e3o fazendo as intermedia\u00e7\u00f5es das vendas.<\/p>\n<p>De acordo com o Presidente da Comiss\u00e3o de Pecu\u00e1ria da Famato, Neto Gouveia, nove plantas frigor\u00edficas est\u00e3o fechadas, sendo que algumas est\u00e3o sem funcionamento h\u00e1 mais de tr\u00eas anos. \u201dO estado \u00e9 servido por 21 plantas. Muitas que est\u00e3o paradas e alguns est\u00e3o reabrindo agora. Eu acho que os pecuaristas precisavam ser beneficiados com esse super\u00e1vit, com esses recordes nas exporta\u00e7\u00f5es\u201d, ressalta.<\/p>\n<p>Em rela\u00e7\u00e3o \u00e0 rentabilidade, a lideran\u00e7a saliente que \u00e9 uma op\u00e7\u00e3o a mais para desovar a mercadoria. Al\u00e9m disso, tem muitos compradores interessados em adquirir boi magro e fazer a engorda em outro pa\u00eds.<\/p>\n<p>Contudo, o Instituto Mato-grossense de Economia Agropecu\u00e1ria (IMEA) est\u00e1 preparando um levantamento para determinar o tamanho da demanda desse mercado pecu\u00e1rio, por exporta\u00e7\u00e3o de boi em p\u00e9, no estado.<\/p>\n<p>\u201cVai ser feito um levantamento sobre o balan\u00e7o de 2017 e as perspectivas para este ano. E para dizer quantos animais t\u00eam e quantos players novos est\u00e3o entrando neste mercado\u201d, afirma o presidente.<\/p>\n<p><strong>Pre\u00e7os<\/strong><\/p>\n<p>Atualmente, h\u00e1 neg\u00f3cios de boi gordo no estado girando por volta dos R$ 134,00\/@, sendo que na semana passada as negocia\u00e7\u00f5es estavam em torno de R$ 137,00\/@. J\u00e1 para o mercado de gado magro, os pre\u00e7os das f\u00eameas est\u00e3o girando em torno de R$ 5,10 kg vivo e para o macho est\u00e1 por volta de R$ 6,60 kg vivo.<\/p>\n<p>\u201cIsso \u00e9 \u00f3timo, se voc\u00ea pegar R$ 6,00 kg e multiplicar por 30 e vai vender a arroba por R$ 180,00. Eu acredito que esse novo mercado de exporta\u00e7\u00e3o veio para ficar, pois o crescimento \u00e9 bem significativo,\u201d finaliza.<\/p>\n","protected":false},"excerpt":{"rendered":"<p>As demandas de exporta\u00e7\u00f5es de animais em p\u00e9 v\u00eam aumentando e anima pecuaristas<\/p>\n","protected":false},"author":7,"featured_media":97985186,"comment_status":"closed","ping_status":"closed","sticky":false,"template":"","format":"standard","meta":{"footnotes":""},"categories":[6,1],"tags":[],"class_list":["post-97985677","post","type-post","status-publish","format-standard","has-post-thumbnail","hentry","category-destaque","category-noticia"],"yoast_head":"<!-- This site is optimized with the Yoast SEO plugin v24.8.1 - https:\/\/yoast.com\/wordpress\/plugins\/seo\/ -->\n<title>MT entra na rota da exporta\u00e7\u00e3o de boi em p\u00e9 - Acrimat<\/title>\n<meta name=\"robots\" content=\"index, follow, max-snippet:-1, max-image-preview:large, max-video-preview:-1\" \/>\n<link rel=\"canonical\" href=\"https:\/\/acrimat.org.br\/portal\/mt-entra-na-rota-da-exportacao-de-boi-em-pe\/\" \/>\n<meta property=\"og:locale\" content=\"pt_BR\" \/>\n<meta property=\"og:type\" content=\"article\" \/>\n<meta property=\"og:title\" content=\"MT entra na rota da exporta\u00e7\u00e3o de boi em p\u00e9 - Acrimat\" \/>\n<meta property=\"og:description\" content=\"As demandas de exporta\u00e7\u00f5es de animais em p\u00e9 v\u00eam aumentando e anima pecuaristas\" \/>\n<meta property=\"og:url\" content=\"https:\/\/acrimat.org.br\/portal\/mt-entra-na-rota-da-exportacao-de-boi-em-pe\/\" \/>\n<meta property=\"og:site_name\" content=\"Acrimat\" \/>\n<meta property=\"article:published_time\" content=\"2018-01-26T11:49:48+00:00\" \/>\n<meta property=\"article:modified_time\" content=\"2018-01-26T11:52:50+00:00\" \/>\n<meta property=\"og:image\" content=\"https:\/\/acrimat.org.br\/portal\/wp-content\/uploads\/2017\/12\/mg_1967.jpg\" \/>\n\t<meta property=\"og:image:width\" content=\"1181\" \/>\n\t<meta property=\"og:image:height\" content=\"787\" \/>\n\t<meta property=\"og:image:type\" content=\"image\/jpeg\" \/>\n<meta name=\"author\" content=\"Assessoria de comunica\u00e7\u00e3o ACRIMAT\" \/>\n<meta name=\"twitter:card\" content=\"summary_large_image\" \/>\n<meta name=\"twitter:label1\" content=\"Escrito por\" \/>\n\t<meta name=\"twitter:data1\" content=\"Assessoria de comunica\u00e7\u00e3o ACRIMAT\" \/>\n\t<meta name=\"twitter:label2\" content=\"Est. tempo de leitura\" \/>\n\t<meta name=\"twitter:data2\" content=\"2 minutos\" \/>\n<script type=\"application\/ld+json\" class=\"yoast-schema-graph\">{\"@context\":\"https:\/\/schema.org\",\"@graph\":[{\"@type\":\"Article\",\"@id\":\"https:\/\/acrimat.org.br\/portal\/mt-entra-na-rota-da-exportacao-de-boi-em-pe\/#article\",\"isPartOf\":{\"@id\":\"https:\/\/acrimat.org.br\/portal\/mt-entra-na-rota-da-exportacao-de-boi-em-pe\/\"},\"author\":{\"name\":\"Assessoria de comunica\u00e7\u00e3o ACRIMAT\",\"@id\":\"https:\/\/acrimat.org.br\/portal\/#\/schema\/person\/a309b9496344ff991e8e1b1d751fdd7b\"},\"headline\":\"MT entra na rota da exporta\u00e7\u00e3o de boi em p\u00e9\",\"datePublished\":\"2018-01-26T11:49:48+00:00\",\"dateModified\":\"2018-01-26T11:52:50+00:00\",\"mainEntityOfPage\":{\"@id\":\"https:\/\/acrimat.org.br\/portal\/mt-entra-na-rota-da-exportacao-de-boi-em-pe\/\"},\"wordCount\":326,\"publisher\":{\"@id\":\"https:\/\/acrimat.org.br\/portal\/#organization\"},\"image\":{\"@id\":\"https:\/\/acrimat.org.br\/portal\/mt-entra-na-rota-da-exportacao-de-boi-em-pe\/#primaryimage\"},\"thumbnailUrl\":\"https:\/\/acrimat.org.br\/portal\/wp-content\/uploads\/2017\/12\/mg_1967.jpg\",\"articleSection\":[\"Destaques\",\"Not\u00edcias\"],\"inLanguage\":\"pt-BR\"},{\"@type\":\"WebPage\",\"@id\":\"https:\/\/acrimat.org.br\/portal\/mt-entra-na-rota-da-exportacao-de-boi-em-pe\/\",\"url\":\"https:\/\/acrimat.org.br\/portal\/mt-entra-na-rota-da-exportacao-de-boi-em-pe\/\",\"name\":\"MT entra na rota da exporta\u00e7\u00e3o de boi em p\u00e9 - Acrimat\",\"isPartOf\":{\"@id\":\"https:\/\/acrimat.org.br\/portal\/#website\"},\"primaryImageOfPage\":{\"@id\":\"https:\/\/acrimat.org.br\/portal\/mt-entra-na-rota-da-exportacao-de-boi-em-pe\/#primaryimage\"},\"image\":{\"@id\":\"https:\/\/acrimat.org.br\/portal\/mt-entra-na-rota-da-exportacao-de-boi-em-pe\/#primaryimage\"},\"thumbnailUrl\":\"https:\/\/acrimat.org.br\/portal\/wp-content\/uploads\/2017\/12\/mg_1967.jpg\",\"datePublished\":\"2018-01-26T11:49:48+00:00\",\"dateModified\":\"2018-01-26T11:52:50+00:00\",\"breadcrumb\":{\"@id\":\"https:\/\/acrimat.org.br\/portal\/mt-entra-na-rota-da-exportacao-de-boi-em-pe\/#breadcrumb\"},\"inLanguage\":\"pt-BR\",\"potentialAction\":[{\"@type\":\"ReadAction\",\"target\":[\"https:\/\/acrimat.org.br\/portal\/mt-entra-na-rota-da-exportacao-de-boi-em-pe\/\"]}]},{\"@type\":\"ImageObject\",\"inLanguage\":\"pt-BR\",\"@id\":\"https:\/\/acrimat.org.br\/portal\/mt-entra-na-rota-da-exportacao-de-boi-em-pe\/#primaryimage\",\"url\":\"https:\/\/acrimat.org.br\/portal\/wp-content\/uploads\/2017\/12\/mg_1967.jpg\",\"contentUrl\":\"https:\/\/acrimat.org.br\/portal\/wp-content\/uploads\/2017\/12\/mg_1967.jpg\",\"width\":1181,\"height\":787},{\"@type\":\"BreadcrumbList\",\"@id\":\"https:\/\/acrimat.org.br\/portal\/mt-entra-na-rota-da-exportacao-de-boi-em-pe\/#breadcrumb\",\"itemListElement\":[{\"@type\":\"ListItem\",\"position\":1,\"name\":\"In\u00edcio\",\"item\":\"https:\/\/acrimat.org.br\/portal\/\"},{\"@type\":\"ListItem\",\"position\":2,\"name\":\"MT entra na rota da exporta\u00e7\u00e3o de boi em p\u00e9\"}]},{\"@type\":\"WebSite\",\"@id\":\"https:\/\/acrimat.org.br\/portal\/#website\",\"url\":\"https:\/\/acrimat.org.br\/portal\/\",\"name\":\"Acrimat\",\"description\":\"Associa\u00e7\u00e3o dos Criadores de Mato Grosso\",\"publisher\":{\"@id\":\"https:\/\/acrimat.org.br\/portal\/#organization\"},\"potentialAction\":[{\"@type\":\"SearchAction\",\"target\":{\"@type\":\"EntryPoint\",\"urlTemplate\":\"https:\/\/acrimat.org.br\/portal\/?s={search_term_string}\"},\"query-input\":{\"@type\":\"PropertyValueSpecification\",\"valueRequired\":true,\"valueName\":\"search_term_string\"}}],\"inLanguage\":\"pt-BR\"},{\"@type\":\"Organization\",\"@id\":\"https:\/\/acrimat.org.br\/portal\/#organization\",\"name\":\"Associa\u00e7\u00e3o dos Criadores de Mato Grosso\",\"url\":\"https:\/\/acrimat.org.br\/portal\/\",\"logo\":{\"@type\":\"ImageObject\",\"inLanguage\":\"pt-BR\",\"@id\":\"https:\/\/acrimat.org.br\/portal\/#\/schema\/logo\/image\/\",\"url\":\"https:\/\/acrimat.org.br\/portal\/wp-content\/uploads\/2018\/03\/logo-peq-original.png\",\"contentUrl\":\"https:\/\/acrimat.org.br\/portal\/wp-content\/uploads\/2018\/03\/logo-peq-original.png\",\"width\":174,\"height\":171,\"caption\":\"Associa\u00e7\u00e3o dos Criadores de Mato Grosso\"},\"image\":{\"@id\":\"https:\/\/acrimat.org.br\/portal\/#\/schema\/logo\/image\/\"}},{\"@type\":\"Person\",\"@id\":\"https:\/\/acrimat.org.br\/portal\/#\/schema\/person\/a309b9496344ff991e8e1b1d751fdd7b\",\"name\":\"Assessoria de comunica\u00e7\u00e3o ACRIMAT\",\"image\":{\"@type\":\"ImageObject\",\"inLanguage\":\"pt-BR\",\"@id\":\"https:\/\/acrimat.org.br\/portal\/#\/schema\/person\/image\/\",\"url\":\"https:\/\/secure.gravatar.com\/avatar\/2f9c28e64c317bcd762b25cb1575f1b4?s=96&d=mm&r=g\",\"contentUrl\":\"https:\/\/secure.gravatar.com\/avatar\/2f9c28e64c317bcd762b25cb1575f1b4?s=96&d=mm&r=g\",\"caption\":\"Assessoria de comunica\u00e7\u00e3o ACRIMAT\"},\"sameAs\":[\"http:\/\/acrimat.org.br\/\"],\"url\":\"https:\/\/acrimat.org.br\/portal\/author\/ascom\/\"}]}<\/script>\n<!-- \/ Yoast SEO plugin. -->","yoast_head_json":{"title":"MT entra na rota da exporta\u00e7\u00e3o de boi em p\u00e9 - Acrimat","robots":{"index":"index","follow":"follow","max-snippet":"max-snippet:-1","max-image-preview":"max-image-preview:large","max-video-preview":"max-video-preview:-1"},"canonical":"https:\/\/acrimat.org.br\/portal\/mt-entra-na-rota-da-exportacao-de-boi-em-pe\/","og_locale":"pt_BR","og_type":"article","og_title":"MT entra na rota da exporta\u00e7\u00e3o de boi em p\u00e9 - Acrimat","og_description":"As demandas de exporta\u00e7\u00f5es de animais em p\u00e9 v\u00eam aumentando e anima pecuaristas","og_url":"https:\/\/acrimat.org.br\/portal\/mt-entra-na-rota-da-exportacao-de-boi-em-pe\/","og_site_name":"Acrimat","article_published_time":"2018-01-26T11:49:48+00:00","article_modified_time":"2018-01-26T11:52:50+00:00","og_image":[{"width":1181,"height":787,"url":"https:\/\/acrimat.org.br\/portal\/wp-content\/uploads\/2017\/12\/mg_1967.jpg","type":"image\/jpeg"}],"author":"Assessoria de comunica\u00e7\u00e3o ACRIMAT","twitter_card":"summary_large_image","twitter_misc":{"Escrito por":"Assessoria de comunica\u00e7\u00e3o ACRIMAT","Est. tempo de leitura":"2 minutos"},"schema":{"@context":"https:\/\/schema.org","@graph":[{"@type":"Article","@id":"https:\/\/acrimat.org.br\/portal\/mt-entra-na-rota-da-exportacao-de-boi-em-pe\/#article","isPartOf":{"@id":"https:\/\/acrimat.org.br\/portal\/mt-entra-na-rota-da-exportacao-de-boi-em-pe\/"},"author":{"name":"Assessoria de comunica\u00e7\u00e3o ACRIMAT","@id":"https:\/\/acrimat.org.br\/portal\/#\/schema\/person\/a309b9496344ff991e8e1b1d751fdd7b"},"headline":"MT entra na rota da exporta\u00e7\u00e3o de boi em p\u00e9","datePublished":"2018-01-26T11:49:48+00:00","dateModified":"2018-01-26T11:52:50+00:00","mainEntityOfPage":{"@id":"https:\/\/acrimat.org.br\/portal\/mt-entra-na-rota-da-exportacao-de-boi-em-pe\/"},"wordCount":326,"publisher":{"@id":"https:\/\/acrimat.org.br\/portal\/#organization"},"image":{"@id":"https:\/\/acrimat.org.br\/portal\/mt-entra-na-rota-da-exportacao-de-boi-em-pe\/#primaryimage"},"thumbnailUrl":"https:\/\/acrimat.org.br\/portal\/wp-content\/uploads\/2017\/12\/mg_1967.jpg","articleSection":["Destaques","Not\u00edcias"],"inLanguage":"pt-BR"},{"@type":"WebPage","@id":"https:\/\/acrimat.org.br\/portal\/mt-entra-na-rota-da-exportacao-de-boi-em-pe\/","url":"https:\/\/acrimat.org.br\/portal\/mt-entra-na-rota-da-exportacao-de-boi-em-pe\/","name":"MT entra na rota da exporta\u00e7\u00e3o de boi em p\u00e9 - Acrimat","isPartOf":{"@id":"https:\/\/acrimat.org.br\/portal\/#website"},"primaryImageOfPage":{"@id":"https:\/\/acrimat.org.br\/portal\/mt-entra-na-rota-da-exportacao-de-boi-em-pe\/#primaryimage"},"image":{"@id":"https:\/\/acrimat.org.br\/portal\/mt-entra-na-rota-da-exportacao-de-boi-em-pe\/#primaryimage"},"thumbnailUrl":"https:\/\/acrimat.org.br\/portal\/wp-content\/uploads\/2017\/12\/mg_1967.jpg","datePublished":"2018-01-26T11:49:48+00:00","dateModified":"2018-01-26T11:52:50+00:00","breadcrumb":{"@id":"https:\/\/acrimat.org.br\/portal\/mt-entra-na-rota-da-exportacao-de-boi-em-pe\/#breadcrumb"},"inLanguage":"pt-BR","potentialAction":[{"@type":"ReadAction","target":["https:\/\/acrimat.org.br\/portal\/mt-entra-na-rota-da-exportacao-de-boi-em-pe\/"]}]},{"@type":"ImageObject","inLanguage":"pt-BR","@id":"https:\/\/acrimat.org.br\/portal\/mt-entra-na-rota-da-exportacao-de-boi-em-pe\/#primaryimage","url":"https:\/\/acrimat.org.br\/portal\/wp-content\/uploads\/2017\/12\/mg_1967.jpg","contentUrl":"https:\/\/acrimat.org.br\/portal\/wp-content\/uploads\/2017\/12\/mg_1967.jpg","width":1181,"height":787},{"@type":"BreadcrumbList","@id":"https:\/\/acrimat.org.br\/portal\/mt-entra-na-rota-da-exportacao-de-boi-em-pe\/#breadcrumb","itemListElement":[{"@type":"ListItem","position":1,"name":"In\u00edcio","item":"https:\/\/acrimat.org.br\/portal\/"},{"@type":"ListItem","position":2,"name":"MT entra na rota da exporta\u00e7\u00e3o de boi em p\u00e9"}]},{"@type":"WebSite","@id":"https:\/\/acrimat.org.br\/portal\/#website","url":"https:\/\/acrimat.org.br\/portal\/","name":"Acrimat","description":"Associa\u00e7\u00e3o dos Criadores de Mato Grosso","publisher":{"@id":"https:\/\/acrimat.org.br\/portal\/#organization"},"potentialAction":[{"@type":"SearchAction","target":{"@type":"EntryPoint","urlTemplate":"https:\/\/acrimat.org.br\/portal\/?s={search_term_string}"},"query-input":{"@type":"PropertyValueSpecification","valueRequired":true,"valueName":"search_term_string"}}],"inLanguage":"pt-BR"},{"@type":"Organization","@id":"https:\/\/acrimat.org.br\/portal\/#organization","name":"Associa\u00e7\u00e3o dos Criadores de Mato Grosso","url":"https:\/\/acrimat.org.br\/portal\/","logo":{"@type":"ImageObject","inLanguage":"pt-BR","@id":"https:\/\/acrimat.org.br\/portal\/#\/schema\/logo\/image\/","url":"https:\/\/acrimat.org.br\/portal\/wp-content\/uploads\/2018\/03\/logo-peq-original.png","contentUrl":"https:\/\/acrimat.org.br\/portal\/wp-content\/uploads\/2018\/03\/logo-peq-original.png","width":174,"height":171,"caption":"Associa\u00e7\u00e3o dos Criadores de Mato Grosso"},"image":{"@id":"https:\/\/acrimat.org.br\/portal\/#\/schema\/logo\/image\/"}},{"@type":"Person","@id":"https:\/\/acrimat.org.br\/portal\/#\/schema\/person\/a309b9496344ff991e8e1b1d751fdd7b","name":"Assessoria de comunica\u00e7\u00e3o ACRIMAT","image":{"@type":"ImageObject","inLanguage":"pt-BR","@id":"https:\/\/acrimat.org.br\/portal\/#\/schema\/person\/image\/","url":"https:\/\/secure.gravatar.com\/avatar\/2f9c28e64c317bcd762b25cb1575f1b4?s=96&d=mm&r=g","contentUrl":"https:\/\/secure.gravatar.com\/avatar\/2f9c28e64c317bcd762b25cb1575f1b4?s=96&d=mm&r=g","caption":"Assessoria de comunica\u00e7\u00e3o ACRIMAT"},"sameAs":["http:\/\/acrimat.org.br\/"],"url":"https:\/\/acrimat.org.br\/portal\/author\/ascom\/"}]}},"_links":{"self":[{"href":"https:\/\/acrimat.org.br\/portal\/wp-json\/wp\/v2\/posts\/97985677","targetHints":{"allow":["GET"]}}],"collection":[{"href":"https:\/\/acrimat.org.br\/portal\/wp-json\/wp\/v2\/posts"}],"about":[{"href":"https:\/\/acrimat.org.br\/portal\/wp-json\/wp\/v2\/types\/post"}],"author":[{"embeddable":true,"href":"https:\/\/acrimat.org.br\/portal\/wp-json\/wp\/v2\/users\/7"}],"replies":[{"embeddable":true,"href":"https:\/\/acrimat.org.br\/portal\/wp-json\/wp\/v2\/comments?post=97985677"}],"version-history":[{"count":1,"href":"https:\/\/acrimat.org.br\/portal\/wp-json\/wp\/v2\/posts\/97985677\/revisions"}],"predecessor-version":[{"id":97985678,"href":"https:\/\/acrimat.org.br\/portal\/wp-json\/wp\/v2\/posts\/97985677\/revisions\/97985678"}],"wp:featuredmedia":[{"embeddable":true,"href":"https:\/\/acrimat.org.br\/portal\/wp-json\/wp\/v2\/media\/97985186"}],"wp:attachment":[{"href":"https:\/\/acrimat.org.br\/portal\/wp-json\/wp\/v2\/media?parent=97985677"}],"wp:term":[{"taxonomy":"category","embeddable":true,"href":"https:\/\/acrimat.org.br\/portal\/wp-json\/wp\/v2\/categories?post=97985677"},{"taxonomy":"post_tag","embeddable":true,"href":"https:\/\/acrimat.org.br\/portal\/wp-json\/wp\/v2\/tags?post=97985677"}],"curies":[{"name":"wp","href":"https:\/\/api.w.org\/{rel}","templated":true}]}}