{"id":97985746,"date":"2018-02-02T08:38:16","date_gmt":"2018-02-02T11:38:16","guid":{"rendered":"http:\/\/acrimat.org.br\/portal\/?p=97985746"},"modified":"2018-02-02T09:23:23","modified_gmt":"2018-02-02T12:23:23","slug":"regulamentacao-de-uso-do-parque-ricardo-franco-mobiliza-produtores-rurais-e-moradores-da-regiao","status":"publish","type":"post","link":"https:\/\/acrimat.org.br\/portal\/regulamentacao-de-uso-do-parque-ricardo-franco-mobiliza-produtores-rurais-e-moradores-da-regiao\/","title":{"rendered":"Regulamenta\u00e7\u00e3o de Uso do Parque Ricardo Franco"},"content":{"rendered":"<p>Preocupados com a preserva\u00e7\u00e3o do Parque Estadual da Serra de Ricardo Franco, produtores rurais e moradores de Vila Bela da Sant\u00edssima Trindade (415 km de Cuiab\u00e1), compareceram maci\u00e7amente \u00e0 audi\u00eancia sobre o Regulamento do Uso P\u00fablico da \u00e1rea. O encontro aconteceu na ter\u00e7a-feira (30) com o intuito de contribuir com a regulamenta\u00e7\u00e3o do local, que conta com mais de 158 mil hectares, formando em conjunto com o Parque Nacional Noel Kempf (na Bol\u00edvia), o maior corredor ecol\u00f3gico do mundo.<\/p>\n<p>A regulamenta\u00e7\u00e3o \u00e9 apenas um dos pontos elencados pelo TAC 005\/2017, que entre outras coisas, exige o levantamento de georreferenciamento e o diagn\u00f3stico fundi\u00e1rio do Parque da Serra de Ricardo Franco. De acordo com a Secretaria de Estado de Meio Ambiente (Sema), os dois procedimentos j\u00e1 foram conclu\u00eddos e est\u00e3o em fase de finaliza\u00e7\u00e3o pela empresa Toposat Engenharia, contratada pelo poder p\u00fablico para garantir as exig\u00eancia do termo.<\/p>\n<p>\u201cN\u00f3s, produtores rurais, que moramos nas proximidades da Serra de Ricardo Franco, vivemos a expectativa pela regulamenta\u00e7\u00e3o do local, principalmente, porque o que mais prezamos \u00e9 a preserva\u00e7\u00e3o do Parque, j\u00e1 que se trata de uma fonte imensur\u00e1vel de diversidade ecol\u00f3gica e sem d\u00favidas uma farta fonte de recursos naturais que sustentam nosso povo\u201d, destaca Saulo Cintra Lemos, 55 anos, produtor rural desde 1978 em Vila Bela da Sant\u00edssima Trindade.<\/p>\n<p>J\u00e1 o gerente do Parque da Serra de Ricardo Franco, Laerte Marques, pontua que a regulariza\u00e7\u00e3o do parque \u00e9 de muita import\u00e2ncia n\u00e3o apenas para a popula\u00e7\u00e3o, como para todo o Estado. \u201cEste \u00e9 um processo que vai dar bons frutos aos moradores de Vila Bela al\u00e9m de garantir que toda a popula\u00e7\u00e3o possa se envolver no processo na valoriza\u00e7\u00e3o desta fonte de riquezas naturais, que \u00e9 o parque da Serra de Ricardo Franco\u201d.<\/p>\n<p>A regulamenta\u00e7\u00e3o ser\u00e1 institu\u00edda por prerrogativa da Pastas e cumpre a Cl\u00e1usula S\u00e9tima do Termo de Ajustamento de Conduta n\u00ba 0005\/2017 firmado entre o Minist\u00e9rio P\u00fablico Estadual (MPE-MT) e o governo do Estado. Haver\u00e1 ainda uma consulta p\u00fablica, realizada por meio do site da pasta (http:\/\/www.sema.mt.gov.br\/). A secretaria destaca que a iniciativa vai colaborar na consolida\u00e7\u00e3o da regulamenta\u00e7\u00e3o do uso p\u00fablico da Serra de Ricardo Franco.<\/p>\n","protected":false},"excerpt":{"rendered":"<p>A iniciativa vai colaborar na consolida\u00e7\u00e3o da regulamenta\u00e7\u00e3o do uso p\u00fablico da Serra de Ricardo Franco.<\/p>\n","protected":false},"author":7,"featured_media":97985747,"comment_status":"closed","ping_status":"closed","sticky":false,"template":"","format":"standard","meta":{"footnotes":""},"categories":[6,1],"tags":[],"class_list":["post-97985746","post","type-post","status-publish","format-standard","has-post-thumbnail","hentry","category-destaque","category-noticia"],"yoast_head":"<!-- This site is optimized with the Yoast SEO plugin v24.8.1 - https:\/\/yoast.com\/wordpress\/plugins\/seo\/ -->\n<title>Regulamenta\u00e7\u00e3o de Uso do Parque Ricardo Franco - Acrimat<\/title>\n<meta name=\"robots\" content=\"index, follow, max-snippet:-1, max-image-preview:large, max-video-preview:-1\" \/>\n<link rel=\"canonical\" href=\"https:\/\/acrimat.org.br\/portal\/regulamentacao-de-uso-do-parque-ricardo-franco-mobiliza-produtores-rurais-e-moradores-da-regiao\/\" \/>\n<meta property=\"og:locale\" content=\"pt_BR\" \/>\n<meta property=\"og:type\" content=\"article\" \/>\n<meta property=\"og:title\" content=\"Regulamenta\u00e7\u00e3o de Uso do Parque Ricardo Franco - Acrimat\" \/>\n<meta property=\"og:description\" content=\"A iniciativa vai colaborar na consolida\u00e7\u00e3o da regulamenta\u00e7\u00e3o do uso p\u00fablico da Serra de Ricardo Franco.\" \/>\n<meta property=\"og:url\" content=\"https:\/\/acrimat.org.br\/portal\/regulamentacao-de-uso-do-parque-ricardo-franco-mobiliza-produtores-rurais-e-moradores-da-regiao\/\" \/>\n<meta property=\"og:site_name\" content=\"Acrimat\" \/>\n<meta property=\"article:published_time\" content=\"2018-02-02T11:38:16+00:00\" \/>\n<meta property=\"article:modified_time\" content=\"2018-02-02T12:23:23+00:00\" \/>\n<meta property=\"og:image\" content=\"https:\/\/acrimat.org.br\/portal\/wp-content\/uploads\/2018\/02\/img_20150104_182526656_hdr-1.jpg\" \/>\n\t<meta property=\"og:image:width\" content=\"1456\" \/>\n\t<meta property=\"og:image:height\" content=\"819\" \/>\n\t<meta property=\"og:image:type\" content=\"image\/jpeg\" \/>\n<meta name=\"author\" content=\"Assessoria de comunica\u00e7\u00e3o ACRIMAT\" \/>\n<meta name=\"twitter:card\" content=\"summary_large_image\" \/>\n<meta name=\"twitter:label1\" content=\"Escrito por\" \/>\n\t<meta name=\"twitter:data1\" content=\"Assessoria de comunica\u00e7\u00e3o ACRIMAT\" \/>\n\t<meta name=\"twitter:label2\" content=\"Est. tempo de leitura\" \/>\n\t<meta name=\"twitter:data2\" content=\"2 minutos\" \/>\n<script type=\"application\/ld+json\" class=\"yoast-schema-graph\">{\"@context\":\"https:\/\/schema.org\",\"@graph\":[{\"@type\":\"Article\",\"@id\":\"https:\/\/acrimat.org.br\/portal\/regulamentacao-de-uso-do-parque-ricardo-franco-mobiliza-produtores-rurais-e-moradores-da-regiao\/#article\",\"isPartOf\":{\"@id\":\"https:\/\/acrimat.org.br\/portal\/regulamentacao-de-uso-do-parque-ricardo-franco-mobiliza-produtores-rurais-e-moradores-da-regiao\/\"},\"author\":{\"name\":\"Assessoria de comunica\u00e7\u00e3o ACRIMAT\",\"@id\":\"https:\/\/acrimat.org.br\/portal\/#\/schema\/person\/a309b9496344ff991e8e1b1d751fdd7b\"},\"headline\":\"Regulamenta\u00e7\u00e3o de Uso do Parque Ricardo Franco\",\"datePublished\":\"2018-02-02T11:38:16+00:00\",\"dateModified\":\"2018-02-02T12:23:23+00:00\",\"mainEntityOfPage\":{\"@id\":\"https:\/\/acrimat.org.br\/portal\/regulamentacao-de-uso-do-parque-ricardo-franco-mobiliza-produtores-rurais-e-moradores-da-regiao\/\"},\"wordCount\":398,\"publisher\":{\"@id\":\"https:\/\/acrimat.org.br\/portal\/#organization\"},\"image\":{\"@id\":\"https:\/\/acrimat.org.br\/portal\/regulamentacao-de-uso-do-parque-ricardo-franco-mobiliza-produtores-rurais-e-moradores-da-regiao\/#primaryimage\"},\"thumbnailUrl\":\"https:\/\/acrimat.org.br\/portal\/wp-content\/uploads\/2018\/02\/img_20150104_182526656_hdr-1.jpg\",\"articleSection\":[\"Destaques\",\"Not\u00edcias\"],\"inLanguage\":\"pt-BR\"},{\"@type\":\"WebPage\",\"@id\":\"https:\/\/acrimat.org.br\/portal\/regulamentacao-de-uso-do-parque-ricardo-franco-mobiliza-produtores-rurais-e-moradores-da-regiao\/\",\"url\":\"https:\/\/acrimat.org.br\/portal\/regulamentacao-de-uso-do-parque-ricardo-franco-mobiliza-produtores-rurais-e-moradores-da-regiao\/\",\"name\":\"Regulamenta\u00e7\u00e3o de Uso do Parque Ricardo Franco - Acrimat\",\"isPartOf\":{\"@id\":\"https:\/\/acrimat.org.br\/portal\/#website\"},\"primaryImageOfPage\":{\"@id\":\"https:\/\/acrimat.org.br\/portal\/regulamentacao-de-uso-do-parque-ricardo-franco-mobiliza-produtores-rurais-e-moradores-da-regiao\/#primaryimage\"},\"image\":{\"@id\":\"https:\/\/acrimat.org.br\/portal\/regulamentacao-de-uso-do-parque-ricardo-franco-mobiliza-produtores-rurais-e-moradores-da-regiao\/#primaryimage\"},\"thumbnailUrl\":\"https:\/\/acrimat.org.br\/portal\/wp-content\/uploads\/2018\/02\/img_20150104_182526656_hdr-1.jpg\",\"datePublished\":\"2018-02-02T11:38:16+00:00\",\"dateModified\":\"2018-02-02T12:23:23+00:00\",\"breadcrumb\":{\"@id\":\"https:\/\/acrimat.org.br\/portal\/regulamentacao-de-uso-do-parque-ricardo-franco-mobiliza-produtores-rurais-e-moradores-da-regiao\/#breadcrumb\"},\"inLanguage\":\"pt-BR\",\"potentialAction\":[{\"@type\":\"ReadAction\",\"target\":[\"https:\/\/acrimat.org.br\/portal\/regulamentacao-de-uso-do-parque-ricardo-franco-mobiliza-produtores-rurais-e-moradores-da-regiao\/\"]}]},{\"@type\":\"ImageObject\",\"inLanguage\":\"pt-BR\",\"@id\":\"https:\/\/acrimat.org.br\/portal\/regulamentacao-de-uso-do-parque-ricardo-franco-mobiliza-produtores-rurais-e-moradores-da-regiao\/#primaryimage\",\"url\":\"https:\/\/acrimat.org.br\/portal\/wp-content\/uploads\/2018\/02\/img_20150104_182526656_hdr-1.jpg\",\"contentUrl\":\"https:\/\/acrimat.org.br\/portal\/wp-content\/uploads\/2018\/02\/img_20150104_182526656_hdr-1.jpg\",\"width\":1456,\"height\":819},{\"@type\":\"BreadcrumbList\",\"@id\":\"https:\/\/acrimat.org.br\/portal\/regulamentacao-de-uso-do-parque-ricardo-franco-mobiliza-produtores-rurais-e-moradores-da-regiao\/#breadcrumb\",\"itemListElement\":[{\"@type\":\"ListItem\",\"position\":1,\"name\":\"In\u00edcio\",\"item\":\"https:\/\/acrimat.org.br\/portal\/\"},{\"@type\":\"ListItem\",\"position\":2,\"name\":\"Regulamenta\u00e7\u00e3o de Uso do Parque Ricardo Franco\"}]},{\"@type\":\"WebSite\",\"@id\":\"https:\/\/acrimat.org.br\/portal\/#website\",\"url\":\"https:\/\/acrimat.org.br\/portal\/\",\"name\":\"Acrimat\",\"description\":\"Associa\u00e7\u00e3o dos Criadores de Mato Grosso\",\"publisher\":{\"@id\":\"https:\/\/acrimat.org.br\/portal\/#organization\"},\"potentialAction\":[{\"@type\":\"SearchAction\",\"target\":{\"@type\":\"EntryPoint\",\"urlTemplate\":\"https:\/\/acrimat.org.br\/portal\/?s={search_term_string}\"},\"query-input\":{\"@type\":\"PropertyValueSpecification\",\"valueRequired\":true,\"valueName\":\"search_term_string\"}}],\"inLanguage\":\"pt-BR\"},{\"@type\":\"Organization\",\"@id\":\"https:\/\/acrimat.org.br\/portal\/#organization\",\"name\":\"Associa\u00e7\u00e3o dos Criadores de Mato Grosso\",\"url\":\"https:\/\/acrimat.org.br\/portal\/\",\"logo\":{\"@type\":\"ImageObject\",\"inLanguage\":\"pt-BR\",\"@id\":\"https:\/\/acrimat.org.br\/portal\/#\/schema\/logo\/image\/\",\"url\":\"https:\/\/acrimat.org.br\/portal\/wp-content\/uploads\/2018\/03\/logo-peq-original.png\",\"contentUrl\":\"https:\/\/acrimat.org.br\/portal\/wp-content\/uploads\/2018\/03\/logo-peq-original.png\",\"width\":174,\"height\":171,\"caption\":\"Associa\u00e7\u00e3o dos Criadores de Mato Grosso\"},\"image\":{\"@id\":\"https:\/\/acrimat.org.br\/portal\/#\/schema\/logo\/image\/\"}},{\"@type\":\"Person\",\"@id\":\"https:\/\/acrimat.org.br\/portal\/#\/schema\/person\/a309b9496344ff991e8e1b1d751fdd7b\",\"name\":\"Assessoria de comunica\u00e7\u00e3o ACRIMAT\",\"image\":{\"@type\":\"ImageObject\",\"inLanguage\":\"pt-BR\",\"@id\":\"https:\/\/acrimat.org.br\/portal\/#\/schema\/person\/image\/\",\"url\":\"https:\/\/secure.gravatar.com\/avatar\/2f9c28e64c317bcd762b25cb1575f1b4?s=96&d=mm&r=g\",\"contentUrl\":\"https:\/\/secure.gravatar.com\/avatar\/2f9c28e64c317bcd762b25cb1575f1b4?s=96&d=mm&r=g\",\"caption\":\"Assessoria de comunica\u00e7\u00e3o ACRIMAT\"},\"sameAs\":[\"http:\/\/acrimat.org.br\/\"],\"url\":\"https:\/\/acrimat.org.br\/portal\/author\/ascom\/\"}]}<\/script>\n<!-- \/ Yoast SEO plugin. -->","yoast_head_json":{"title":"Regulamenta\u00e7\u00e3o de Uso do Parque Ricardo Franco - Acrimat","robots":{"index":"index","follow":"follow","max-snippet":"max-snippet:-1","max-image-preview":"max-image-preview:large","max-video-preview":"max-video-preview:-1"},"canonical":"https:\/\/acrimat.org.br\/portal\/regulamentacao-de-uso-do-parque-ricardo-franco-mobiliza-produtores-rurais-e-moradores-da-regiao\/","og_locale":"pt_BR","og_type":"article","og_title":"Regulamenta\u00e7\u00e3o de Uso do Parque Ricardo Franco - Acrimat","og_description":"A iniciativa vai colaborar na consolida\u00e7\u00e3o da regulamenta\u00e7\u00e3o do uso p\u00fablico da Serra de Ricardo Franco.","og_url":"https:\/\/acrimat.org.br\/portal\/regulamentacao-de-uso-do-parque-ricardo-franco-mobiliza-produtores-rurais-e-moradores-da-regiao\/","og_site_name":"Acrimat","article_published_time":"2018-02-02T11:38:16+00:00","article_modified_time":"2018-02-02T12:23:23+00:00","og_image":[{"width":1456,"height":819,"url":"https:\/\/acrimat.org.br\/portal\/wp-content\/uploads\/2018\/02\/img_20150104_182526656_hdr-1.jpg","type":"image\/jpeg"}],"author":"Assessoria de comunica\u00e7\u00e3o ACRIMAT","twitter_card":"summary_large_image","twitter_misc":{"Escrito por":"Assessoria de comunica\u00e7\u00e3o ACRIMAT","Est. tempo de leitura":"2 minutos"},"schema":{"@context":"https:\/\/schema.org","@graph":[{"@type":"Article","@id":"https:\/\/acrimat.org.br\/portal\/regulamentacao-de-uso-do-parque-ricardo-franco-mobiliza-produtores-rurais-e-moradores-da-regiao\/#article","isPartOf":{"@id":"https:\/\/acrimat.org.br\/portal\/regulamentacao-de-uso-do-parque-ricardo-franco-mobiliza-produtores-rurais-e-moradores-da-regiao\/"},"author":{"name":"Assessoria de comunica\u00e7\u00e3o ACRIMAT","@id":"https:\/\/acrimat.org.br\/portal\/#\/schema\/person\/a309b9496344ff991e8e1b1d751fdd7b"},"headline":"Regulamenta\u00e7\u00e3o de Uso do Parque Ricardo Franco","datePublished":"2018-02-02T11:38:16+00:00","dateModified":"2018-02-02T12:23:23+00:00","mainEntityOfPage":{"@id":"https:\/\/acrimat.org.br\/portal\/regulamentacao-de-uso-do-parque-ricardo-franco-mobiliza-produtores-rurais-e-moradores-da-regiao\/"},"wordCount":398,"publisher":{"@id":"https:\/\/acrimat.org.br\/portal\/#organization"},"image":{"@id":"https:\/\/acrimat.org.br\/portal\/regulamentacao-de-uso-do-parque-ricardo-franco-mobiliza-produtores-rurais-e-moradores-da-regiao\/#primaryimage"},"thumbnailUrl":"https:\/\/acrimat.org.br\/portal\/wp-content\/uploads\/2018\/02\/img_20150104_182526656_hdr-1.jpg","articleSection":["Destaques","Not\u00edcias"],"inLanguage":"pt-BR"},{"@type":"WebPage","@id":"https:\/\/acrimat.org.br\/portal\/regulamentacao-de-uso-do-parque-ricardo-franco-mobiliza-produtores-rurais-e-moradores-da-regiao\/","url":"https:\/\/acrimat.org.br\/portal\/regulamentacao-de-uso-do-parque-ricardo-franco-mobiliza-produtores-rurais-e-moradores-da-regiao\/","name":"Regulamenta\u00e7\u00e3o de Uso do Parque Ricardo Franco - Acrimat","isPartOf":{"@id":"https:\/\/acrimat.org.br\/portal\/#website"},"primaryImageOfPage":{"@id":"https:\/\/acrimat.org.br\/portal\/regulamentacao-de-uso-do-parque-ricardo-franco-mobiliza-produtores-rurais-e-moradores-da-regiao\/#primaryimage"},"image":{"@id":"https:\/\/acrimat.org.br\/portal\/regulamentacao-de-uso-do-parque-ricardo-franco-mobiliza-produtores-rurais-e-moradores-da-regiao\/#primaryimage"},"thumbnailUrl":"https:\/\/acrimat.org.br\/portal\/wp-content\/uploads\/2018\/02\/img_20150104_182526656_hdr-1.jpg","datePublished":"2018-02-02T11:38:16+00:00","dateModified":"2018-02-02T12:23:23+00:00","breadcrumb":{"@id":"https:\/\/acrimat.org.br\/portal\/regulamentacao-de-uso-do-parque-ricardo-franco-mobiliza-produtores-rurais-e-moradores-da-regiao\/#breadcrumb"},"inLanguage":"pt-BR","potentialAction":[{"@type":"ReadAction","target":["https:\/\/acrimat.org.br\/portal\/regulamentacao-de-uso-do-parque-ricardo-franco-mobiliza-produtores-rurais-e-moradores-da-regiao\/"]}]},{"@type":"ImageObject","inLanguage":"pt-BR","@id":"https:\/\/acrimat.org.br\/portal\/regulamentacao-de-uso-do-parque-ricardo-franco-mobiliza-produtores-rurais-e-moradores-da-regiao\/#primaryimage","url":"https:\/\/acrimat.org.br\/portal\/wp-content\/uploads\/2018\/02\/img_20150104_182526656_hdr-1.jpg","contentUrl":"https:\/\/acrimat.org.br\/portal\/wp-content\/uploads\/2018\/02\/img_20150104_182526656_hdr-1.jpg","width":1456,"height":819},{"@type":"BreadcrumbList","@id":"https:\/\/acrimat.org.br\/portal\/regulamentacao-de-uso-do-parque-ricardo-franco-mobiliza-produtores-rurais-e-moradores-da-regiao\/#breadcrumb","itemListElement":[{"@type":"ListItem","position":1,"name":"In\u00edcio","item":"https:\/\/acrimat.org.br\/portal\/"},{"@type":"ListItem","position":2,"name":"Regulamenta\u00e7\u00e3o de Uso do Parque Ricardo Franco"}]},{"@type":"WebSite","@id":"https:\/\/acrimat.org.br\/portal\/#website","url":"https:\/\/acrimat.org.br\/portal\/","name":"Acrimat","description":"Associa\u00e7\u00e3o dos Criadores de Mato Grosso","publisher":{"@id":"https:\/\/acrimat.org.br\/portal\/#organization"},"potentialAction":[{"@type":"SearchAction","target":{"@type":"EntryPoint","urlTemplate":"https:\/\/acrimat.org.br\/portal\/?s={search_term_string}"},"query-input":{"@type":"PropertyValueSpecification","valueRequired":true,"valueName":"search_term_string"}}],"inLanguage":"pt-BR"},{"@type":"Organization","@id":"https:\/\/acrimat.org.br\/portal\/#organization","name":"Associa\u00e7\u00e3o dos Criadores de Mato Grosso","url":"https:\/\/acrimat.org.br\/portal\/","logo":{"@type":"ImageObject","inLanguage":"pt-BR","@id":"https:\/\/acrimat.org.br\/portal\/#\/schema\/logo\/image\/","url":"https:\/\/acrimat.org.br\/portal\/wp-content\/uploads\/2018\/03\/logo-peq-original.png","contentUrl":"https:\/\/acrimat.org.br\/portal\/wp-content\/uploads\/2018\/03\/logo-peq-original.png","width":174,"height":171,"caption":"Associa\u00e7\u00e3o dos Criadores de Mato Grosso"},"image":{"@id":"https:\/\/acrimat.org.br\/portal\/#\/schema\/logo\/image\/"}},{"@type":"Person","@id":"https:\/\/acrimat.org.br\/portal\/#\/schema\/person\/a309b9496344ff991e8e1b1d751fdd7b","name":"Assessoria de comunica\u00e7\u00e3o ACRIMAT","image":{"@type":"ImageObject","inLanguage":"pt-BR","@id":"https:\/\/acrimat.org.br\/portal\/#\/schema\/person\/image\/","url":"https:\/\/secure.gravatar.com\/avatar\/2f9c28e64c317bcd762b25cb1575f1b4?s=96&d=mm&r=g","contentUrl":"https:\/\/secure.gravatar.com\/avatar\/2f9c28e64c317bcd762b25cb1575f1b4?s=96&d=mm&r=g","caption":"Assessoria de comunica\u00e7\u00e3o ACRIMAT"},"sameAs":["http:\/\/acrimat.org.br\/"],"url":"https:\/\/acrimat.org.br\/portal\/author\/ascom\/"}]}},"_links":{"self":[{"href":"https:\/\/acrimat.org.br\/portal\/wp-json\/wp\/v2\/posts\/97985746","targetHints":{"allow":["GET"]}}],"collection":[{"href":"https:\/\/acrimat.org.br\/portal\/wp-json\/wp\/v2\/posts"}],"about":[{"href":"https:\/\/acrimat.org.br\/portal\/wp-json\/wp\/v2\/types\/post"}],"author":[{"embeddable":true,"href":"https:\/\/acrimat.org.br\/portal\/wp-json\/wp\/v2\/users\/7"}],"replies":[{"embeddable":true,"href":"https:\/\/acrimat.org.br\/portal\/wp-json\/wp\/v2\/comments?post=97985746"}],"version-history":[{"count":2,"href":"https:\/\/acrimat.org.br\/portal\/wp-json\/wp\/v2\/posts\/97985746\/revisions"}],"predecessor-version":[{"id":97985762,"href":"https:\/\/acrimat.org.br\/portal\/wp-json\/wp\/v2\/posts\/97985746\/revisions\/97985762"}],"wp:featuredmedia":[{"embeddable":true,"href":"https:\/\/acrimat.org.br\/portal\/wp-json\/wp\/v2\/media\/97985747"}],"wp:attachment":[{"href":"https:\/\/acrimat.org.br\/portal\/wp-json\/wp\/v2\/media?parent=97985746"}],"wp:term":[{"taxonomy":"category","embeddable":true,"href":"https:\/\/acrimat.org.br\/portal\/wp-json\/wp\/v2\/categories?post=97985746"},{"taxonomy":"post_tag","embeddable":true,"href":"https:\/\/acrimat.org.br\/portal\/wp-json\/wp\/v2\/tags?post=97985746"}],"curies":[{"name":"wp","href":"https:\/\/api.w.org\/{rel}","templated":true}]}}