{"id":97985749,"date":"2018-02-02T08:48:24","date_gmt":"2018-02-02T11:48:24","guid":{"rendered":"http:\/\/acrimat.org.br\/portal\/?p=97985749"},"modified":"2018-02-02T08:48:24","modified_gmt":"2018-02-02T11:48:24","slug":"mapa-define-que-vacina-de-2-ml-contra-aftosa-sera-usada-em-2019","status":"publish","type":"post","link":"https:\/\/acrimat.org.br\/portal\/mapa-define-que-vacina-de-2-ml-contra-aftosa-sera-usada-em-2019\/","title":{"rendered":"Mapa define que vacina de 2 ml contra aftosa ser\u00e1 usada em 2019"},"content":{"rendered":"<p>O Minist\u00e9rio da Agricultura, Pecu\u00e1ria e Abastecimento (Mapa) definiu nesta quarta-feira (31) que em maio de 2019 come\u00e7ar\u00e1 a ser aplicada a vacina contra a febre aftosa de 2 ml. Todo o calend\u00e1rio de vacina\u00e7\u00e3o deste ano segue sem mudan\u00e7as, em maio e em novembro, com a vacina de 5 ml.<\/p>\n<p>A forma de aplica\u00e7\u00e3o do produto, no entanto, dever\u00e1 ser preferencialmente subcut\u00e2nea (abaixo do couro do animal) e n\u00e3o intramuscular, j\u00e1 a partir da primeira fase de vacina\u00e7\u00e3o em maio pr\u00f3ximo, para maior efici\u00eancia do produto e para evitar perdas no abate.<\/p>\n<p>Integrantes da Secretaria de Defesa Agropecu\u00e1ria (SDA) e da iniciativa privada avan\u00e7aram nos entendimentos sobre mudan\u00e7as na vacina. Segundo o secret\u00e1rio de Defesa Agropecu\u00e1ria, Luis Rangel, \u00e9 preciso cautela, medidas t\u00e9cnicas e estudos cient\u00edficos, pois o Brasil est\u00e1 em fase final de erradica\u00e7\u00e3o da aftosa e de reconhecimento de pa\u00eds livre da doen\u00e7a com vacina\u00e7\u00e3o, status que dever\u00e1 ser obtido internacionalmente, no pr\u00f3ximo m\u00eas de maio, junto \u00e0 Organiza\u00e7\u00e3o Mundial de Sa\u00fade Animal (OIE).<\/p>\n<p>O diretor de Departamento de Sa\u00fade Animal (DSA), Guilherme Marques, disse que o setor produtivo mostra maturidade e a convic\u00e7\u00e3o de que tudo dever\u00e1 ser feito dentro de crit\u00e9rios t\u00e9cnicos. \u201cN\u00e3o se trata apenas de redu\u00e7\u00e3o de uma dose da vacina, pois implica em mudan\u00e7a do processo de produ\u00e7\u00e3o, exigindo, al\u00e9m dos testes laboratoriais, testes de efic\u00e1cia no campo\u201d, explica.<\/p>\n<p>Marques informou que existe o pleito do setor privado de que animais com mais de 30 meses n\u00e3o sejam vacinados, o que depende de decis\u00f5es t\u00e9cnicas e cient\u00edficas. \u201cO setor deve apresentar seus argumentos para a mudan\u00e7a\u201d. E explicou que o pleito pode ser inclu\u00eddo ainda neste ano na revis\u00e3o da Instru\u00e7\u00e3o Normativa 44, que fixa normas do programa da febre aftosa, para viabilizar mudan\u00e7a na vacina e para que estados revisem suas legisla\u00e7\u00f5es.<\/p>\n<p>A retirada completa da vacina\u00e7\u00e3o dever\u00e1 acontecer a partir de 2023, processo que ser\u00e1 finalizado em 2026, conforme prev\u00ea o Programa Nacional de Erradica\u00e7\u00e3o e Preven\u00e7\u00e3o da Febre Aftosa (PNEFA).<\/p>\n<p>Fonte: Mapa, resumida e adaptada pela Equipe BeefPoint.<\/p>\n","protected":false},"excerpt":{"rendered":"<p>O Minist\u00e9rio da Agricultura, Pecu\u00e1ria e Abastecimento (Mapa) definiu nesta quarta-feira (31) que em maio de 2019 come\u00e7ar\u00e1 a ser aplicada a vacina contra a febre aftosa de 2 ml. Todo o calend\u00e1rio de vacina\u00e7\u00e3o deste ano segue sem mudan\u00e7as, em maio e em novembro, com a vacina de 5 ml. A forma de aplica\u00e7\u00e3o [&hellip;]<\/p>\n","protected":false},"author":7,"featured_media":97976262,"comment_status":"closed","ping_status":"closed","sticky":false,"template":"","format":"standard","meta":{"footnotes":""},"categories":[6,1],"tags":[],"class_list":["post-97985749","post","type-post","status-publish","format-standard","has-post-thumbnail","hentry","category-destaque","category-noticia"],"yoast_head":"<!-- This site is optimized with the Yoast SEO plugin v24.8.1 - https:\/\/yoast.com\/wordpress\/plugins\/seo\/ -->\n<title>Mapa define que vacina de 2 ml contra aftosa ser\u00e1 usada em 2019 - Acrimat<\/title>\n<meta name=\"robots\" content=\"index, follow, max-snippet:-1, max-image-preview:large, max-video-preview:-1\" \/>\n<link rel=\"canonical\" href=\"https:\/\/acrimat.org.br\/portal\/mapa-define-que-vacina-de-2-ml-contra-aftosa-sera-usada-em-2019\/\" \/>\n<meta property=\"og:locale\" content=\"pt_BR\" \/>\n<meta property=\"og:type\" content=\"article\" \/>\n<meta property=\"og:title\" content=\"Mapa define que vacina de 2 ml contra aftosa ser\u00e1 usada em 2019 - Acrimat\" \/>\n<meta property=\"og:description\" content=\"O Minist\u00e9rio da Agricultura, Pecu\u00e1ria e Abastecimento (Mapa) definiu nesta quarta-feira (31) que em maio de 2019 come\u00e7ar\u00e1 a ser aplicada a vacina contra a febre aftosa de 2 ml. Todo o calend\u00e1rio de vacina\u00e7\u00e3o deste ano segue sem mudan\u00e7as, em maio e em novembro, com a vacina de 5 ml. A forma de aplica\u00e7\u00e3o [&hellip;]\" \/>\n<meta property=\"og:url\" content=\"https:\/\/acrimat.org.br\/portal\/mapa-define-que-vacina-de-2-ml-contra-aftosa-sera-usada-em-2019\/\" \/>\n<meta property=\"og:site_name\" content=\"Acrimat\" \/>\n<meta property=\"article:published_time\" content=\"2018-02-02T11:48:24+00:00\" \/>\n<meta property=\"og:image\" content=\"https:\/\/acrimat.org.br\/portal\/wp-content\/uploads\/2016\/06\/vacinacao-1.jpg\" \/>\n\t<meta property=\"og:image:width\" content=\"600\" \/>\n\t<meta property=\"og:image:height\" content=\"400\" \/>\n\t<meta property=\"og:image:type\" content=\"image\/jpeg\" \/>\n<meta name=\"author\" content=\"Assessoria de comunica\u00e7\u00e3o ACRIMAT\" \/>\n<meta name=\"twitter:card\" content=\"summary_large_image\" \/>\n<meta name=\"twitter:label1\" content=\"Escrito por\" \/>\n\t<meta name=\"twitter:data1\" content=\"Assessoria de comunica\u00e7\u00e3o ACRIMAT\" \/>\n\t<meta name=\"twitter:label2\" content=\"Est. tempo de leitura\" \/>\n\t<meta name=\"twitter:data2\" content=\"2 minutos\" \/>\n<script type=\"application\/ld+json\" class=\"yoast-schema-graph\">{\"@context\":\"https:\/\/schema.org\",\"@graph\":[{\"@type\":\"Article\",\"@id\":\"https:\/\/acrimat.org.br\/portal\/mapa-define-que-vacina-de-2-ml-contra-aftosa-sera-usada-em-2019\/#article\",\"isPartOf\":{\"@id\":\"https:\/\/acrimat.org.br\/portal\/mapa-define-que-vacina-de-2-ml-contra-aftosa-sera-usada-em-2019\/\"},\"author\":{\"name\":\"Assessoria de comunica\u00e7\u00e3o ACRIMAT\",\"@id\":\"https:\/\/acrimat.org.br\/portal\/#\/schema\/person\/a309b9496344ff991e8e1b1d751fdd7b\"},\"headline\":\"Mapa define que vacina de 2 ml contra aftosa ser\u00e1 usada em 2019\",\"datePublished\":\"2018-02-02T11:48:24+00:00\",\"mainEntityOfPage\":{\"@id\":\"https:\/\/acrimat.org.br\/portal\/mapa-define-que-vacina-de-2-ml-contra-aftosa-sera-usada-em-2019\/\"},\"wordCount\":390,\"publisher\":{\"@id\":\"https:\/\/acrimat.org.br\/portal\/#organization\"},\"image\":{\"@id\":\"https:\/\/acrimat.org.br\/portal\/mapa-define-que-vacina-de-2-ml-contra-aftosa-sera-usada-em-2019\/#primaryimage\"},\"thumbnailUrl\":\"https:\/\/acrimat.org.br\/portal\/wp-content\/uploads\/2016\/06\/vacinacao-1.jpg\",\"articleSection\":[\"Destaques\",\"Not\u00edcias\"],\"inLanguage\":\"pt-BR\"},{\"@type\":\"WebPage\",\"@id\":\"https:\/\/acrimat.org.br\/portal\/mapa-define-que-vacina-de-2-ml-contra-aftosa-sera-usada-em-2019\/\",\"url\":\"https:\/\/acrimat.org.br\/portal\/mapa-define-que-vacina-de-2-ml-contra-aftosa-sera-usada-em-2019\/\",\"name\":\"Mapa define que vacina de 2 ml contra aftosa ser\u00e1 usada em 2019 - Acrimat\",\"isPartOf\":{\"@id\":\"https:\/\/acrimat.org.br\/portal\/#website\"},\"primaryImageOfPage\":{\"@id\":\"https:\/\/acrimat.org.br\/portal\/mapa-define-que-vacina-de-2-ml-contra-aftosa-sera-usada-em-2019\/#primaryimage\"},\"image\":{\"@id\":\"https:\/\/acrimat.org.br\/portal\/mapa-define-que-vacina-de-2-ml-contra-aftosa-sera-usada-em-2019\/#primaryimage\"},\"thumbnailUrl\":\"https:\/\/acrimat.org.br\/portal\/wp-content\/uploads\/2016\/06\/vacinacao-1.jpg\",\"datePublished\":\"2018-02-02T11:48:24+00:00\",\"breadcrumb\":{\"@id\":\"https:\/\/acrimat.org.br\/portal\/mapa-define-que-vacina-de-2-ml-contra-aftosa-sera-usada-em-2019\/#breadcrumb\"},\"inLanguage\":\"pt-BR\",\"potentialAction\":[{\"@type\":\"ReadAction\",\"target\":[\"https:\/\/acrimat.org.br\/portal\/mapa-define-que-vacina-de-2-ml-contra-aftosa-sera-usada-em-2019\/\"]}]},{\"@type\":\"ImageObject\",\"inLanguage\":\"pt-BR\",\"@id\":\"https:\/\/acrimat.org.br\/portal\/mapa-define-que-vacina-de-2-ml-contra-aftosa-sera-usada-em-2019\/#primaryimage\",\"url\":\"https:\/\/acrimat.org.br\/portal\/wp-content\/uploads\/2016\/06\/vacinacao-1.jpg\",\"contentUrl\":\"https:\/\/acrimat.org.br\/portal\/wp-content\/uploads\/2016\/06\/vacinacao-1.jpg\",\"width\":600,\"height\":400},{\"@type\":\"BreadcrumbList\",\"@id\":\"https:\/\/acrimat.org.br\/portal\/mapa-define-que-vacina-de-2-ml-contra-aftosa-sera-usada-em-2019\/#breadcrumb\",\"itemListElement\":[{\"@type\":\"ListItem\",\"position\":1,\"name\":\"In\u00edcio\",\"item\":\"https:\/\/acrimat.org.br\/portal\/\"},{\"@type\":\"ListItem\",\"position\":2,\"name\":\"Mapa define que vacina de 2 ml contra aftosa ser\u00e1 usada em 2019\"}]},{\"@type\":\"WebSite\",\"@id\":\"https:\/\/acrimat.org.br\/portal\/#website\",\"url\":\"https:\/\/acrimat.org.br\/portal\/\",\"name\":\"Acrimat\",\"description\":\"Associa\u00e7\u00e3o dos Criadores de Mato Grosso\",\"publisher\":{\"@id\":\"https:\/\/acrimat.org.br\/portal\/#organization\"},\"potentialAction\":[{\"@type\":\"SearchAction\",\"target\":{\"@type\":\"EntryPoint\",\"urlTemplate\":\"https:\/\/acrimat.org.br\/portal\/?s={search_term_string}\"},\"query-input\":{\"@type\":\"PropertyValueSpecification\",\"valueRequired\":true,\"valueName\":\"search_term_string\"}}],\"inLanguage\":\"pt-BR\"},{\"@type\":\"Organization\",\"@id\":\"https:\/\/acrimat.org.br\/portal\/#organization\",\"name\":\"Associa\u00e7\u00e3o dos Criadores de Mato Grosso\",\"url\":\"https:\/\/acrimat.org.br\/portal\/\",\"logo\":{\"@type\":\"ImageObject\",\"inLanguage\":\"pt-BR\",\"@id\":\"https:\/\/acrimat.org.br\/portal\/#\/schema\/logo\/image\/\",\"url\":\"https:\/\/acrimat.org.br\/portal\/wp-content\/uploads\/2018\/03\/logo-peq-original.png\",\"contentUrl\":\"https:\/\/acrimat.org.br\/portal\/wp-content\/uploads\/2018\/03\/logo-peq-original.png\",\"width\":174,\"height\":171,\"caption\":\"Associa\u00e7\u00e3o dos Criadores de Mato Grosso\"},\"image\":{\"@id\":\"https:\/\/acrimat.org.br\/portal\/#\/schema\/logo\/image\/\"}},{\"@type\":\"Person\",\"@id\":\"https:\/\/acrimat.org.br\/portal\/#\/schema\/person\/a309b9496344ff991e8e1b1d751fdd7b\",\"name\":\"Assessoria de comunica\u00e7\u00e3o ACRIMAT\",\"image\":{\"@type\":\"ImageObject\",\"inLanguage\":\"pt-BR\",\"@id\":\"https:\/\/acrimat.org.br\/portal\/#\/schema\/person\/image\/\",\"url\":\"https:\/\/secure.gravatar.com\/avatar\/2f9c28e64c317bcd762b25cb1575f1b4?s=96&d=mm&r=g\",\"contentUrl\":\"https:\/\/secure.gravatar.com\/avatar\/2f9c28e64c317bcd762b25cb1575f1b4?s=96&d=mm&r=g\",\"caption\":\"Assessoria de comunica\u00e7\u00e3o ACRIMAT\"},\"sameAs\":[\"http:\/\/acrimat.org.br\/\"],\"url\":\"https:\/\/acrimat.org.br\/portal\/author\/ascom\/\"}]}<\/script>\n<!-- \/ Yoast SEO plugin. -->","yoast_head_json":{"title":"Mapa define que vacina de 2 ml contra aftosa ser\u00e1 usada em 2019 - Acrimat","robots":{"index":"index","follow":"follow","max-snippet":"max-snippet:-1","max-image-preview":"max-image-preview:large","max-video-preview":"max-video-preview:-1"},"canonical":"https:\/\/acrimat.org.br\/portal\/mapa-define-que-vacina-de-2-ml-contra-aftosa-sera-usada-em-2019\/","og_locale":"pt_BR","og_type":"article","og_title":"Mapa define que vacina de 2 ml contra aftosa ser\u00e1 usada em 2019 - Acrimat","og_description":"O Minist\u00e9rio da Agricultura, Pecu\u00e1ria e Abastecimento (Mapa) definiu nesta quarta-feira (31) que em maio de 2019 come\u00e7ar\u00e1 a ser aplicada a vacina contra a febre aftosa de 2 ml. Todo o calend\u00e1rio de vacina\u00e7\u00e3o deste ano segue sem mudan\u00e7as, em maio e em novembro, com a vacina de 5 ml. A forma de aplica\u00e7\u00e3o [&hellip;]","og_url":"https:\/\/acrimat.org.br\/portal\/mapa-define-que-vacina-de-2-ml-contra-aftosa-sera-usada-em-2019\/","og_site_name":"Acrimat","article_published_time":"2018-02-02T11:48:24+00:00","og_image":[{"width":600,"height":400,"url":"https:\/\/acrimat.org.br\/portal\/wp-content\/uploads\/2016\/06\/vacinacao-1.jpg","type":"image\/jpeg"}],"author":"Assessoria de comunica\u00e7\u00e3o ACRIMAT","twitter_card":"summary_large_image","twitter_misc":{"Escrito por":"Assessoria de comunica\u00e7\u00e3o ACRIMAT","Est. tempo de leitura":"2 minutos"},"schema":{"@context":"https:\/\/schema.org","@graph":[{"@type":"Article","@id":"https:\/\/acrimat.org.br\/portal\/mapa-define-que-vacina-de-2-ml-contra-aftosa-sera-usada-em-2019\/#article","isPartOf":{"@id":"https:\/\/acrimat.org.br\/portal\/mapa-define-que-vacina-de-2-ml-contra-aftosa-sera-usada-em-2019\/"},"author":{"name":"Assessoria de comunica\u00e7\u00e3o ACRIMAT","@id":"https:\/\/acrimat.org.br\/portal\/#\/schema\/person\/a309b9496344ff991e8e1b1d751fdd7b"},"headline":"Mapa define que vacina de 2 ml contra aftosa ser\u00e1 usada em 2019","datePublished":"2018-02-02T11:48:24+00:00","mainEntityOfPage":{"@id":"https:\/\/acrimat.org.br\/portal\/mapa-define-que-vacina-de-2-ml-contra-aftosa-sera-usada-em-2019\/"},"wordCount":390,"publisher":{"@id":"https:\/\/acrimat.org.br\/portal\/#organization"},"image":{"@id":"https:\/\/acrimat.org.br\/portal\/mapa-define-que-vacina-de-2-ml-contra-aftosa-sera-usada-em-2019\/#primaryimage"},"thumbnailUrl":"https:\/\/acrimat.org.br\/portal\/wp-content\/uploads\/2016\/06\/vacinacao-1.jpg","articleSection":["Destaques","Not\u00edcias"],"inLanguage":"pt-BR"},{"@type":"WebPage","@id":"https:\/\/acrimat.org.br\/portal\/mapa-define-que-vacina-de-2-ml-contra-aftosa-sera-usada-em-2019\/","url":"https:\/\/acrimat.org.br\/portal\/mapa-define-que-vacina-de-2-ml-contra-aftosa-sera-usada-em-2019\/","name":"Mapa define que vacina de 2 ml contra aftosa ser\u00e1 usada em 2019 - Acrimat","isPartOf":{"@id":"https:\/\/acrimat.org.br\/portal\/#website"},"primaryImageOfPage":{"@id":"https:\/\/acrimat.org.br\/portal\/mapa-define-que-vacina-de-2-ml-contra-aftosa-sera-usada-em-2019\/#primaryimage"},"image":{"@id":"https:\/\/acrimat.org.br\/portal\/mapa-define-que-vacina-de-2-ml-contra-aftosa-sera-usada-em-2019\/#primaryimage"},"thumbnailUrl":"https:\/\/acrimat.org.br\/portal\/wp-content\/uploads\/2016\/06\/vacinacao-1.jpg","datePublished":"2018-02-02T11:48:24+00:00","breadcrumb":{"@id":"https:\/\/acrimat.org.br\/portal\/mapa-define-que-vacina-de-2-ml-contra-aftosa-sera-usada-em-2019\/#breadcrumb"},"inLanguage":"pt-BR","potentialAction":[{"@type":"ReadAction","target":["https:\/\/acrimat.org.br\/portal\/mapa-define-que-vacina-de-2-ml-contra-aftosa-sera-usada-em-2019\/"]}]},{"@type":"ImageObject","inLanguage":"pt-BR","@id":"https:\/\/acrimat.org.br\/portal\/mapa-define-que-vacina-de-2-ml-contra-aftosa-sera-usada-em-2019\/#primaryimage","url":"https:\/\/acrimat.org.br\/portal\/wp-content\/uploads\/2016\/06\/vacinacao-1.jpg","contentUrl":"https:\/\/acrimat.org.br\/portal\/wp-content\/uploads\/2016\/06\/vacinacao-1.jpg","width":600,"height":400},{"@type":"BreadcrumbList","@id":"https:\/\/acrimat.org.br\/portal\/mapa-define-que-vacina-de-2-ml-contra-aftosa-sera-usada-em-2019\/#breadcrumb","itemListElement":[{"@type":"ListItem","position":1,"name":"In\u00edcio","item":"https:\/\/acrimat.org.br\/portal\/"},{"@type":"ListItem","position":2,"name":"Mapa define que vacina de 2 ml contra aftosa ser\u00e1 usada em 2019"}]},{"@type":"WebSite","@id":"https:\/\/acrimat.org.br\/portal\/#website","url":"https:\/\/acrimat.org.br\/portal\/","name":"Acrimat","description":"Associa\u00e7\u00e3o dos Criadores de Mato Grosso","publisher":{"@id":"https:\/\/acrimat.org.br\/portal\/#organization"},"potentialAction":[{"@type":"SearchAction","target":{"@type":"EntryPoint","urlTemplate":"https:\/\/acrimat.org.br\/portal\/?s={search_term_string}"},"query-input":{"@type":"PropertyValueSpecification","valueRequired":true,"valueName":"search_term_string"}}],"inLanguage":"pt-BR"},{"@type":"Organization","@id":"https:\/\/acrimat.org.br\/portal\/#organization","name":"Associa\u00e7\u00e3o dos Criadores de Mato Grosso","url":"https:\/\/acrimat.org.br\/portal\/","logo":{"@type":"ImageObject","inLanguage":"pt-BR","@id":"https:\/\/acrimat.org.br\/portal\/#\/schema\/logo\/image\/","url":"https:\/\/acrimat.org.br\/portal\/wp-content\/uploads\/2018\/03\/logo-peq-original.png","contentUrl":"https:\/\/acrimat.org.br\/portal\/wp-content\/uploads\/2018\/03\/logo-peq-original.png","width":174,"height":171,"caption":"Associa\u00e7\u00e3o dos Criadores de Mato Grosso"},"image":{"@id":"https:\/\/acrimat.org.br\/portal\/#\/schema\/logo\/image\/"}},{"@type":"Person","@id":"https:\/\/acrimat.org.br\/portal\/#\/schema\/person\/a309b9496344ff991e8e1b1d751fdd7b","name":"Assessoria de comunica\u00e7\u00e3o ACRIMAT","image":{"@type":"ImageObject","inLanguage":"pt-BR","@id":"https:\/\/acrimat.org.br\/portal\/#\/schema\/person\/image\/","url":"https:\/\/secure.gravatar.com\/avatar\/2f9c28e64c317bcd762b25cb1575f1b4?s=96&d=mm&r=g","contentUrl":"https:\/\/secure.gravatar.com\/avatar\/2f9c28e64c317bcd762b25cb1575f1b4?s=96&d=mm&r=g","caption":"Assessoria de comunica\u00e7\u00e3o ACRIMAT"},"sameAs":["http:\/\/acrimat.org.br\/"],"url":"https:\/\/acrimat.org.br\/portal\/author\/ascom\/"}]}},"_links":{"self":[{"href":"https:\/\/acrimat.org.br\/portal\/wp-json\/wp\/v2\/posts\/97985749","targetHints":{"allow":["GET"]}}],"collection":[{"href":"https:\/\/acrimat.org.br\/portal\/wp-json\/wp\/v2\/posts"}],"about":[{"href":"https:\/\/acrimat.org.br\/portal\/wp-json\/wp\/v2\/types\/post"}],"author":[{"embeddable":true,"href":"https:\/\/acrimat.org.br\/portal\/wp-json\/wp\/v2\/users\/7"}],"replies":[{"embeddable":true,"href":"https:\/\/acrimat.org.br\/portal\/wp-json\/wp\/v2\/comments?post=97985749"}],"version-history":[{"count":1,"href":"https:\/\/acrimat.org.br\/portal\/wp-json\/wp\/v2\/posts\/97985749\/revisions"}],"predecessor-version":[{"id":97985750,"href":"https:\/\/acrimat.org.br\/portal\/wp-json\/wp\/v2\/posts\/97985749\/revisions\/97985750"}],"wp:featuredmedia":[{"embeddable":true,"href":"https:\/\/acrimat.org.br\/portal\/wp-json\/wp\/v2\/media\/97976262"}],"wp:attachment":[{"href":"https:\/\/acrimat.org.br\/portal\/wp-json\/wp\/v2\/media?parent=97985749"}],"wp:term":[{"taxonomy":"category","embeddable":true,"href":"https:\/\/acrimat.org.br\/portal\/wp-json\/wp\/v2\/categories?post=97985749"},{"taxonomy":"post_tag","embeddable":true,"href":"https:\/\/acrimat.org.br\/portal\/wp-json\/wp\/v2\/tags?post=97985749"}],"curies":[{"name":"wp","href":"https:\/\/api.w.org\/{rel}","templated":true}]}}