{"id":97985751,"date":"2018-02-02T08:57:09","date_gmt":"2018-02-02T11:57:09","guid":{"rendered":"http:\/\/acrimat.org.br\/portal\/?p=97985751"},"modified":"2018-02-02T08:57:09","modified_gmt":"2018-02-02T11:57:09","slug":"carne-os-altos-e-baixos-da-exportacao-em-janeiro","status":"publish","type":"post","link":"https:\/\/acrimat.org.br\/portal\/carne-os-altos-e-baixos-da-exportacao-em-janeiro\/","title":{"rendered":"Carne: os altos e baixos da exporta\u00e7\u00e3o em janeiro"},"content":{"rendered":"<p>Janeiro n\u00e3o foi um bom per\u00edodo para exporta\u00e7\u00f5es brasileiras de prote\u00edna animal, exceto pelas<br \/>\nremessas de carne bovina, que cresceram 14%, se comparadas ao mesmo per\u00edodo do ano passado.<br \/>\nOs dados foram divulgados nesta quinta-feira, dia 1\u00ba, pelo MDIC.<\/p>\n<p><strong>Clique na imagem para assistir ao v\u00eddeo.<\/strong><\/p>\n<p><a href=\"http:\/\/www.canalrural.com.br\/noticias\/jornal-pecuaria\/carne-altos-baixos-exportacao-janeiro-71864\" target=\"_blank\" rel=\"noopener\"><img fetchpriority=\"high\" decoding=\"async\" class=\"size-full wp-image-97985752 aligncenter\" src=\"http:\/\/acrimat.org.br\/portal\/wp-content\/uploads\/2018\/02\/video.jpg\" alt=\"\" width=\"580\" height=\"315\" srcset=\"https:\/\/acrimat.org.br\/portal\/wp-content\/uploads\/2018\/02\/video.jpg 580w, https:\/\/acrimat.org.br\/portal\/wp-content\/uploads\/2018\/02\/video-300x163.jpg 300w, https:\/\/acrimat.org.br\/portal\/wp-content\/uploads\/2018\/02\/video-250x136.jpg 250w, https:\/\/acrimat.org.br\/portal\/wp-content\/uploads\/2018\/02\/video-550x299.jpg 550w, https:\/\/acrimat.org.br\/portal\/wp-content\/uploads\/2018\/02\/video-331x180.jpg 331w, https:\/\/acrimat.org.br\/portal\/wp-content\/uploads\/2018\/02\/video-552x300.jpg 552w\" sizes=\"(max-width: 580px) 100vw, 580px\" \/><\/a><\/p>\n","protected":false},"excerpt":{"rendered":"<p>Janeiro n\u00e3o foi um bom per\u00edodo para exporta\u00e7\u00f5es brasileiras de prote\u00edna animal, exceto pelas remessas de carne bovina, que cresceram 14%, se comparadas ao mesmo per\u00edodo do ano passado. Os dados foram divulgados nesta quinta-feira, dia 1\u00ba, pelo MDIC. Clique na imagem para assistir ao v\u00eddeo.<\/p>\n","protected":false},"author":7,"featured_media":97985011,"comment_status":"closed","ping_status":"closed","sticky":false,"template":"","format":"standard","meta":{"footnotes":""},"categories":[6,1],"tags":[],"class_list":["post-97985751","post","type-post","status-publish","format-standard","has-post-thumbnail","hentry","category-destaque","category-noticia"],"yoast_head":"<!-- This site is optimized with the Yoast SEO plugin v24.8.1 - https:\/\/yoast.com\/wordpress\/plugins\/seo\/ -->\n<title>Carne: os altos e baixos da exporta\u00e7\u00e3o em janeiro - Acrimat<\/title>\n<meta name=\"robots\" content=\"index, follow, max-snippet:-1, max-image-preview:large, max-video-preview:-1\" \/>\n<link rel=\"canonical\" href=\"https:\/\/acrimat.org.br\/portal\/carne-os-altos-e-baixos-da-exportacao-em-janeiro\/\" \/>\n<meta property=\"og:locale\" content=\"pt_BR\" \/>\n<meta property=\"og:type\" content=\"article\" \/>\n<meta property=\"og:title\" content=\"Carne: os altos e baixos da exporta\u00e7\u00e3o em janeiro - Acrimat\" \/>\n<meta property=\"og:description\" content=\"Janeiro n\u00e3o foi um bom per\u00edodo para exporta\u00e7\u00f5es brasileiras de prote\u00edna animal, exceto pelas remessas de carne bovina, que cresceram 14%, se comparadas ao mesmo per\u00edodo do ano passado. Os dados foram divulgados nesta quinta-feira, dia 1\u00ba, pelo MDIC. Clique na imagem para assistir ao v\u00eddeo.\" \/>\n<meta property=\"og:url\" content=\"https:\/\/acrimat.org.br\/portal\/carne-os-altos-e-baixos-da-exportacao-em-janeiro\/\" \/>\n<meta property=\"og:site_name\" content=\"Acrimat\" \/>\n<meta property=\"article:published_time\" content=\"2018-02-02T11:57:09+00:00\" \/>\n<meta property=\"og:image\" content=\"https:\/\/acrimat.org.br\/portal\/wp-content\/uploads\/2017\/11\/frigorifico-2.jpg\" \/>\n\t<meta property=\"og:image:width\" content=\"595\" \/>\n\t<meta property=\"og:image:height\" content=\"446\" \/>\n\t<meta property=\"og:image:type\" content=\"image\/jpeg\" \/>\n<meta name=\"author\" content=\"Assessoria de comunica\u00e7\u00e3o ACRIMAT\" \/>\n<meta name=\"twitter:card\" content=\"summary_large_image\" \/>\n<meta name=\"twitter:label1\" content=\"Escrito por\" \/>\n\t<meta name=\"twitter:data1\" content=\"Assessoria de comunica\u00e7\u00e3o ACRIMAT\" \/>\n<script type=\"application\/ld+json\" class=\"yoast-schema-graph\">{\"@context\":\"https:\/\/schema.org\",\"@graph\":[{\"@type\":\"Article\",\"@id\":\"https:\/\/acrimat.org.br\/portal\/carne-os-altos-e-baixos-da-exportacao-em-janeiro\/#article\",\"isPartOf\":{\"@id\":\"https:\/\/acrimat.org.br\/portal\/carne-os-altos-e-baixos-da-exportacao-em-janeiro\/\"},\"author\":{\"name\":\"Assessoria de comunica\u00e7\u00e3o ACRIMAT\",\"@id\":\"https:\/\/acrimat.org.br\/portal\/#\/schema\/person\/a309b9496344ff991e8e1b1d751fdd7b\"},\"headline\":\"Carne: os altos e baixos da exporta\u00e7\u00e3o em janeiro\",\"datePublished\":\"2018-02-02T11:57:09+00:00\",\"mainEntityOfPage\":{\"@id\":\"https:\/\/acrimat.org.br\/portal\/carne-os-altos-e-baixos-da-exportacao-em-janeiro\/\"},\"wordCount\":60,\"publisher\":{\"@id\":\"https:\/\/acrimat.org.br\/portal\/#organization\"},\"image\":{\"@id\":\"https:\/\/acrimat.org.br\/portal\/carne-os-altos-e-baixos-da-exportacao-em-janeiro\/#primaryimage\"},\"thumbnailUrl\":\"https:\/\/acrimat.org.br\/portal\/wp-content\/uploads\/2017\/11\/frigorifico-2.jpg\",\"articleSection\":[\"Destaques\",\"Not\u00edcias\"],\"inLanguage\":\"pt-BR\"},{\"@type\":\"WebPage\",\"@id\":\"https:\/\/acrimat.org.br\/portal\/carne-os-altos-e-baixos-da-exportacao-em-janeiro\/\",\"url\":\"https:\/\/acrimat.org.br\/portal\/carne-os-altos-e-baixos-da-exportacao-em-janeiro\/\",\"name\":\"Carne: os altos e baixos da exporta\u00e7\u00e3o em janeiro - Acrimat\",\"isPartOf\":{\"@id\":\"https:\/\/acrimat.org.br\/portal\/#website\"},\"primaryImageOfPage\":{\"@id\":\"https:\/\/acrimat.org.br\/portal\/carne-os-altos-e-baixos-da-exportacao-em-janeiro\/#primaryimage\"},\"image\":{\"@id\":\"https:\/\/acrimat.org.br\/portal\/carne-os-altos-e-baixos-da-exportacao-em-janeiro\/#primaryimage\"},\"thumbnailUrl\":\"https:\/\/acrimat.org.br\/portal\/wp-content\/uploads\/2017\/11\/frigorifico-2.jpg\",\"datePublished\":\"2018-02-02T11:57:09+00:00\",\"breadcrumb\":{\"@id\":\"https:\/\/acrimat.org.br\/portal\/carne-os-altos-e-baixos-da-exportacao-em-janeiro\/#breadcrumb\"},\"inLanguage\":\"pt-BR\",\"potentialAction\":[{\"@type\":\"ReadAction\",\"target\":[\"https:\/\/acrimat.org.br\/portal\/carne-os-altos-e-baixos-da-exportacao-em-janeiro\/\"]}]},{\"@type\":\"ImageObject\",\"inLanguage\":\"pt-BR\",\"@id\":\"https:\/\/acrimat.org.br\/portal\/carne-os-altos-e-baixos-da-exportacao-em-janeiro\/#primaryimage\",\"url\":\"https:\/\/acrimat.org.br\/portal\/wp-content\/uploads\/2017\/11\/frigorifico-2.jpg\",\"contentUrl\":\"https:\/\/acrimat.org.br\/portal\/wp-content\/uploads\/2017\/11\/frigorifico-2.jpg\",\"width\":595,\"height\":446},{\"@type\":\"BreadcrumbList\",\"@id\":\"https:\/\/acrimat.org.br\/portal\/carne-os-altos-e-baixos-da-exportacao-em-janeiro\/#breadcrumb\",\"itemListElement\":[{\"@type\":\"ListItem\",\"position\":1,\"name\":\"In\u00edcio\",\"item\":\"https:\/\/acrimat.org.br\/portal\/\"},{\"@type\":\"ListItem\",\"position\":2,\"name\":\"Carne: os altos e baixos da exporta\u00e7\u00e3o em janeiro\"}]},{\"@type\":\"WebSite\",\"@id\":\"https:\/\/acrimat.org.br\/portal\/#website\",\"url\":\"https:\/\/acrimat.org.br\/portal\/\",\"name\":\"Acrimat\",\"description\":\"Associa\u00e7\u00e3o dos Criadores de Mato Grosso\",\"publisher\":{\"@id\":\"https:\/\/acrimat.org.br\/portal\/#organization\"},\"potentialAction\":[{\"@type\":\"SearchAction\",\"target\":{\"@type\":\"EntryPoint\",\"urlTemplate\":\"https:\/\/acrimat.org.br\/portal\/?s={search_term_string}\"},\"query-input\":{\"@type\":\"PropertyValueSpecification\",\"valueRequired\":true,\"valueName\":\"search_term_string\"}}],\"inLanguage\":\"pt-BR\"},{\"@type\":\"Organization\",\"@id\":\"https:\/\/acrimat.org.br\/portal\/#organization\",\"name\":\"Associa\u00e7\u00e3o dos Criadores de Mato Grosso\",\"url\":\"https:\/\/acrimat.org.br\/portal\/\",\"logo\":{\"@type\":\"ImageObject\",\"inLanguage\":\"pt-BR\",\"@id\":\"https:\/\/acrimat.org.br\/portal\/#\/schema\/logo\/image\/\",\"url\":\"https:\/\/acrimat.org.br\/portal\/wp-content\/uploads\/2018\/03\/logo-peq-original.png\",\"contentUrl\":\"https:\/\/acrimat.org.br\/portal\/wp-content\/uploads\/2018\/03\/logo-peq-original.png\",\"width\":174,\"height\":171,\"caption\":\"Associa\u00e7\u00e3o dos Criadores de Mato Grosso\"},\"image\":{\"@id\":\"https:\/\/acrimat.org.br\/portal\/#\/schema\/logo\/image\/\"}},{\"@type\":\"Person\",\"@id\":\"https:\/\/acrimat.org.br\/portal\/#\/schema\/person\/a309b9496344ff991e8e1b1d751fdd7b\",\"name\":\"Assessoria de comunica\u00e7\u00e3o ACRIMAT\",\"image\":{\"@type\":\"ImageObject\",\"inLanguage\":\"pt-BR\",\"@id\":\"https:\/\/acrimat.org.br\/portal\/#\/schema\/person\/image\/\",\"url\":\"https:\/\/secure.gravatar.com\/avatar\/2f9c28e64c317bcd762b25cb1575f1b4?s=96&d=mm&r=g\",\"contentUrl\":\"https:\/\/secure.gravatar.com\/avatar\/2f9c28e64c317bcd762b25cb1575f1b4?s=96&d=mm&r=g\",\"caption\":\"Assessoria de comunica\u00e7\u00e3o ACRIMAT\"},\"sameAs\":[\"http:\/\/acrimat.org.br\/\"],\"url\":\"https:\/\/acrimat.org.br\/portal\/author\/ascom\/\"}]}<\/script>\n<!-- \/ Yoast SEO plugin. -->","yoast_head_json":{"title":"Carne: os altos e baixos da exporta\u00e7\u00e3o em janeiro - Acrimat","robots":{"index":"index","follow":"follow","max-snippet":"max-snippet:-1","max-image-preview":"max-image-preview:large","max-video-preview":"max-video-preview:-1"},"canonical":"https:\/\/acrimat.org.br\/portal\/carne-os-altos-e-baixos-da-exportacao-em-janeiro\/","og_locale":"pt_BR","og_type":"article","og_title":"Carne: os altos e baixos da exporta\u00e7\u00e3o em janeiro - Acrimat","og_description":"Janeiro n\u00e3o foi um bom per\u00edodo para exporta\u00e7\u00f5es brasileiras de prote\u00edna animal, exceto pelas remessas de carne bovina, que cresceram 14%, se comparadas ao mesmo per\u00edodo do ano passado. Os dados foram divulgados nesta quinta-feira, dia 1\u00ba, pelo MDIC. Clique na imagem para assistir ao v\u00eddeo.","og_url":"https:\/\/acrimat.org.br\/portal\/carne-os-altos-e-baixos-da-exportacao-em-janeiro\/","og_site_name":"Acrimat","article_published_time":"2018-02-02T11:57:09+00:00","og_image":[{"width":595,"height":446,"url":"https:\/\/acrimat.org.br\/portal\/wp-content\/uploads\/2017\/11\/frigorifico-2.jpg","type":"image\/jpeg"}],"author":"Assessoria de comunica\u00e7\u00e3o ACRIMAT","twitter_card":"summary_large_image","twitter_misc":{"Escrito por":"Assessoria de comunica\u00e7\u00e3o ACRIMAT"},"schema":{"@context":"https:\/\/schema.org","@graph":[{"@type":"Article","@id":"https:\/\/acrimat.org.br\/portal\/carne-os-altos-e-baixos-da-exportacao-em-janeiro\/#article","isPartOf":{"@id":"https:\/\/acrimat.org.br\/portal\/carne-os-altos-e-baixos-da-exportacao-em-janeiro\/"},"author":{"name":"Assessoria de comunica\u00e7\u00e3o ACRIMAT","@id":"https:\/\/acrimat.org.br\/portal\/#\/schema\/person\/a309b9496344ff991e8e1b1d751fdd7b"},"headline":"Carne: os altos e baixos da exporta\u00e7\u00e3o em janeiro","datePublished":"2018-02-02T11:57:09+00:00","mainEntityOfPage":{"@id":"https:\/\/acrimat.org.br\/portal\/carne-os-altos-e-baixos-da-exportacao-em-janeiro\/"},"wordCount":60,"publisher":{"@id":"https:\/\/acrimat.org.br\/portal\/#organization"},"image":{"@id":"https:\/\/acrimat.org.br\/portal\/carne-os-altos-e-baixos-da-exportacao-em-janeiro\/#primaryimage"},"thumbnailUrl":"https:\/\/acrimat.org.br\/portal\/wp-content\/uploads\/2017\/11\/frigorifico-2.jpg","articleSection":["Destaques","Not\u00edcias"],"inLanguage":"pt-BR"},{"@type":"WebPage","@id":"https:\/\/acrimat.org.br\/portal\/carne-os-altos-e-baixos-da-exportacao-em-janeiro\/","url":"https:\/\/acrimat.org.br\/portal\/carne-os-altos-e-baixos-da-exportacao-em-janeiro\/","name":"Carne: os altos e baixos da exporta\u00e7\u00e3o em janeiro - Acrimat","isPartOf":{"@id":"https:\/\/acrimat.org.br\/portal\/#website"},"primaryImageOfPage":{"@id":"https:\/\/acrimat.org.br\/portal\/carne-os-altos-e-baixos-da-exportacao-em-janeiro\/#primaryimage"},"image":{"@id":"https:\/\/acrimat.org.br\/portal\/carne-os-altos-e-baixos-da-exportacao-em-janeiro\/#primaryimage"},"thumbnailUrl":"https:\/\/acrimat.org.br\/portal\/wp-content\/uploads\/2017\/11\/frigorifico-2.jpg","datePublished":"2018-02-02T11:57:09+00:00","breadcrumb":{"@id":"https:\/\/acrimat.org.br\/portal\/carne-os-altos-e-baixos-da-exportacao-em-janeiro\/#breadcrumb"},"inLanguage":"pt-BR","potentialAction":[{"@type":"ReadAction","target":["https:\/\/acrimat.org.br\/portal\/carne-os-altos-e-baixos-da-exportacao-em-janeiro\/"]}]},{"@type":"ImageObject","inLanguage":"pt-BR","@id":"https:\/\/acrimat.org.br\/portal\/carne-os-altos-e-baixos-da-exportacao-em-janeiro\/#primaryimage","url":"https:\/\/acrimat.org.br\/portal\/wp-content\/uploads\/2017\/11\/frigorifico-2.jpg","contentUrl":"https:\/\/acrimat.org.br\/portal\/wp-content\/uploads\/2017\/11\/frigorifico-2.jpg","width":595,"height":446},{"@type":"BreadcrumbList","@id":"https:\/\/acrimat.org.br\/portal\/carne-os-altos-e-baixos-da-exportacao-em-janeiro\/#breadcrumb","itemListElement":[{"@type":"ListItem","position":1,"name":"In\u00edcio","item":"https:\/\/acrimat.org.br\/portal\/"},{"@type":"ListItem","position":2,"name":"Carne: os altos e baixos da exporta\u00e7\u00e3o em janeiro"}]},{"@type":"WebSite","@id":"https:\/\/acrimat.org.br\/portal\/#website","url":"https:\/\/acrimat.org.br\/portal\/","name":"Acrimat","description":"Associa\u00e7\u00e3o dos Criadores de Mato Grosso","publisher":{"@id":"https:\/\/acrimat.org.br\/portal\/#organization"},"potentialAction":[{"@type":"SearchAction","target":{"@type":"EntryPoint","urlTemplate":"https:\/\/acrimat.org.br\/portal\/?s={search_term_string}"},"query-input":{"@type":"PropertyValueSpecification","valueRequired":true,"valueName":"search_term_string"}}],"inLanguage":"pt-BR"},{"@type":"Organization","@id":"https:\/\/acrimat.org.br\/portal\/#organization","name":"Associa\u00e7\u00e3o dos Criadores de Mato Grosso","url":"https:\/\/acrimat.org.br\/portal\/","logo":{"@type":"ImageObject","inLanguage":"pt-BR","@id":"https:\/\/acrimat.org.br\/portal\/#\/schema\/logo\/image\/","url":"https:\/\/acrimat.org.br\/portal\/wp-content\/uploads\/2018\/03\/logo-peq-original.png","contentUrl":"https:\/\/acrimat.org.br\/portal\/wp-content\/uploads\/2018\/03\/logo-peq-original.png","width":174,"height":171,"caption":"Associa\u00e7\u00e3o dos Criadores de Mato Grosso"},"image":{"@id":"https:\/\/acrimat.org.br\/portal\/#\/schema\/logo\/image\/"}},{"@type":"Person","@id":"https:\/\/acrimat.org.br\/portal\/#\/schema\/person\/a309b9496344ff991e8e1b1d751fdd7b","name":"Assessoria de comunica\u00e7\u00e3o ACRIMAT","image":{"@type":"ImageObject","inLanguage":"pt-BR","@id":"https:\/\/acrimat.org.br\/portal\/#\/schema\/person\/image\/","url":"https:\/\/secure.gravatar.com\/avatar\/2f9c28e64c317bcd762b25cb1575f1b4?s=96&d=mm&r=g","contentUrl":"https:\/\/secure.gravatar.com\/avatar\/2f9c28e64c317bcd762b25cb1575f1b4?s=96&d=mm&r=g","caption":"Assessoria de comunica\u00e7\u00e3o ACRIMAT"},"sameAs":["http:\/\/acrimat.org.br\/"],"url":"https:\/\/acrimat.org.br\/portal\/author\/ascom\/"}]}},"_links":{"self":[{"href":"https:\/\/acrimat.org.br\/portal\/wp-json\/wp\/v2\/posts\/97985751","targetHints":{"allow":["GET"]}}],"collection":[{"href":"https:\/\/acrimat.org.br\/portal\/wp-json\/wp\/v2\/posts"}],"about":[{"href":"https:\/\/acrimat.org.br\/portal\/wp-json\/wp\/v2\/types\/post"}],"author":[{"embeddable":true,"href":"https:\/\/acrimat.org.br\/portal\/wp-json\/wp\/v2\/users\/7"}],"replies":[{"embeddable":true,"href":"https:\/\/acrimat.org.br\/portal\/wp-json\/wp\/v2\/comments?post=97985751"}],"version-history":[{"count":1,"href":"https:\/\/acrimat.org.br\/portal\/wp-json\/wp\/v2\/posts\/97985751\/revisions"}],"predecessor-version":[{"id":97985753,"href":"https:\/\/acrimat.org.br\/portal\/wp-json\/wp\/v2\/posts\/97985751\/revisions\/97985753"}],"wp:featuredmedia":[{"embeddable":true,"href":"https:\/\/acrimat.org.br\/portal\/wp-json\/wp\/v2\/media\/97985011"}],"wp:attachment":[{"href":"https:\/\/acrimat.org.br\/portal\/wp-json\/wp\/v2\/media?parent=97985751"}],"wp:term":[{"taxonomy":"category","embeddable":true,"href":"https:\/\/acrimat.org.br\/portal\/wp-json\/wp\/v2\/categories?post=97985751"},{"taxonomy":"post_tag","embeddable":true,"href":"https:\/\/acrimat.org.br\/portal\/wp-json\/wp\/v2\/tags?post=97985751"}],"curies":[{"name":"wp","href":"https:\/\/api.w.org\/{rel}","templated":true}]}}