{"id":97985754,"date":"2018-02-02T09:08:19","date_gmt":"2018-02-02T12:08:19","guid":{"rendered":"http:\/\/acrimat.org.br\/portal\/?p=97985754"},"modified":"2018-02-02T09:08:19","modified_gmt":"2018-02-02T12:08:19","slug":"producao-de-carne-sobe-e-argentina-avanca-no-mercado-externo","status":"publish","type":"post","link":"https:\/\/acrimat.org.br\/portal\/producao-de-carne-sobe-e-argentina-avanca-no-mercado-externo\/","title":{"rendered":"Produ\u00e7\u00e3o de carne sobe, e Argentina avan\u00e7a no mercado externo"},"content":{"rendered":"<p>O setor de carnes da Argentina, ap\u00f3s o fim das interven\u00e7\u00f5es do governo, come\u00e7a a entrar nos trilhos. O pa\u00eds elevou o consumo interno, exporta mais e importa menos.<\/p>\n<p>Os dados mais recentes do Minist\u00e9rio da Agricultura da Argentina e de entidades privadas apontam aumento de consumo per capita em todos os segmentos.<\/p>\n<p>Os dados atuais mostram consumo anual de 59 quilos de carne bovina por pessoa, 44 de carne de frango e 14 de carne su\u00edna.<\/p>\n<p>O maior desempenho ocorreu no setor de su\u00ednos, cujo consumo era 36% menor que o atual h\u00e1 cinco anos. Somava apenas 9 quilos per capita.<\/p>\n<p>O consumo de carne bovina, ap\u00f3s forte recuo nos \u00faltimos anos, devido \u00e0 redu\u00e7\u00e3o do rebanho, come\u00e7a a se recuperar.<\/p>\n<p>Essa melhora no quadro de produ\u00e7\u00e3o e de oferta de carnes na Argentina acaba afetando o Brasil, que tinha um bom mercado no pa\u00eds vizinho.<\/p>\n<p>Os argentinos, que j\u00e1 foram os principais exportadores mundiais de carne bovina, est\u00e3o retornando ao mercado mundial com for\u00e7a. No ano passado, as vendas externas renderam US$ 1,3 bilh\u00e3o, 24% mais do que em 2016. O volume exportado subiu para 208 mil toneladas, 33% mais.<\/p>\n<p>O pa\u00eds cresce em duas frentes. Ganha mercado na China e na R\u00fassia, pa\u00edses que elevaram em 71% e em 51% as importa\u00e7\u00f5es dessa prote\u00edna da Argentina em 2017. Os pre\u00e7os ficam pr\u00f3ximos de US$ 4.000 por tonelada.<\/p>\n<p>J\u00e1 o mercado europeu compra em quantidades menores, mas alguns pa\u00edses, como Alemanha e Holanda, chegam a pagar US$ 12 mil por tonelada.<\/p>\n<p>&nbsp;<\/p>\n<p><strong>AVES<\/strong><\/p>\n<p>A produ\u00e7\u00e3o de carne de aves somou 2,1 milh\u00f5es de toneladas no ano passado no pa\u00eds vizinho, abrindo espa\u00e7o para exporta\u00e7\u00f5es de 186 mil toneladas, 11% mais do que em 2016.<\/p>\n<p>A oferta maior de carne de aves internamente permitiu \u00e0 Argentina reduzir em 32% as importa\u00e7\u00f5es desse produto no ano passado. Boa parte dessa carne sa\u00eda do Brasil.<\/p>\n<p>O grande salto dos argentinos nesse setor foi na produ\u00e7\u00e3o de carne su\u00edna. Os abates ultrapassaram 6 milh\u00f5es de cabe\u00e7as pela primeira vez, elevando a produ\u00e7\u00e3o do pa\u00eds para 566 mil toneladas.<\/p>\n<p>O consumo interno de carne su\u00edna aumentou 6% no per\u00edodo, e as exporta\u00e7\u00f5es subiram 56%.<\/p>\n<p>&nbsp;<\/p>\n<p><strong>Agroneg\u00f3cio surpreende e ajuda a elevar superavit da balan\u00e7a comercial<\/strong><\/p>\n<p>In\u00edcio de ano \u00e9 sempre um per\u00edodo de ritmo fraco nas exporta\u00e7\u00f5es do agroneg\u00f3cio. Janeiro deste ano, por\u00e9m, surpreendeu e as exporta\u00e7\u00f5es agropecu\u00e1rias ajudaram o pa\u00eds a atingir o saldo de US$ 2,8 bilh\u00f5es no m\u00eas, bem acima da m\u00e9dia do per\u00edodo nos anos anteriores.<\/p>\n<p>As exporta\u00e7\u00f5es de soja atingiram 1,56 milh\u00e3o de toneladas, um recorde para o m\u00eas de janeiro. A receita, tradicionalmente baixa neste per\u00edodo do ano, somou US$ 594 milh\u00f5es, a terceira maior registrada na balan\u00e7a comercial. Petr\u00f3leo e min\u00e9rio de ferro lideraram.<\/p>\n<p>Outro produto de destaque foi o milho, cujo volume exportado somou 3 milh\u00f5es de toneladas, 108% mais do que em janeiro de 2016.<\/p>\n<p>Gra\u00e7as ao volume exportado, o milho representou a quarta maior receita da balan\u00e7a no m\u00eas passado.<\/p>\n<p>A carne bovina repete, em janeiro, o bom ritmo de 2017. O setor colocou 100 mil toneladas de carne &#8220;in natura&#8221; no mercado externo, 14% mais do que em igual per\u00edodo do ano passado. As receitas atingiram US$ 426 milh\u00f5es.<\/p>\n<p>A demanda mundial e a baixa oferta de carne bovina nos principais concorrentes brasileiros devem garantir mais um ano de crescimento nesse setor.<\/p>\n<p>J\u00e1 as vendas externas de carnes su\u00edna e de frango perderam for\u00e7a neste in\u00edcio de ano. O volume de carne de frango exportado recuou para 305 mil toneladas, 6% menos do que em janeiro de 2017, enquanto o de carne su\u00edna caiu para 45 mil toneladas, 17% menos.<\/p>\n<p>A Secex (Secretaria de Com\u00e9rcio Exterior) indicou ainda outros produtos com boa evolu\u00e7\u00e3o nos volumes exportados, em rela\u00e7\u00e3o a janeiro de 2017: algod\u00e3o (mais 153%), fumo (97%), suco de laranja concentrado (82%), etanol (17%) e caf\u00e9 (6%).<\/p>\n<p>J\u00e1 o a\u00e7\u00facar, um dos principais itens da balan\u00e7a comercial brasileira, teve queda pr\u00f3xima de 30% no m\u00eas passado, em rela\u00e7\u00e3o a janeiro de 2017.<\/p>\n<p><strong>Adubos<\/strong> &#8211; Ap\u00f3s o ritmo acelerado do ano passado, as importa\u00e7\u00f5es de fertilizantes somaram US$ 412 milh\u00f5es em janeiro, 35% menos do que em igual per\u00edodo de 2017.<\/p>\n<p><strong>Leite &#8211;<\/strong> A compra externa de leite tamb\u00e9m recuou, ficando em US$ 32 milh\u00f5es no primeiro m\u00eas deste ano. A queda foi de 48%, segundo dados da Secex.<\/p>\n<p><strong>Pescado<\/strong> &#8211; A importa\u00e7\u00e3o de peixes e de crust\u00e1ceos teve comportamento inverso ao do leite, subindo para US$ 131 milh\u00f5es no m\u00eas passado, 5% mais do que em janeiro de 2017.<\/p>\n<p><strong>Soja &#8211;<\/strong> Se as exporta\u00e7\u00f5es de soja v\u00e3o bem no Brasil, o mesmo n\u00e3o ocorre nos Estados Unidos, segundo informa\u00e7\u00f5es da AgRural. Maior produtor mundial da oleaginosa, o pa\u00eds teve as menores exporta\u00e7\u00f5es semanais no per\u00edodo terminado em 25 de janeiro.<\/p>\n<p><strong>Volume &#8211;<\/strong> Dados divulgados nesta quinta-feira (1o) pelo Usda (Departamento de Agricultura dos EUA) mostram que foram exportadas apenas 359 mil toneladas no per\u00edodo, o menor volume semanal da temporada 2017\/18.<\/p>\n","protected":false},"excerpt":{"rendered":"<p>O setor de carnes da Argentina, ap\u00f3s o fim das interven\u00e7\u00f5es do governo, come\u00e7a a entrar nos trilhos<\/p>\n","protected":false},"author":7,"featured_media":97985281,"comment_status":"closed","ping_status":"closed","sticky":false,"template":"","format":"standard","meta":{"footnotes":""},"categories":[6,1],"tags":[],"class_list":["post-97985754","post","type-post","status-publish","format-standard","has-post-thumbnail","hentry","category-destaque","category-noticia"],"yoast_head":"<!-- This site is optimized with the Yoast SEO plugin v24.8.1 - https:\/\/yoast.com\/wordpress\/plugins\/seo\/ -->\n<title>Produ\u00e7\u00e3o de carne sobe, e Argentina avan\u00e7a no mercado externo - Acrimat<\/title>\n<meta name=\"robots\" content=\"index, follow, max-snippet:-1, max-image-preview:large, max-video-preview:-1\" \/>\n<link rel=\"canonical\" href=\"https:\/\/acrimat.org.br\/portal\/producao-de-carne-sobe-e-argentina-avanca-no-mercado-externo\/\" \/>\n<meta property=\"og:locale\" content=\"pt_BR\" \/>\n<meta property=\"og:type\" content=\"article\" \/>\n<meta property=\"og:title\" content=\"Produ\u00e7\u00e3o de carne sobe, e Argentina avan\u00e7a no mercado externo - Acrimat\" \/>\n<meta property=\"og:description\" content=\"O setor de carnes da Argentina, ap\u00f3s o fim das interven\u00e7\u00f5es do governo, come\u00e7a a entrar nos trilhos\" \/>\n<meta property=\"og:url\" content=\"https:\/\/acrimat.org.br\/portal\/producao-de-carne-sobe-e-argentina-avanca-no-mercado-externo\/\" \/>\n<meta property=\"og:site_name\" content=\"Acrimat\" \/>\n<meta property=\"article:published_time\" content=\"2018-02-02T12:08:19+00:00\" \/>\n<meta property=\"og:image\" content=\"https:\/\/acrimat.org.br\/portal\/wp-content\/uploads\/2017\/12\/frigorifico1.jpg\" \/>\n\t<meta property=\"og:image:width\" content=\"730\" \/>\n\t<meta property=\"og:image:height\" content=\"502\" \/>\n\t<meta property=\"og:image:type\" content=\"image\/jpeg\" \/>\n<meta name=\"author\" content=\"Assessoria de comunica\u00e7\u00e3o ACRIMAT\" \/>\n<meta name=\"twitter:card\" content=\"summary_large_image\" \/>\n<meta name=\"twitter:label1\" content=\"Escrito por\" \/>\n\t<meta name=\"twitter:data1\" content=\"Assessoria de comunica\u00e7\u00e3o ACRIMAT\" \/>\n\t<meta name=\"twitter:label2\" content=\"Est. tempo de leitura\" \/>\n\t<meta name=\"twitter:data2\" content=\"4 minutos\" \/>\n<script type=\"application\/ld+json\" class=\"yoast-schema-graph\">{\"@context\":\"https:\/\/schema.org\",\"@graph\":[{\"@type\":\"Article\",\"@id\":\"https:\/\/acrimat.org.br\/portal\/producao-de-carne-sobe-e-argentina-avanca-no-mercado-externo\/#article\",\"isPartOf\":{\"@id\":\"https:\/\/acrimat.org.br\/portal\/producao-de-carne-sobe-e-argentina-avanca-no-mercado-externo\/\"},\"author\":{\"name\":\"Assessoria de comunica\u00e7\u00e3o ACRIMAT\",\"@id\":\"https:\/\/acrimat.org.br\/portal\/#\/schema\/person\/a309b9496344ff991e8e1b1d751fdd7b\"},\"headline\":\"Produ\u00e7\u00e3o de carne sobe, e Argentina avan\u00e7a no mercado externo\",\"datePublished\":\"2018-02-02T12:08:19+00:00\",\"mainEntityOfPage\":{\"@id\":\"https:\/\/acrimat.org.br\/portal\/producao-de-carne-sobe-e-argentina-avanca-no-mercado-externo\/\"},\"wordCount\":879,\"publisher\":{\"@id\":\"https:\/\/acrimat.org.br\/portal\/#organization\"},\"image\":{\"@id\":\"https:\/\/acrimat.org.br\/portal\/producao-de-carne-sobe-e-argentina-avanca-no-mercado-externo\/#primaryimage\"},\"thumbnailUrl\":\"https:\/\/acrimat.org.br\/portal\/wp-content\/uploads\/2017\/12\/frigorifico1.jpg\",\"articleSection\":[\"Destaques\",\"Not\u00edcias\"],\"inLanguage\":\"pt-BR\"},{\"@type\":\"WebPage\",\"@id\":\"https:\/\/acrimat.org.br\/portal\/producao-de-carne-sobe-e-argentina-avanca-no-mercado-externo\/\",\"url\":\"https:\/\/acrimat.org.br\/portal\/producao-de-carne-sobe-e-argentina-avanca-no-mercado-externo\/\",\"name\":\"Produ\u00e7\u00e3o de carne sobe, e Argentina avan\u00e7a no mercado externo - Acrimat\",\"isPartOf\":{\"@id\":\"https:\/\/acrimat.org.br\/portal\/#website\"},\"primaryImageOfPage\":{\"@id\":\"https:\/\/acrimat.org.br\/portal\/producao-de-carne-sobe-e-argentina-avanca-no-mercado-externo\/#primaryimage\"},\"image\":{\"@id\":\"https:\/\/acrimat.org.br\/portal\/producao-de-carne-sobe-e-argentina-avanca-no-mercado-externo\/#primaryimage\"},\"thumbnailUrl\":\"https:\/\/acrimat.org.br\/portal\/wp-content\/uploads\/2017\/12\/frigorifico1.jpg\",\"datePublished\":\"2018-02-02T12:08:19+00:00\",\"breadcrumb\":{\"@id\":\"https:\/\/acrimat.org.br\/portal\/producao-de-carne-sobe-e-argentina-avanca-no-mercado-externo\/#breadcrumb\"},\"inLanguage\":\"pt-BR\",\"potentialAction\":[{\"@type\":\"ReadAction\",\"target\":[\"https:\/\/acrimat.org.br\/portal\/producao-de-carne-sobe-e-argentina-avanca-no-mercado-externo\/\"]}]},{\"@type\":\"ImageObject\",\"inLanguage\":\"pt-BR\",\"@id\":\"https:\/\/acrimat.org.br\/portal\/producao-de-carne-sobe-e-argentina-avanca-no-mercado-externo\/#primaryimage\",\"url\":\"https:\/\/acrimat.org.br\/portal\/wp-content\/uploads\/2017\/12\/frigorifico1.jpg\",\"contentUrl\":\"https:\/\/acrimat.org.br\/portal\/wp-content\/uploads\/2017\/12\/frigorifico1.jpg\",\"width\":730,\"height\":502},{\"@type\":\"BreadcrumbList\",\"@id\":\"https:\/\/acrimat.org.br\/portal\/producao-de-carne-sobe-e-argentina-avanca-no-mercado-externo\/#breadcrumb\",\"itemListElement\":[{\"@type\":\"ListItem\",\"position\":1,\"name\":\"In\u00edcio\",\"item\":\"https:\/\/acrimat.org.br\/portal\/\"},{\"@type\":\"ListItem\",\"position\":2,\"name\":\"Produ\u00e7\u00e3o de carne sobe, e Argentina avan\u00e7a no mercado externo\"}]},{\"@type\":\"WebSite\",\"@id\":\"https:\/\/acrimat.org.br\/portal\/#website\",\"url\":\"https:\/\/acrimat.org.br\/portal\/\",\"name\":\"Acrimat\",\"description\":\"Associa\u00e7\u00e3o dos Criadores de Mato Grosso\",\"publisher\":{\"@id\":\"https:\/\/acrimat.org.br\/portal\/#organization\"},\"potentialAction\":[{\"@type\":\"SearchAction\",\"target\":{\"@type\":\"EntryPoint\",\"urlTemplate\":\"https:\/\/acrimat.org.br\/portal\/?s={search_term_string}\"},\"query-input\":{\"@type\":\"PropertyValueSpecification\",\"valueRequired\":true,\"valueName\":\"search_term_string\"}}],\"inLanguage\":\"pt-BR\"},{\"@type\":\"Organization\",\"@id\":\"https:\/\/acrimat.org.br\/portal\/#organization\",\"name\":\"Associa\u00e7\u00e3o dos Criadores de Mato Grosso\",\"url\":\"https:\/\/acrimat.org.br\/portal\/\",\"logo\":{\"@type\":\"ImageObject\",\"inLanguage\":\"pt-BR\",\"@id\":\"https:\/\/acrimat.org.br\/portal\/#\/schema\/logo\/image\/\",\"url\":\"https:\/\/acrimat.org.br\/portal\/wp-content\/uploads\/2018\/03\/logo-peq-original.png\",\"contentUrl\":\"https:\/\/acrimat.org.br\/portal\/wp-content\/uploads\/2018\/03\/logo-peq-original.png\",\"width\":174,\"height\":171,\"caption\":\"Associa\u00e7\u00e3o dos Criadores de Mato Grosso\"},\"image\":{\"@id\":\"https:\/\/acrimat.org.br\/portal\/#\/schema\/logo\/image\/\"}},{\"@type\":\"Person\",\"@id\":\"https:\/\/acrimat.org.br\/portal\/#\/schema\/person\/a309b9496344ff991e8e1b1d751fdd7b\",\"name\":\"Assessoria de comunica\u00e7\u00e3o ACRIMAT\",\"image\":{\"@type\":\"ImageObject\",\"inLanguage\":\"pt-BR\",\"@id\":\"https:\/\/acrimat.org.br\/portal\/#\/schema\/person\/image\/\",\"url\":\"https:\/\/secure.gravatar.com\/avatar\/2f9c28e64c317bcd762b25cb1575f1b4?s=96&d=mm&r=g\",\"contentUrl\":\"https:\/\/secure.gravatar.com\/avatar\/2f9c28e64c317bcd762b25cb1575f1b4?s=96&d=mm&r=g\",\"caption\":\"Assessoria de comunica\u00e7\u00e3o ACRIMAT\"},\"sameAs\":[\"http:\/\/acrimat.org.br\/\"],\"url\":\"https:\/\/acrimat.org.br\/portal\/author\/ascom\/\"}]}<\/script>\n<!-- \/ Yoast SEO plugin. -->","yoast_head_json":{"title":"Produ\u00e7\u00e3o de carne sobe, e Argentina avan\u00e7a no mercado externo - Acrimat","robots":{"index":"index","follow":"follow","max-snippet":"max-snippet:-1","max-image-preview":"max-image-preview:large","max-video-preview":"max-video-preview:-1"},"canonical":"https:\/\/acrimat.org.br\/portal\/producao-de-carne-sobe-e-argentina-avanca-no-mercado-externo\/","og_locale":"pt_BR","og_type":"article","og_title":"Produ\u00e7\u00e3o de carne sobe, e Argentina avan\u00e7a no mercado externo - Acrimat","og_description":"O setor de carnes da Argentina, ap\u00f3s o fim das interven\u00e7\u00f5es do governo, come\u00e7a a entrar nos trilhos","og_url":"https:\/\/acrimat.org.br\/portal\/producao-de-carne-sobe-e-argentina-avanca-no-mercado-externo\/","og_site_name":"Acrimat","article_published_time":"2018-02-02T12:08:19+00:00","og_image":[{"width":730,"height":502,"url":"https:\/\/acrimat.org.br\/portal\/wp-content\/uploads\/2017\/12\/frigorifico1.jpg","type":"image\/jpeg"}],"author":"Assessoria de comunica\u00e7\u00e3o ACRIMAT","twitter_card":"summary_large_image","twitter_misc":{"Escrito por":"Assessoria de comunica\u00e7\u00e3o ACRIMAT","Est. tempo de leitura":"4 minutos"},"schema":{"@context":"https:\/\/schema.org","@graph":[{"@type":"Article","@id":"https:\/\/acrimat.org.br\/portal\/producao-de-carne-sobe-e-argentina-avanca-no-mercado-externo\/#article","isPartOf":{"@id":"https:\/\/acrimat.org.br\/portal\/producao-de-carne-sobe-e-argentina-avanca-no-mercado-externo\/"},"author":{"name":"Assessoria de comunica\u00e7\u00e3o ACRIMAT","@id":"https:\/\/acrimat.org.br\/portal\/#\/schema\/person\/a309b9496344ff991e8e1b1d751fdd7b"},"headline":"Produ\u00e7\u00e3o de carne sobe, e Argentina avan\u00e7a no mercado externo","datePublished":"2018-02-02T12:08:19+00:00","mainEntityOfPage":{"@id":"https:\/\/acrimat.org.br\/portal\/producao-de-carne-sobe-e-argentina-avanca-no-mercado-externo\/"},"wordCount":879,"publisher":{"@id":"https:\/\/acrimat.org.br\/portal\/#organization"},"image":{"@id":"https:\/\/acrimat.org.br\/portal\/producao-de-carne-sobe-e-argentina-avanca-no-mercado-externo\/#primaryimage"},"thumbnailUrl":"https:\/\/acrimat.org.br\/portal\/wp-content\/uploads\/2017\/12\/frigorifico1.jpg","articleSection":["Destaques","Not\u00edcias"],"inLanguage":"pt-BR"},{"@type":"WebPage","@id":"https:\/\/acrimat.org.br\/portal\/producao-de-carne-sobe-e-argentina-avanca-no-mercado-externo\/","url":"https:\/\/acrimat.org.br\/portal\/producao-de-carne-sobe-e-argentina-avanca-no-mercado-externo\/","name":"Produ\u00e7\u00e3o de carne sobe, e Argentina avan\u00e7a no mercado externo - Acrimat","isPartOf":{"@id":"https:\/\/acrimat.org.br\/portal\/#website"},"primaryImageOfPage":{"@id":"https:\/\/acrimat.org.br\/portal\/producao-de-carne-sobe-e-argentina-avanca-no-mercado-externo\/#primaryimage"},"image":{"@id":"https:\/\/acrimat.org.br\/portal\/producao-de-carne-sobe-e-argentina-avanca-no-mercado-externo\/#primaryimage"},"thumbnailUrl":"https:\/\/acrimat.org.br\/portal\/wp-content\/uploads\/2017\/12\/frigorifico1.jpg","datePublished":"2018-02-02T12:08:19+00:00","breadcrumb":{"@id":"https:\/\/acrimat.org.br\/portal\/producao-de-carne-sobe-e-argentina-avanca-no-mercado-externo\/#breadcrumb"},"inLanguage":"pt-BR","potentialAction":[{"@type":"ReadAction","target":["https:\/\/acrimat.org.br\/portal\/producao-de-carne-sobe-e-argentina-avanca-no-mercado-externo\/"]}]},{"@type":"ImageObject","inLanguage":"pt-BR","@id":"https:\/\/acrimat.org.br\/portal\/producao-de-carne-sobe-e-argentina-avanca-no-mercado-externo\/#primaryimage","url":"https:\/\/acrimat.org.br\/portal\/wp-content\/uploads\/2017\/12\/frigorifico1.jpg","contentUrl":"https:\/\/acrimat.org.br\/portal\/wp-content\/uploads\/2017\/12\/frigorifico1.jpg","width":730,"height":502},{"@type":"BreadcrumbList","@id":"https:\/\/acrimat.org.br\/portal\/producao-de-carne-sobe-e-argentina-avanca-no-mercado-externo\/#breadcrumb","itemListElement":[{"@type":"ListItem","position":1,"name":"In\u00edcio","item":"https:\/\/acrimat.org.br\/portal\/"},{"@type":"ListItem","position":2,"name":"Produ\u00e7\u00e3o de carne sobe, e Argentina avan\u00e7a no mercado externo"}]},{"@type":"WebSite","@id":"https:\/\/acrimat.org.br\/portal\/#website","url":"https:\/\/acrimat.org.br\/portal\/","name":"Acrimat","description":"Associa\u00e7\u00e3o dos Criadores de Mato Grosso","publisher":{"@id":"https:\/\/acrimat.org.br\/portal\/#organization"},"potentialAction":[{"@type":"SearchAction","target":{"@type":"EntryPoint","urlTemplate":"https:\/\/acrimat.org.br\/portal\/?s={search_term_string}"},"query-input":{"@type":"PropertyValueSpecification","valueRequired":true,"valueName":"search_term_string"}}],"inLanguage":"pt-BR"},{"@type":"Organization","@id":"https:\/\/acrimat.org.br\/portal\/#organization","name":"Associa\u00e7\u00e3o dos Criadores de Mato Grosso","url":"https:\/\/acrimat.org.br\/portal\/","logo":{"@type":"ImageObject","inLanguage":"pt-BR","@id":"https:\/\/acrimat.org.br\/portal\/#\/schema\/logo\/image\/","url":"https:\/\/acrimat.org.br\/portal\/wp-content\/uploads\/2018\/03\/logo-peq-original.png","contentUrl":"https:\/\/acrimat.org.br\/portal\/wp-content\/uploads\/2018\/03\/logo-peq-original.png","width":174,"height":171,"caption":"Associa\u00e7\u00e3o dos Criadores de Mato Grosso"},"image":{"@id":"https:\/\/acrimat.org.br\/portal\/#\/schema\/logo\/image\/"}},{"@type":"Person","@id":"https:\/\/acrimat.org.br\/portal\/#\/schema\/person\/a309b9496344ff991e8e1b1d751fdd7b","name":"Assessoria de comunica\u00e7\u00e3o ACRIMAT","image":{"@type":"ImageObject","inLanguage":"pt-BR","@id":"https:\/\/acrimat.org.br\/portal\/#\/schema\/person\/image\/","url":"https:\/\/secure.gravatar.com\/avatar\/2f9c28e64c317bcd762b25cb1575f1b4?s=96&d=mm&r=g","contentUrl":"https:\/\/secure.gravatar.com\/avatar\/2f9c28e64c317bcd762b25cb1575f1b4?s=96&d=mm&r=g","caption":"Assessoria de comunica\u00e7\u00e3o ACRIMAT"},"sameAs":["http:\/\/acrimat.org.br\/"],"url":"https:\/\/acrimat.org.br\/portal\/author\/ascom\/"}]}},"_links":{"self":[{"href":"https:\/\/acrimat.org.br\/portal\/wp-json\/wp\/v2\/posts\/97985754","targetHints":{"allow":["GET"]}}],"collection":[{"href":"https:\/\/acrimat.org.br\/portal\/wp-json\/wp\/v2\/posts"}],"about":[{"href":"https:\/\/acrimat.org.br\/portal\/wp-json\/wp\/v2\/types\/post"}],"author":[{"embeddable":true,"href":"https:\/\/acrimat.org.br\/portal\/wp-json\/wp\/v2\/users\/7"}],"replies":[{"embeddable":true,"href":"https:\/\/acrimat.org.br\/portal\/wp-json\/wp\/v2\/comments?post=97985754"}],"version-history":[{"count":1,"href":"https:\/\/acrimat.org.br\/portal\/wp-json\/wp\/v2\/posts\/97985754\/revisions"}],"predecessor-version":[{"id":97985755,"href":"https:\/\/acrimat.org.br\/portal\/wp-json\/wp\/v2\/posts\/97985754\/revisions\/97985755"}],"wp:featuredmedia":[{"embeddable":true,"href":"https:\/\/acrimat.org.br\/portal\/wp-json\/wp\/v2\/media\/97985281"}],"wp:attachment":[{"href":"https:\/\/acrimat.org.br\/portal\/wp-json\/wp\/v2\/media?parent=97985754"}],"wp:term":[{"taxonomy":"category","embeddable":true,"href":"https:\/\/acrimat.org.br\/portal\/wp-json\/wp\/v2\/categories?post=97985754"},{"taxonomy":"post_tag","embeddable":true,"href":"https:\/\/acrimat.org.br\/portal\/wp-json\/wp\/v2\/tags?post=97985754"}],"curies":[{"name":"wp","href":"https:\/\/api.w.org\/{rel}","templated":true}]}}