{"id":97985756,"date":"2018-02-02T09:17:30","date_gmt":"2018-02-02T12:17:30","guid":{"rendered":"http:\/\/acrimat.org.br\/portal\/?p=97985756"},"modified":"2018-02-02T09:22:54","modified_gmt":"2018-02-02T12:22:54","slug":"o-homem-e-a-carne","status":"publish","type":"post","link":"https:\/\/acrimat.org.br\/portal\/o-homem-e-a-carne\/","title":{"rendered":"O homem e a carne"},"content":{"rendered":"<p>Assisti, h\u00e1 algum tempo, um document\u00e1rio muito bem embasado feito pelo History, canal por assinatura, que mostra a rela\u00e7\u00e3o do homem a longo dos mil\u00eanios com o consumo de carne. Relatam os pesquisadores, atrav\u00e9s da an\u00e1lise de estudos antropol\u00f3gicos que, antes de passar a consumir carne, nossos ancestrais dispendiam em m\u00e9dia nove horas para se alimentar de ra\u00edzes, sementes e frutos e fazer a digest\u00e3o desses produtos fibrosos. Para dar cabo dessa \u00e1rdua tarefa, nosso sistema digest\u00f3rio era muito maior do que \u00e9 hoje.<\/p>\n<p>Se os nossos parentes distantes quisessem dedicar-se a outras atividades no decorrer do dia, seria preciso mudar o card\u00e1pio e, por isso, a introdu\u00e7\u00e3o da carne na dieta foi fundamental.<\/p>\n<p>Em uma entrevista, o m\u00e9dico e apresentador Dr\u00e1uzio Varella disparou que se os nossos ancestrais n\u00e3o tivessem introduzido a carne em sua alimenta\u00e7\u00e3o, talvez n\u00e3o estiv\u00e9ssemos aqui hoje.<\/p>\n<p>Ap\u00f3s a inclus\u00e3o da carne no menu e gra\u00e7as \u00e0 sua rica e balanceada fonte de prote\u00ednas, minerais essenciais e demais componentes presentes exclusivamente nela, nosso c\u00e9rebro tornou-se 35% maior e consequentemente nos tornou mais inteligentes.<\/p>\n<p>No in\u00edcio n\u00e3o foi f\u00e1cil, como em toda mudan\u00e7a. Os precursores dos bovinos eram feras indomadas de dois metros de altura, os chamados Auroch, e os seres humanos da \u00e9poca tiveram que arriscar e muitos perderam a pr\u00f3pria vida para a fam\u00edlia poder consumir um peda\u00e7o.<\/p>\n<p>Para os pesquisadores, o homem teve que desenvolver diversas ferramentas e estrat\u00e9gias para ca\u00e7ar os Auroch, dentre elas a fala e a lideran\u00e7a, necessitando do aprimoramento delas para ser eficiente na ca\u00e7ada.<\/p>\n<p>O tempo passou e o consumo de carne tornou se vital para os seres humanos, domesticamos os animais e esse alimento que caminhava, passou a nos acompanhar e os bovinos passaram a nos fornecer tamb\u00e9m outros produtos como leite, o couro e uma infinidade de subprodutos que v\u00e3o al\u00e9m da imagina\u00e7\u00e3o da maioria de n\u00f3s e, a partir daquela \u00e9poca quando ainda \u00e9ramos n\u00f4mades ou seja, antes que a agricultura fixasse o homem no campo, n\u00f3s passamos a selecionar os bois para garantir o nosso sustento e de nossos descendentes de forma cada vez mais eficiente.<\/p>\n<p>Mas \u00e9 preciso ir al\u00e9m e os nossos desafios sempre ser\u00e3o maiores. Nossa meta nos prim\u00f3rdios era ca\u00e7ar um Auroch, para garantir meia tonelada de carne, saciando as vezes uma tribo inteira. De ca\u00e7adores de outrora nos transformamos nos produtores e consumidores de carne hoje, a rela\u00e7\u00e3o ca\u00e7a ca\u00e7ador deu lugar ao foco no bem-estar animal, boas pr\u00e1ticas de cria\u00e7\u00e3o, equil\u00edbrio com o meio ambiente e principalmente a garantia de renda para continuidade da evolu\u00e7\u00e3o.<\/p>\n<p>Descendentes daqueles que comiam somente ra\u00edzes e frutos, hoje, muito mais exigentes, queremos uma carne em que cada corte tenha um sabor, maciez e sucul\u00eancia pr\u00f3prios.<\/p>\n<p>A nova estrat\u00e9gia tra\u00e7ada e a evolu\u00e7\u00e3o no desenvolvimento da fala passam por um di\u00e1logo aberto entre todos os elos da cadeia de valor. Conquistar o consumidor, cada vez mais exigente, \u00e9 tarefa para todos n\u00f3s, produtores, colaboradores diretos com foco na redu\u00e7\u00e3o da idade de abate, melhor desempenho e acabamento da carca\u00e7a. O processo n\u00e3o termina no embarque, sendo necess\u00e1rio envolvimento dos transportadores, dos frigor\u00edficos, atacadistas e varejistas, e continuar at\u00e9 a conserva\u00e7\u00e3o, prepara\u00e7\u00e3o dos cortes e at\u00e9 na elabora\u00e7\u00e3o do prato. Tudo influi no resultado.<\/p>\n<p>Qualquer corte pode variar significativamente a sua maciez, sucul\u00eancia e sabor dependendo ser de: novilha, vaca, touro ou boi castrado e variando inclusive em raz\u00e3o do acabamento de carca\u00e7a e forma de termina\u00e7\u00e3o, se a pasto ou em confinamento e tamb\u00e9m a dieta. O modo de preparo tamb\u00e9m influi, ou seja, a responsabilidade come\u00e7a dentro da porteira e termina na panela.<\/p>\n<p>Desde o primeiro encontro entre o homem e o Auroch, muita coisa mudou e aumentar nosso grau de exig\u00eancia e satisfa\u00e7\u00e3o nos obriga a continuar evoluindo.<\/p>\n<p>Uma coisa \u00e9 certa, ingerir carne possibilitou a evolu\u00e7\u00e3o da humanidade e o seu consumo deve ser cada vez mais prazeroso.<\/p>\n","protected":false},"excerpt":{"rendered":"<p>Diretor T\u00e9cnico da Acrimat fala sobre a rela\u00e7\u00e3o do homem a longo dos mil\u00eanios com o consumo de carne.<\/p>\n","protected":false},"author":7,"featured_media":97985760,"comment_status":"closed","ping_status":"closed","sticky":false,"template":"","format":"standard","meta":{"footnotes":""},"categories":[8,6,1],"tags":[],"class_list":["post-97985756","post","type-post","status-publish","format-standard","has-post-thumbnail","hentry","category-artigo","category-destaque","category-noticia"],"yoast_head":"<!-- This site is optimized with the Yoast SEO plugin v24.8.1 - https:\/\/yoast.com\/wordpress\/plugins\/seo\/ -->\n<title>O homem e a carne - Acrimat<\/title>\n<meta name=\"robots\" content=\"index, follow, max-snippet:-1, max-image-preview:large, max-video-preview:-1\" \/>\n<link rel=\"canonical\" href=\"https:\/\/acrimat.org.br\/portal\/o-homem-e-a-carne\/\" \/>\n<meta property=\"og:locale\" content=\"pt_BR\" \/>\n<meta property=\"og:type\" content=\"article\" \/>\n<meta property=\"og:title\" content=\"O homem e a carne - Acrimat\" \/>\n<meta property=\"og:description\" content=\"Diretor T\u00e9cnico da Acrimat fala sobre a rela\u00e7\u00e3o do homem a longo dos mil\u00eanios com o consumo de carne.\" \/>\n<meta property=\"og:url\" content=\"https:\/\/acrimat.org.br\/portal\/o-homem-e-a-carne\/\" \/>\n<meta property=\"og:site_name\" content=\"Acrimat\" \/>\n<meta property=\"article:published_time\" content=\"2018-02-02T12:17:30+00:00\" \/>\n<meta property=\"article:modified_time\" content=\"2018-02-02T12:22:54+00:00\" \/>\n<meta property=\"og:image\" content=\"https:\/\/acrimat.org.br\/portal\/wp-content\/uploads\/2018\/02\/pexels-photo-597423.jpeg\" \/>\n\t<meta property=\"og:image:width\" content=\"1920\" \/>\n\t<meta property=\"og:image:height\" content=\"1275\" \/>\n\t<meta property=\"og:image:type\" content=\"image\/jpeg\" \/>\n<meta name=\"author\" content=\"Assessoria de comunica\u00e7\u00e3o ACRIMAT\" \/>\n<meta name=\"twitter:card\" content=\"summary_large_image\" \/>\n<meta name=\"twitter:label1\" content=\"Escrito por\" \/>\n\t<meta name=\"twitter:data1\" content=\"Assessoria de comunica\u00e7\u00e3o ACRIMAT\" \/>\n\t<meta name=\"twitter:label2\" content=\"Est. tempo de leitura\" \/>\n\t<meta name=\"twitter:data2\" content=\"4 minutos\" \/>\n<script type=\"application\/ld+json\" class=\"yoast-schema-graph\">{\"@context\":\"https:\/\/schema.org\",\"@graph\":[{\"@type\":\"Article\",\"@id\":\"https:\/\/acrimat.org.br\/portal\/o-homem-e-a-carne\/#article\",\"isPartOf\":{\"@id\":\"https:\/\/acrimat.org.br\/portal\/o-homem-e-a-carne\/\"},\"author\":{\"name\":\"Assessoria de comunica\u00e7\u00e3o ACRIMAT\",\"@id\":\"https:\/\/acrimat.org.br\/portal\/#\/schema\/person\/a309b9496344ff991e8e1b1d751fdd7b\"},\"headline\":\"O homem e a carne\",\"datePublished\":\"2018-02-02T12:17:30+00:00\",\"dateModified\":\"2018-02-02T12:22:54+00:00\",\"mainEntityOfPage\":{\"@id\":\"https:\/\/acrimat.org.br\/portal\/o-homem-e-a-carne\/\"},\"wordCount\":726,\"publisher\":{\"@id\":\"https:\/\/acrimat.org.br\/portal\/#organization\"},\"image\":{\"@id\":\"https:\/\/acrimat.org.br\/portal\/o-homem-e-a-carne\/#primaryimage\"},\"thumbnailUrl\":\"https:\/\/acrimat.org.br\/portal\/wp-content\/uploads\/2018\/02\/pexels-photo-597423.jpeg\",\"articleSection\":[\"Artigos\",\"Destaques\",\"Not\u00edcias\"],\"inLanguage\":\"pt-BR\"},{\"@type\":\"WebPage\",\"@id\":\"https:\/\/acrimat.org.br\/portal\/o-homem-e-a-carne\/\",\"url\":\"https:\/\/acrimat.org.br\/portal\/o-homem-e-a-carne\/\",\"name\":\"O homem e a carne - Acrimat\",\"isPartOf\":{\"@id\":\"https:\/\/acrimat.org.br\/portal\/#website\"},\"primaryImageOfPage\":{\"@id\":\"https:\/\/acrimat.org.br\/portal\/o-homem-e-a-carne\/#primaryimage\"},\"image\":{\"@id\":\"https:\/\/acrimat.org.br\/portal\/o-homem-e-a-carne\/#primaryimage\"},\"thumbnailUrl\":\"https:\/\/acrimat.org.br\/portal\/wp-content\/uploads\/2018\/02\/pexels-photo-597423.jpeg\",\"datePublished\":\"2018-02-02T12:17:30+00:00\",\"dateModified\":\"2018-02-02T12:22:54+00:00\",\"breadcrumb\":{\"@id\":\"https:\/\/acrimat.org.br\/portal\/o-homem-e-a-carne\/#breadcrumb\"},\"inLanguage\":\"pt-BR\",\"potentialAction\":[{\"@type\":\"ReadAction\",\"target\":[\"https:\/\/acrimat.org.br\/portal\/o-homem-e-a-carne\/\"]}]},{\"@type\":\"ImageObject\",\"inLanguage\":\"pt-BR\",\"@id\":\"https:\/\/acrimat.org.br\/portal\/o-homem-e-a-carne\/#primaryimage\",\"url\":\"https:\/\/acrimat.org.br\/portal\/wp-content\/uploads\/2018\/02\/pexels-photo-597423.jpeg\",\"contentUrl\":\"https:\/\/acrimat.org.br\/portal\/wp-content\/uploads\/2018\/02\/pexels-photo-597423.jpeg\",\"width\":1920,\"height\":1275},{\"@type\":\"BreadcrumbList\",\"@id\":\"https:\/\/acrimat.org.br\/portal\/o-homem-e-a-carne\/#breadcrumb\",\"itemListElement\":[{\"@type\":\"ListItem\",\"position\":1,\"name\":\"In\u00edcio\",\"item\":\"https:\/\/acrimat.org.br\/portal\/\"},{\"@type\":\"ListItem\",\"position\":2,\"name\":\"O homem e a carne\"}]},{\"@type\":\"WebSite\",\"@id\":\"https:\/\/acrimat.org.br\/portal\/#website\",\"url\":\"https:\/\/acrimat.org.br\/portal\/\",\"name\":\"Acrimat\",\"description\":\"Associa\u00e7\u00e3o dos Criadores de Mato Grosso\",\"publisher\":{\"@id\":\"https:\/\/acrimat.org.br\/portal\/#organization\"},\"potentialAction\":[{\"@type\":\"SearchAction\",\"target\":{\"@type\":\"EntryPoint\",\"urlTemplate\":\"https:\/\/acrimat.org.br\/portal\/?s={search_term_string}\"},\"query-input\":{\"@type\":\"PropertyValueSpecification\",\"valueRequired\":true,\"valueName\":\"search_term_string\"}}],\"inLanguage\":\"pt-BR\"},{\"@type\":\"Organization\",\"@id\":\"https:\/\/acrimat.org.br\/portal\/#organization\",\"name\":\"Associa\u00e7\u00e3o dos Criadores de Mato Grosso\",\"url\":\"https:\/\/acrimat.org.br\/portal\/\",\"logo\":{\"@type\":\"ImageObject\",\"inLanguage\":\"pt-BR\",\"@id\":\"https:\/\/acrimat.org.br\/portal\/#\/schema\/logo\/image\/\",\"url\":\"https:\/\/acrimat.org.br\/portal\/wp-content\/uploads\/2018\/03\/logo-peq-original.png\",\"contentUrl\":\"https:\/\/acrimat.org.br\/portal\/wp-content\/uploads\/2018\/03\/logo-peq-original.png\",\"width\":174,\"height\":171,\"caption\":\"Associa\u00e7\u00e3o dos Criadores de Mato Grosso\"},\"image\":{\"@id\":\"https:\/\/acrimat.org.br\/portal\/#\/schema\/logo\/image\/\"}},{\"@type\":\"Person\",\"@id\":\"https:\/\/acrimat.org.br\/portal\/#\/schema\/person\/a309b9496344ff991e8e1b1d751fdd7b\",\"name\":\"Assessoria de comunica\u00e7\u00e3o ACRIMAT\",\"image\":{\"@type\":\"ImageObject\",\"inLanguage\":\"pt-BR\",\"@id\":\"https:\/\/acrimat.org.br\/portal\/#\/schema\/person\/image\/\",\"url\":\"https:\/\/secure.gravatar.com\/avatar\/2f9c28e64c317bcd762b25cb1575f1b4?s=96&d=mm&r=g\",\"contentUrl\":\"https:\/\/secure.gravatar.com\/avatar\/2f9c28e64c317bcd762b25cb1575f1b4?s=96&d=mm&r=g\",\"caption\":\"Assessoria de comunica\u00e7\u00e3o ACRIMAT\"},\"sameAs\":[\"http:\/\/acrimat.org.br\/\"],\"url\":\"https:\/\/acrimat.org.br\/portal\/author\/ascom\/\"}]}<\/script>\n<!-- \/ Yoast SEO plugin. -->","yoast_head_json":{"title":"O homem e a carne - Acrimat","robots":{"index":"index","follow":"follow","max-snippet":"max-snippet:-1","max-image-preview":"max-image-preview:large","max-video-preview":"max-video-preview:-1"},"canonical":"https:\/\/acrimat.org.br\/portal\/o-homem-e-a-carne\/","og_locale":"pt_BR","og_type":"article","og_title":"O homem e a carne - Acrimat","og_description":"Diretor T\u00e9cnico da Acrimat fala sobre a rela\u00e7\u00e3o do homem a longo dos mil\u00eanios com o consumo de carne.","og_url":"https:\/\/acrimat.org.br\/portal\/o-homem-e-a-carne\/","og_site_name":"Acrimat","article_published_time":"2018-02-02T12:17:30+00:00","article_modified_time":"2018-02-02T12:22:54+00:00","og_image":[{"width":1920,"height":1275,"url":"https:\/\/acrimat.org.br\/portal\/wp-content\/uploads\/2018\/02\/pexels-photo-597423.jpeg","type":"image\/jpeg"}],"author":"Assessoria de comunica\u00e7\u00e3o ACRIMAT","twitter_card":"summary_large_image","twitter_misc":{"Escrito por":"Assessoria de comunica\u00e7\u00e3o ACRIMAT","Est. tempo de leitura":"4 minutos"},"schema":{"@context":"https:\/\/schema.org","@graph":[{"@type":"Article","@id":"https:\/\/acrimat.org.br\/portal\/o-homem-e-a-carne\/#article","isPartOf":{"@id":"https:\/\/acrimat.org.br\/portal\/o-homem-e-a-carne\/"},"author":{"name":"Assessoria de comunica\u00e7\u00e3o ACRIMAT","@id":"https:\/\/acrimat.org.br\/portal\/#\/schema\/person\/a309b9496344ff991e8e1b1d751fdd7b"},"headline":"O homem e a carne","datePublished":"2018-02-02T12:17:30+00:00","dateModified":"2018-02-02T12:22:54+00:00","mainEntityOfPage":{"@id":"https:\/\/acrimat.org.br\/portal\/o-homem-e-a-carne\/"},"wordCount":726,"publisher":{"@id":"https:\/\/acrimat.org.br\/portal\/#organization"},"image":{"@id":"https:\/\/acrimat.org.br\/portal\/o-homem-e-a-carne\/#primaryimage"},"thumbnailUrl":"https:\/\/acrimat.org.br\/portal\/wp-content\/uploads\/2018\/02\/pexels-photo-597423.jpeg","articleSection":["Artigos","Destaques","Not\u00edcias"],"inLanguage":"pt-BR"},{"@type":"WebPage","@id":"https:\/\/acrimat.org.br\/portal\/o-homem-e-a-carne\/","url":"https:\/\/acrimat.org.br\/portal\/o-homem-e-a-carne\/","name":"O homem e a carne - Acrimat","isPartOf":{"@id":"https:\/\/acrimat.org.br\/portal\/#website"},"primaryImageOfPage":{"@id":"https:\/\/acrimat.org.br\/portal\/o-homem-e-a-carne\/#primaryimage"},"image":{"@id":"https:\/\/acrimat.org.br\/portal\/o-homem-e-a-carne\/#primaryimage"},"thumbnailUrl":"https:\/\/acrimat.org.br\/portal\/wp-content\/uploads\/2018\/02\/pexels-photo-597423.jpeg","datePublished":"2018-02-02T12:17:30+00:00","dateModified":"2018-02-02T12:22:54+00:00","breadcrumb":{"@id":"https:\/\/acrimat.org.br\/portal\/o-homem-e-a-carne\/#breadcrumb"},"inLanguage":"pt-BR","potentialAction":[{"@type":"ReadAction","target":["https:\/\/acrimat.org.br\/portal\/o-homem-e-a-carne\/"]}]},{"@type":"ImageObject","inLanguage":"pt-BR","@id":"https:\/\/acrimat.org.br\/portal\/o-homem-e-a-carne\/#primaryimage","url":"https:\/\/acrimat.org.br\/portal\/wp-content\/uploads\/2018\/02\/pexels-photo-597423.jpeg","contentUrl":"https:\/\/acrimat.org.br\/portal\/wp-content\/uploads\/2018\/02\/pexels-photo-597423.jpeg","width":1920,"height":1275},{"@type":"BreadcrumbList","@id":"https:\/\/acrimat.org.br\/portal\/o-homem-e-a-carne\/#breadcrumb","itemListElement":[{"@type":"ListItem","position":1,"name":"In\u00edcio","item":"https:\/\/acrimat.org.br\/portal\/"},{"@type":"ListItem","position":2,"name":"O homem e a carne"}]},{"@type":"WebSite","@id":"https:\/\/acrimat.org.br\/portal\/#website","url":"https:\/\/acrimat.org.br\/portal\/","name":"Acrimat","description":"Associa\u00e7\u00e3o dos Criadores de Mato Grosso","publisher":{"@id":"https:\/\/acrimat.org.br\/portal\/#organization"},"potentialAction":[{"@type":"SearchAction","target":{"@type":"EntryPoint","urlTemplate":"https:\/\/acrimat.org.br\/portal\/?s={search_term_string}"},"query-input":{"@type":"PropertyValueSpecification","valueRequired":true,"valueName":"search_term_string"}}],"inLanguage":"pt-BR"},{"@type":"Organization","@id":"https:\/\/acrimat.org.br\/portal\/#organization","name":"Associa\u00e7\u00e3o dos Criadores de Mato Grosso","url":"https:\/\/acrimat.org.br\/portal\/","logo":{"@type":"ImageObject","inLanguage":"pt-BR","@id":"https:\/\/acrimat.org.br\/portal\/#\/schema\/logo\/image\/","url":"https:\/\/acrimat.org.br\/portal\/wp-content\/uploads\/2018\/03\/logo-peq-original.png","contentUrl":"https:\/\/acrimat.org.br\/portal\/wp-content\/uploads\/2018\/03\/logo-peq-original.png","width":174,"height":171,"caption":"Associa\u00e7\u00e3o dos Criadores de Mato Grosso"},"image":{"@id":"https:\/\/acrimat.org.br\/portal\/#\/schema\/logo\/image\/"}},{"@type":"Person","@id":"https:\/\/acrimat.org.br\/portal\/#\/schema\/person\/a309b9496344ff991e8e1b1d751fdd7b","name":"Assessoria de comunica\u00e7\u00e3o ACRIMAT","image":{"@type":"ImageObject","inLanguage":"pt-BR","@id":"https:\/\/acrimat.org.br\/portal\/#\/schema\/person\/image\/","url":"https:\/\/secure.gravatar.com\/avatar\/2f9c28e64c317bcd762b25cb1575f1b4?s=96&d=mm&r=g","contentUrl":"https:\/\/secure.gravatar.com\/avatar\/2f9c28e64c317bcd762b25cb1575f1b4?s=96&d=mm&r=g","caption":"Assessoria de comunica\u00e7\u00e3o ACRIMAT"},"sameAs":["http:\/\/acrimat.org.br\/"],"url":"https:\/\/acrimat.org.br\/portal\/author\/ascom\/"}]}},"_links":{"self":[{"href":"https:\/\/acrimat.org.br\/portal\/wp-json\/wp\/v2\/posts\/97985756","targetHints":{"allow":["GET"]}}],"collection":[{"href":"https:\/\/acrimat.org.br\/portal\/wp-json\/wp\/v2\/posts"}],"about":[{"href":"https:\/\/acrimat.org.br\/portal\/wp-json\/wp\/v2\/types\/post"}],"author":[{"embeddable":true,"href":"https:\/\/acrimat.org.br\/portal\/wp-json\/wp\/v2\/users\/7"}],"replies":[{"embeddable":true,"href":"https:\/\/acrimat.org.br\/portal\/wp-json\/wp\/v2\/comments?post=97985756"}],"version-history":[{"count":3,"href":"https:\/\/acrimat.org.br\/portal\/wp-json\/wp\/v2\/posts\/97985756\/revisions"}],"predecessor-version":[{"id":97985761,"href":"https:\/\/acrimat.org.br\/portal\/wp-json\/wp\/v2\/posts\/97985756\/revisions\/97985761"}],"wp:featuredmedia":[{"embeddable":true,"href":"https:\/\/acrimat.org.br\/portal\/wp-json\/wp\/v2\/media\/97985760"}],"wp:attachment":[{"href":"https:\/\/acrimat.org.br\/portal\/wp-json\/wp\/v2\/media?parent=97985756"}],"wp:term":[{"taxonomy":"category","embeddable":true,"href":"https:\/\/acrimat.org.br\/portal\/wp-json\/wp\/v2\/categories?post=97985756"},{"taxonomy":"post_tag","embeddable":true,"href":"https:\/\/acrimat.org.br\/portal\/wp-json\/wp\/v2\/tags?post=97985756"}],"curies":[{"name":"wp","href":"https:\/\/api.w.org\/{rel}","templated":true}]}}