{"id":97985782,"date":"2018-02-05T10:16:55","date_gmt":"2018-02-05T13:16:55","guid":{"rendered":"http:\/\/acrimat.org.br\/portal\/?p=97985782"},"modified":"2018-02-05T10:16:55","modified_gmt":"2018-02-05T13:16:55","slug":"embargo-russo-a-carne-brasileira-pode-acabar-nas-proximas-semanas-diz-abpa","status":"publish","type":"post","link":"https:\/\/acrimat.org.br\/portal\/embargo-russo-a-carne-brasileira-pode-acabar-nas-proximas-semanas-diz-abpa\/","title":{"rendered":"Embargo russo \u00e0 carne brasileira pode acabar nas pr\u00f3ximas semanas, diz ABPA"},"content":{"rendered":"<p>O fim do embargo russo \u00e0 carne brasileira pode acontecer nas pr\u00f3ximas semanas, afirma o\u00a0presidente da Associa\u00e7\u00e3o Brasileira de Prote\u00edna Animal (Abpa), Francisco Turra. Se a restri\u00e7\u00e3o for retirada, as exporta\u00e7\u00f5es de carne su\u00edna\u00a0devem superar o total do ano passado, quando o Brasil enviou ao exterior 693 mil toneladas.<\/p>\n<p>\u201cN\u00f3s estamos mais do que necessitados da reabertura, e tem sido feito tudo o que \u00e9 poss\u00edvel. O ministro Blairo esteve em encontro na Alemanha com autoridades russas. Contatos permanentes agora posteriores, at\u00e9 mesmo do presidente da Rep\u00fablica, para que retornem imediatamente as importa\u00e7\u00f5es de carne bovina e su\u00edna\u201d, diz Turra.<\/p>\n<p>&nbsp;<\/p>\n<p><strong>Problemas nas exporta\u00e7\u00f5es<\/strong><\/p>\n<p>Em janeiro, os embarques brasileiros da prote\u00edna su\u00edna tiveram queda de 23% em compara\u00e7\u00e3o com igual per\u00edodo de 2017. O embargo russo aos produtos brasileiros e a falta de fiscais agropecu\u00e1rios em plantas frigor\u00edficas foram decisivos para o mau desempenho, segundo o presidente da Abpa.<\/p>\n<p>Turra diz que 40% da carne su\u00edna exportada pelo Brasil exporta \u00e9 para a R\u00fassia. Al\u00e9m do embargo russo, a prote\u00edna tamb\u00e9m n\u00e3o entrou via Ucr\u00e2nia, o que gerou um represamento da demanda.<\/p>\n<p>Sobre a aus\u00eancia dos profissionais,Turra afirma que h\u00e1 muito tempo o minist\u00e9rio buscava autoriza\u00e7\u00e3o para concursos, porque, com as aposentadorias, o quadro de funcion\u00e1rios diminuiu. \u201cN\u00f3s alertamos v\u00e1rias vezes, nada aconteceu e finalmente o ministro Blairo conseguiu em contrato emergencial trazer fiscais que est\u00e3o agora em fase de capacita\u00e7\u00e3o e treinamento. Eles ainda n\u00e3o est\u00e3o na ativa nas plantas\u201d, conta.<\/p>\n<p>&nbsp;<\/p>\n<p><strong>Reflexos no mercado interno<\/strong><\/p>\n<p>A queda nas exporta\u00e7\u00f5es pressionaram o pre\u00e7o do produto internamente. Em S\u00e3o Paulo, o quilo do su\u00edno vivo caiu 7% desde o in\u00edcio do ano. Para o analista de mercado, Cesar Castro Alves, as cota\u00e7\u00f5es devem voltar a subir nos pr\u00f3ximos meses com o aumento do consumo.<\/p>\n<p>N\u00e3o h\u00e1 mais espa\u00e7o para queda no pre\u00e7o do su\u00edno sem que o setor entre no vermelho. Por outro lado, a tend\u00eancia \u00e9 de recupera\u00e7\u00e3o. Passando o Carnaval, o consumo deve melhorar gradativamente e isso volta a dar sustenta\u00e7\u00e3o para o su\u00edno. O desenho \u00e9 daqui para melhor em que pese o m\u00eas de janeiro dif\u00edcil\u201d, explica Alves.<\/p>\n<p>Outro ponto importante \u00e9 o custo de produ\u00e7\u00e3o que vai ficar menor este ano. O bom rendimento das lavouras de milho e soja v\u00e3o garantir pre\u00e7os est\u00e1veis para os gr\u00e3os ao longo do ano. \u201cN\u00e3o tem nada, por enquanto, depondo contra a safra americana, ent\u00e3o os custos devem ficar mais baixos e isso \u00e9 um grande vetor para o ritmo de produ\u00e7\u00e3o\u201d, conclui o especialista.<\/p>\n","protected":false},"excerpt":{"rendered":"<p>Entidade estima que, se a restri\u00e7\u00e3o cair, os embarques internacionais de prote\u00edna su\u00edna podem superar 2017<\/p>\n","protected":false},"author":7,"featured_media":97984894,"comment_status":"closed","ping_status":"closed","sticky":false,"template":"","format":"standard","meta":{"footnotes":""},"categories":[6,1],"tags":[],"class_list":["post-97985782","post","type-post","status-publish","format-standard","has-post-thumbnail","hentry","category-destaque","category-noticia"],"yoast_head":"<!-- This site is optimized with the Yoast SEO plugin v24.8.1 - https:\/\/yoast.com\/wordpress\/plugins\/seo\/ -->\n<title>Embargo russo \u00e0 carne brasileira pode acabar nas pr\u00f3ximas semanas, diz ABPA - Acrimat<\/title>\n<meta name=\"robots\" content=\"index, follow, max-snippet:-1, max-image-preview:large, max-video-preview:-1\" \/>\n<link rel=\"canonical\" href=\"https:\/\/acrimat.org.br\/portal\/embargo-russo-a-carne-brasileira-pode-acabar-nas-proximas-semanas-diz-abpa\/\" \/>\n<meta property=\"og:locale\" content=\"pt_BR\" \/>\n<meta property=\"og:type\" content=\"article\" \/>\n<meta property=\"og:title\" content=\"Embargo russo \u00e0 carne brasileira pode acabar nas pr\u00f3ximas semanas, diz ABPA - Acrimat\" \/>\n<meta property=\"og:description\" content=\"Entidade estima que, se a restri\u00e7\u00e3o cair, os embarques internacionais de prote\u00edna su\u00edna podem superar 2017\" \/>\n<meta property=\"og:url\" content=\"https:\/\/acrimat.org.br\/portal\/embargo-russo-a-carne-brasileira-pode-acabar-nas-proximas-semanas-diz-abpa\/\" \/>\n<meta property=\"og:site_name\" content=\"Acrimat\" \/>\n<meta property=\"article:published_time\" content=\"2018-02-05T13:16:55+00:00\" \/>\n<meta property=\"og:image\" content=\"https:\/\/acrimat.org.br\/portal\/wp-content\/uploads\/2017\/11\/frigorifico2.jpg\" \/>\n\t<meta property=\"og:image:width\" content=\"720\" \/>\n\t<meta property=\"og:image:height\" content=\"495\" \/>\n\t<meta property=\"og:image:type\" content=\"image\/jpeg\" \/>\n<meta name=\"author\" content=\"Assessoria de comunica\u00e7\u00e3o ACRIMAT\" \/>\n<meta name=\"twitter:card\" content=\"summary_large_image\" \/>\n<meta name=\"twitter:label1\" content=\"Escrito por\" \/>\n\t<meta name=\"twitter:data1\" content=\"Assessoria de comunica\u00e7\u00e3o ACRIMAT\" \/>\n\t<meta name=\"twitter:label2\" content=\"Est. tempo de leitura\" \/>\n\t<meta name=\"twitter:data2\" content=\"2 minutos\" \/>\n<script type=\"application\/ld+json\" class=\"yoast-schema-graph\">{\"@context\":\"https:\/\/schema.org\",\"@graph\":[{\"@type\":\"Article\",\"@id\":\"https:\/\/acrimat.org.br\/portal\/embargo-russo-a-carne-brasileira-pode-acabar-nas-proximas-semanas-diz-abpa\/#article\",\"isPartOf\":{\"@id\":\"https:\/\/acrimat.org.br\/portal\/embargo-russo-a-carne-brasileira-pode-acabar-nas-proximas-semanas-diz-abpa\/\"},\"author\":{\"name\":\"Assessoria de comunica\u00e7\u00e3o ACRIMAT\",\"@id\":\"https:\/\/acrimat.org.br\/portal\/#\/schema\/person\/a309b9496344ff991e8e1b1d751fdd7b\"},\"headline\":\"Embargo russo \u00e0 carne brasileira pode acabar nas pr\u00f3ximas semanas, diz ABPA\",\"datePublished\":\"2018-02-05T13:16:55+00:00\",\"mainEntityOfPage\":{\"@id\":\"https:\/\/acrimat.org.br\/portal\/embargo-russo-a-carne-brasileira-pode-acabar-nas-proximas-semanas-diz-abpa\/\"},\"wordCount\":480,\"publisher\":{\"@id\":\"https:\/\/acrimat.org.br\/portal\/#organization\"},\"image\":{\"@id\":\"https:\/\/acrimat.org.br\/portal\/embargo-russo-a-carne-brasileira-pode-acabar-nas-proximas-semanas-diz-abpa\/#primaryimage\"},\"thumbnailUrl\":\"https:\/\/acrimat.org.br\/portal\/wp-content\/uploads\/2017\/11\/frigorifico2.jpg\",\"articleSection\":[\"Destaques\",\"Not\u00edcias\"],\"inLanguage\":\"pt-BR\"},{\"@type\":\"WebPage\",\"@id\":\"https:\/\/acrimat.org.br\/portal\/embargo-russo-a-carne-brasileira-pode-acabar-nas-proximas-semanas-diz-abpa\/\",\"url\":\"https:\/\/acrimat.org.br\/portal\/embargo-russo-a-carne-brasileira-pode-acabar-nas-proximas-semanas-diz-abpa\/\",\"name\":\"Embargo russo \u00e0 carne brasileira pode acabar nas pr\u00f3ximas semanas, diz ABPA - Acrimat\",\"isPartOf\":{\"@id\":\"https:\/\/acrimat.org.br\/portal\/#website\"},\"primaryImageOfPage\":{\"@id\":\"https:\/\/acrimat.org.br\/portal\/embargo-russo-a-carne-brasileira-pode-acabar-nas-proximas-semanas-diz-abpa\/#primaryimage\"},\"image\":{\"@id\":\"https:\/\/acrimat.org.br\/portal\/embargo-russo-a-carne-brasileira-pode-acabar-nas-proximas-semanas-diz-abpa\/#primaryimage\"},\"thumbnailUrl\":\"https:\/\/acrimat.org.br\/portal\/wp-content\/uploads\/2017\/11\/frigorifico2.jpg\",\"datePublished\":\"2018-02-05T13:16:55+00:00\",\"breadcrumb\":{\"@id\":\"https:\/\/acrimat.org.br\/portal\/embargo-russo-a-carne-brasileira-pode-acabar-nas-proximas-semanas-diz-abpa\/#breadcrumb\"},\"inLanguage\":\"pt-BR\",\"potentialAction\":[{\"@type\":\"ReadAction\",\"target\":[\"https:\/\/acrimat.org.br\/portal\/embargo-russo-a-carne-brasileira-pode-acabar-nas-proximas-semanas-diz-abpa\/\"]}]},{\"@type\":\"ImageObject\",\"inLanguage\":\"pt-BR\",\"@id\":\"https:\/\/acrimat.org.br\/portal\/embargo-russo-a-carne-brasileira-pode-acabar-nas-proximas-semanas-diz-abpa\/#primaryimage\",\"url\":\"https:\/\/acrimat.org.br\/portal\/wp-content\/uploads\/2017\/11\/frigorifico2.jpg\",\"contentUrl\":\"https:\/\/acrimat.org.br\/portal\/wp-content\/uploads\/2017\/11\/frigorifico2.jpg\",\"width\":720,\"height\":495},{\"@type\":\"BreadcrumbList\",\"@id\":\"https:\/\/acrimat.org.br\/portal\/embargo-russo-a-carne-brasileira-pode-acabar-nas-proximas-semanas-diz-abpa\/#breadcrumb\",\"itemListElement\":[{\"@type\":\"ListItem\",\"position\":1,\"name\":\"In\u00edcio\",\"item\":\"https:\/\/acrimat.org.br\/portal\/\"},{\"@type\":\"ListItem\",\"position\":2,\"name\":\"Embargo russo \u00e0 carne brasileira pode acabar nas pr\u00f3ximas semanas, diz ABPA\"}]},{\"@type\":\"WebSite\",\"@id\":\"https:\/\/acrimat.org.br\/portal\/#website\",\"url\":\"https:\/\/acrimat.org.br\/portal\/\",\"name\":\"Acrimat\",\"description\":\"Associa\u00e7\u00e3o dos Criadores de Mato Grosso\",\"publisher\":{\"@id\":\"https:\/\/acrimat.org.br\/portal\/#organization\"},\"potentialAction\":[{\"@type\":\"SearchAction\",\"target\":{\"@type\":\"EntryPoint\",\"urlTemplate\":\"https:\/\/acrimat.org.br\/portal\/?s={search_term_string}\"},\"query-input\":{\"@type\":\"PropertyValueSpecification\",\"valueRequired\":true,\"valueName\":\"search_term_string\"}}],\"inLanguage\":\"pt-BR\"},{\"@type\":\"Organization\",\"@id\":\"https:\/\/acrimat.org.br\/portal\/#organization\",\"name\":\"Associa\u00e7\u00e3o dos Criadores de Mato Grosso\",\"url\":\"https:\/\/acrimat.org.br\/portal\/\",\"logo\":{\"@type\":\"ImageObject\",\"inLanguage\":\"pt-BR\",\"@id\":\"https:\/\/acrimat.org.br\/portal\/#\/schema\/logo\/image\/\",\"url\":\"https:\/\/acrimat.org.br\/portal\/wp-content\/uploads\/2018\/03\/logo-peq-original.png\",\"contentUrl\":\"https:\/\/acrimat.org.br\/portal\/wp-content\/uploads\/2018\/03\/logo-peq-original.png\",\"width\":174,\"height\":171,\"caption\":\"Associa\u00e7\u00e3o dos Criadores de Mato Grosso\"},\"image\":{\"@id\":\"https:\/\/acrimat.org.br\/portal\/#\/schema\/logo\/image\/\"}},{\"@type\":\"Person\",\"@id\":\"https:\/\/acrimat.org.br\/portal\/#\/schema\/person\/a309b9496344ff991e8e1b1d751fdd7b\",\"name\":\"Assessoria de comunica\u00e7\u00e3o ACRIMAT\",\"image\":{\"@type\":\"ImageObject\",\"inLanguage\":\"pt-BR\",\"@id\":\"https:\/\/acrimat.org.br\/portal\/#\/schema\/person\/image\/\",\"url\":\"https:\/\/secure.gravatar.com\/avatar\/2f9c28e64c317bcd762b25cb1575f1b4?s=96&d=mm&r=g\",\"contentUrl\":\"https:\/\/secure.gravatar.com\/avatar\/2f9c28e64c317bcd762b25cb1575f1b4?s=96&d=mm&r=g\",\"caption\":\"Assessoria de comunica\u00e7\u00e3o ACRIMAT\"},\"sameAs\":[\"http:\/\/acrimat.org.br\/\"],\"url\":\"https:\/\/acrimat.org.br\/portal\/author\/ascom\/\"}]}<\/script>\n<!-- \/ Yoast SEO plugin. -->","yoast_head_json":{"title":"Embargo russo \u00e0 carne brasileira pode acabar nas pr\u00f3ximas semanas, diz ABPA - Acrimat","robots":{"index":"index","follow":"follow","max-snippet":"max-snippet:-1","max-image-preview":"max-image-preview:large","max-video-preview":"max-video-preview:-1"},"canonical":"https:\/\/acrimat.org.br\/portal\/embargo-russo-a-carne-brasileira-pode-acabar-nas-proximas-semanas-diz-abpa\/","og_locale":"pt_BR","og_type":"article","og_title":"Embargo russo \u00e0 carne brasileira pode acabar nas pr\u00f3ximas semanas, diz ABPA - Acrimat","og_description":"Entidade estima que, se a restri\u00e7\u00e3o cair, os embarques internacionais de prote\u00edna su\u00edna podem superar 2017","og_url":"https:\/\/acrimat.org.br\/portal\/embargo-russo-a-carne-brasileira-pode-acabar-nas-proximas-semanas-diz-abpa\/","og_site_name":"Acrimat","article_published_time":"2018-02-05T13:16:55+00:00","og_image":[{"width":720,"height":495,"url":"https:\/\/acrimat.org.br\/portal\/wp-content\/uploads\/2017\/11\/frigorifico2.jpg","type":"image\/jpeg"}],"author":"Assessoria de comunica\u00e7\u00e3o ACRIMAT","twitter_card":"summary_large_image","twitter_misc":{"Escrito por":"Assessoria de comunica\u00e7\u00e3o ACRIMAT","Est. tempo de leitura":"2 minutos"},"schema":{"@context":"https:\/\/schema.org","@graph":[{"@type":"Article","@id":"https:\/\/acrimat.org.br\/portal\/embargo-russo-a-carne-brasileira-pode-acabar-nas-proximas-semanas-diz-abpa\/#article","isPartOf":{"@id":"https:\/\/acrimat.org.br\/portal\/embargo-russo-a-carne-brasileira-pode-acabar-nas-proximas-semanas-diz-abpa\/"},"author":{"name":"Assessoria de comunica\u00e7\u00e3o ACRIMAT","@id":"https:\/\/acrimat.org.br\/portal\/#\/schema\/person\/a309b9496344ff991e8e1b1d751fdd7b"},"headline":"Embargo russo \u00e0 carne brasileira pode acabar nas pr\u00f3ximas semanas, diz ABPA","datePublished":"2018-02-05T13:16:55+00:00","mainEntityOfPage":{"@id":"https:\/\/acrimat.org.br\/portal\/embargo-russo-a-carne-brasileira-pode-acabar-nas-proximas-semanas-diz-abpa\/"},"wordCount":480,"publisher":{"@id":"https:\/\/acrimat.org.br\/portal\/#organization"},"image":{"@id":"https:\/\/acrimat.org.br\/portal\/embargo-russo-a-carne-brasileira-pode-acabar-nas-proximas-semanas-diz-abpa\/#primaryimage"},"thumbnailUrl":"https:\/\/acrimat.org.br\/portal\/wp-content\/uploads\/2017\/11\/frigorifico2.jpg","articleSection":["Destaques","Not\u00edcias"],"inLanguage":"pt-BR"},{"@type":"WebPage","@id":"https:\/\/acrimat.org.br\/portal\/embargo-russo-a-carne-brasileira-pode-acabar-nas-proximas-semanas-diz-abpa\/","url":"https:\/\/acrimat.org.br\/portal\/embargo-russo-a-carne-brasileira-pode-acabar-nas-proximas-semanas-diz-abpa\/","name":"Embargo russo \u00e0 carne brasileira pode acabar nas pr\u00f3ximas semanas, diz ABPA - Acrimat","isPartOf":{"@id":"https:\/\/acrimat.org.br\/portal\/#website"},"primaryImageOfPage":{"@id":"https:\/\/acrimat.org.br\/portal\/embargo-russo-a-carne-brasileira-pode-acabar-nas-proximas-semanas-diz-abpa\/#primaryimage"},"image":{"@id":"https:\/\/acrimat.org.br\/portal\/embargo-russo-a-carne-brasileira-pode-acabar-nas-proximas-semanas-diz-abpa\/#primaryimage"},"thumbnailUrl":"https:\/\/acrimat.org.br\/portal\/wp-content\/uploads\/2017\/11\/frigorifico2.jpg","datePublished":"2018-02-05T13:16:55+00:00","breadcrumb":{"@id":"https:\/\/acrimat.org.br\/portal\/embargo-russo-a-carne-brasileira-pode-acabar-nas-proximas-semanas-diz-abpa\/#breadcrumb"},"inLanguage":"pt-BR","potentialAction":[{"@type":"ReadAction","target":["https:\/\/acrimat.org.br\/portal\/embargo-russo-a-carne-brasileira-pode-acabar-nas-proximas-semanas-diz-abpa\/"]}]},{"@type":"ImageObject","inLanguage":"pt-BR","@id":"https:\/\/acrimat.org.br\/portal\/embargo-russo-a-carne-brasileira-pode-acabar-nas-proximas-semanas-diz-abpa\/#primaryimage","url":"https:\/\/acrimat.org.br\/portal\/wp-content\/uploads\/2017\/11\/frigorifico2.jpg","contentUrl":"https:\/\/acrimat.org.br\/portal\/wp-content\/uploads\/2017\/11\/frigorifico2.jpg","width":720,"height":495},{"@type":"BreadcrumbList","@id":"https:\/\/acrimat.org.br\/portal\/embargo-russo-a-carne-brasileira-pode-acabar-nas-proximas-semanas-diz-abpa\/#breadcrumb","itemListElement":[{"@type":"ListItem","position":1,"name":"In\u00edcio","item":"https:\/\/acrimat.org.br\/portal\/"},{"@type":"ListItem","position":2,"name":"Embargo russo \u00e0 carne brasileira pode acabar nas pr\u00f3ximas semanas, diz ABPA"}]},{"@type":"WebSite","@id":"https:\/\/acrimat.org.br\/portal\/#website","url":"https:\/\/acrimat.org.br\/portal\/","name":"Acrimat","description":"Associa\u00e7\u00e3o dos Criadores de Mato Grosso","publisher":{"@id":"https:\/\/acrimat.org.br\/portal\/#organization"},"potentialAction":[{"@type":"SearchAction","target":{"@type":"EntryPoint","urlTemplate":"https:\/\/acrimat.org.br\/portal\/?s={search_term_string}"},"query-input":{"@type":"PropertyValueSpecification","valueRequired":true,"valueName":"search_term_string"}}],"inLanguage":"pt-BR"},{"@type":"Organization","@id":"https:\/\/acrimat.org.br\/portal\/#organization","name":"Associa\u00e7\u00e3o dos Criadores de Mato Grosso","url":"https:\/\/acrimat.org.br\/portal\/","logo":{"@type":"ImageObject","inLanguage":"pt-BR","@id":"https:\/\/acrimat.org.br\/portal\/#\/schema\/logo\/image\/","url":"https:\/\/acrimat.org.br\/portal\/wp-content\/uploads\/2018\/03\/logo-peq-original.png","contentUrl":"https:\/\/acrimat.org.br\/portal\/wp-content\/uploads\/2018\/03\/logo-peq-original.png","width":174,"height":171,"caption":"Associa\u00e7\u00e3o dos Criadores de Mato Grosso"},"image":{"@id":"https:\/\/acrimat.org.br\/portal\/#\/schema\/logo\/image\/"}},{"@type":"Person","@id":"https:\/\/acrimat.org.br\/portal\/#\/schema\/person\/a309b9496344ff991e8e1b1d751fdd7b","name":"Assessoria de comunica\u00e7\u00e3o ACRIMAT","image":{"@type":"ImageObject","inLanguage":"pt-BR","@id":"https:\/\/acrimat.org.br\/portal\/#\/schema\/person\/image\/","url":"https:\/\/secure.gravatar.com\/avatar\/2f9c28e64c317bcd762b25cb1575f1b4?s=96&d=mm&r=g","contentUrl":"https:\/\/secure.gravatar.com\/avatar\/2f9c28e64c317bcd762b25cb1575f1b4?s=96&d=mm&r=g","caption":"Assessoria de comunica\u00e7\u00e3o ACRIMAT"},"sameAs":["http:\/\/acrimat.org.br\/"],"url":"https:\/\/acrimat.org.br\/portal\/author\/ascom\/"}]}},"_links":{"self":[{"href":"https:\/\/acrimat.org.br\/portal\/wp-json\/wp\/v2\/posts\/97985782","targetHints":{"allow":["GET"]}}],"collection":[{"href":"https:\/\/acrimat.org.br\/portal\/wp-json\/wp\/v2\/posts"}],"about":[{"href":"https:\/\/acrimat.org.br\/portal\/wp-json\/wp\/v2\/types\/post"}],"author":[{"embeddable":true,"href":"https:\/\/acrimat.org.br\/portal\/wp-json\/wp\/v2\/users\/7"}],"replies":[{"embeddable":true,"href":"https:\/\/acrimat.org.br\/portal\/wp-json\/wp\/v2\/comments?post=97985782"}],"version-history":[{"count":1,"href":"https:\/\/acrimat.org.br\/portal\/wp-json\/wp\/v2\/posts\/97985782\/revisions"}],"predecessor-version":[{"id":97985783,"href":"https:\/\/acrimat.org.br\/portal\/wp-json\/wp\/v2\/posts\/97985782\/revisions\/97985783"}],"wp:featuredmedia":[{"embeddable":true,"href":"https:\/\/acrimat.org.br\/portal\/wp-json\/wp\/v2\/media\/97984894"}],"wp:attachment":[{"href":"https:\/\/acrimat.org.br\/portal\/wp-json\/wp\/v2\/media?parent=97985782"}],"wp:term":[{"taxonomy":"category","embeddable":true,"href":"https:\/\/acrimat.org.br\/portal\/wp-json\/wp\/v2\/categories?post=97985782"},{"taxonomy":"post_tag","embeddable":true,"href":"https:\/\/acrimat.org.br\/portal\/wp-json\/wp\/v2\/tags?post=97985782"}],"curies":[{"name":"wp","href":"https:\/\/api.w.org\/{rel}","templated":true}]}}