{"id":97985784,"date":"2018-02-05T10:33:15","date_gmt":"2018-02-05T13:33:15","guid":{"rendered":"http:\/\/acrimat.org.br\/portal\/?p=97985784"},"modified":"2018-02-05T10:33:15","modified_gmt":"2018-02-05T13:33:15","slug":"tribunal-derruba-decisao-que-impedia-exportacao-de-boi-vivo","status":"publish","type":"post","link":"https:\/\/acrimat.org.br\/portal\/tribunal-derruba-decisao-que-impedia-exportacao-de-boi-vivo\/","title":{"rendered":"Tribunal derruba decis\u00e3o que impedia exporta\u00e7\u00e3o de boi vivo"},"content":{"rendered":"<p>O Tribunal Regional Federal da 3\u00aa Regi\u00e3o (TRF-3) acatou, neste\u00a0\u00a0domingo (4), um pedido da AGU (Advocacia-Geral da Uni\u00e3o) para derrubar a\u00a0proibi\u00e7\u00e3o de exportar animais vivos.<\/p>\n<p>Uma liminar do juiz federal Djalma Moreira Gomes, na \u00faltima sexta-feira (2), havia ordenado o desembarque de 25,6 mil bois a bordo do navio Nada, atracado no porto de Santos (SP), e a suspens\u00e3o de qualquer remessa de gado vivo ao exterior.<\/p>\n<p>Foi uma resposta a um pedido do F\u00f3rum Nacional de Prote\u00e7\u00e3o e Defesa do Animal, que alega haver maus-tratos na embarca\u00e7\u00e3o Nada. O gado foi vendido pelo frigor\u00edfico Minerva a uma empresa turca, cujo nome n\u00e3o foi revelado.<\/p>\n<p>Segundo a AGU, o retorno dos bois ao territ\u00f3rio nacional demandaria uma opera\u00e7\u00e3o de 30 dias, 60 pessoas e 820 caminh\u00f5es. O \u00f3rg\u00e3o argumenta que h\u00e1 risco de trazer pragas e doen\u00e7as ao pa\u00eds, j\u00e1 que a embarca\u00e7\u00e3o cont\u00e9m alimentos de origem estrangeira, aos quais o gado j\u00e1 foi exposto.<\/p>\n<p>A Justi\u00e7a pediu o relat\u00f3rio de uma veterin\u00e1ria, que verificou &#8220;imensa quantidade de urina e excrementos&#8221;, que tornariam dif\u00edcil a respira\u00e7\u00e3o no navio, &#8220;animais alocados (&#8230;) em espa\u00e7os ex\u00edguos&#8221; menores que 1 m\u00b2 por indiv\u00edduo, &#8220;impedindo qualquer tipo de descanso ou passeio para o animal&#8221;.<\/p>\n<p>Um laudo do Minist\u00e9rio da Agricultura, Pecu\u00e1ria e Abastecimento (Mapa) contesta essa an\u00e1lise, e diz que os currais est\u00e3o &#8220;limpos, bem dimensionados, com piso adequado a movimenta\u00e7\u00e3o animal&#8221;.<\/p>\n<p>&nbsp;<\/p>\n<p><strong>PERDA DE CREDIBILIDADE<\/strong><\/p>\n<p>A decis\u00e3o do desembargador F\u00e1bio Prieto, do TRF-3, argumenta que o Brasil perderia &#8220;credibilidade e confiabilidade&#8221; ao reverter a exporta\u00e7\u00e3o dos animais, e que cabe ao Mapa a inspe\u00e7\u00e3o dos animais. Com base nisso, pediu o in\u00edcio imediato da viagem do navio.<\/p>\n<p>&#8220;A decis\u00e3o restabelece a seguran\u00e7a jur\u00eddica e preserva a sa\u00fade p\u00fablica e bemestar dos animais&#8221;, disse a advogada-geral da Uni\u00e3o, Grace Mendon\u00e7a.<\/p>\n<p>Segundo Blairo Maggi, ministro da Agricultura, o Brasil exporta cerca de 600 mil bois vivos por ano. O destino s\u00e3o pa\u00edses com restri\u00e7\u00f5es religiosas ou que n\u00e3o t\u00eam estrutura para importar carne congelada.<\/p>\n<p>&#8220;Podemos garantir que n\u00e3o h\u00e1 maus tratos. \u00c9 um ativismo meio fora de controle&#8221;, diz Maggi \u00e0 Folha. &#8220;Outras empresas podem deixar de comprar do Brasil por causa disso, \u00e9 um preju\u00edzo comercial intang\u00edvel&#8221;.<\/p>\n<p>Ele comemorou a decis\u00e3o do TRF-3. &#8220;Chamamos isso de seguran\u00e7a jur\u00eddica. \u00c9 o governo em defesa dos que produzem neste pa\u00eds.&#8221;<\/p>\n<p>Para Carlos Cipro, presidente da Associa\u00e7\u00e3o Brasileira das Advogadas e Advogados Animalistas, &#8220;h\u00e1 um adicional de crueldade em fazer os animais passarem dias no mar&#8221;. &#8220;Se n\u00e3o h\u00e1 como fazer o desembarque, n\u00e3o deveriam ter embarcado. Como fariam se o navio quebrasse?&#8221;<\/p>\n","protected":false},"excerpt":{"rendered":"<p>Juiz havia pedido o desembarque de 25 mil bois a bordo de navio em Santos (SP)<\/p>\n","protected":false},"author":7,"featured_media":97985527,"comment_status":"closed","ping_status":"closed","sticky":false,"template":"","format":"standard","meta":{"footnotes":""},"categories":[6,1],"tags":[],"class_list":["post-97985784","post","type-post","status-publish","format-standard","has-post-thumbnail","hentry","category-destaque","category-noticia"],"yoast_head":"<!-- This site is optimized with the Yoast SEO plugin v24.8.1 - https:\/\/yoast.com\/wordpress\/plugins\/seo\/ -->\n<title>Tribunal derruba decis\u00e3o que impedia exporta\u00e7\u00e3o de boi vivo - Acrimat<\/title>\n<meta name=\"robots\" content=\"index, follow, max-snippet:-1, max-image-preview:large, max-video-preview:-1\" \/>\n<link rel=\"canonical\" href=\"https:\/\/acrimat.org.br\/portal\/tribunal-derruba-decisao-que-impedia-exportacao-de-boi-vivo\/\" \/>\n<meta property=\"og:locale\" content=\"pt_BR\" \/>\n<meta property=\"og:type\" content=\"article\" \/>\n<meta property=\"og:title\" content=\"Tribunal derruba decis\u00e3o que impedia exporta\u00e7\u00e3o de boi vivo - Acrimat\" \/>\n<meta property=\"og:description\" content=\"Juiz havia pedido o desembarque de 25 mil bois a bordo de navio em Santos (SP)\" \/>\n<meta property=\"og:url\" content=\"https:\/\/acrimat.org.br\/portal\/tribunal-derruba-decisao-que-impedia-exportacao-de-boi-vivo\/\" \/>\n<meta property=\"og:site_name\" content=\"Acrimat\" \/>\n<meta property=\"article:published_time\" content=\"2018-02-05T13:33:15+00:00\" \/>\n<meta property=\"og:image\" content=\"https:\/\/acrimat.org.br\/portal\/wp-content\/uploads\/2018\/01\/containers.jpg\" \/>\n\t<meta property=\"og:image:width\" content=\"1920\" \/>\n\t<meta property=\"og:image:height\" content=\"1280\" \/>\n\t<meta property=\"og:image:type\" content=\"image\/jpeg\" \/>\n<meta name=\"author\" content=\"Assessoria de comunica\u00e7\u00e3o ACRIMAT\" \/>\n<meta name=\"twitter:card\" content=\"summary_large_image\" \/>\n<meta name=\"twitter:label1\" content=\"Escrito por\" \/>\n\t<meta name=\"twitter:data1\" content=\"Assessoria de comunica\u00e7\u00e3o ACRIMAT\" \/>\n\t<meta name=\"twitter:label2\" content=\"Est. tempo de leitura\" \/>\n\t<meta name=\"twitter:data2\" content=\"2 minutos\" \/>\n<script type=\"application\/ld+json\" class=\"yoast-schema-graph\">{\"@context\":\"https:\/\/schema.org\",\"@graph\":[{\"@type\":\"Article\",\"@id\":\"https:\/\/acrimat.org.br\/portal\/tribunal-derruba-decisao-que-impedia-exportacao-de-boi-vivo\/#article\",\"isPartOf\":{\"@id\":\"https:\/\/acrimat.org.br\/portal\/tribunal-derruba-decisao-que-impedia-exportacao-de-boi-vivo\/\"},\"author\":{\"name\":\"Assessoria de comunica\u00e7\u00e3o ACRIMAT\",\"@id\":\"https:\/\/acrimat.org.br\/portal\/#\/schema\/person\/a309b9496344ff991e8e1b1d751fdd7b\"},\"headline\":\"Tribunal derruba decis\u00e3o que impedia exporta\u00e7\u00e3o de boi vivo\",\"datePublished\":\"2018-02-05T13:33:15+00:00\",\"mainEntityOfPage\":{\"@id\":\"https:\/\/acrimat.org.br\/portal\/tribunal-derruba-decisao-que-impedia-exportacao-de-boi-vivo\/\"},\"wordCount\":482,\"publisher\":{\"@id\":\"https:\/\/acrimat.org.br\/portal\/#organization\"},\"image\":{\"@id\":\"https:\/\/acrimat.org.br\/portal\/tribunal-derruba-decisao-que-impedia-exportacao-de-boi-vivo\/#primaryimage\"},\"thumbnailUrl\":\"https:\/\/acrimat.org.br\/portal\/wp-content\/uploads\/2018\/01\/containers.jpg\",\"articleSection\":[\"Destaques\",\"Not\u00edcias\"],\"inLanguage\":\"pt-BR\"},{\"@type\":\"WebPage\",\"@id\":\"https:\/\/acrimat.org.br\/portal\/tribunal-derruba-decisao-que-impedia-exportacao-de-boi-vivo\/\",\"url\":\"https:\/\/acrimat.org.br\/portal\/tribunal-derruba-decisao-que-impedia-exportacao-de-boi-vivo\/\",\"name\":\"Tribunal derruba decis\u00e3o que impedia exporta\u00e7\u00e3o de boi vivo - Acrimat\",\"isPartOf\":{\"@id\":\"https:\/\/acrimat.org.br\/portal\/#website\"},\"primaryImageOfPage\":{\"@id\":\"https:\/\/acrimat.org.br\/portal\/tribunal-derruba-decisao-que-impedia-exportacao-de-boi-vivo\/#primaryimage\"},\"image\":{\"@id\":\"https:\/\/acrimat.org.br\/portal\/tribunal-derruba-decisao-que-impedia-exportacao-de-boi-vivo\/#primaryimage\"},\"thumbnailUrl\":\"https:\/\/acrimat.org.br\/portal\/wp-content\/uploads\/2018\/01\/containers.jpg\",\"datePublished\":\"2018-02-05T13:33:15+00:00\",\"breadcrumb\":{\"@id\":\"https:\/\/acrimat.org.br\/portal\/tribunal-derruba-decisao-que-impedia-exportacao-de-boi-vivo\/#breadcrumb\"},\"inLanguage\":\"pt-BR\",\"potentialAction\":[{\"@type\":\"ReadAction\",\"target\":[\"https:\/\/acrimat.org.br\/portal\/tribunal-derruba-decisao-que-impedia-exportacao-de-boi-vivo\/\"]}]},{\"@type\":\"ImageObject\",\"inLanguage\":\"pt-BR\",\"@id\":\"https:\/\/acrimat.org.br\/portal\/tribunal-derruba-decisao-que-impedia-exportacao-de-boi-vivo\/#primaryimage\",\"url\":\"https:\/\/acrimat.org.br\/portal\/wp-content\/uploads\/2018\/01\/containers.jpg\",\"contentUrl\":\"https:\/\/acrimat.org.br\/portal\/wp-content\/uploads\/2018\/01\/containers.jpg\",\"width\":1920,\"height\":1280},{\"@type\":\"BreadcrumbList\",\"@id\":\"https:\/\/acrimat.org.br\/portal\/tribunal-derruba-decisao-que-impedia-exportacao-de-boi-vivo\/#breadcrumb\",\"itemListElement\":[{\"@type\":\"ListItem\",\"position\":1,\"name\":\"In\u00edcio\",\"item\":\"https:\/\/acrimat.org.br\/portal\/\"},{\"@type\":\"ListItem\",\"position\":2,\"name\":\"Tribunal derruba decis\u00e3o que impedia exporta\u00e7\u00e3o de boi vivo\"}]},{\"@type\":\"WebSite\",\"@id\":\"https:\/\/acrimat.org.br\/portal\/#website\",\"url\":\"https:\/\/acrimat.org.br\/portal\/\",\"name\":\"Acrimat\",\"description\":\"Associa\u00e7\u00e3o dos Criadores de Mato Grosso\",\"publisher\":{\"@id\":\"https:\/\/acrimat.org.br\/portal\/#organization\"},\"potentialAction\":[{\"@type\":\"SearchAction\",\"target\":{\"@type\":\"EntryPoint\",\"urlTemplate\":\"https:\/\/acrimat.org.br\/portal\/?s={search_term_string}\"},\"query-input\":{\"@type\":\"PropertyValueSpecification\",\"valueRequired\":true,\"valueName\":\"search_term_string\"}}],\"inLanguage\":\"pt-BR\"},{\"@type\":\"Organization\",\"@id\":\"https:\/\/acrimat.org.br\/portal\/#organization\",\"name\":\"Associa\u00e7\u00e3o dos Criadores de Mato Grosso\",\"url\":\"https:\/\/acrimat.org.br\/portal\/\",\"logo\":{\"@type\":\"ImageObject\",\"inLanguage\":\"pt-BR\",\"@id\":\"https:\/\/acrimat.org.br\/portal\/#\/schema\/logo\/image\/\",\"url\":\"https:\/\/acrimat.org.br\/portal\/wp-content\/uploads\/2018\/03\/logo-peq-original.png\",\"contentUrl\":\"https:\/\/acrimat.org.br\/portal\/wp-content\/uploads\/2018\/03\/logo-peq-original.png\",\"width\":174,\"height\":171,\"caption\":\"Associa\u00e7\u00e3o dos Criadores de Mato Grosso\"},\"image\":{\"@id\":\"https:\/\/acrimat.org.br\/portal\/#\/schema\/logo\/image\/\"}},{\"@type\":\"Person\",\"@id\":\"https:\/\/acrimat.org.br\/portal\/#\/schema\/person\/a309b9496344ff991e8e1b1d751fdd7b\",\"name\":\"Assessoria de comunica\u00e7\u00e3o ACRIMAT\",\"image\":{\"@type\":\"ImageObject\",\"inLanguage\":\"pt-BR\",\"@id\":\"https:\/\/acrimat.org.br\/portal\/#\/schema\/person\/image\/\",\"url\":\"https:\/\/secure.gravatar.com\/avatar\/2f9c28e64c317bcd762b25cb1575f1b4?s=96&d=mm&r=g\",\"contentUrl\":\"https:\/\/secure.gravatar.com\/avatar\/2f9c28e64c317bcd762b25cb1575f1b4?s=96&d=mm&r=g\",\"caption\":\"Assessoria de comunica\u00e7\u00e3o ACRIMAT\"},\"sameAs\":[\"http:\/\/acrimat.org.br\/\"],\"url\":\"https:\/\/acrimat.org.br\/portal\/author\/ascom\/\"}]}<\/script>\n<!-- \/ Yoast SEO plugin. -->","yoast_head_json":{"title":"Tribunal derruba decis\u00e3o que impedia exporta\u00e7\u00e3o de boi vivo - Acrimat","robots":{"index":"index","follow":"follow","max-snippet":"max-snippet:-1","max-image-preview":"max-image-preview:large","max-video-preview":"max-video-preview:-1"},"canonical":"https:\/\/acrimat.org.br\/portal\/tribunal-derruba-decisao-que-impedia-exportacao-de-boi-vivo\/","og_locale":"pt_BR","og_type":"article","og_title":"Tribunal derruba decis\u00e3o que impedia exporta\u00e7\u00e3o de boi vivo - Acrimat","og_description":"Juiz havia pedido o desembarque de 25 mil bois a bordo de navio em Santos (SP)","og_url":"https:\/\/acrimat.org.br\/portal\/tribunal-derruba-decisao-que-impedia-exportacao-de-boi-vivo\/","og_site_name":"Acrimat","article_published_time":"2018-02-05T13:33:15+00:00","og_image":[{"width":1920,"height":1280,"url":"https:\/\/acrimat.org.br\/portal\/wp-content\/uploads\/2018\/01\/containers.jpg","type":"image\/jpeg"}],"author":"Assessoria de comunica\u00e7\u00e3o ACRIMAT","twitter_card":"summary_large_image","twitter_misc":{"Escrito por":"Assessoria de comunica\u00e7\u00e3o ACRIMAT","Est. tempo de leitura":"2 minutos"},"schema":{"@context":"https:\/\/schema.org","@graph":[{"@type":"Article","@id":"https:\/\/acrimat.org.br\/portal\/tribunal-derruba-decisao-que-impedia-exportacao-de-boi-vivo\/#article","isPartOf":{"@id":"https:\/\/acrimat.org.br\/portal\/tribunal-derruba-decisao-que-impedia-exportacao-de-boi-vivo\/"},"author":{"name":"Assessoria de comunica\u00e7\u00e3o ACRIMAT","@id":"https:\/\/acrimat.org.br\/portal\/#\/schema\/person\/a309b9496344ff991e8e1b1d751fdd7b"},"headline":"Tribunal derruba decis\u00e3o que impedia exporta\u00e7\u00e3o de boi vivo","datePublished":"2018-02-05T13:33:15+00:00","mainEntityOfPage":{"@id":"https:\/\/acrimat.org.br\/portal\/tribunal-derruba-decisao-que-impedia-exportacao-de-boi-vivo\/"},"wordCount":482,"publisher":{"@id":"https:\/\/acrimat.org.br\/portal\/#organization"},"image":{"@id":"https:\/\/acrimat.org.br\/portal\/tribunal-derruba-decisao-que-impedia-exportacao-de-boi-vivo\/#primaryimage"},"thumbnailUrl":"https:\/\/acrimat.org.br\/portal\/wp-content\/uploads\/2018\/01\/containers.jpg","articleSection":["Destaques","Not\u00edcias"],"inLanguage":"pt-BR"},{"@type":"WebPage","@id":"https:\/\/acrimat.org.br\/portal\/tribunal-derruba-decisao-que-impedia-exportacao-de-boi-vivo\/","url":"https:\/\/acrimat.org.br\/portal\/tribunal-derruba-decisao-que-impedia-exportacao-de-boi-vivo\/","name":"Tribunal derruba decis\u00e3o que impedia exporta\u00e7\u00e3o de boi vivo - Acrimat","isPartOf":{"@id":"https:\/\/acrimat.org.br\/portal\/#website"},"primaryImageOfPage":{"@id":"https:\/\/acrimat.org.br\/portal\/tribunal-derruba-decisao-que-impedia-exportacao-de-boi-vivo\/#primaryimage"},"image":{"@id":"https:\/\/acrimat.org.br\/portal\/tribunal-derruba-decisao-que-impedia-exportacao-de-boi-vivo\/#primaryimage"},"thumbnailUrl":"https:\/\/acrimat.org.br\/portal\/wp-content\/uploads\/2018\/01\/containers.jpg","datePublished":"2018-02-05T13:33:15+00:00","breadcrumb":{"@id":"https:\/\/acrimat.org.br\/portal\/tribunal-derruba-decisao-que-impedia-exportacao-de-boi-vivo\/#breadcrumb"},"inLanguage":"pt-BR","potentialAction":[{"@type":"ReadAction","target":["https:\/\/acrimat.org.br\/portal\/tribunal-derruba-decisao-que-impedia-exportacao-de-boi-vivo\/"]}]},{"@type":"ImageObject","inLanguage":"pt-BR","@id":"https:\/\/acrimat.org.br\/portal\/tribunal-derruba-decisao-que-impedia-exportacao-de-boi-vivo\/#primaryimage","url":"https:\/\/acrimat.org.br\/portal\/wp-content\/uploads\/2018\/01\/containers.jpg","contentUrl":"https:\/\/acrimat.org.br\/portal\/wp-content\/uploads\/2018\/01\/containers.jpg","width":1920,"height":1280},{"@type":"BreadcrumbList","@id":"https:\/\/acrimat.org.br\/portal\/tribunal-derruba-decisao-que-impedia-exportacao-de-boi-vivo\/#breadcrumb","itemListElement":[{"@type":"ListItem","position":1,"name":"In\u00edcio","item":"https:\/\/acrimat.org.br\/portal\/"},{"@type":"ListItem","position":2,"name":"Tribunal derruba decis\u00e3o que impedia exporta\u00e7\u00e3o de boi vivo"}]},{"@type":"WebSite","@id":"https:\/\/acrimat.org.br\/portal\/#website","url":"https:\/\/acrimat.org.br\/portal\/","name":"Acrimat","description":"Associa\u00e7\u00e3o dos Criadores de Mato Grosso","publisher":{"@id":"https:\/\/acrimat.org.br\/portal\/#organization"},"potentialAction":[{"@type":"SearchAction","target":{"@type":"EntryPoint","urlTemplate":"https:\/\/acrimat.org.br\/portal\/?s={search_term_string}"},"query-input":{"@type":"PropertyValueSpecification","valueRequired":true,"valueName":"search_term_string"}}],"inLanguage":"pt-BR"},{"@type":"Organization","@id":"https:\/\/acrimat.org.br\/portal\/#organization","name":"Associa\u00e7\u00e3o dos Criadores de Mato Grosso","url":"https:\/\/acrimat.org.br\/portal\/","logo":{"@type":"ImageObject","inLanguage":"pt-BR","@id":"https:\/\/acrimat.org.br\/portal\/#\/schema\/logo\/image\/","url":"https:\/\/acrimat.org.br\/portal\/wp-content\/uploads\/2018\/03\/logo-peq-original.png","contentUrl":"https:\/\/acrimat.org.br\/portal\/wp-content\/uploads\/2018\/03\/logo-peq-original.png","width":174,"height":171,"caption":"Associa\u00e7\u00e3o dos Criadores de Mato Grosso"},"image":{"@id":"https:\/\/acrimat.org.br\/portal\/#\/schema\/logo\/image\/"}},{"@type":"Person","@id":"https:\/\/acrimat.org.br\/portal\/#\/schema\/person\/a309b9496344ff991e8e1b1d751fdd7b","name":"Assessoria de comunica\u00e7\u00e3o ACRIMAT","image":{"@type":"ImageObject","inLanguage":"pt-BR","@id":"https:\/\/acrimat.org.br\/portal\/#\/schema\/person\/image\/","url":"https:\/\/secure.gravatar.com\/avatar\/2f9c28e64c317bcd762b25cb1575f1b4?s=96&d=mm&r=g","contentUrl":"https:\/\/secure.gravatar.com\/avatar\/2f9c28e64c317bcd762b25cb1575f1b4?s=96&d=mm&r=g","caption":"Assessoria de comunica\u00e7\u00e3o ACRIMAT"},"sameAs":["http:\/\/acrimat.org.br\/"],"url":"https:\/\/acrimat.org.br\/portal\/author\/ascom\/"}]}},"_links":{"self":[{"href":"https:\/\/acrimat.org.br\/portal\/wp-json\/wp\/v2\/posts\/97985784","targetHints":{"allow":["GET"]}}],"collection":[{"href":"https:\/\/acrimat.org.br\/portal\/wp-json\/wp\/v2\/posts"}],"about":[{"href":"https:\/\/acrimat.org.br\/portal\/wp-json\/wp\/v2\/types\/post"}],"author":[{"embeddable":true,"href":"https:\/\/acrimat.org.br\/portal\/wp-json\/wp\/v2\/users\/7"}],"replies":[{"embeddable":true,"href":"https:\/\/acrimat.org.br\/portal\/wp-json\/wp\/v2\/comments?post=97985784"}],"version-history":[{"count":1,"href":"https:\/\/acrimat.org.br\/portal\/wp-json\/wp\/v2\/posts\/97985784\/revisions"}],"predecessor-version":[{"id":97985785,"href":"https:\/\/acrimat.org.br\/portal\/wp-json\/wp\/v2\/posts\/97985784\/revisions\/97985785"}],"wp:featuredmedia":[{"embeddable":true,"href":"https:\/\/acrimat.org.br\/portal\/wp-json\/wp\/v2\/media\/97985527"}],"wp:attachment":[{"href":"https:\/\/acrimat.org.br\/portal\/wp-json\/wp\/v2\/media?parent=97985784"}],"wp:term":[{"taxonomy":"category","embeddable":true,"href":"https:\/\/acrimat.org.br\/portal\/wp-json\/wp\/v2\/categories?post=97985784"},{"taxonomy":"post_tag","embeddable":true,"href":"https:\/\/acrimat.org.br\/portal\/wp-json\/wp\/v2\/tags?post=97985784"}],"curies":[{"name":"wp","href":"https:\/\/api.w.org\/{rel}","templated":true}]}}