{"id":97985788,"date":"2018-02-05T10:10:50","date_gmt":"2018-02-05T13:10:50","guid":{"rendered":"http:\/\/acrimat.org.br\/portal\/?p=97985788"},"modified":"2018-02-05T16:12:40","modified_gmt":"2018-02-05T19:12:40","slug":"mt-detem-a-2o-maior-area-produtiva-do-pais","status":"publish","type":"post","link":"https:\/\/acrimat.org.br\/portal\/mt-detem-a-2o-maior-area-produtiva-do-pais\/","title":{"rendered":"MT det\u00e9m a 2\u00ba maior \u00e1rea produtiva do pa\u00eds"},"content":{"rendered":"<p>Dos 11 milh\u00f5es de hectares ocupados no Brasil com produ\u00e7\u00e3o consorciada entre lavoura, pecu\u00e1ria e floresta, 1,5 milh\u00e3o de hectares est\u00e3o no territ\u00f3rio mato-grossense.<\/p>\n<p>O l\u00edder nesta modalidade de produ\u00e7\u00e3o \u00e9 o Mato Grosso do Sul, com 2 milh\u00f5es de hectares. Para ampliar a difus\u00e3o de informa\u00e7\u00f5es sobre o assunto ser\u00e1 realizado em Rondon\u00f3polis (a 212 km ao Sul de Cuiab\u00e1) o 2\u00ba Congresso Brasileiro de Sistemas Integrados de Produ\u00e7\u00e3o Agropecu\u00e1ria (Sipa).<\/p>\n<p>O evento nacional est\u00e1 programado para ocorrer entre os dias 4 a 8 de junho e \u00e9 organizado pelo Grupo de Pesquisa e Inova\u00e7\u00e3o em Sistemas Puros e Integrados de Produ\u00e7\u00e3o Agropecu\u00e1ria (GPISI), vinculado ao Instituto de Ci\u00eancias Agr\u00e1rias e Tecnol\u00f3gicas (Icat) da Universidade Federal de Mato Grosso (UFMT), Campus de Rondon\u00f3polis.<\/p>\n<p>A expectativa dos organizadores \u00e9 reunir 500 participantes, entre acad\u00eamicos de gradua\u00e7\u00e3o e p\u00f3s-gradua\u00e7\u00e3o, profissionais e\u00a0 pesquisadores no tema.<\/p>\n<p>Como explica a vice-presidente do Congresso e professora do curso de Engenharia Agr\u00edcola do Icat\/UFMT, Francine Damian, a proposta do evento \u00e9 difundir conhecimentos a respeito de Sistemas Integrados de Produ\u00e7\u00e3o Agropecu\u00e1ria (SIPA), em n\u00edvel local, regional e nacional. Com isso, viabilizar a diminui\u00e7\u00e3o de processos erosivos, a recupera\u00e7\u00e3o de \u00e1reas degradadas e o aumento da rentabilidade e da sustentabilidade dos sistemas produtivos. \u201cA integra\u00e7\u00e3o de sistemas, que pode ser entre lavoura-pecu\u00e1ria, pecu\u00e1ria-floresta ou lavoura-pecu\u00e1ria-floresta, possibilita melhorias na qualidade do solo, na produ\u00e7\u00e3o de gr\u00e3os, na qualidade da pastagem, no ganho de peso dos animais\u201d, elenca a engenheira. Ao consorciar a produ\u00e7\u00e3o\u00a0 agr\u00edcola com a pecu\u00e1ria, op\u00e7\u00e3o mais comum em Mato Grosso, verifica-se melhora na qualidade f\u00edsica, qu\u00edmica e biol\u00f3gica do solo. \u201cPor causa da presen\u00e7a do animal no sistema, h\u00e1 um refor\u00e7o no volume de nutrientes no solo, com aumento da\u00a0 biodiversidade e presen\u00e7a de microorganismos\u201d. Outra vantagem \u00e9 a diminui\u00e7\u00e3o de pragas e doen\u00e7as nas lavouras e pastagens, com ganho na rentabilidade para o produtor.<\/p>\n<p>\u201cCom a melhora da qualidade do solo devido \u00e0 disponibilidade maior de palhada, haver\u00e1 menos incid\u00eancia de plantas invasoras, n\u00e3o somente pragas\u201d.<\/p>\n<p>Como exemplo de produ\u00e7\u00e3o consorciada, Francine cita alguns casos de sucesso, como de uma produtora em Petrolina (PE) que investe na cria\u00e7\u00e3o de ovinos, combinada com a produ\u00e7\u00e3o de uvas. Em Goi\u00e1s, no munic\u00edpio de Ipameri, a iniciativa pioneira de uma produtora rural ao adotar o sistema integrado de produ\u00e7\u00e3o possibilitou retomar a renda na propriedade. Com apoio da Empresa Brasileira de Pesquisa Agropecu\u00e1ria (Embrapa), a gestora da fazenda investiu em integra\u00e7\u00e3o lavoura-pecu\u00e1ria-floresta (ILPF) e passou a produzir 25 arrobas de carne bovina por hectare, bem acima da m\u00e9dia verificada no Centro-Oeste, de duas a 3 arrobas por hectare. Ao atingir esse resultado, a fazenda goiana tornou-se refer\u00eancia no assunto, exemplifica a engenheira.\u201cEsses s\u00e3o alguns casos de sucesso que ser\u00e3o apresentados no Congresso\u201d. Segundo os organizadores do evento, pela 2\u00aa vez se promove um debate nacional sobre o tema Sistemas Integrados de Produ\u00e7\u00e3o Agropecu\u00e1ria (Sipa). Dessa forma, amplia-se a discuss\u00e3o e aplica\u00e7\u00e3o dessa modalidade de produ\u00e7\u00e3o em cada regi\u00e3o do pa\u00eds, considera a engenheira.<\/p>\n","protected":false},"excerpt":{"rendered":"<p>Mato Grosso abriga a 2\u00aa maior \u00e1rea de sistemas integrados agropecu\u00e1rios do pa\u00eds.<\/p>\n","protected":false},"author":7,"featured_media":97984865,"comment_status":"closed","ping_status":"closed","sticky":false,"template":"","format":"standard","meta":{"footnotes":""},"categories":[6,1],"tags":[],"class_list":["post-97985788","post","type-post","status-publish","format-standard","has-post-thumbnail","hentry","category-destaque","category-noticia"],"yoast_head":"<!-- This site is optimized with the Yoast SEO plugin v24.8.1 - https:\/\/yoast.com\/wordpress\/plugins\/seo\/ -->\n<title>MT det\u00e9m a 2\u00ba maior \u00e1rea produtiva do pa\u00eds - Acrimat<\/title>\n<meta name=\"robots\" content=\"index, follow, max-snippet:-1, max-image-preview:large, max-video-preview:-1\" \/>\n<link rel=\"canonical\" href=\"https:\/\/acrimat.org.br\/portal\/mt-detem-a-2o-maior-area-produtiva-do-pais\/\" \/>\n<meta property=\"og:locale\" content=\"pt_BR\" \/>\n<meta property=\"og:type\" content=\"article\" \/>\n<meta property=\"og:title\" content=\"MT det\u00e9m a 2\u00ba maior \u00e1rea produtiva do pa\u00eds - Acrimat\" \/>\n<meta property=\"og:description\" content=\"Mato Grosso abriga a 2\u00aa maior \u00e1rea de sistemas integrados agropecu\u00e1rios do pa\u00eds.\" \/>\n<meta property=\"og:url\" content=\"https:\/\/acrimat.org.br\/portal\/mt-detem-a-2o-maior-area-produtiva-do-pais\/\" \/>\n<meta property=\"og:site_name\" content=\"Acrimat\" \/>\n<meta property=\"article:published_time\" content=\"2018-02-05T13:10:50+00:00\" \/>\n<meta property=\"article:modified_time\" content=\"2018-02-05T19:12:40+00:00\" \/>\n<meta property=\"og:image\" content=\"https:\/\/acrimat.org.br\/portal\/wp-content\/uploads\/2017\/11\/ilpf-embrapa-2.jpg\" \/>\n\t<meta property=\"og:image:width\" content=\"640\" \/>\n\t<meta property=\"og:image:height\" content=\"427\" \/>\n\t<meta property=\"og:image:type\" content=\"image\/jpeg\" \/>\n<meta name=\"author\" content=\"Assessoria de comunica\u00e7\u00e3o ACRIMAT\" \/>\n<meta name=\"twitter:card\" content=\"summary_large_image\" \/>\n<meta name=\"twitter:label1\" content=\"Escrito por\" \/>\n\t<meta name=\"twitter:data1\" content=\"Assessoria de comunica\u00e7\u00e3o ACRIMAT\" \/>\n\t<meta name=\"twitter:label2\" content=\"Est. tempo de leitura\" \/>\n\t<meta name=\"twitter:data2\" content=\"3 minutos\" \/>\n<script type=\"application\/ld+json\" class=\"yoast-schema-graph\">{\"@context\":\"https:\/\/schema.org\",\"@graph\":[{\"@type\":\"Article\",\"@id\":\"https:\/\/acrimat.org.br\/portal\/mt-detem-a-2o-maior-area-produtiva-do-pais\/#article\",\"isPartOf\":{\"@id\":\"https:\/\/acrimat.org.br\/portal\/mt-detem-a-2o-maior-area-produtiva-do-pais\/\"},\"author\":{\"name\":\"Assessoria de comunica\u00e7\u00e3o ACRIMAT\",\"@id\":\"https:\/\/acrimat.org.br\/portal\/#\/schema\/person\/a309b9496344ff991e8e1b1d751fdd7b\"},\"headline\":\"MT det\u00e9m a 2\u00ba maior \u00e1rea produtiva do pa\u00eds\",\"datePublished\":\"2018-02-05T13:10:50+00:00\",\"dateModified\":\"2018-02-05T19:12:40+00:00\",\"mainEntityOfPage\":{\"@id\":\"https:\/\/acrimat.org.br\/portal\/mt-detem-a-2o-maior-area-produtiva-do-pais\/\"},\"wordCount\":562,\"publisher\":{\"@id\":\"https:\/\/acrimat.org.br\/portal\/#organization\"},\"image\":{\"@id\":\"https:\/\/acrimat.org.br\/portal\/mt-detem-a-2o-maior-area-produtiva-do-pais\/#primaryimage\"},\"thumbnailUrl\":\"https:\/\/acrimat.org.br\/portal\/wp-content\/uploads\/2017\/11\/ilpf-embrapa-2.jpg\",\"articleSection\":[\"Destaques\",\"Not\u00edcias\"],\"inLanguage\":\"pt-BR\"},{\"@type\":\"WebPage\",\"@id\":\"https:\/\/acrimat.org.br\/portal\/mt-detem-a-2o-maior-area-produtiva-do-pais\/\",\"url\":\"https:\/\/acrimat.org.br\/portal\/mt-detem-a-2o-maior-area-produtiva-do-pais\/\",\"name\":\"MT det\u00e9m a 2\u00ba maior \u00e1rea produtiva do pa\u00eds - Acrimat\",\"isPartOf\":{\"@id\":\"https:\/\/acrimat.org.br\/portal\/#website\"},\"primaryImageOfPage\":{\"@id\":\"https:\/\/acrimat.org.br\/portal\/mt-detem-a-2o-maior-area-produtiva-do-pais\/#primaryimage\"},\"image\":{\"@id\":\"https:\/\/acrimat.org.br\/portal\/mt-detem-a-2o-maior-area-produtiva-do-pais\/#primaryimage\"},\"thumbnailUrl\":\"https:\/\/acrimat.org.br\/portal\/wp-content\/uploads\/2017\/11\/ilpf-embrapa-2.jpg\",\"datePublished\":\"2018-02-05T13:10:50+00:00\",\"dateModified\":\"2018-02-05T19:12:40+00:00\",\"breadcrumb\":{\"@id\":\"https:\/\/acrimat.org.br\/portal\/mt-detem-a-2o-maior-area-produtiva-do-pais\/#breadcrumb\"},\"inLanguage\":\"pt-BR\",\"potentialAction\":[{\"@type\":\"ReadAction\",\"target\":[\"https:\/\/acrimat.org.br\/portal\/mt-detem-a-2o-maior-area-produtiva-do-pais\/\"]}]},{\"@type\":\"ImageObject\",\"inLanguage\":\"pt-BR\",\"@id\":\"https:\/\/acrimat.org.br\/portal\/mt-detem-a-2o-maior-area-produtiva-do-pais\/#primaryimage\",\"url\":\"https:\/\/acrimat.org.br\/portal\/wp-content\/uploads\/2017\/11\/ilpf-embrapa-2.jpg\",\"contentUrl\":\"https:\/\/acrimat.org.br\/portal\/wp-content\/uploads\/2017\/11\/ilpf-embrapa-2.jpg\",\"width\":640,\"height\":427,\"caption\":\"URT com iLPF em Nova Cana\u00e3 do Norte (MT)\"},{\"@type\":\"BreadcrumbList\",\"@id\":\"https:\/\/acrimat.org.br\/portal\/mt-detem-a-2o-maior-area-produtiva-do-pais\/#breadcrumb\",\"itemListElement\":[{\"@type\":\"ListItem\",\"position\":1,\"name\":\"In\u00edcio\",\"item\":\"https:\/\/acrimat.org.br\/portal\/\"},{\"@type\":\"ListItem\",\"position\":2,\"name\":\"MT det\u00e9m a 2\u00ba maior \u00e1rea produtiva do pa\u00eds\"}]},{\"@type\":\"WebSite\",\"@id\":\"https:\/\/acrimat.org.br\/portal\/#website\",\"url\":\"https:\/\/acrimat.org.br\/portal\/\",\"name\":\"Acrimat\",\"description\":\"Associa\u00e7\u00e3o dos Criadores de Mato Grosso\",\"publisher\":{\"@id\":\"https:\/\/acrimat.org.br\/portal\/#organization\"},\"potentialAction\":[{\"@type\":\"SearchAction\",\"target\":{\"@type\":\"EntryPoint\",\"urlTemplate\":\"https:\/\/acrimat.org.br\/portal\/?s={search_term_string}\"},\"query-input\":{\"@type\":\"PropertyValueSpecification\",\"valueRequired\":true,\"valueName\":\"search_term_string\"}}],\"inLanguage\":\"pt-BR\"},{\"@type\":\"Organization\",\"@id\":\"https:\/\/acrimat.org.br\/portal\/#organization\",\"name\":\"Associa\u00e7\u00e3o dos Criadores de Mato Grosso\",\"url\":\"https:\/\/acrimat.org.br\/portal\/\",\"logo\":{\"@type\":\"ImageObject\",\"inLanguage\":\"pt-BR\",\"@id\":\"https:\/\/acrimat.org.br\/portal\/#\/schema\/logo\/image\/\",\"url\":\"https:\/\/acrimat.org.br\/portal\/wp-content\/uploads\/2018\/03\/logo-peq-original.png\",\"contentUrl\":\"https:\/\/acrimat.org.br\/portal\/wp-content\/uploads\/2018\/03\/logo-peq-original.png\",\"width\":174,\"height\":171,\"caption\":\"Associa\u00e7\u00e3o dos Criadores de Mato Grosso\"},\"image\":{\"@id\":\"https:\/\/acrimat.org.br\/portal\/#\/schema\/logo\/image\/\"}},{\"@type\":\"Person\",\"@id\":\"https:\/\/acrimat.org.br\/portal\/#\/schema\/person\/a309b9496344ff991e8e1b1d751fdd7b\",\"name\":\"Assessoria de comunica\u00e7\u00e3o ACRIMAT\",\"image\":{\"@type\":\"ImageObject\",\"inLanguage\":\"pt-BR\",\"@id\":\"https:\/\/acrimat.org.br\/portal\/#\/schema\/person\/image\/\",\"url\":\"https:\/\/secure.gravatar.com\/avatar\/2f9c28e64c317bcd762b25cb1575f1b4?s=96&d=mm&r=g\",\"contentUrl\":\"https:\/\/secure.gravatar.com\/avatar\/2f9c28e64c317bcd762b25cb1575f1b4?s=96&d=mm&r=g\",\"caption\":\"Assessoria de comunica\u00e7\u00e3o ACRIMAT\"},\"sameAs\":[\"http:\/\/acrimat.org.br\/\"],\"url\":\"https:\/\/acrimat.org.br\/portal\/author\/ascom\/\"}]}<\/script>\n<!-- \/ Yoast SEO plugin. -->","yoast_head_json":{"title":"MT det\u00e9m a 2\u00ba maior \u00e1rea produtiva do pa\u00eds - Acrimat","robots":{"index":"index","follow":"follow","max-snippet":"max-snippet:-1","max-image-preview":"max-image-preview:large","max-video-preview":"max-video-preview:-1"},"canonical":"https:\/\/acrimat.org.br\/portal\/mt-detem-a-2o-maior-area-produtiva-do-pais\/","og_locale":"pt_BR","og_type":"article","og_title":"MT det\u00e9m a 2\u00ba maior \u00e1rea produtiva do pa\u00eds - Acrimat","og_description":"Mato Grosso abriga a 2\u00aa maior \u00e1rea de sistemas integrados agropecu\u00e1rios do pa\u00eds.","og_url":"https:\/\/acrimat.org.br\/portal\/mt-detem-a-2o-maior-area-produtiva-do-pais\/","og_site_name":"Acrimat","article_published_time":"2018-02-05T13:10:50+00:00","article_modified_time":"2018-02-05T19:12:40+00:00","og_image":[{"width":640,"height":427,"url":"https:\/\/acrimat.org.br\/portal\/wp-content\/uploads\/2017\/11\/ilpf-embrapa-2.jpg","type":"image\/jpeg"}],"author":"Assessoria de comunica\u00e7\u00e3o ACRIMAT","twitter_card":"summary_large_image","twitter_misc":{"Escrito por":"Assessoria de comunica\u00e7\u00e3o ACRIMAT","Est. tempo de leitura":"3 minutos"},"schema":{"@context":"https:\/\/schema.org","@graph":[{"@type":"Article","@id":"https:\/\/acrimat.org.br\/portal\/mt-detem-a-2o-maior-area-produtiva-do-pais\/#article","isPartOf":{"@id":"https:\/\/acrimat.org.br\/portal\/mt-detem-a-2o-maior-area-produtiva-do-pais\/"},"author":{"name":"Assessoria de comunica\u00e7\u00e3o ACRIMAT","@id":"https:\/\/acrimat.org.br\/portal\/#\/schema\/person\/a309b9496344ff991e8e1b1d751fdd7b"},"headline":"MT det\u00e9m a 2\u00ba maior \u00e1rea produtiva do pa\u00eds","datePublished":"2018-02-05T13:10:50+00:00","dateModified":"2018-02-05T19:12:40+00:00","mainEntityOfPage":{"@id":"https:\/\/acrimat.org.br\/portal\/mt-detem-a-2o-maior-area-produtiva-do-pais\/"},"wordCount":562,"publisher":{"@id":"https:\/\/acrimat.org.br\/portal\/#organization"},"image":{"@id":"https:\/\/acrimat.org.br\/portal\/mt-detem-a-2o-maior-area-produtiva-do-pais\/#primaryimage"},"thumbnailUrl":"https:\/\/acrimat.org.br\/portal\/wp-content\/uploads\/2017\/11\/ilpf-embrapa-2.jpg","articleSection":["Destaques","Not\u00edcias"],"inLanguage":"pt-BR"},{"@type":"WebPage","@id":"https:\/\/acrimat.org.br\/portal\/mt-detem-a-2o-maior-area-produtiva-do-pais\/","url":"https:\/\/acrimat.org.br\/portal\/mt-detem-a-2o-maior-area-produtiva-do-pais\/","name":"MT det\u00e9m a 2\u00ba maior \u00e1rea produtiva do pa\u00eds - Acrimat","isPartOf":{"@id":"https:\/\/acrimat.org.br\/portal\/#website"},"primaryImageOfPage":{"@id":"https:\/\/acrimat.org.br\/portal\/mt-detem-a-2o-maior-area-produtiva-do-pais\/#primaryimage"},"image":{"@id":"https:\/\/acrimat.org.br\/portal\/mt-detem-a-2o-maior-area-produtiva-do-pais\/#primaryimage"},"thumbnailUrl":"https:\/\/acrimat.org.br\/portal\/wp-content\/uploads\/2017\/11\/ilpf-embrapa-2.jpg","datePublished":"2018-02-05T13:10:50+00:00","dateModified":"2018-02-05T19:12:40+00:00","breadcrumb":{"@id":"https:\/\/acrimat.org.br\/portal\/mt-detem-a-2o-maior-area-produtiva-do-pais\/#breadcrumb"},"inLanguage":"pt-BR","potentialAction":[{"@type":"ReadAction","target":["https:\/\/acrimat.org.br\/portal\/mt-detem-a-2o-maior-area-produtiva-do-pais\/"]}]},{"@type":"ImageObject","inLanguage":"pt-BR","@id":"https:\/\/acrimat.org.br\/portal\/mt-detem-a-2o-maior-area-produtiva-do-pais\/#primaryimage","url":"https:\/\/acrimat.org.br\/portal\/wp-content\/uploads\/2017\/11\/ilpf-embrapa-2.jpg","contentUrl":"https:\/\/acrimat.org.br\/portal\/wp-content\/uploads\/2017\/11\/ilpf-embrapa-2.jpg","width":640,"height":427,"caption":"URT com iLPF em Nova Cana\u00e3 do Norte (MT)"},{"@type":"BreadcrumbList","@id":"https:\/\/acrimat.org.br\/portal\/mt-detem-a-2o-maior-area-produtiva-do-pais\/#breadcrumb","itemListElement":[{"@type":"ListItem","position":1,"name":"In\u00edcio","item":"https:\/\/acrimat.org.br\/portal\/"},{"@type":"ListItem","position":2,"name":"MT det\u00e9m a 2\u00ba maior \u00e1rea produtiva do pa\u00eds"}]},{"@type":"WebSite","@id":"https:\/\/acrimat.org.br\/portal\/#website","url":"https:\/\/acrimat.org.br\/portal\/","name":"Acrimat","description":"Associa\u00e7\u00e3o dos Criadores de Mato Grosso","publisher":{"@id":"https:\/\/acrimat.org.br\/portal\/#organization"},"potentialAction":[{"@type":"SearchAction","target":{"@type":"EntryPoint","urlTemplate":"https:\/\/acrimat.org.br\/portal\/?s={search_term_string}"},"query-input":{"@type":"PropertyValueSpecification","valueRequired":true,"valueName":"search_term_string"}}],"inLanguage":"pt-BR"},{"@type":"Organization","@id":"https:\/\/acrimat.org.br\/portal\/#organization","name":"Associa\u00e7\u00e3o dos Criadores de Mato Grosso","url":"https:\/\/acrimat.org.br\/portal\/","logo":{"@type":"ImageObject","inLanguage":"pt-BR","@id":"https:\/\/acrimat.org.br\/portal\/#\/schema\/logo\/image\/","url":"https:\/\/acrimat.org.br\/portal\/wp-content\/uploads\/2018\/03\/logo-peq-original.png","contentUrl":"https:\/\/acrimat.org.br\/portal\/wp-content\/uploads\/2018\/03\/logo-peq-original.png","width":174,"height":171,"caption":"Associa\u00e7\u00e3o dos Criadores de Mato Grosso"},"image":{"@id":"https:\/\/acrimat.org.br\/portal\/#\/schema\/logo\/image\/"}},{"@type":"Person","@id":"https:\/\/acrimat.org.br\/portal\/#\/schema\/person\/a309b9496344ff991e8e1b1d751fdd7b","name":"Assessoria de comunica\u00e7\u00e3o ACRIMAT","image":{"@type":"ImageObject","inLanguage":"pt-BR","@id":"https:\/\/acrimat.org.br\/portal\/#\/schema\/person\/image\/","url":"https:\/\/secure.gravatar.com\/avatar\/2f9c28e64c317bcd762b25cb1575f1b4?s=96&d=mm&r=g","contentUrl":"https:\/\/secure.gravatar.com\/avatar\/2f9c28e64c317bcd762b25cb1575f1b4?s=96&d=mm&r=g","caption":"Assessoria de comunica\u00e7\u00e3o ACRIMAT"},"sameAs":["http:\/\/acrimat.org.br\/"],"url":"https:\/\/acrimat.org.br\/portal\/author\/ascom\/"}]}},"_links":{"self":[{"href":"https:\/\/acrimat.org.br\/portal\/wp-json\/wp\/v2\/posts\/97985788","targetHints":{"allow":["GET"]}}],"collection":[{"href":"https:\/\/acrimat.org.br\/portal\/wp-json\/wp\/v2\/posts"}],"about":[{"href":"https:\/\/acrimat.org.br\/portal\/wp-json\/wp\/v2\/types\/post"}],"author":[{"embeddable":true,"href":"https:\/\/acrimat.org.br\/portal\/wp-json\/wp\/v2\/users\/7"}],"replies":[{"embeddable":true,"href":"https:\/\/acrimat.org.br\/portal\/wp-json\/wp\/v2\/comments?post=97985788"}],"version-history":[{"count":1,"href":"https:\/\/acrimat.org.br\/portal\/wp-json\/wp\/v2\/posts\/97985788\/revisions"}],"predecessor-version":[{"id":97985789,"href":"https:\/\/acrimat.org.br\/portal\/wp-json\/wp\/v2\/posts\/97985788\/revisions\/97985789"}],"wp:featuredmedia":[{"embeddable":true,"href":"https:\/\/acrimat.org.br\/portal\/wp-json\/wp\/v2\/media\/97984865"}],"wp:attachment":[{"href":"https:\/\/acrimat.org.br\/portal\/wp-json\/wp\/v2\/media?parent=97985788"}],"wp:term":[{"taxonomy":"category","embeddable":true,"href":"https:\/\/acrimat.org.br\/portal\/wp-json\/wp\/v2\/categories?post=97985788"},{"taxonomy":"post_tag","embeddable":true,"href":"https:\/\/acrimat.org.br\/portal\/wp-json\/wp\/v2\/tags?post=97985788"}],"curies":[{"name":"wp","href":"https:\/\/api.w.org\/{rel}","templated":true}]}}