{"id":97985790,"date":"2018-02-05T16:17:21","date_gmt":"2018-02-05T19:17:21","guid":{"rendered":"http:\/\/acrimat.org.br\/portal\/?p=97985790"},"modified":"2018-02-05T16:17:21","modified_gmt":"2018-02-05T19:17:21","slug":"dose-menor-de-vacina-sera-aplicada-em-2019","status":"publish","type":"post","link":"https:\/\/acrimat.org.br\/portal\/dose-menor-de-vacina-sera-aplicada-em-2019\/","title":{"rendered":"Dose menor de vacina ser\u00e1 aplicada em 2019"},"content":{"rendered":"<p>Nova dose de vacina contra febre aftosa ser\u00e1 adotada em maio de 2019. Conforme definido pelo Minist\u00e9rio de Agricultura, Pecu\u00e1ria e Abastecimento (Mapa) a dosagem de 2 mililitros (ml) substituir\u00e1 a atual, de 5 ml. Para este ano, o calend\u00e1rio de vacina\u00e7\u00e3o segue inalterado. As imuniza\u00e7\u00f5es de bovinos e bubalinos contra febre aftosa com doses de vacina de 5 ml s\u00e3o oficialmente programadas para os meses de maio &#8211; com vacina\u00e7\u00e3o de todo o rebanho &#8211; e novembro.<\/p>\n<p>Nesta \u00faltima etapa de vacina\u00e7\u00e3o devem ser imunizados os bovinos e bubalinos com idade at\u00e9 24 meses. A altera\u00e7\u00e3o na dosagem da vacina contra febre aftosa foi aprovada pelo Mapa com o objetivo de diminuir rea\u00e7\u00f5es adversas nos bovinos, que motivaram a suspens\u00e3o da compra de carne brasileira pelos Estados Unidos no ano passado. A decis\u00e3o atende demanda do setor produtivo e do mercado consumidor, segundo a Associa\u00e7\u00e3o\u00a0 dos Criadores de Mato Grosso (Acrimat). A nova dosagem conter\u00e1 menos \u00f3leo mineral.<\/p>\n<p>Dessa forma, reduzir\u00e1 as chances de rea\u00e7\u00f5es al\u00e9rgicas e abscessos. Segundo o Mapa, o componente oleoso promove imunidade mais longa, mas \u00e9 tamb\u00e9m um dos principais respons\u00e1veis pela indu\u00e7\u00e3o de rea\u00e7\u00f5es adversas no local da aplica\u00e7\u00e3o. Como no Brasil n\u00e3o h\u00e1 ocorr\u00eancia de focos de febre aftosa desde 2005 e o pa\u00eds se prepara para a suspens\u00e3o da vacina\u00e7\u00e3o a partir de 2019, o Minist\u00e9rio concluiu n\u00e3o haver necessidade de utiliza\u00e7\u00e3o de vacinas que induzam resposta r\u00e1pida, mas que assegurem a manuten\u00e7\u00e3o de resposta longa. Em Mato Grosso n\u00e3o s\u00e3o registrados focos de aftosa h\u00e1 22 anos. No Estado, a vacina\u00e7\u00e3o contra febre aftosa come\u00e7a a ser suspensa no ano que vem, iniciando pelos munic\u00edpios mato-grossenses de Rondol\u00e2ndia (a 1,6 mil km a Noroeste de Cuiab\u00e1) e Confresa (a 1,160 mil km a Nordeste da Capital).<\/p>\n<p><strong>Aplica\u00e7\u00e3o<\/strong><\/p>\n<p>Segundo orienta\u00e7\u00e3o do Mapa, a aplica\u00e7\u00e3o da vacina preferencialmente deve ser subcut\u00e2nea (abaixo do couro do animal) e n\u00e3o intramuscular, para maior efici\u00eancia do produto e para evitar perdas no abate.<\/p>\n","protected":false},"excerpt":{"rendered":"<p>Conforme definido pelo Mapa a dosagem de 2ml substituir\u00e1 a atual<\/p>\n","protected":false},"author":7,"featured_media":97985178,"comment_status":"closed","ping_status":"closed","sticky":false,"template":"","format":"standard","meta":{"footnotes":""},"categories":[6,1],"tags":[],"class_list":["post-97985790","post","type-post","status-publish","format-standard","has-post-thumbnail","hentry","category-destaque","category-noticia"],"yoast_head":"<!-- This site is optimized with the Yoast SEO plugin v24.8.1 - https:\/\/yoast.com\/wordpress\/plugins\/seo\/ -->\n<title>Dose menor de vacina ser\u00e1 aplicada em 2019 - Acrimat<\/title>\n<meta name=\"robots\" content=\"index, follow, max-snippet:-1, max-image-preview:large, max-video-preview:-1\" \/>\n<link rel=\"canonical\" href=\"https:\/\/acrimat.org.br\/portal\/dose-menor-de-vacina-sera-aplicada-em-2019\/\" \/>\n<meta property=\"og:locale\" content=\"pt_BR\" \/>\n<meta property=\"og:type\" content=\"article\" \/>\n<meta property=\"og:title\" content=\"Dose menor de vacina ser\u00e1 aplicada em 2019 - Acrimat\" \/>\n<meta property=\"og:description\" content=\"Conforme definido pelo Mapa a dosagem de 2ml substituir\u00e1 a atual\" \/>\n<meta property=\"og:url\" content=\"https:\/\/acrimat.org.br\/portal\/dose-menor-de-vacina-sera-aplicada-em-2019\/\" \/>\n<meta property=\"og:site_name\" content=\"Acrimat\" \/>\n<meta property=\"article:published_time\" content=\"2018-02-05T19:17:21+00:00\" \/>\n<meta property=\"og:image\" content=\"https:\/\/acrimat.org.br\/portal\/wp-content\/uploads\/2017\/12\/vacinacao-aftosa.jpg\" \/>\n\t<meta property=\"og:image:width\" content=\"900\" \/>\n\t<meta property=\"og:image:height\" content=\"667\" \/>\n\t<meta property=\"og:image:type\" content=\"image\/jpeg\" \/>\n<meta name=\"author\" content=\"Assessoria de comunica\u00e7\u00e3o ACRIMAT\" \/>\n<meta name=\"twitter:card\" content=\"summary_large_image\" \/>\n<meta name=\"twitter:label1\" content=\"Escrito por\" \/>\n\t<meta name=\"twitter:data1\" content=\"Assessoria de comunica\u00e7\u00e3o ACRIMAT\" \/>\n\t<meta name=\"twitter:label2\" content=\"Est. tempo de leitura\" \/>\n\t<meta name=\"twitter:data2\" content=\"2 minutos\" \/>\n<script type=\"application\/ld+json\" class=\"yoast-schema-graph\">{\"@context\":\"https:\/\/schema.org\",\"@graph\":[{\"@type\":\"Article\",\"@id\":\"https:\/\/acrimat.org.br\/portal\/dose-menor-de-vacina-sera-aplicada-em-2019\/#article\",\"isPartOf\":{\"@id\":\"https:\/\/acrimat.org.br\/portal\/dose-menor-de-vacina-sera-aplicada-em-2019\/\"},\"author\":{\"name\":\"Assessoria de comunica\u00e7\u00e3o ACRIMAT\",\"@id\":\"https:\/\/acrimat.org.br\/portal\/#\/schema\/person\/a309b9496344ff991e8e1b1d751fdd7b\"},\"headline\":\"Dose menor de vacina ser\u00e1 aplicada em 2019\",\"datePublished\":\"2018-02-05T19:17:21+00:00\",\"mainEntityOfPage\":{\"@id\":\"https:\/\/acrimat.org.br\/portal\/dose-menor-de-vacina-sera-aplicada-em-2019\/\"},\"wordCount\":365,\"publisher\":{\"@id\":\"https:\/\/acrimat.org.br\/portal\/#organization\"},\"image\":{\"@id\":\"https:\/\/acrimat.org.br\/portal\/dose-menor-de-vacina-sera-aplicada-em-2019\/#primaryimage\"},\"thumbnailUrl\":\"https:\/\/acrimat.org.br\/portal\/wp-content\/uploads\/2017\/12\/vacinacao-aftosa.jpg\",\"articleSection\":[\"Destaques\",\"Not\u00edcias\"],\"inLanguage\":\"pt-BR\"},{\"@type\":\"WebPage\",\"@id\":\"https:\/\/acrimat.org.br\/portal\/dose-menor-de-vacina-sera-aplicada-em-2019\/\",\"url\":\"https:\/\/acrimat.org.br\/portal\/dose-menor-de-vacina-sera-aplicada-em-2019\/\",\"name\":\"Dose menor de vacina ser\u00e1 aplicada em 2019 - Acrimat\",\"isPartOf\":{\"@id\":\"https:\/\/acrimat.org.br\/portal\/#website\"},\"primaryImageOfPage\":{\"@id\":\"https:\/\/acrimat.org.br\/portal\/dose-menor-de-vacina-sera-aplicada-em-2019\/#primaryimage\"},\"image\":{\"@id\":\"https:\/\/acrimat.org.br\/portal\/dose-menor-de-vacina-sera-aplicada-em-2019\/#primaryimage\"},\"thumbnailUrl\":\"https:\/\/acrimat.org.br\/portal\/wp-content\/uploads\/2017\/12\/vacinacao-aftosa.jpg\",\"datePublished\":\"2018-02-05T19:17:21+00:00\",\"breadcrumb\":{\"@id\":\"https:\/\/acrimat.org.br\/portal\/dose-menor-de-vacina-sera-aplicada-em-2019\/#breadcrumb\"},\"inLanguage\":\"pt-BR\",\"potentialAction\":[{\"@type\":\"ReadAction\",\"target\":[\"https:\/\/acrimat.org.br\/portal\/dose-menor-de-vacina-sera-aplicada-em-2019\/\"]}]},{\"@type\":\"ImageObject\",\"inLanguage\":\"pt-BR\",\"@id\":\"https:\/\/acrimat.org.br\/portal\/dose-menor-de-vacina-sera-aplicada-em-2019\/#primaryimage\",\"url\":\"https:\/\/acrimat.org.br\/portal\/wp-content\/uploads\/2017\/12\/vacinacao-aftosa.jpg\",\"contentUrl\":\"https:\/\/acrimat.org.br\/portal\/wp-content\/uploads\/2017\/12\/vacinacao-aftosa.jpg\",\"width\":900,\"height\":667},{\"@type\":\"BreadcrumbList\",\"@id\":\"https:\/\/acrimat.org.br\/portal\/dose-menor-de-vacina-sera-aplicada-em-2019\/#breadcrumb\",\"itemListElement\":[{\"@type\":\"ListItem\",\"position\":1,\"name\":\"In\u00edcio\",\"item\":\"https:\/\/acrimat.org.br\/portal\/\"},{\"@type\":\"ListItem\",\"position\":2,\"name\":\"Dose menor de vacina ser\u00e1 aplicada em 2019\"}]},{\"@type\":\"WebSite\",\"@id\":\"https:\/\/acrimat.org.br\/portal\/#website\",\"url\":\"https:\/\/acrimat.org.br\/portal\/\",\"name\":\"Acrimat\",\"description\":\"Associa\u00e7\u00e3o dos Criadores de Mato Grosso\",\"publisher\":{\"@id\":\"https:\/\/acrimat.org.br\/portal\/#organization\"},\"potentialAction\":[{\"@type\":\"SearchAction\",\"target\":{\"@type\":\"EntryPoint\",\"urlTemplate\":\"https:\/\/acrimat.org.br\/portal\/?s={search_term_string}\"},\"query-input\":{\"@type\":\"PropertyValueSpecification\",\"valueRequired\":true,\"valueName\":\"search_term_string\"}}],\"inLanguage\":\"pt-BR\"},{\"@type\":\"Organization\",\"@id\":\"https:\/\/acrimat.org.br\/portal\/#organization\",\"name\":\"Associa\u00e7\u00e3o dos Criadores de Mato Grosso\",\"url\":\"https:\/\/acrimat.org.br\/portal\/\",\"logo\":{\"@type\":\"ImageObject\",\"inLanguage\":\"pt-BR\",\"@id\":\"https:\/\/acrimat.org.br\/portal\/#\/schema\/logo\/image\/\",\"url\":\"https:\/\/acrimat.org.br\/portal\/wp-content\/uploads\/2018\/03\/logo-peq-original.png\",\"contentUrl\":\"https:\/\/acrimat.org.br\/portal\/wp-content\/uploads\/2018\/03\/logo-peq-original.png\",\"width\":174,\"height\":171,\"caption\":\"Associa\u00e7\u00e3o dos Criadores de Mato Grosso\"},\"image\":{\"@id\":\"https:\/\/acrimat.org.br\/portal\/#\/schema\/logo\/image\/\"}},{\"@type\":\"Person\",\"@id\":\"https:\/\/acrimat.org.br\/portal\/#\/schema\/person\/a309b9496344ff991e8e1b1d751fdd7b\",\"name\":\"Assessoria de comunica\u00e7\u00e3o ACRIMAT\",\"image\":{\"@type\":\"ImageObject\",\"inLanguage\":\"pt-BR\",\"@id\":\"https:\/\/acrimat.org.br\/portal\/#\/schema\/person\/image\/\",\"url\":\"https:\/\/secure.gravatar.com\/avatar\/2f9c28e64c317bcd762b25cb1575f1b4?s=96&d=mm&r=g\",\"contentUrl\":\"https:\/\/secure.gravatar.com\/avatar\/2f9c28e64c317bcd762b25cb1575f1b4?s=96&d=mm&r=g\",\"caption\":\"Assessoria de comunica\u00e7\u00e3o ACRIMAT\"},\"sameAs\":[\"http:\/\/acrimat.org.br\/\"],\"url\":\"https:\/\/acrimat.org.br\/portal\/author\/ascom\/\"}]}<\/script>\n<!-- \/ Yoast SEO plugin. -->","yoast_head_json":{"title":"Dose menor de vacina ser\u00e1 aplicada em 2019 - Acrimat","robots":{"index":"index","follow":"follow","max-snippet":"max-snippet:-1","max-image-preview":"max-image-preview:large","max-video-preview":"max-video-preview:-1"},"canonical":"https:\/\/acrimat.org.br\/portal\/dose-menor-de-vacina-sera-aplicada-em-2019\/","og_locale":"pt_BR","og_type":"article","og_title":"Dose menor de vacina ser\u00e1 aplicada em 2019 - Acrimat","og_description":"Conforme definido pelo Mapa a dosagem de 2ml substituir\u00e1 a atual","og_url":"https:\/\/acrimat.org.br\/portal\/dose-menor-de-vacina-sera-aplicada-em-2019\/","og_site_name":"Acrimat","article_published_time":"2018-02-05T19:17:21+00:00","og_image":[{"width":900,"height":667,"url":"https:\/\/acrimat.org.br\/portal\/wp-content\/uploads\/2017\/12\/vacinacao-aftosa.jpg","type":"image\/jpeg"}],"author":"Assessoria de comunica\u00e7\u00e3o ACRIMAT","twitter_card":"summary_large_image","twitter_misc":{"Escrito por":"Assessoria de comunica\u00e7\u00e3o ACRIMAT","Est. tempo de leitura":"2 minutos"},"schema":{"@context":"https:\/\/schema.org","@graph":[{"@type":"Article","@id":"https:\/\/acrimat.org.br\/portal\/dose-menor-de-vacina-sera-aplicada-em-2019\/#article","isPartOf":{"@id":"https:\/\/acrimat.org.br\/portal\/dose-menor-de-vacina-sera-aplicada-em-2019\/"},"author":{"name":"Assessoria de comunica\u00e7\u00e3o ACRIMAT","@id":"https:\/\/acrimat.org.br\/portal\/#\/schema\/person\/a309b9496344ff991e8e1b1d751fdd7b"},"headline":"Dose menor de vacina ser\u00e1 aplicada em 2019","datePublished":"2018-02-05T19:17:21+00:00","mainEntityOfPage":{"@id":"https:\/\/acrimat.org.br\/portal\/dose-menor-de-vacina-sera-aplicada-em-2019\/"},"wordCount":365,"publisher":{"@id":"https:\/\/acrimat.org.br\/portal\/#organization"},"image":{"@id":"https:\/\/acrimat.org.br\/portal\/dose-menor-de-vacina-sera-aplicada-em-2019\/#primaryimage"},"thumbnailUrl":"https:\/\/acrimat.org.br\/portal\/wp-content\/uploads\/2017\/12\/vacinacao-aftosa.jpg","articleSection":["Destaques","Not\u00edcias"],"inLanguage":"pt-BR"},{"@type":"WebPage","@id":"https:\/\/acrimat.org.br\/portal\/dose-menor-de-vacina-sera-aplicada-em-2019\/","url":"https:\/\/acrimat.org.br\/portal\/dose-menor-de-vacina-sera-aplicada-em-2019\/","name":"Dose menor de vacina ser\u00e1 aplicada em 2019 - Acrimat","isPartOf":{"@id":"https:\/\/acrimat.org.br\/portal\/#website"},"primaryImageOfPage":{"@id":"https:\/\/acrimat.org.br\/portal\/dose-menor-de-vacina-sera-aplicada-em-2019\/#primaryimage"},"image":{"@id":"https:\/\/acrimat.org.br\/portal\/dose-menor-de-vacina-sera-aplicada-em-2019\/#primaryimage"},"thumbnailUrl":"https:\/\/acrimat.org.br\/portal\/wp-content\/uploads\/2017\/12\/vacinacao-aftosa.jpg","datePublished":"2018-02-05T19:17:21+00:00","breadcrumb":{"@id":"https:\/\/acrimat.org.br\/portal\/dose-menor-de-vacina-sera-aplicada-em-2019\/#breadcrumb"},"inLanguage":"pt-BR","potentialAction":[{"@type":"ReadAction","target":["https:\/\/acrimat.org.br\/portal\/dose-menor-de-vacina-sera-aplicada-em-2019\/"]}]},{"@type":"ImageObject","inLanguage":"pt-BR","@id":"https:\/\/acrimat.org.br\/portal\/dose-menor-de-vacina-sera-aplicada-em-2019\/#primaryimage","url":"https:\/\/acrimat.org.br\/portal\/wp-content\/uploads\/2017\/12\/vacinacao-aftosa.jpg","contentUrl":"https:\/\/acrimat.org.br\/portal\/wp-content\/uploads\/2017\/12\/vacinacao-aftosa.jpg","width":900,"height":667},{"@type":"BreadcrumbList","@id":"https:\/\/acrimat.org.br\/portal\/dose-menor-de-vacina-sera-aplicada-em-2019\/#breadcrumb","itemListElement":[{"@type":"ListItem","position":1,"name":"In\u00edcio","item":"https:\/\/acrimat.org.br\/portal\/"},{"@type":"ListItem","position":2,"name":"Dose menor de vacina ser\u00e1 aplicada em 2019"}]},{"@type":"WebSite","@id":"https:\/\/acrimat.org.br\/portal\/#website","url":"https:\/\/acrimat.org.br\/portal\/","name":"Acrimat","description":"Associa\u00e7\u00e3o dos Criadores de Mato Grosso","publisher":{"@id":"https:\/\/acrimat.org.br\/portal\/#organization"},"potentialAction":[{"@type":"SearchAction","target":{"@type":"EntryPoint","urlTemplate":"https:\/\/acrimat.org.br\/portal\/?s={search_term_string}"},"query-input":{"@type":"PropertyValueSpecification","valueRequired":true,"valueName":"search_term_string"}}],"inLanguage":"pt-BR"},{"@type":"Organization","@id":"https:\/\/acrimat.org.br\/portal\/#organization","name":"Associa\u00e7\u00e3o dos Criadores de Mato Grosso","url":"https:\/\/acrimat.org.br\/portal\/","logo":{"@type":"ImageObject","inLanguage":"pt-BR","@id":"https:\/\/acrimat.org.br\/portal\/#\/schema\/logo\/image\/","url":"https:\/\/acrimat.org.br\/portal\/wp-content\/uploads\/2018\/03\/logo-peq-original.png","contentUrl":"https:\/\/acrimat.org.br\/portal\/wp-content\/uploads\/2018\/03\/logo-peq-original.png","width":174,"height":171,"caption":"Associa\u00e7\u00e3o dos Criadores de Mato Grosso"},"image":{"@id":"https:\/\/acrimat.org.br\/portal\/#\/schema\/logo\/image\/"}},{"@type":"Person","@id":"https:\/\/acrimat.org.br\/portal\/#\/schema\/person\/a309b9496344ff991e8e1b1d751fdd7b","name":"Assessoria de comunica\u00e7\u00e3o ACRIMAT","image":{"@type":"ImageObject","inLanguage":"pt-BR","@id":"https:\/\/acrimat.org.br\/portal\/#\/schema\/person\/image\/","url":"https:\/\/secure.gravatar.com\/avatar\/2f9c28e64c317bcd762b25cb1575f1b4?s=96&d=mm&r=g","contentUrl":"https:\/\/secure.gravatar.com\/avatar\/2f9c28e64c317bcd762b25cb1575f1b4?s=96&d=mm&r=g","caption":"Assessoria de comunica\u00e7\u00e3o ACRIMAT"},"sameAs":["http:\/\/acrimat.org.br\/"],"url":"https:\/\/acrimat.org.br\/portal\/author\/ascom\/"}]}},"_links":{"self":[{"href":"https:\/\/acrimat.org.br\/portal\/wp-json\/wp\/v2\/posts\/97985790","targetHints":{"allow":["GET"]}}],"collection":[{"href":"https:\/\/acrimat.org.br\/portal\/wp-json\/wp\/v2\/posts"}],"about":[{"href":"https:\/\/acrimat.org.br\/portal\/wp-json\/wp\/v2\/types\/post"}],"author":[{"embeddable":true,"href":"https:\/\/acrimat.org.br\/portal\/wp-json\/wp\/v2\/users\/7"}],"replies":[{"embeddable":true,"href":"https:\/\/acrimat.org.br\/portal\/wp-json\/wp\/v2\/comments?post=97985790"}],"version-history":[{"count":1,"href":"https:\/\/acrimat.org.br\/portal\/wp-json\/wp\/v2\/posts\/97985790\/revisions"}],"predecessor-version":[{"id":97985791,"href":"https:\/\/acrimat.org.br\/portal\/wp-json\/wp\/v2\/posts\/97985790\/revisions\/97985791"}],"wp:featuredmedia":[{"embeddable":true,"href":"https:\/\/acrimat.org.br\/portal\/wp-json\/wp\/v2\/media\/97985178"}],"wp:attachment":[{"href":"https:\/\/acrimat.org.br\/portal\/wp-json\/wp\/v2\/media?parent=97985790"}],"wp:term":[{"taxonomy":"category","embeddable":true,"href":"https:\/\/acrimat.org.br\/portal\/wp-json\/wp\/v2\/categories?post=97985790"},{"taxonomy":"post_tag","embeddable":true,"href":"https:\/\/acrimat.org.br\/portal\/wp-json\/wp\/v2\/tags?post=97985790"}],"curies":[{"name":"wp","href":"https:\/\/api.w.org\/{rel}","templated":true}]}}