{"id":97985792,"date":"2018-02-05T16:23:26","date_gmt":"2018-02-05T19:23:26","guid":{"rendered":"http:\/\/acrimat.org.br\/portal\/?p=97985792"},"modified":"2018-02-05T16:35:17","modified_gmt":"2018-02-05T19:35:17","slug":"acrimat-repudia-decisao-de-embargo-de-exportacao-de-gado-vivo-em-todo-o-brasil","status":"publish","type":"post","link":"https:\/\/acrimat.org.br\/portal\/acrimat-repudia-decisao-de-embargo-de-exportacao-de-gado-vivo-em-todo-o-brasil\/","title":{"rendered":"Acrimat repudia decis\u00e3o de embargo de exporta\u00e7\u00e3o de gado vivo em todo o Brasil"},"content":{"rendered":"<p>A Associa\u00e7\u00e3o dos Criadores de Mato Grosso (Acrimat) repudia a decis\u00e3o da Justi\u00e7a Federal de embargo \u00e0 exporta\u00e7\u00e3o de animais vivos. Na noite desta sexta-feira, 02 de fevereiro, a Justi\u00e7a Federal em S\u00e3o Paulo proibiu o transporte de gado vivo por navio em todo o territ\u00f3rio brasileiro.<\/p>\n<p>Na avalia\u00e7\u00e3o da Acrimat, &#8220;A exporta\u00e7\u00e3o de animais \u00e9 um reconhecimento da qualidade do nosso rebanho&#8221;. A entidade mato-grossense destaca que &#8220;Antes de concretizar a comercializa\u00e7\u00e3o de animais vivos, legalizada e certificada pelo Minist\u00e9rio da Agricultura, Pecu\u00e1ria e Abastecimento do Brasil, todos os integrantes desta cadeia produtiva passam por inspe\u00e7\u00e3o de qualidade, sanidade e bem-estar animal, tanto no Brasil, quanto das institui\u00e7\u00f5es do pa\u00eds importador&#8221;.<\/p>\n<p>Conforme a Acrimat, &#8220;A decis\u00e3o judicial coloca em suspeita o eficiente modelo produtivo e prejudica de forma direta os produtores de carne do Brasil&#8221;. A entidade representante dos pecuaristas de Mato Grosso salienta que tal decis\u00e3o da justi\u00e7a &#8220;caracteriza uma interfer\u00eancia direta ao modelo econ\u00f4mico de livre mercado, essencial para o desenvolvimento socioecon\u00f4mico do pa\u00eds&#8221;.<\/p>\n<p><strong>Entenda o caso<\/strong><\/p>\n<p>Na tarde do dia 1\u00ba de fevereiro, o juiz M\u00e1rcio Kammer de Lima, da 2\u00aa Vara da Fazenda P\u00fablica de Santos, determinou o desembarque de quase 27 mil bois que estavam a bordo do panamenho Nada que estava atracado no Porto de Santos e tinha a Turquia como destino.<\/p>\n<p>A decis\u00e3o do juiz refor\u00e7ou a suspens\u00e3o do embarque de cargas vivas no Porto, que haviam sido retomadas no dia 25 de janeiro, ap\u00f3s a Companhia Docas do Estado de S\u00e3o Paulo (Codesp) autorizar a retomada das opera\u00e7\u00f5es com cargas vivas no cais santista, ap\u00f3s aval da Ag\u00eancia Nacional de Transporte Aquavi\u00e1rio (Antaq). Tal suspens\u00e3o havia sido preferida na noite do dia 31 de janeiro pelo desembargador da 2\u00aa C\u00e2mara Reservada ao Meio Ambiente, do Tribunal de Justi\u00e7a de S\u00e3o Paulo, Lu\u00eds Fernando Nishi.<\/p>\n<p>J\u00e1 na noite de sexta-feira, 02 de fevereiro, o juiz federal Djalma Moreira Gomes, da 25\u00aa Vara C\u00edvel Federal de S\u00e3o Paulo, suspendeu liminarmente a exporta\u00e7\u00e3o de gado vivo pelo Brasil. O magistrado acatou um pedido de liminar feito pela ONG F\u00f3rum Nacional de Prote\u00e7\u00e3o Animal, que alegava que o transporte dos animais vivos \u00e9 realizado de forma cruel, causando sofrimentos e traumas por conta das condi\u00e7\u00f5es clim\u00e1ticas adversas, falta de alimenta\u00e7\u00e3o ou condi\u00e7\u00f5es sanit\u00e1rias.<\/p>\n<p><a href=\"http:\/\/acrimat.org.br\/portal\/nota-de-repudio-acrimat\/\" target=\"_blank\" rel=\"noopener\">Confira a nota aqui<\/a><\/p>\n","protected":false},"excerpt":{"rendered":"<p>Justi\u00e7a Federal em SP proibiu o transporte de gado vivo por navio em todo o territ\u00f3rio brasileiro.<\/p>\n","protected":false},"author":7,"featured_media":97985206,"comment_status":"closed","ping_status":"closed","sticky":false,"template":"","format":"standard","meta":{"footnotes":""},"categories":[6,1],"tags":[],"class_list":["post-97985792","post","type-post","status-publish","format-standard","has-post-thumbnail","hentry","category-destaque","category-noticia"],"yoast_head":"<!-- This site is optimized with the Yoast SEO plugin v24.8.1 - https:\/\/yoast.com\/wordpress\/plugins\/seo\/ -->\n<title>Acrimat repudia decis\u00e3o de embargo de exporta\u00e7\u00e3o de gado vivo em todo o Brasil - Acrimat<\/title>\n<meta name=\"robots\" content=\"index, follow, max-snippet:-1, max-image-preview:large, max-video-preview:-1\" \/>\n<link rel=\"canonical\" href=\"https:\/\/acrimat.org.br\/portal\/acrimat-repudia-decisao-de-embargo-de-exportacao-de-gado-vivo-em-todo-o-brasil\/\" \/>\n<meta property=\"og:locale\" content=\"pt_BR\" \/>\n<meta property=\"og:type\" content=\"article\" \/>\n<meta property=\"og:title\" content=\"Acrimat repudia decis\u00e3o de embargo de exporta\u00e7\u00e3o de gado vivo em todo o Brasil - Acrimat\" \/>\n<meta property=\"og:description\" content=\"Justi\u00e7a Federal em SP proibiu o transporte de gado vivo por navio em todo o territ\u00f3rio brasileiro.\" \/>\n<meta property=\"og:url\" content=\"https:\/\/acrimat.org.br\/portal\/acrimat-repudia-decisao-de-embargo-de-exportacao-de-gado-vivo-em-todo-o-brasil\/\" \/>\n<meta property=\"og:site_name\" content=\"Acrimat\" \/>\n<meta property=\"article:published_time\" content=\"2018-02-05T19:23:26+00:00\" \/>\n<meta property=\"article:modified_time\" content=\"2018-02-05T19:35:17+00:00\" \/>\n<meta property=\"og:image\" content=\"https:\/\/acrimat.org.br\/portal\/wp-content\/uploads\/2017\/12\/boi-gordo.jpg\" \/>\n\t<meta property=\"og:image:width\" content=\"730\" \/>\n\t<meta property=\"og:image:height\" content=\"502\" \/>\n\t<meta property=\"og:image:type\" content=\"image\/jpeg\" \/>\n<meta name=\"author\" content=\"Assessoria de comunica\u00e7\u00e3o ACRIMAT\" \/>\n<meta name=\"twitter:card\" content=\"summary_large_image\" \/>\n<meta name=\"twitter:label1\" content=\"Escrito por\" \/>\n\t<meta name=\"twitter:data1\" content=\"Assessoria de comunica\u00e7\u00e3o ACRIMAT\" \/>\n\t<meta name=\"twitter:label2\" content=\"Est. tempo de leitura\" \/>\n\t<meta name=\"twitter:data2\" content=\"2 minutos\" \/>\n<script type=\"application\/ld+json\" class=\"yoast-schema-graph\">{\"@context\":\"https:\/\/schema.org\",\"@graph\":[{\"@type\":\"Article\",\"@id\":\"https:\/\/acrimat.org.br\/portal\/acrimat-repudia-decisao-de-embargo-de-exportacao-de-gado-vivo-em-todo-o-brasil\/#article\",\"isPartOf\":{\"@id\":\"https:\/\/acrimat.org.br\/portal\/acrimat-repudia-decisao-de-embargo-de-exportacao-de-gado-vivo-em-todo-o-brasil\/\"},\"author\":{\"name\":\"Assessoria de comunica\u00e7\u00e3o ACRIMAT\",\"@id\":\"https:\/\/acrimat.org.br\/portal\/#\/schema\/person\/a309b9496344ff991e8e1b1d751fdd7b\"},\"headline\":\"Acrimat repudia decis\u00e3o de embargo de exporta\u00e7\u00e3o de gado vivo em todo o Brasil\",\"datePublished\":\"2018-02-05T19:23:26+00:00\",\"dateModified\":\"2018-02-05T19:35:17+00:00\",\"mainEntityOfPage\":{\"@id\":\"https:\/\/acrimat.org.br\/portal\/acrimat-repudia-decisao-de-embargo-de-exportacao-de-gado-vivo-em-todo-o-brasil\/\"},\"wordCount\":434,\"publisher\":{\"@id\":\"https:\/\/acrimat.org.br\/portal\/#organization\"},\"image\":{\"@id\":\"https:\/\/acrimat.org.br\/portal\/acrimat-repudia-decisao-de-embargo-de-exportacao-de-gado-vivo-em-todo-o-brasil\/#primaryimage\"},\"thumbnailUrl\":\"https:\/\/acrimat.org.br\/portal\/wp-content\/uploads\/2017\/12\/boi-gordo.jpg\",\"articleSection\":[\"Destaques\",\"Not\u00edcias\"],\"inLanguage\":\"pt-BR\"},{\"@type\":\"WebPage\",\"@id\":\"https:\/\/acrimat.org.br\/portal\/acrimat-repudia-decisao-de-embargo-de-exportacao-de-gado-vivo-em-todo-o-brasil\/\",\"url\":\"https:\/\/acrimat.org.br\/portal\/acrimat-repudia-decisao-de-embargo-de-exportacao-de-gado-vivo-em-todo-o-brasil\/\",\"name\":\"Acrimat repudia decis\u00e3o de embargo de exporta\u00e7\u00e3o de gado vivo em todo o Brasil - Acrimat\",\"isPartOf\":{\"@id\":\"https:\/\/acrimat.org.br\/portal\/#website\"},\"primaryImageOfPage\":{\"@id\":\"https:\/\/acrimat.org.br\/portal\/acrimat-repudia-decisao-de-embargo-de-exportacao-de-gado-vivo-em-todo-o-brasil\/#primaryimage\"},\"image\":{\"@id\":\"https:\/\/acrimat.org.br\/portal\/acrimat-repudia-decisao-de-embargo-de-exportacao-de-gado-vivo-em-todo-o-brasil\/#primaryimage\"},\"thumbnailUrl\":\"https:\/\/acrimat.org.br\/portal\/wp-content\/uploads\/2017\/12\/boi-gordo.jpg\",\"datePublished\":\"2018-02-05T19:23:26+00:00\",\"dateModified\":\"2018-02-05T19:35:17+00:00\",\"breadcrumb\":{\"@id\":\"https:\/\/acrimat.org.br\/portal\/acrimat-repudia-decisao-de-embargo-de-exportacao-de-gado-vivo-em-todo-o-brasil\/#breadcrumb\"},\"inLanguage\":\"pt-BR\",\"potentialAction\":[{\"@type\":\"ReadAction\",\"target\":[\"https:\/\/acrimat.org.br\/portal\/acrimat-repudia-decisao-de-embargo-de-exportacao-de-gado-vivo-em-todo-o-brasil\/\"]}]},{\"@type\":\"ImageObject\",\"inLanguage\":\"pt-BR\",\"@id\":\"https:\/\/acrimat.org.br\/portal\/acrimat-repudia-decisao-de-embargo-de-exportacao-de-gado-vivo-em-todo-o-brasil\/#primaryimage\",\"url\":\"https:\/\/acrimat.org.br\/portal\/wp-content\/uploads\/2017\/12\/boi-gordo.jpg\",\"contentUrl\":\"https:\/\/acrimat.org.br\/portal\/wp-content\/uploads\/2017\/12\/boi-gordo.jpg\",\"width\":730,\"height\":502},{\"@type\":\"BreadcrumbList\",\"@id\":\"https:\/\/acrimat.org.br\/portal\/acrimat-repudia-decisao-de-embargo-de-exportacao-de-gado-vivo-em-todo-o-brasil\/#breadcrumb\",\"itemListElement\":[{\"@type\":\"ListItem\",\"position\":1,\"name\":\"In\u00edcio\",\"item\":\"https:\/\/acrimat.org.br\/portal\/\"},{\"@type\":\"ListItem\",\"position\":2,\"name\":\"Acrimat repudia decis\u00e3o de embargo de exporta\u00e7\u00e3o de gado vivo em todo o Brasil\"}]},{\"@type\":\"WebSite\",\"@id\":\"https:\/\/acrimat.org.br\/portal\/#website\",\"url\":\"https:\/\/acrimat.org.br\/portal\/\",\"name\":\"Acrimat\",\"description\":\"Associa\u00e7\u00e3o dos Criadores de Mato Grosso\",\"publisher\":{\"@id\":\"https:\/\/acrimat.org.br\/portal\/#organization\"},\"potentialAction\":[{\"@type\":\"SearchAction\",\"target\":{\"@type\":\"EntryPoint\",\"urlTemplate\":\"https:\/\/acrimat.org.br\/portal\/?s={search_term_string}\"},\"query-input\":{\"@type\":\"PropertyValueSpecification\",\"valueRequired\":true,\"valueName\":\"search_term_string\"}}],\"inLanguage\":\"pt-BR\"},{\"@type\":\"Organization\",\"@id\":\"https:\/\/acrimat.org.br\/portal\/#organization\",\"name\":\"Associa\u00e7\u00e3o dos Criadores de Mato Grosso\",\"url\":\"https:\/\/acrimat.org.br\/portal\/\",\"logo\":{\"@type\":\"ImageObject\",\"inLanguage\":\"pt-BR\",\"@id\":\"https:\/\/acrimat.org.br\/portal\/#\/schema\/logo\/image\/\",\"url\":\"https:\/\/acrimat.org.br\/portal\/wp-content\/uploads\/2018\/03\/logo-peq-original.png\",\"contentUrl\":\"https:\/\/acrimat.org.br\/portal\/wp-content\/uploads\/2018\/03\/logo-peq-original.png\",\"width\":174,\"height\":171,\"caption\":\"Associa\u00e7\u00e3o dos Criadores de Mato Grosso\"},\"image\":{\"@id\":\"https:\/\/acrimat.org.br\/portal\/#\/schema\/logo\/image\/\"}},{\"@type\":\"Person\",\"@id\":\"https:\/\/acrimat.org.br\/portal\/#\/schema\/person\/a309b9496344ff991e8e1b1d751fdd7b\",\"name\":\"Assessoria de comunica\u00e7\u00e3o ACRIMAT\",\"image\":{\"@type\":\"ImageObject\",\"inLanguage\":\"pt-BR\",\"@id\":\"https:\/\/acrimat.org.br\/portal\/#\/schema\/person\/image\/\",\"url\":\"https:\/\/secure.gravatar.com\/avatar\/2f9c28e64c317bcd762b25cb1575f1b4?s=96&d=mm&r=g\",\"contentUrl\":\"https:\/\/secure.gravatar.com\/avatar\/2f9c28e64c317bcd762b25cb1575f1b4?s=96&d=mm&r=g\",\"caption\":\"Assessoria de comunica\u00e7\u00e3o ACRIMAT\"},\"sameAs\":[\"http:\/\/acrimat.org.br\/\"],\"url\":\"https:\/\/acrimat.org.br\/portal\/author\/ascom\/\"}]}<\/script>\n<!-- \/ Yoast SEO plugin. -->","yoast_head_json":{"title":"Acrimat repudia decis\u00e3o de embargo de exporta\u00e7\u00e3o de gado vivo em todo o Brasil - Acrimat","robots":{"index":"index","follow":"follow","max-snippet":"max-snippet:-1","max-image-preview":"max-image-preview:large","max-video-preview":"max-video-preview:-1"},"canonical":"https:\/\/acrimat.org.br\/portal\/acrimat-repudia-decisao-de-embargo-de-exportacao-de-gado-vivo-em-todo-o-brasil\/","og_locale":"pt_BR","og_type":"article","og_title":"Acrimat repudia decis\u00e3o de embargo de exporta\u00e7\u00e3o de gado vivo em todo o Brasil - Acrimat","og_description":"Justi\u00e7a Federal em SP proibiu o transporte de gado vivo por navio em todo o territ\u00f3rio brasileiro.","og_url":"https:\/\/acrimat.org.br\/portal\/acrimat-repudia-decisao-de-embargo-de-exportacao-de-gado-vivo-em-todo-o-brasil\/","og_site_name":"Acrimat","article_published_time":"2018-02-05T19:23:26+00:00","article_modified_time":"2018-02-05T19:35:17+00:00","og_image":[{"width":730,"height":502,"url":"https:\/\/acrimat.org.br\/portal\/wp-content\/uploads\/2017\/12\/boi-gordo.jpg","type":"image\/jpeg"}],"author":"Assessoria de comunica\u00e7\u00e3o ACRIMAT","twitter_card":"summary_large_image","twitter_misc":{"Escrito por":"Assessoria de comunica\u00e7\u00e3o ACRIMAT","Est. tempo de leitura":"2 minutos"},"schema":{"@context":"https:\/\/schema.org","@graph":[{"@type":"Article","@id":"https:\/\/acrimat.org.br\/portal\/acrimat-repudia-decisao-de-embargo-de-exportacao-de-gado-vivo-em-todo-o-brasil\/#article","isPartOf":{"@id":"https:\/\/acrimat.org.br\/portal\/acrimat-repudia-decisao-de-embargo-de-exportacao-de-gado-vivo-em-todo-o-brasil\/"},"author":{"name":"Assessoria de comunica\u00e7\u00e3o ACRIMAT","@id":"https:\/\/acrimat.org.br\/portal\/#\/schema\/person\/a309b9496344ff991e8e1b1d751fdd7b"},"headline":"Acrimat repudia decis\u00e3o de embargo de exporta\u00e7\u00e3o de gado vivo em todo o Brasil","datePublished":"2018-02-05T19:23:26+00:00","dateModified":"2018-02-05T19:35:17+00:00","mainEntityOfPage":{"@id":"https:\/\/acrimat.org.br\/portal\/acrimat-repudia-decisao-de-embargo-de-exportacao-de-gado-vivo-em-todo-o-brasil\/"},"wordCount":434,"publisher":{"@id":"https:\/\/acrimat.org.br\/portal\/#organization"},"image":{"@id":"https:\/\/acrimat.org.br\/portal\/acrimat-repudia-decisao-de-embargo-de-exportacao-de-gado-vivo-em-todo-o-brasil\/#primaryimage"},"thumbnailUrl":"https:\/\/acrimat.org.br\/portal\/wp-content\/uploads\/2017\/12\/boi-gordo.jpg","articleSection":["Destaques","Not\u00edcias"],"inLanguage":"pt-BR"},{"@type":"WebPage","@id":"https:\/\/acrimat.org.br\/portal\/acrimat-repudia-decisao-de-embargo-de-exportacao-de-gado-vivo-em-todo-o-brasil\/","url":"https:\/\/acrimat.org.br\/portal\/acrimat-repudia-decisao-de-embargo-de-exportacao-de-gado-vivo-em-todo-o-brasil\/","name":"Acrimat repudia decis\u00e3o de embargo de exporta\u00e7\u00e3o de gado vivo em todo o Brasil - Acrimat","isPartOf":{"@id":"https:\/\/acrimat.org.br\/portal\/#website"},"primaryImageOfPage":{"@id":"https:\/\/acrimat.org.br\/portal\/acrimat-repudia-decisao-de-embargo-de-exportacao-de-gado-vivo-em-todo-o-brasil\/#primaryimage"},"image":{"@id":"https:\/\/acrimat.org.br\/portal\/acrimat-repudia-decisao-de-embargo-de-exportacao-de-gado-vivo-em-todo-o-brasil\/#primaryimage"},"thumbnailUrl":"https:\/\/acrimat.org.br\/portal\/wp-content\/uploads\/2017\/12\/boi-gordo.jpg","datePublished":"2018-02-05T19:23:26+00:00","dateModified":"2018-02-05T19:35:17+00:00","breadcrumb":{"@id":"https:\/\/acrimat.org.br\/portal\/acrimat-repudia-decisao-de-embargo-de-exportacao-de-gado-vivo-em-todo-o-brasil\/#breadcrumb"},"inLanguage":"pt-BR","potentialAction":[{"@type":"ReadAction","target":["https:\/\/acrimat.org.br\/portal\/acrimat-repudia-decisao-de-embargo-de-exportacao-de-gado-vivo-em-todo-o-brasil\/"]}]},{"@type":"ImageObject","inLanguage":"pt-BR","@id":"https:\/\/acrimat.org.br\/portal\/acrimat-repudia-decisao-de-embargo-de-exportacao-de-gado-vivo-em-todo-o-brasil\/#primaryimage","url":"https:\/\/acrimat.org.br\/portal\/wp-content\/uploads\/2017\/12\/boi-gordo.jpg","contentUrl":"https:\/\/acrimat.org.br\/portal\/wp-content\/uploads\/2017\/12\/boi-gordo.jpg","width":730,"height":502},{"@type":"BreadcrumbList","@id":"https:\/\/acrimat.org.br\/portal\/acrimat-repudia-decisao-de-embargo-de-exportacao-de-gado-vivo-em-todo-o-brasil\/#breadcrumb","itemListElement":[{"@type":"ListItem","position":1,"name":"In\u00edcio","item":"https:\/\/acrimat.org.br\/portal\/"},{"@type":"ListItem","position":2,"name":"Acrimat repudia decis\u00e3o de embargo de exporta\u00e7\u00e3o de gado vivo em todo o Brasil"}]},{"@type":"WebSite","@id":"https:\/\/acrimat.org.br\/portal\/#website","url":"https:\/\/acrimat.org.br\/portal\/","name":"Acrimat","description":"Associa\u00e7\u00e3o dos Criadores de Mato Grosso","publisher":{"@id":"https:\/\/acrimat.org.br\/portal\/#organization"},"potentialAction":[{"@type":"SearchAction","target":{"@type":"EntryPoint","urlTemplate":"https:\/\/acrimat.org.br\/portal\/?s={search_term_string}"},"query-input":{"@type":"PropertyValueSpecification","valueRequired":true,"valueName":"search_term_string"}}],"inLanguage":"pt-BR"},{"@type":"Organization","@id":"https:\/\/acrimat.org.br\/portal\/#organization","name":"Associa\u00e7\u00e3o dos Criadores de Mato Grosso","url":"https:\/\/acrimat.org.br\/portal\/","logo":{"@type":"ImageObject","inLanguage":"pt-BR","@id":"https:\/\/acrimat.org.br\/portal\/#\/schema\/logo\/image\/","url":"https:\/\/acrimat.org.br\/portal\/wp-content\/uploads\/2018\/03\/logo-peq-original.png","contentUrl":"https:\/\/acrimat.org.br\/portal\/wp-content\/uploads\/2018\/03\/logo-peq-original.png","width":174,"height":171,"caption":"Associa\u00e7\u00e3o dos Criadores de Mato Grosso"},"image":{"@id":"https:\/\/acrimat.org.br\/portal\/#\/schema\/logo\/image\/"}},{"@type":"Person","@id":"https:\/\/acrimat.org.br\/portal\/#\/schema\/person\/a309b9496344ff991e8e1b1d751fdd7b","name":"Assessoria de comunica\u00e7\u00e3o ACRIMAT","image":{"@type":"ImageObject","inLanguage":"pt-BR","@id":"https:\/\/acrimat.org.br\/portal\/#\/schema\/person\/image\/","url":"https:\/\/secure.gravatar.com\/avatar\/2f9c28e64c317bcd762b25cb1575f1b4?s=96&d=mm&r=g","contentUrl":"https:\/\/secure.gravatar.com\/avatar\/2f9c28e64c317bcd762b25cb1575f1b4?s=96&d=mm&r=g","caption":"Assessoria de comunica\u00e7\u00e3o ACRIMAT"},"sameAs":["http:\/\/acrimat.org.br\/"],"url":"https:\/\/acrimat.org.br\/portal\/author\/ascom\/"}]}},"_links":{"self":[{"href":"https:\/\/acrimat.org.br\/portal\/wp-json\/wp\/v2\/posts\/97985792","targetHints":{"allow":["GET"]}}],"collection":[{"href":"https:\/\/acrimat.org.br\/portal\/wp-json\/wp\/v2\/posts"}],"about":[{"href":"https:\/\/acrimat.org.br\/portal\/wp-json\/wp\/v2\/types\/post"}],"author":[{"embeddable":true,"href":"https:\/\/acrimat.org.br\/portal\/wp-json\/wp\/v2\/users\/7"}],"replies":[{"embeddable":true,"href":"https:\/\/acrimat.org.br\/portal\/wp-json\/wp\/v2\/comments?post=97985792"}],"version-history":[{"count":1,"href":"https:\/\/acrimat.org.br\/portal\/wp-json\/wp\/v2\/posts\/97985792\/revisions"}],"predecessor-version":[{"id":97985793,"href":"https:\/\/acrimat.org.br\/portal\/wp-json\/wp\/v2\/posts\/97985792\/revisions\/97985793"}],"wp:featuredmedia":[{"embeddable":true,"href":"https:\/\/acrimat.org.br\/portal\/wp-json\/wp\/v2\/media\/97985206"}],"wp:attachment":[{"href":"https:\/\/acrimat.org.br\/portal\/wp-json\/wp\/v2\/media?parent=97985792"}],"wp:term":[{"taxonomy":"category","embeddable":true,"href":"https:\/\/acrimat.org.br\/portal\/wp-json\/wp\/v2\/categories?post=97985792"},{"taxonomy":"post_tag","embeddable":true,"href":"https:\/\/acrimat.org.br\/portal\/wp-json\/wp\/v2\/tags?post=97985792"}],"curies":[{"name":"wp","href":"https:\/\/api.w.org\/{rel}","templated":true}]}}