{"id":97985807,"date":"2018-02-07T14:41:57","date_gmt":"2018-02-07T17:41:57","guid":{"rendered":"http:\/\/acrimat.org.br\/portal\/?p=97985807"},"modified":"2018-02-07T14:41:57","modified_gmt":"2018-02-07T17:41:57","slug":"preco-da-arroba-deve-reagir-nos-proximos-dias","status":"publish","type":"post","link":"https:\/\/acrimat.org.br\/portal\/preco-da-arroba-deve-reagir-nos-proximos-dias\/","title":{"rendered":"Pre\u00e7o da arroba deve reagir nos pr\u00f3ximos dias"},"content":{"rendered":"<p>O mercado f\u00edsico do\u00a0boi gordo\u00a0teve pre\u00e7os mistos nesta ter\u00e7a-feira, dia 6. De acordo com a consultoria Safras &amp; Mercado, as cota\u00e7\u00f5es devem ganhar for\u00e7a nos pr\u00f3ximos dias\u00a0diante de uma boa reposi\u00e7\u00e3o entre atacado e varejo.<\/p>\n<p>Ao mesmo tempo, os pecuaristas ainda relutam em renegociar, esperando\u00a0uma rea\u00e7\u00e3o mais forte nos pre\u00e7os, estrat\u00e9gia que pode contribuir para isso\u00a0efetivamente acontecer.<\/p>\n","protected":false},"excerpt":{"rendered":"<p>O mercado f\u00edsico do\u00a0boi gordo\u00a0teve pre\u00e7os mistos nesta ter\u00e7a-feira, dia 6. De acordo com a consultoria Safras &amp; Mercado, as cota\u00e7\u00f5es devem ganhar for\u00e7a nos pr\u00f3ximos dias\u00a0diante de uma boa reposi\u00e7\u00e3o entre atacado e varejo. Ao mesmo tempo, os pecuaristas ainda relutam em renegociar, esperando\u00a0uma rea\u00e7\u00e3o mais forte nos pre\u00e7os, estrat\u00e9gia que pode contribuir para [&hellip;]<\/p>\n","protected":false},"author":7,"featured_media":97985757,"comment_status":"closed","ping_status":"closed","sticky":false,"template":"","format":"standard","meta":{"footnotes":""},"categories":[6,1],"tags":[],"class_list":["post-97985807","post","type-post","status-publish","format-standard","has-post-thumbnail","hentry","category-destaque","category-noticia"],"yoast_head":"<!-- This site is optimized with the Yoast SEO plugin v24.8.1 - https:\/\/yoast.com\/wordpress\/plugins\/seo\/ -->\n<title>Pre\u00e7o da arroba deve reagir nos pr\u00f3ximos dias - Acrimat<\/title>\n<meta name=\"robots\" content=\"index, follow, max-snippet:-1, max-image-preview:large, max-video-preview:-1\" \/>\n<link rel=\"canonical\" href=\"https:\/\/acrimat.org.br\/portal\/preco-da-arroba-deve-reagir-nos-proximos-dias\/\" \/>\n<meta property=\"og:locale\" content=\"pt_BR\" \/>\n<meta property=\"og:type\" content=\"article\" \/>\n<meta property=\"og:title\" content=\"Pre\u00e7o da arroba deve reagir nos pr\u00f3ximos dias - Acrimat\" \/>\n<meta property=\"og:description\" content=\"O mercado f\u00edsico do\u00a0boi gordo\u00a0teve pre\u00e7os mistos nesta ter\u00e7a-feira, dia 6. De acordo com a consultoria Safras &amp; Mercado, as cota\u00e7\u00f5es devem ganhar for\u00e7a nos pr\u00f3ximos dias\u00a0diante de uma boa reposi\u00e7\u00e3o entre atacado e varejo. Ao mesmo tempo, os pecuaristas ainda relutam em renegociar, esperando\u00a0uma rea\u00e7\u00e3o mais forte nos pre\u00e7os, estrat\u00e9gia que pode contribuir para [&hellip;]\" \/>\n<meta property=\"og:url\" content=\"https:\/\/acrimat.org.br\/portal\/preco-da-arroba-deve-reagir-nos-proximos-dias\/\" \/>\n<meta property=\"og:site_name\" content=\"Acrimat\" \/>\n<meta property=\"article:published_time\" content=\"2018-02-07T17:41:57+00:00\" \/>\n<meta property=\"og:image\" content=\"https:\/\/acrimat.org.br\/portal\/wp-content\/uploads\/2018\/02\/fba_0192.jpg\" \/>\n\t<meta property=\"og:image:width\" content=\"2144\" \/>\n\t<meta property=\"og:image:height\" content=\"1424\" \/>\n\t<meta property=\"og:image:type\" content=\"image\/jpeg\" \/>\n<meta name=\"author\" content=\"Assessoria de comunica\u00e7\u00e3o ACRIMAT\" \/>\n<meta name=\"twitter:card\" content=\"summary_large_image\" \/>\n<meta name=\"twitter:label1\" content=\"Escrito por\" \/>\n\t<meta name=\"twitter:data1\" content=\"Assessoria de comunica\u00e7\u00e3o ACRIMAT\" \/>\n<script type=\"application\/ld+json\" class=\"yoast-schema-graph\">{\"@context\":\"https:\/\/schema.org\",\"@graph\":[{\"@type\":\"Article\",\"@id\":\"https:\/\/acrimat.org.br\/portal\/preco-da-arroba-deve-reagir-nos-proximos-dias\/#article\",\"isPartOf\":{\"@id\":\"https:\/\/acrimat.org.br\/portal\/preco-da-arroba-deve-reagir-nos-proximos-dias\/\"},\"author\":{\"name\":\"Assessoria de comunica\u00e7\u00e3o ACRIMAT\",\"@id\":\"https:\/\/acrimat.org.br\/portal\/#\/schema\/person\/a309b9496344ff991e8e1b1d751fdd7b\"},\"headline\":\"Pre\u00e7o da arroba deve reagir nos pr\u00f3ximos dias\",\"datePublished\":\"2018-02-07T17:41:57+00:00\",\"mainEntityOfPage\":{\"@id\":\"https:\/\/acrimat.org.br\/portal\/preco-da-arroba-deve-reagir-nos-proximos-dias\/\"},\"wordCount\":81,\"publisher\":{\"@id\":\"https:\/\/acrimat.org.br\/portal\/#organization\"},\"image\":{\"@id\":\"https:\/\/acrimat.org.br\/portal\/preco-da-arroba-deve-reagir-nos-proximos-dias\/#primaryimage\"},\"thumbnailUrl\":\"https:\/\/acrimat.org.br\/portal\/wp-content\/uploads\/2018\/02\/fba_0192.jpg\",\"articleSection\":[\"Destaques\",\"Not\u00edcias\"],\"inLanguage\":\"pt-BR\"},{\"@type\":\"WebPage\",\"@id\":\"https:\/\/acrimat.org.br\/portal\/preco-da-arroba-deve-reagir-nos-proximos-dias\/\",\"url\":\"https:\/\/acrimat.org.br\/portal\/preco-da-arroba-deve-reagir-nos-proximos-dias\/\",\"name\":\"Pre\u00e7o da arroba deve reagir nos pr\u00f3ximos dias - Acrimat\",\"isPartOf\":{\"@id\":\"https:\/\/acrimat.org.br\/portal\/#website\"},\"primaryImageOfPage\":{\"@id\":\"https:\/\/acrimat.org.br\/portal\/preco-da-arroba-deve-reagir-nos-proximos-dias\/#primaryimage\"},\"image\":{\"@id\":\"https:\/\/acrimat.org.br\/portal\/preco-da-arroba-deve-reagir-nos-proximos-dias\/#primaryimage\"},\"thumbnailUrl\":\"https:\/\/acrimat.org.br\/portal\/wp-content\/uploads\/2018\/02\/fba_0192.jpg\",\"datePublished\":\"2018-02-07T17:41:57+00:00\",\"breadcrumb\":{\"@id\":\"https:\/\/acrimat.org.br\/portal\/preco-da-arroba-deve-reagir-nos-proximos-dias\/#breadcrumb\"},\"inLanguage\":\"pt-BR\",\"potentialAction\":[{\"@type\":\"ReadAction\",\"target\":[\"https:\/\/acrimat.org.br\/portal\/preco-da-arroba-deve-reagir-nos-proximos-dias\/\"]}]},{\"@type\":\"ImageObject\",\"inLanguage\":\"pt-BR\",\"@id\":\"https:\/\/acrimat.org.br\/portal\/preco-da-arroba-deve-reagir-nos-proximos-dias\/#primaryimage\",\"url\":\"https:\/\/acrimat.org.br\/portal\/wp-content\/uploads\/2018\/02\/fba_0192.jpg\",\"contentUrl\":\"https:\/\/acrimat.org.br\/portal\/wp-content\/uploads\/2018\/02\/fba_0192.jpg\",\"width\":2144,\"height\":1424},{\"@type\":\"BreadcrumbList\",\"@id\":\"https:\/\/acrimat.org.br\/portal\/preco-da-arroba-deve-reagir-nos-proximos-dias\/#breadcrumb\",\"itemListElement\":[{\"@type\":\"ListItem\",\"position\":1,\"name\":\"In\u00edcio\",\"item\":\"https:\/\/acrimat.org.br\/portal\/\"},{\"@type\":\"ListItem\",\"position\":2,\"name\":\"Pre\u00e7o da arroba deve reagir nos pr\u00f3ximos dias\"}]},{\"@type\":\"WebSite\",\"@id\":\"https:\/\/acrimat.org.br\/portal\/#website\",\"url\":\"https:\/\/acrimat.org.br\/portal\/\",\"name\":\"Acrimat\",\"description\":\"Associa\u00e7\u00e3o dos Criadores de Mato Grosso\",\"publisher\":{\"@id\":\"https:\/\/acrimat.org.br\/portal\/#organization\"},\"potentialAction\":[{\"@type\":\"SearchAction\",\"target\":{\"@type\":\"EntryPoint\",\"urlTemplate\":\"https:\/\/acrimat.org.br\/portal\/?s={search_term_string}\"},\"query-input\":{\"@type\":\"PropertyValueSpecification\",\"valueRequired\":true,\"valueName\":\"search_term_string\"}}],\"inLanguage\":\"pt-BR\"},{\"@type\":\"Organization\",\"@id\":\"https:\/\/acrimat.org.br\/portal\/#organization\",\"name\":\"Associa\u00e7\u00e3o dos Criadores de Mato Grosso\",\"url\":\"https:\/\/acrimat.org.br\/portal\/\",\"logo\":{\"@type\":\"ImageObject\",\"inLanguage\":\"pt-BR\",\"@id\":\"https:\/\/acrimat.org.br\/portal\/#\/schema\/logo\/image\/\",\"url\":\"https:\/\/acrimat.org.br\/portal\/wp-content\/uploads\/2018\/03\/logo-peq-original.png\",\"contentUrl\":\"https:\/\/acrimat.org.br\/portal\/wp-content\/uploads\/2018\/03\/logo-peq-original.png\",\"width\":174,\"height\":171,\"caption\":\"Associa\u00e7\u00e3o dos Criadores de Mato Grosso\"},\"image\":{\"@id\":\"https:\/\/acrimat.org.br\/portal\/#\/schema\/logo\/image\/\"}},{\"@type\":\"Person\",\"@id\":\"https:\/\/acrimat.org.br\/portal\/#\/schema\/person\/a309b9496344ff991e8e1b1d751fdd7b\",\"name\":\"Assessoria de comunica\u00e7\u00e3o ACRIMAT\",\"image\":{\"@type\":\"ImageObject\",\"inLanguage\":\"pt-BR\",\"@id\":\"https:\/\/acrimat.org.br\/portal\/#\/schema\/person\/image\/\",\"url\":\"https:\/\/secure.gravatar.com\/avatar\/2f9c28e64c317bcd762b25cb1575f1b4?s=96&d=mm&r=g\",\"contentUrl\":\"https:\/\/secure.gravatar.com\/avatar\/2f9c28e64c317bcd762b25cb1575f1b4?s=96&d=mm&r=g\",\"caption\":\"Assessoria de comunica\u00e7\u00e3o ACRIMAT\"},\"sameAs\":[\"http:\/\/acrimat.org.br\/\"],\"url\":\"https:\/\/acrimat.org.br\/portal\/author\/ascom\/\"}]}<\/script>\n<!-- \/ Yoast SEO plugin. -->","yoast_head_json":{"title":"Pre\u00e7o da arroba deve reagir nos pr\u00f3ximos dias - Acrimat","robots":{"index":"index","follow":"follow","max-snippet":"max-snippet:-1","max-image-preview":"max-image-preview:large","max-video-preview":"max-video-preview:-1"},"canonical":"https:\/\/acrimat.org.br\/portal\/preco-da-arroba-deve-reagir-nos-proximos-dias\/","og_locale":"pt_BR","og_type":"article","og_title":"Pre\u00e7o da arroba deve reagir nos pr\u00f3ximos dias - Acrimat","og_description":"O mercado f\u00edsico do\u00a0boi gordo\u00a0teve pre\u00e7os mistos nesta ter\u00e7a-feira, dia 6. De acordo com a consultoria Safras &amp; Mercado, as cota\u00e7\u00f5es devem ganhar for\u00e7a nos pr\u00f3ximos dias\u00a0diante de uma boa reposi\u00e7\u00e3o entre atacado e varejo. Ao mesmo tempo, os pecuaristas ainda relutam em renegociar, esperando\u00a0uma rea\u00e7\u00e3o mais forte nos pre\u00e7os, estrat\u00e9gia que pode contribuir para [&hellip;]","og_url":"https:\/\/acrimat.org.br\/portal\/preco-da-arroba-deve-reagir-nos-proximos-dias\/","og_site_name":"Acrimat","article_published_time":"2018-02-07T17:41:57+00:00","og_image":[{"width":2144,"height":1424,"url":"https:\/\/acrimat.org.br\/portal\/wp-content\/uploads\/2018\/02\/fba_0192.jpg","type":"image\/jpeg"}],"author":"Assessoria de comunica\u00e7\u00e3o ACRIMAT","twitter_card":"summary_large_image","twitter_misc":{"Escrito por":"Assessoria de comunica\u00e7\u00e3o ACRIMAT"},"schema":{"@context":"https:\/\/schema.org","@graph":[{"@type":"Article","@id":"https:\/\/acrimat.org.br\/portal\/preco-da-arroba-deve-reagir-nos-proximos-dias\/#article","isPartOf":{"@id":"https:\/\/acrimat.org.br\/portal\/preco-da-arroba-deve-reagir-nos-proximos-dias\/"},"author":{"name":"Assessoria de comunica\u00e7\u00e3o ACRIMAT","@id":"https:\/\/acrimat.org.br\/portal\/#\/schema\/person\/a309b9496344ff991e8e1b1d751fdd7b"},"headline":"Pre\u00e7o da arroba deve reagir nos pr\u00f3ximos dias","datePublished":"2018-02-07T17:41:57+00:00","mainEntityOfPage":{"@id":"https:\/\/acrimat.org.br\/portal\/preco-da-arroba-deve-reagir-nos-proximos-dias\/"},"wordCount":81,"publisher":{"@id":"https:\/\/acrimat.org.br\/portal\/#organization"},"image":{"@id":"https:\/\/acrimat.org.br\/portal\/preco-da-arroba-deve-reagir-nos-proximos-dias\/#primaryimage"},"thumbnailUrl":"https:\/\/acrimat.org.br\/portal\/wp-content\/uploads\/2018\/02\/fba_0192.jpg","articleSection":["Destaques","Not\u00edcias"],"inLanguage":"pt-BR"},{"@type":"WebPage","@id":"https:\/\/acrimat.org.br\/portal\/preco-da-arroba-deve-reagir-nos-proximos-dias\/","url":"https:\/\/acrimat.org.br\/portal\/preco-da-arroba-deve-reagir-nos-proximos-dias\/","name":"Pre\u00e7o da arroba deve reagir nos pr\u00f3ximos dias - Acrimat","isPartOf":{"@id":"https:\/\/acrimat.org.br\/portal\/#website"},"primaryImageOfPage":{"@id":"https:\/\/acrimat.org.br\/portal\/preco-da-arroba-deve-reagir-nos-proximos-dias\/#primaryimage"},"image":{"@id":"https:\/\/acrimat.org.br\/portal\/preco-da-arroba-deve-reagir-nos-proximos-dias\/#primaryimage"},"thumbnailUrl":"https:\/\/acrimat.org.br\/portal\/wp-content\/uploads\/2018\/02\/fba_0192.jpg","datePublished":"2018-02-07T17:41:57+00:00","breadcrumb":{"@id":"https:\/\/acrimat.org.br\/portal\/preco-da-arroba-deve-reagir-nos-proximos-dias\/#breadcrumb"},"inLanguage":"pt-BR","potentialAction":[{"@type":"ReadAction","target":["https:\/\/acrimat.org.br\/portal\/preco-da-arroba-deve-reagir-nos-proximos-dias\/"]}]},{"@type":"ImageObject","inLanguage":"pt-BR","@id":"https:\/\/acrimat.org.br\/portal\/preco-da-arroba-deve-reagir-nos-proximos-dias\/#primaryimage","url":"https:\/\/acrimat.org.br\/portal\/wp-content\/uploads\/2018\/02\/fba_0192.jpg","contentUrl":"https:\/\/acrimat.org.br\/portal\/wp-content\/uploads\/2018\/02\/fba_0192.jpg","width":2144,"height":1424},{"@type":"BreadcrumbList","@id":"https:\/\/acrimat.org.br\/portal\/preco-da-arroba-deve-reagir-nos-proximos-dias\/#breadcrumb","itemListElement":[{"@type":"ListItem","position":1,"name":"In\u00edcio","item":"https:\/\/acrimat.org.br\/portal\/"},{"@type":"ListItem","position":2,"name":"Pre\u00e7o da arroba deve reagir nos pr\u00f3ximos dias"}]},{"@type":"WebSite","@id":"https:\/\/acrimat.org.br\/portal\/#website","url":"https:\/\/acrimat.org.br\/portal\/","name":"Acrimat","description":"Associa\u00e7\u00e3o dos Criadores de Mato Grosso","publisher":{"@id":"https:\/\/acrimat.org.br\/portal\/#organization"},"potentialAction":[{"@type":"SearchAction","target":{"@type":"EntryPoint","urlTemplate":"https:\/\/acrimat.org.br\/portal\/?s={search_term_string}"},"query-input":{"@type":"PropertyValueSpecification","valueRequired":true,"valueName":"search_term_string"}}],"inLanguage":"pt-BR"},{"@type":"Organization","@id":"https:\/\/acrimat.org.br\/portal\/#organization","name":"Associa\u00e7\u00e3o dos Criadores de Mato Grosso","url":"https:\/\/acrimat.org.br\/portal\/","logo":{"@type":"ImageObject","inLanguage":"pt-BR","@id":"https:\/\/acrimat.org.br\/portal\/#\/schema\/logo\/image\/","url":"https:\/\/acrimat.org.br\/portal\/wp-content\/uploads\/2018\/03\/logo-peq-original.png","contentUrl":"https:\/\/acrimat.org.br\/portal\/wp-content\/uploads\/2018\/03\/logo-peq-original.png","width":174,"height":171,"caption":"Associa\u00e7\u00e3o dos Criadores de Mato Grosso"},"image":{"@id":"https:\/\/acrimat.org.br\/portal\/#\/schema\/logo\/image\/"}},{"@type":"Person","@id":"https:\/\/acrimat.org.br\/portal\/#\/schema\/person\/a309b9496344ff991e8e1b1d751fdd7b","name":"Assessoria de comunica\u00e7\u00e3o ACRIMAT","image":{"@type":"ImageObject","inLanguage":"pt-BR","@id":"https:\/\/acrimat.org.br\/portal\/#\/schema\/person\/image\/","url":"https:\/\/secure.gravatar.com\/avatar\/2f9c28e64c317bcd762b25cb1575f1b4?s=96&d=mm&r=g","contentUrl":"https:\/\/secure.gravatar.com\/avatar\/2f9c28e64c317bcd762b25cb1575f1b4?s=96&d=mm&r=g","caption":"Assessoria de comunica\u00e7\u00e3o ACRIMAT"},"sameAs":["http:\/\/acrimat.org.br\/"],"url":"https:\/\/acrimat.org.br\/portal\/author\/ascom\/"}]}},"_links":{"self":[{"href":"https:\/\/acrimat.org.br\/portal\/wp-json\/wp\/v2\/posts\/97985807","targetHints":{"allow":["GET"]}}],"collection":[{"href":"https:\/\/acrimat.org.br\/portal\/wp-json\/wp\/v2\/posts"}],"about":[{"href":"https:\/\/acrimat.org.br\/portal\/wp-json\/wp\/v2\/types\/post"}],"author":[{"embeddable":true,"href":"https:\/\/acrimat.org.br\/portal\/wp-json\/wp\/v2\/users\/7"}],"replies":[{"embeddable":true,"href":"https:\/\/acrimat.org.br\/portal\/wp-json\/wp\/v2\/comments?post=97985807"}],"version-history":[{"count":1,"href":"https:\/\/acrimat.org.br\/portal\/wp-json\/wp\/v2\/posts\/97985807\/revisions"}],"predecessor-version":[{"id":97985808,"href":"https:\/\/acrimat.org.br\/portal\/wp-json\/wp\/v2\/posts\/97985807\/revisions\/97985808"}],"wp:featuredmedia":[{"embeddable":true,"href":"https:\/\/acrimat.org.br\/portal\/wp-json\/wp\/v2\/media\/97985757"}],"wp:attachment":[{"href":"https:\/\/acrimat.org.br\/portal\/wp-json\/wp\/v2\/media?parent=97985807"}],"wp:term":[{"taxonomy":"category","embeddable":true,"href":"https:\/\/acrimat.org.br\/portal\/wp-json\/wp\/v2\/categories?post=97985807"},{"taxonomy":"post_tag","embeddable":true,"href":"https:\/\/acrimat.org.br\/portal\/wp-json\/wp\/v2\/tags?post=97985807"}],"curies":[{"name":"wp","href":"https:\/\/api.w.org\/{rel}","templated":true}]}}