{"id":97985866,"date":"2018-02-08T16:25:23","date_gmt":"2018-02-08T19:25:23","guid":{"rendered":"http:\/\/acrimat.org.br\/portal\/?p=97985866"},"modified":"2018-02-08T16:31:03","modified_gmt":"2018-02-08T19:31:03","slug":"navio-parte-com-25-mil-bois-vivos-para-turquia","status":"publish","type":"post","link":"https:\/\/acrimat.org.br\/portal\/navio-parte-com-25-mil-bois-vivos-para-turquia\/","title":{"rendered":"Navio parte com 25 mil bois vivos para Turquia"},"content":{"rendered":"<div id=\"attachment_97985868\" style=\"width: 610px\" class=\"wp-caption aligncenter\"><a href=\"http:\/\/acrimat.org.br\/portal\/wp-content\/uploads\/2018\/02\/12.jpg\"><img fetchpriority=\"high\" decoding=\"async\" aria-describedby=\"caption-attachment-97985868\" class=\"wp-image-97985868 size-full\" src=\"http:\/\/acrimat.org.br\/portal\/wp-content\/uploads\/2018\/02\/12.jpg\" alt=\"\" width=\"600\" height=\"400\" srcset=\"https:\/\/acrimat.org.br\/portal\/wp-content\/uploads\/2018\/02\/12.jpg 600w, https:\/\/acrimat.org.br\/portal\/wp-content\/uploads\/2018\/02\/12-300x200.jpg 300w, https:\/\/acrimat.org.br\/portal\/wp-content\/uploads\/2018\/02\/12-250x167.jpg 250w, https:\/\/acrimat.org.br\/portal\/wp-content\/uploads\/2018\/02\/12-550x367.jpg 550w, https:\/\/acrimat.org.br\/portal\/wp-content\/uploads\/2018\/02\/12-270x180.jpg 270w, https:\/\/acrimat.org.br\/portal\/wp-content\/uploads\/2018\/02\/12-450x300.jpg 450w, https:\/\/acrimat.org.br\/portal\/wp-content\/uploads\/2018\/02\/12-272x182.jpg 272w\" sizes=\"(max-width: 600px) 100vw, 600px\" \/><\/a><p id=\"caption-attachment-97985868\" class=\"wp-caption-text\">Foto: Renan Fiuza<\/p><\/div>\n<p>Rumo ao pa\u00eds, o navio Nada ficou atracado no porto de Santos por uma semana e s\u00f3 partiu por decis\u00e3o judicial. Governo e ONGs discutem bem-estar animal x economia<br \/>\nprincipal complexo mar\u00edtimo do pa\u00eds, o porto de Santos, voltou a trabalhar com &#8220;cargas vivas&#8221;. No domingo (dia 4), 25.197 mil bois embarcaram rumo \u00e0 Turquia. Uma liminar do juiz federal Djalma Moreira Gomes havia ordenado o desembarque dos animais, ap\u00f3s um pedido do F\u00f3rum Nacional de Prote\u00e7\u00e3o e Defesa do Animal, por\u00e9m o pedido foi derrubado pela Advocacia-Geral da Uni\u00e3o (AGU) e os animais foram exportados vivos do pa\u00eds. Uma pol\u00eamica que se arrasta h\u00e1 anos e divide produtores de animais.<\/p>\n<p>A Justi\u00e7a solicitou um relat\u00f3rio de uma m\u00e9dica veterin\u00e1ria sobre as condi\u00e7\u00f5es \u00e0s quais os animais estavam sendo submetidos e a mesma verificou \u201cuma imensa quantidade de urina e excrementos\u201d, o que tornaria dif\u00edcil a respira\u00e7\u00e3o dentro do navio Nada. A veterin\u00e1ria apontou ainda que os animais estavam \u201calocados em espa\u00e7os ex\u00edguos\u201d menores que 1m\u00b2 por indiv\u00edduo, o que impediria qualquer tipo de descanso ou movimenta\u00e7\u00e3o animal.<\/p>\n<p>Segundo a AGU, o retorno dos animais ao territ\u00f3rio nacional demandaria uma opera\u00e7\u00e3o de 30 dias e envolveria 60 pessoas e cerca de 820 caminh\u00f5es para transporte dos bois. O \u00f3rg\u00e3o tamb\u00e9m argumentou que havia riscos de trazer pragas e doen\u00e7as ao pa\u00eds, j\u00e1 que a embarca\u00e7\u00e3o continha alimentos de origem estrangeira, aos quais o gado j\u00e1 teria sido exposto.<\/p>\n<p>De acordo com a decis\u00e3o da desembargadora Diva Malerbi, do TRF-3, caso isso acontecesse o Brasil perderia \u201ccredibilidade e confiabilidade\u201d ao reverter a exporta\u00e7\u00e3o dos animais.<\/p>\n<p>J\u00e1 fazia 17 anos que o porto de Santos n\u00e3o transportava \u201ccargas vivas\u201d, por\u00e9m segundo o ministro da Agricultura, Pecu\u00e1ria e Abastecimento (Mapa), Blairo Maggi, o Brasil exporta cerca de 600 mil bois vivos por ano. O destino geralmente s\u00e3o pa\u00edses com restri\u00e7\u00f5es religiosas para o abate (como os de tradi\u00e7\u00e3o isl\u00e2mica) ou os que n\u00e3o t\u00eam estrutura para importar carne congelada.<\/p>\n<p>O mercado de animais vivos \u00e9 disputado no exterior por Brasil, Argentina, Uruguai, Estados Unidos, Austr\u00e1lia e Nova Zel\u00e2ndia. Os compradores, segundo Maggi, s\u00e3o os pa\u00edses isl\u00e2micos, que fazem o abate halal, respeitando algumas regras. A pessoa que mata o animal, por exemplo, precisa ser mu\u00e7ulmana.<\/p>\n<p>Um laudo emitido pelo Minist\u00e9rio da Agricultura contestou a an\u00e1lise da veterin\u00e1ria e assegurou que os currais nos quais os animais estavam eram \u201climpos, bem dimensionados e com piso adequado para movimenta\u00e7\u00e3o\u201d.<br \/>\n<strong>Maus-tratos<\/strong><\/p>\n<p>Ao saberem da situa\u00e7\u00e3o dos animais, v\u00e1rias ONGs em defesa dos animais se juntaram e foram at\u00e9 o Porto de Santos para protestar contra o embarque. Elas alegavam \u201cmaus tratos\u201d devido a superlota\u00e7\u00e3o da embarca\u00e7\u00e3o e os problemas acima elencados.<\/p>\n<p>Em entrevista ao jornal Folha de S.Paulo, o ministro Blairo Maggi garantiu que n\u00e3o estavam maltratando os animais e que as manifesta\u00e7\u00f5es seriam um \u201cativismo meio fora de controle\u201d. Segundo ele, outras empresas poderiam deixar de comprar do Brasil por conta de toda a situa\u00e7\u00e3o, o que seria um \u201cpreju\u00edzo comercial intang\u00edvel\u201d.<\/p>\n<p>Alguns ativistas acusaram o ministro de pensar s\u00f3 em dinheiro e ignorar o bem-estar animal. Para Carlos Cipro, presidente da Associa\u00e7\u00e3o Brasileira das Advogadas e Advogados Animalistas, &#8220;h\u00e1 um adicional de crueldade em fazer os animais passarem dias no mar&#8221;. &#8220;Se n\u00e3o h\u00e1 como fazer o desembarque, n\u00e3o deveriam ter embarcado. Como fariam se o navio quebrasse?&#8221;, questionou.<\/p>\n<p>De acordo com o presidente do Conselho Regional de Medicina Veterin\u00e1ria de Mato Grosso, Verton Silva Marques, todas as embarca\u00e7\u00f5es que transportam animais vivos seguem normas internacionais estabelecidas pela Organiza\u00e7\u00e3o Mundial de Sa\u00fade Animal, que se preocupa com a quest\u00e3o sanit\u00e1ria e tamb\u00e9m com o bem-estar animal.<\/p>\n<p>\u201cTodos os navios projetados para realizar esse tipo de transporte s\u00e3o constru\u00eddos levando em conta a preocupa\u00e7\u00e3o com dois grandes padr\u00f5es de exig\u00eancias determinados pela Organiza\u00e7\u00e3o, que s\u00e3o: padr\u00e3o sanit\u00e1rio e bem-estar animal. E s\u00f3 podem ser utilizados ap\u00f3s autoriza\u00e7\u00e3o da Marinha e depois de receber uma esp\u00e9cie de alvar\u00e1 dado por m\u00e9dicos veterin\u00e1rios do pa\u00eds de origem desses animais e pelos m\u00e9dicos veterin\u00e1rios do pa\u00eds de destino\u201d, explicou ao Circuito Mato Grosso.<\/p>\n<p>Em nota, o Conselho Regional de Medicina Veterin\u00e1ria do Estado de S\u00e3o Paulo disse que acompanhou as a\u00e7\u00f5es desenvolvidas pelos m\u00e9dicos veterin\u00e1rios envolvidos no embarque dos animais para a Turquia, in loco, para garantir o cumprimento das normas que asseguram o bom atendimento aos animais.<\/p>\n<p>\u201cDurante a visita, a equipe do CRMV-SP coletou informa\u00e7\u00f5es de que os animais j\u00e1 haviam sido submetidos \u00e0 quarentena anterior ao embarque, por 21 dias, e que a embarca\u00e7\u00e3o contava com uma tripula\u00e7\u00e3o constitu\u00edda por diversos funcion\u00e1rios respons\u00e1veis pelo manejo do gado. Foi poss\u00edvel constatar que os bois apresentavam bom escore corporal e com a documenta\u00e7\u00e3o sanit\u00e1ria necess\u00e1ria para o trabalho de acordo com a legisla\u00e7\u00e3o vigente\u201d, diz trecho da nota.<\/p>\n<p>Ainda segundo o Conselho, no local havia farm\u00e1cia, \u00e1gua e comida em abund\u00e2ncia e a temperatura e umidade estavam controladas. E que as condi\u00e7\u00f5es de higiene estavam comprometidas naquele momento, devido ao tempo de perman\u00eancia desses animais no navio, devido \u00e0 legisla\u00e7\u00e3o do porto proibir a limpeza dos excrementos no local.<\/p>\n<p>&nbsp;<\/p>\n<p><strong>Processo de quarentena<\/strong><\/p>\n<p>O embarque \u00e9 feito ap\u00f3s o animal ser retirado do pasto, passar por um per\u00edodo de adapta\u00e7\u00e3o, em confinamento, aonde ter\u00e1 a socializa\u00e7\u00e3o com humanos, consumir\u00e1 alimento e \u00e1gua, e alguns desses animais que n\u00e3o se adaptam ou t\u00eam temperamento brav\u00edssimo s\u00e3o retirados e n\u00e3o classificados para serem embarcados.<\/p>\n<p>\u201c\u00c9 um processo que chamamos de quarentena, em que o animal fica sobre observa\u00e7\u00e3o por trinta dias, se n\u00e3o tem nenhum doen\u00e7a, nenhuma les\u00e3o de casco, nenhuma enfermidade e tudo isso sob a supervis\u00e3o do Minist\u00e9rio da Agricultura e M\u00e9dicos Veterin\u00e1rios. S\u00f3 depois desse processo \u00e9 que eles embarcam\u201d.<\/p>\n<p>&nbsp;<\/p>\n<p><strong>Acrimat repudiou embargo da exporta\u00e7\u00e3o<\/strong><\/p>\n<p>Em nota, a Associa\u00e7\u00e3o dos Criadores de Mato Grosso (Acrimat) disse que repudiava a decis\u00e3o judicial de embargo \u00e0 exporta\u00e7\u00e3o dos animais para a Turquia. Segundo eles, \u201ca exporta\u00e7\u00e3o de animais \u00e9 um reconhecimento da qualidade do rebanho, resultado de rigoroso sistema sanit\u00e1rio que fiscaliza e assegura a sanidade dos animais, bem como as condi\u00e7\u00f5es \u00e0s quais s\u00e3o submetidos\u201d.<\/p>\n<p>A Acrimat enfatiza ainda que antes de concretizar a comercializa\u00e7\u00e3o de animais vivos, legalizada e certificada pelo Minist\u00e9rio da Agricultura, Pecu\u00e1ria e Abastecimento do Brasil, todos os integrantes desta cadeia produtiva passam por inspe\u00e7\u00e3o de qualidade, sanidade e bem-estar animal, tanto do Brasil quanto das institui\u00e7\u00f5es do pa\u00eds importador.<\/p>\n<p>\u201cA decis\u00e3o judicial coloca em suspeita o eficiente modelo produtivo e prejudica de forma direta os produtores de carne do Brasil. Al\u00e9m disso, tal decis\u00e3o caracteriza uma interfer\u00eancia direta no modelo econ\u00f4mico de livre mercado, essencial para o desenvolvimento socioecon\u00f4mico do pa\u00eds\u201d.<\/p>\n<p>Por fim, a Associa\u00e7\u00e3o reitera a defesa pelo direito de produzir, comercializar e de gerar riquezas para o Brasil de \u201ctodos os produtores rurais que respeitam a legisla\u00e7\u00e3o e seguem os mais rigorosos crit\u00e9rios impostos \u00e0 pecu\u00e1ria de corte\u201d.<\/p>\n<p>&nbsp;<\/p>\n<p><strong>Novas embarca\u00e7\u00f5es<\/strong><\/p>\n<p>Nos pr\u00f3ximos dias, mais de 100 mil animais vivos devem embarcar nos terminais portu\u00e1rios brasileiros rumo a destinos estrangeiros. O ministro Blairo Maggi alega que esse \u00e9 o tamanho do lote atual que est\u00e1 em quarentena em diversas fazendas do pa\u00eds.<\/p>\n<p>O ministro n\u00e3o deu detalhes sobre datas nem locais de embarque dos animais, mas ressaltou que a opera\u00e7\u00e3o \u00e9 regulamentada pelo governo h\u00e1 anos.<\/p>\n<p>\u201cN\u00f3s procuramos esses mercados [no exterior], abrimos e s\u00e3o mercados importantes para a pecu\u00e1ria brasileira. Temos a\u00ed mais de 100 mil bois em confinamentos e esta\u00e7\u00f5es de quarentena para serem exportados nos pr\u00f3ximos dias. S\u00e3o navios que v\u00e3o chegar e n\u00e3o podemos parar com tudo isso\u201d, disse o ministro ao site Globo Rural.<\/p>\n<p>\u201cExistem dois mercados que compram assim, \u00e9 o halal, que, no caso a Turquia, prefere fazer o abate deles l\u00e1 e n\u00e3o comprar a carne j\u00e1 pronta, congelada. E tamb\u00e9m alguns outros pa\u00edses que n\u00e3o t\u00eam uma cadeia de frio completa, n\u00e3o conseguem guardar essa carne. Ent\u00e3o eles compram os animais vivos e os interiorizam, levam para a zona de consumo e l\u00e1 v\u00e3o abatendo. Esses dois mercados s\u00e3o importantes\u201d, explica Maggi.<\/p>\n<p>Dados do Agrostat (sistema do governo com estat\u00edsticas de exporta\u00e7\u00f5es) mostram que no ano passado o Brasil faturou 32% mais com as vendas de animais vivos. O neg\u00f3cio gerou ao pa\u00eds US$ 276 milh\u00f5es (cerca de R$ 890 milh\u00f5es).<\/p>\n","protected":false},"excerpt":{"rendered":"<p>O mercado de animais vivos \u00e9 disputado no exterior por Brasil, Argentina, Uruguai, Estados Unidos, Austr\u00e1lia e Nova Zel\u00e2ndia<\/p>\n","protected":false},"author":7,"featured_media":97985868,"comment_status":"closed","ping_status":"closed","sticky":false,"template":"","format":"standard","meta":{"footnotes":""},"categories":[6,1],"tags":[],"class_list":["post-97985866","post","type-post","status-publish","format-standard","has-post-thumbnail","hentry","category-destaque","category-noticia"],"yoast_head":"<!-- This site is optimized with the Yoast SEO plugin v24.8.1 - https:\/\/yoast.com\/wordpress\/plugins\/seo\/ -->\n<title>Navio parte com 25 mil bois vivos para Turquia - Acrimat<\/title>\n<meta name=\"robots\" content=\"index, follow, max-snippet:-1, max-image-preview:large, max-video-preview:-1\" \/>\n<link rel=\"canonical\" href=\"https:\/\/acrimat.org.br\/portal\/navio-parte-com-25-mil-bois-vivos-para-turquia\/\" \/>\n<meta property=\"og:locale\" content=\"pt_BR\" \/>\n<meta property=\"og:type\" content=\"article\" \/>\n<meta property=\"og:title\" content=\"Navio parte com 25 mil bois vivos para Turquia - Acrimat\" \/>\n<meta property=\"og:description\" content=\"O mercado de animais vivos \u00e9 disputado no exterior por Brasil, Argentina, Uruguai, Estados Unidos, Austr\u00e1lia e Nova Zel\u00e2ndia\" \/>\n<meta property=\"og:url\" content=\"https:\/\/acrimat.org.br\/portal\/navio-parte-com-25-mil-bois-vivos-para-turquia\/\" \/>\n<meta property=\"og:site_name\" content=\"Acrimat\" \/>\n<meta property=\"article:published_time\" content=\"2018-02-08T19:25:23+00:00\" \/>\n<meta property=\"article:modified_time\" content=\"2018-02-08T19:31:03+00:00\" \/>\n<meta property=\"og:image\" content=\"https:\/\/acrimat.org.br\/portal\/wp-content\/uploads\/2018\/02\/12.jpg\" \/>\n\t<meta property=\"og:image:width\" content=\"600\" \/>\n\t<meta property=\"og:image:height\" content=\"400\" \/>\n\t<meta property=\"og:image:type\" content=\"image\/jpeg\" \/>\n<meta name=\"author\" content=\"Assessoria de comunica\u00e7\u00e3o ACRIMAT\" \/>\n<meta name=\"twitter:card\" content=\"summary_large_image\" \/>\n<meta name=\"twitter:label1\" content=\"Escrito por\" \/>\n\t<meta name=\"twitter:data1\" content=\"Assessoria de comunica\u00e7\u00e3o ACRIMAT\" \/>\n\t<meta name=\"twitter:label2\" content=\"Est. tempo de leitura\" \/>\n\t<meta name=\"twitter:data2\" content=\"8 minutos\" \/>\n<script type=\"application\/ld+json\" class=\"yoast-schema-graph\">{\"@context\":\"https:\/\/schema.org\",\"@graph\":[{\"@type\":\"Article\",\"@id\":\"https:\/\/acrimat.org.br\/portal\/navio-parte-com-25-mil-bois-vivos-para-turquia\/#article\",\"isPartOf\":{\"@id\":\"https:\/\/acrimat.org.br\/portal\/navio-parte-com-25-mil-bois-vivos-para-turquia\/\"},\"author\":{\"name\":\"Assessoria de comunica\u00e7\u00e3o ACRIMAT\",\"@id\":\"https:\/\/acrimat.org.br\/portal\/#\/schema\/person\/a309b9496344ff991e8e1b1d751fdd7b\"},\"headline\":\"Navio parte com 25 mil bois vivos para Turquia\",\"datePublished\":\"2018-02-08T19:25:23+00:00\",\"dateModified\":\"2018-02-08T19:31:03+00:00\",\"mainEntityOfPage\":{\"@id\":\"https:\/\/acrimat.org.br\/portal\/navio-parte-com-25-mil-bois-vivos-para-turquia\/\"},\"wordCount\":1546,\"publisher\":{\"@id\":\"https:\/\/acrimat.org.br\/portal\/#organization\"},\"image\":{\"@id\":\"https:\/\/acrimat.org.br\/portal\/navio-parte-com-25-mil-bois-vivos-para-turquia\/#primaryimage\"},\"thumbnailUrl\":\"https:\/\/acrimat.org.br\/portal\/wp-content\/uploads\/2018\/02\/12.jpg\",\"articleSection\":[\"Destaques\",\"Not\u00edcias\"],\"inLanguage\":\"pt-BR\"},{\"@type\":\"WebPage\",\"@id\":\"https:\/\/acrimat.org.br\/portal\/navio-parte-com-25-mil-bois-vivos-para-turquia\/\",\"url\":\"https:\/\/acrimat.org.br\/portal\/navio-parte-com-25-mil-bois-vivos-para-turquia\/\",\"name\":\"Navio parte com 25 mil bois vivos para Turquia - Acrimat\",\"isPartOf\":{\"@id\":\"https:\/\/acrimat.org.br\/portal\/#website\"},\"primaryImageOfPage\":{\"@id\":\"https:\/\/acrimat.org.br\/portal\/navio-parte-com-25-mil-bois-vivos-para-turquia\/#primaryimage\"},\"image\":{\"@id\":\"https:\/\/acrimat.org.br\/portal\/navio-parte-com-25-mil-bois-vivos-para-turquia\/#primaryimage\"},\"thumbnailUrl\":\"https:\/\/acrimat.org.br\/portal\/wp-content\/uploads\/2018\/02\/12.jpg\",\"datePublished\":\"2018-02-08T19:25:23+00:00\",\"dateModified\":\"2018-02-08T19:31:03+00:00\",\"breadcrumb\":{\"@id\":\"https:\/\/acrimat.org.br\/portal\/navio-parte-com-25-mil-bois-vivos-para-turquia\/#breadcrumb\"},\"inLanguage\":\"pt-BR\",\"potentialAction\":[{\"@type\":\"ReadAction\",\"target\":[\"https:\/\/acrimat.org.br\/portal\/navio-parte-com-25-mil-bois-vivos-para-turquia\/\"]}]},{\"@type\":\"ImageObject\",\"inLanguage\":\"pt-BR\",\"@id\":\"https:\/\/acrimat.org.br\/portal\/navio-parte-com-25-mil-bois-vivos-para-turquia\/#primaryimage\",\"url\":\"https:\/\/acrimat.org.br\/portal\/wp-content\/uploads\/2018\/02\/12.jpg\",\"contentUrl\":\"https:\/\/acrimat.org.br\/portal\/wp-content\/uploads\/2018\/02\/12.jpg\",\"width\":600,\"height\":400},{\"@type\":\"BreadcrumbList\",\"@id\":\"https:\/\/acrimat.org.br\/portal\/navio-parte-com-25-mil-bois-vivos-para-turquia\/#breadcrumb\",\"itemListElement\":[{\"@type\":\"ListItem\",\"position\":1,\"name\":\"In\u00edcio\",\"item\":\"https:\/\/acrimat.org.br\/portal\/\"},{\"@type\":\"ListItem\",\"position\":2,\"name\":\"Navio parte com 25 mil bois vivos para Turquia\"}]},{\"@type\":\"WebSite\",\"@id\":\"https:\/\/acrimat.org.br\/portal\/#website\",\"url\":\"https:\/\/acrimat.org.br\/portal\/\",\"name\":\"Acrimat\",\"description\":\"Associa\u00e7\u00e3o dos Criadores de Mato Grosso\",\"publisher\":{\"@id\":\"https:\/\/acrimat.org.br\/portal\/#organization\"},\"potentialAction\":[{\"@type\":\"SearchAction\",\"target\":{\"@type\":\"EntryPoint\",\"urlTemplate\":\"https:\/\/acrimat.org.br\/portal\/?s={search_term_string}\"},\"query-input\":{\"@type\":\"PropertyValueSpecification\",\"valueRequired\":true,\"valueName\":\"search_term_string\"}}],\"inLanguage\":\"pt-BR\"},{\"@type\":\"Organization\",\"@id\":\"https:\/\/acrimat.org.br\/portal\/#organization\",\"name\":\"Associa\u00e7\u00e3o dos Criadores de Mato Grosso\",\"url\":\"https:\/\/acrimat.org.br\/portal\/\",\"logo\":{\"@type\":\"ImageObject\",\"inLanguage\":\"pt-BR\",\"@id\":\"https:\/\/acrimat.org.br\/portal\/#\/schema\/logo\/image\/\",\"url\":\"https:\/\/acrimat.org.br\/portal\/wp-content\/uploads\/2018\/03\/logo-peq-original.png\",\"contentUrl\":\"https:\/\/acrimat.org.br\/portal\/wp-content\/uploads\/2018\/03\/logo-peq-original.png\",\"width\":174,\"height\":171,\"caption\":\"Associa\u00e7\u00e3o dos Criadores de Mato Grosso\"},\"image\":{\"@id\":\"https:\/\/acrimat.org.br\/portal\/#\/schema\/logo\/image\/\"}},{\"@type\":\"Person\",\"@id\":\"https:\/\/acrimat.org.br\/portal\/#\/schema\/person\/a309b9496344ff991e8e1b1d751fdd7b\",\"name\":\"Assessoria de comunica\u00e7\u00e3o ACRIMAT\",\"image\":{\"@type\":\"ImageObject\",\"inLanguage\":\"pt-BR\",\"@id\":\"https:\/\/acrimat.org.br\/portal\/#\/schema\/person\/image\/\",\"url\":\"https:\/\/secure.gravatar.com\/avatar\/2f9c28e64c317bcd762b25cb1575f1b4?s=96&d=mm&r=g\",\"contentUrl\":\"https:\/\/secure.gravatar.com\/avatar\/2f9c28e64c317bcd762b25cb1575f1b4?s=96&d=mm&r=g\",\"caption\":\"Assessoria de comunica\u00e7\u00e3o ACRIMAT\"},\"sameAs\":[\"http:\/\/acrimat.org.br\/\"],\"url\":\"https:\/\/acrimat.org.br\/portal\/author\/ascom\/\"}]}<\/script>\n<!-- \/ Yoast SEO plugin. -->","yoast_head_json":{"title":"Navio parte com 25 mil bois vivos para Turquia - Acrimat","robots":{"index":"index","follow":"follow","max-snippet":"max-snippet:-1","max-image-preview":"max-image-preview:large","max-video-preview":"max-video-preview:-1"},"canonical":"https:\/\/acrimat.org.br\/portal\/navio-parte-com-25-mil-bois-vivos-para-turquia\/","og_locale":"pt_BR","og_type":"article","og_title":"Navio parte com 25 mil bois vivos para Turquia - Acrimat","og_description":"O mercado de animais vivos \u00e9 disputado no exterior por Brasil, Argentina, Uruguai, Estados Unidos, Austr\u00e1lia e Nova Zel\u00e2ndia","og_url":"https:\/\/acrimat.org.br\/portal\/navio-parte-com-25-mil-bois-vivos-para-turquia\/","og_site_name":"Acrimat","article_published_time":"2018-02-08T19:25:23+00:00","article_modified_time":"2018-02-08T19:31:03+00:00","og_image":[{"width":600,"height":400,"url":"https:\/\/acrimat.org.br\/portal\/wp-content\/uploads\/2018\/02\/12.jpg","type":"image\/jpeg"}],"author":"Assessoria de comunica\u00e7\u00e3o ACRIMAT","twitter_card":"summary_large_image","twitter_misc":{"Escrito por":"Assessoria de comunica\u00e7\u00e3o ACRIMAT","Est. tempo de leitura":"8 minutos"},"schema":{"@context":"https:\/\/schema.org","@graph":[{"@type":"Article","@id":"https:\/\/acrimat.org.br\/portal\/navio-parte-com-25-mil-bois-vivos-para-turquia\/#article","isPartOf":{"@id":"https:\/\/acrimat.org.br\/portal\/navio-parte-com-25-mil-bois-vivos-para-turquia\/"},"author":{"name":"Assessoria de comunica\u00e7\u00e3o ACRIMAT","@id":"https:\/\/acrimat.org.br\/portal\/#\/schema\/person\/a309b9496344ff991e8e1b1d751fdd7b"},"headline":"Navio parte com 25 mil bois vivos para Turquia","datePublished":"2018-02-08T19:25:23+00:00","dateModified":"2018-02-08T19:31:03+00:00","mainEntityOfPage":{"@id":"https:\/\/acrimat.org.br\/portal\/navio-parte-com-25-mil-bois-vivos-para-turquia\/"},"wordCount":1546,"publisher":{"@id":"https:\/\/acrimat.org.br\/portal\/#organization"},"image":{"@id":"https:\/\/acrimat.org.br\/portal\/navio-parte-com-25-mil-bois-vivos-para-turquia\/#primaryimage"},"thumbnailUrl":"https:\/\/acrimat.org.br\/portal\/wp-content\/uploads\/2018\/02\/12.jpg","articleSection":["Destaques","Not\u00edcias"],"inLanguage":"pt-BR"},{"@type":"WebPage","@id":"https:\/\/acrimat.org.br\/portal\/navio-parte-com-25-mil-bois-vivos-para-turquia\/","url":"https:\/\/acrimat.org.br\/portal\/navio-parte-com-25-mil-bois-vivos-para-turquia\/","name":"Navio parte com 25 mil bois vivos para Turquia - Acrimat","isPartOf":{"@id":"https:\/\/acrimat.org.br\/portal\/#website"},"primaryImageOfPage":{"@id":"https:\/\/acrimat.org.br\/portal\/navio-parte-com-25-mil-bois-vivos-para-turquia\/#primaryimage"},"image":{"@id":"https:\/\/acrimat.org.br\/portal\/navio-parte-com-25-mil-bois-vivos-para-turquia\/#primaryimage"},"thumbnailUrl":"https:\/\/acrimat.org.br\/portal\/wp-content\/uploads\/2018\/02\/12.jpg","datePublished":"2018-02-08T19:25:23+00:00","dateModified":"2018-02-08T19:31:03+00:00","breadcrumb":{"@id":"https:\/\/acrimat.org.br\/portal\/navio-parte-com-25-mil-bois-vivos-para-turquia\/#breadcrumb"},"inLanguage":"pt-BR","potentialAction":[{"@type":"ReadAction","target":["https:\/\/acrimat.org.br\/portal\/navio-parte-com-25-mil-bois-vivos-para-turquia\/"]}]},{"@type":"ImageObject","inLanguage":"pt-BR","@id":"https:\/\/acrimat.org.br\/portal\/navio-parte-com-25-mil-bois-vivos-para-turquia\/#primaryimage","url":"https:\/\/acrimat.org.br\/portal\/wp-content\/uploads\/2018\/02\/12.jpg","contentUrl":"https:\/\/acrimat.org.br\/portal\/wp-content\/uploads\/2018\/02\/12.jpg","width":600,"height":400},{"@type":"BreadcrumbList","@id":"https:\/\/acrimat.org.br\/portal\/navio-parte-com-25-mil-bois-vivos-para-turquia\/#breadcrumb","itemListElement":[{"@type":"ListItem","position":1,"name":"In\u00edcio","item":"https:\/\/acrimat.org.br\/portal\/"},{"@type":"ListItem","position":2,"name":"Navio parte com 25 mil bois vivos para Turquia"}]},{"@type":"WebSite","@id":"https:\/\/acrimat.org.br\/portal\/#website","url":"https:\/\/acrimat.org.br\/portal\/","name":"Acrimat","description":"Associa\u00e7\u00e3o dos Criadores de Mato Grosso","publisher":{"@id":"https:\/\/acrimat.org.br\/portal\/#organization"},"potentialAction":[{"@type":"SearchAction","target":{"@type":"EntryPoint","urlTemplate":"https:\/\/acrimat.org.br\/portal\/?s={search_term_string}"},"query-input":{"@type":"PropertyValueSpecification","valueRequired":true,"valueName":"search_term_string"}}],"inLanguage":"pt-BR"},{"@type":"Organization","@id":"https:\/\/acrimat.org.br\/portal\/#organization","name":"Associa\u00e7\u00e3o dos Criadores de Mato Grosso","url":"https:\/\/acrimat.org.br\/portal\/","logo":{"@type":"ImageObject","inLanguage":"pt-BR","@id":"https:\/\/acrimat.org.br\/portal\/#\/schema\/logo\/image\/","url":"https:\/\/acrimat.org.br\/portal\/wp-content\/uploads\/2018\/03\/logo-peq-original.png","contentUrl":"https:\/\/acrimat.org.br\/portal\/wp-content\/uploads\/2018\/03\/logo-peq-original.png","width":174,"height":171,"caption":"Associa\u00e7\u00e3o dos Criadores de Mato Grosso"},"image":{"@id":"https:\/\/acrimat.org.br\/portal\/#\/schema\/logo\/image\/"}},{"@type":"Person","@id":"https:\/\/acrimat.org.br\/portal\/#\/schema\/person\/a309b9496344ff991e8e1b1d751fdd7b","name":"Assessoria de comunica\u00e7\u00e3o ACRIMAT","image":{"@type":"ImageObject","inLanguage":"pt-BR","@id":"https:\/\/acrimat.org.br\/portal\/#\/schema\/person\/image\/","url":"https:\/\/secure.gravatar.com\/avatar\/2f9c28e64c317bcd762b25cb1575f1b4?s=96&d=mm&r=g","contentUrl":"https:\/\/secure.gravatar.com\/avatar\/2f9c28e64c317bcd762b25cb1575f1b4?s=96&d=mm&r=g","caption":"Assessoria de comunica\u00e7\u00e3o ACRIMAT"},"sameAs":["http:\/\/acrimat.org.br\/"],"url":"https:\/\/acrimat.org.br\/portal\/author\/ascom\/"}]}},"_links":{"self":[{"href":"https:\/\/acrimat.org.br\/portal\/wp-json\/wp\/v2\/posts\/97985866","targetHints":{"allow":["GET"]}}],"collection":[{"href":"https:\/\/acrimat.org.br\/portal\/wp-json\/wp\/v2\/posts"}],"about":[{"href":"https:\/\/acrimat.org.br\/portal\/wp-json\/wp\/v2\/types\/post"}],"author":[{"embeddable":true,"href":"https:\/\/acrimat.org.br\/portal\/wp-json\/wp\/v2\/users\/7"}],"replies":[{"embeddable":true,"href":"https:\/\/acrimat.org.br\/portal\/wp-json\/wp\/v2\/comments?post=97985866"}],"version-history":[{"count":7,"href":"https:\/\/acrimat.org.br\/portal\/wp-json\/wp\/v2\/posts\/97985866\/revisions"}],"predecessor-version":[{"id":97985875,"href":"https:\/\/acrimat.org.br\/portal\/wp-json\/wp\/v2\/posts\/97985866\/revisions\/97985875"}],"wp:featuredmedia":[{"embeddable":true,"href":"https:\/\/acrimat.org.br\/portal\/wp-json\/wp\/v2\/media\/97985868"}],"wp:attachment":[{"href":"https:\/\/acrimat.org.br\/portal\/wp-json\/wp\/v2\/media?parent=97985866"}],"wp:term":[{"taxonomy":"category","embeddable":true,"href":"https:\/\/acrimat.org.br\/portal\/wp-json\/wp\/v2\/categories?post=97985866"},{"taxonomy":"post_tag","embeddable":true,"href":"https:\/\/acrimat.org.br\/portal\/wp-json\/wp\/v2\/tags?post=97985866"}],"curies":[{"name":"wp","href":"https:\/\/api.w.org\/{rel}","templated":true}]}}