{"id":97985916,"date":"2018-02-16T15:36:45","date_gmt":"2018-02-16T18:36:45","guid":{"rendered":"http:\/\/acrimat.org.br\/portal\/?p=97985916"},"modified":"2018-02-16T15:36:45","modified_gmt":"2018-02-16T18:36:45","slug":"fazenda-platina-investe-na-ilp","status":"publish","type":"post","link":"https:\/\/acrimat.org.br\/portal\/fazenda-platina-investe-na-ilp\/","title":{"rendered":"Fazenda Platina investe na ILP"},"content":{"rendered":"<p>Os resultados altamente lucrativos com a pecu\u00e1ria inserida em um sistema de integra\u00e7\u00e3o com a soja e o uso de ultrassonografia de carca\u00e7a para apartar o gado no semiconfinamento s\u00e3o os destaques da fazenda Platina, localizada em Santa Carmem, que ficou entre as sete propriedades finalistas do pr\u00eamio Sistema Famato em Campo de 2017. A propriedade foi uma das primeiras a iniciar o sistema Integra\u00e7\u00e3o Lavoura-Pecu\u00e1ria (ILP) na regi\u00e3o m\u00e9dio-norte de Mato Grosso.<\/p>\n<p>Esta \u00e9 a quinta mat\u00e9ria de uma s\u00e9rie especial divulgada pela Federa\u00e7\u00e3o da Agricultura e Pecu\u00e1ria de Mato Grosso (Famato) com o objetivo de apresentar cada uma das sete propriedades rurais que participaram da premia\u00e7\u00e3o no ano passado.<\/p>\n<p>Origin\u00e1ria do Rio Grande do Sul, a fam\u00edlia Antoniolli chegou em Mato Grosso no in\u00edcio da d\u00e9cada de 1980. A porta de entrada foi o munic\u00edpio de Sinop, onde primeiramente os irm\u00e3os apostaram na atividade madeireira e em 1987 abriram as primeiras \u00e1reas destinadas \u00e0 forma\u00e7\u00e3o de pastagem.<\/p>\n<p>Pioneiros no sistema ILP em Mato Grosso, os produtores da fazenda Platina iniciaram em 2000 a integra\u00e7\u00e3o com arroz e em 2004, contrariando as previs\u00f5es pessimistas, inseriram a soja no sistema.<\/p>\n<p>Atualmente, produzem em uma \u00e1rea de 2.400 hectares, sendo desses 60% destinados \u00e0 bovinocultura de corte e 40% \u00e0 soja. &#8220;N\u00e3o fazemos safrinha com milho porque para n\u00f3s \u00e9 mais vi\u00e1vel compramos dos nossos vizinhos e destinar uma \u00e1rea maior para a pastagem&#8221;, informa Juliano Antoniolli, filho de Waldemar e gestor t\u00e9cnico da fazenda.<\/p>\n<p>O rebanho da Platina corresponde a 4.000 animais das ra\u00e7as nelore, angus e charol\u00eas. Os animais s\u00e3o criados e recriados a pasto e engordados em semiconfinamento. Em 2017 foram terminados 1.123 machos com peso vivo m\u00e9dio de 496 kg em uma lota\u00e7\u00e3o de 3,69 animais\/ha. A produtividade chega a 21,11@\/ha de boi gordo.<\/p>\n<p>As pastagens s\u00e3o compostas em sua maioria de piat\u00e3 e brizanta, a recupera\u00e7\u00e3o das \u00e1reas degradadas \u00e9 feita por meio do cultivo da soja. &#8220;Em vez de gradearmos e revirarmos o solo, decidimos inserir a agricultura e na safra seguinte renovamos a pastagem&#8221;, explica o gestor t\u00e9cnico.<\/p>\n<p>Na safra 2016\/2017 a soja foi semeada em 1.091 hectares, a produtividade m\u00e9dia foi de 64,17 sc\/ha. As m\u00e1quinas usadas na agricultura s\u00e3o as mesmas para o cultivo de pastagens. O gestor t\u00e9cnico assegura que \u00e9 poss\u00edvel aumentar a receita fazendo dois ciclos de engorda, ou seja, estabelecendo tr\u00eas safras em 12 meses (soja, boi e boi).<\/p>\n<p>Juliano diz que os benef\u00edcios da integra\u00e7\u00e3o v\u00e3o muito al\u00e9m da quest\u00e3o econ\u00f4mica. Ele relata que desde a inser\u00e7\u00e3o da agricultura houve um aumento significativo de mat\u00e9ria org\u00e2nica no solo, da reciclagem dos nutrientes, principalmente do enxofre, c\u00e1lcio e pot\u00e1ssio. Al\u00e9m disso, o manejo integrado promove, segundo ele, \u00f3tima conserva\u00e7\u00e3o do solo, evitando lixivia\u00e7\u00e3o e eros\u00e3o. O sistema tamb\u00e9m propicia a quebra do ciclo de pragas e doen\u00e7as e mant\u00e9m \u00e1rea produtiva durante todo o ano.<\/p>\n<p>Segundo Juliano, esses resultados atraem visitas importantes na fazenda. &#8220;Entre os visitantes ilustres que recebemos est\u00e1 o pesquisador Rattan Lal, ganhador do pr\u00eamio Nobel da Paz em 2007. Tamb\u00e9m recebemos treinamentos comercias e dias de campo da Embrapa sobre Integra\u00e7\u00e3o&#8221;, conta Juliano Antoniolli.<\/p>\n<p>Em busca de mais efici\u00eancia foram adquiridos cochos m\u00f3veis para facilitar o manejo e tamb\u00e9m foi implantada a ultrassonografia de carca\u00e7a para aparte, gerando redu\u00e7\u00e3o do custo da arroba produzida, promovendo a padroniza\u00e7\u00e3o das carca\u00e7as e eliminando o boi ineficiente que come muito e ganha pouco peso, o que possibilita economia de di\u00e1rias de cocho.<\/p>\n<p>Em um futuro pr\u00f3ximo, os produtores da Platina pretendem implantar na propriedade uma plataforma de pesagem autom\u00e1tica di\u00e1ria dos animais. Eles dever\u00e3o ser a primeira fazenda a adotar o sistema na recria.<\/p>\n<p>Sobre o pr\u00eamio \u2013 O Pr\u00eamio Sistema Famato em Campo \u00e9 uma iniciativa da Famato, do Senar-MT e do Imea. Surgiu em 2015 com o objetivo de identificar no estado pr\u00e1ticas diferenciadas da pecu\u00e1ria de Mato Grosso.<\/p>\n<p>Na segunda edi\u00e7\u00e3o, em 2016, buscou fazendas que desenvolvem sistemas com integra\u00e7\u00e3o de culturas diversificadas, incluindo produ\u00e7\u00e3o agr\u00edcola, pecu\u00e1ria e floresta.<\/p>\n<p>Em 2017, o foco foi identificar propriedades rurais que apostassem em inova\u00e7\u00e3o criativa, al\u00e9m de reconhecer o esfor\u00e7o dos produtores rurais empreendedores que investem no conhecimento de novas tecnologias para atender mercados crescentes de qualidade e inova\u00e7\u00e3o na produ\u00e7\u00e3o.<\/p>\n<p>As sete propriedades receberam o trof\u00e9u Sistema Famato em Campo. Entre elas tamb\u00e9m est\u00e3o as que foram reconhecidas como refer\u00eancias em suas respectivas regi\u00f5es em Mato Grosso. E duas fazendas foram escolhidas para participar de uma Miss\u00e3o T\u00e9cnica no exterior em 2018.<\/p>\n","protected":false},"excerpt":{"rendered":"<p>Fazenda Platina investe na Integra\u00e7\u00e3o Lavoura-Pecu\u00e1ria e alcan\u00e7a alta produtividade<\/p>\n","protected":false},"author":7,"featured_media":97984865,"comment_status":"closed","ping_status":"closed","sticky":false,"template":"","format":"standard","meta":{"footnotes":""},"categories":[6,1],"tags":[],"class_list":["post-97985916","post","type-post","status-publish","format-standard","has-post-thumbnail","hentry","category-destaque","category-noticia"],"yoast_head":"<!-- This site is optimized with the Yoast SEO plugin v24.8.1 - https:\/\/yoast.com\/wordpress\/plugins\/seo\/ -->\n<title>Fazenda Platina investe na ILP - Acrimat<\/title>\n<meta name=\"robots\" content=\"index, follow, max-snippet:-1, max-image-preview:large, max-video-preview:-1\" \/>\n<link rel=\"canonical\" href=\"https:\/\/acrimat.org.br\/portal\/fazenda-platina-investe-na-ilp\/\" \/>\n<meta property=\"og:locale\" content=\"pt_BR\" \/>\n<meta property=\"og:type\" content=\"article\" \/>\n<meta property=\"og:title\" content=\"Fazenda Platina investe na ILP - Acrimat\" \/>\n<meta property=\"og:description\" content=\"Fazenda Platina investe na Integra\u00e7\u00e3o Lavoura-Pecu\u00e1ria e alcan\u00e7a alta produtividade\" \/>\n<meta property=\"og:url\" content=\"https:\/\/acrimat.org.br\/portal\/fazenda-platina-investe-na-ilp\/\" \/>\n<meta property=\"og:site_name\" content=\"Acrimat\" \/>\n<meta property=\"article:published_time\" content=\"2018-02-16T18:36:45+00:00\" \/>\n<meta property=\"og:image\" content=\"https:\/\/acrimat.org.br\/portal\/wp-content\/uploads\/2017\/11\/ilpf-embrapa-2.jpg\" \/>\n\t<meta property=\"og:image:width\" content=\"640\" \/>\n\t<meta property=\"og:image:height\" content=\"427\" \/>\n\t<meta property=\"og:image:type\" content=\"image\/jpeg\" \/>\n<meta name=\"author\" content=\"Assessoria de comunica\u00e7\u00e3o ACRIMAT\" \/>\n<meta name=\"twitter:card\" content=\"summary_large_image\" \/>\n<meta name=\"twitter:label1\" content=\"Escrito por\" \/>\n\t<meta name=\"twitter:data1\" content=\"Assessoria de comunica\u00e7\u00e3o ACRIMAT\" \/>\n\t<meta name=\"twitter:label2\" content=\"Est. tempo de leitura\" \/>\n\t<meta name=\"twitter:data2\" content=\"4 minutos\" \/>\n<script type=\"application\/ld+json\" class=\"yoast-schema-graph\">{\"@context\":\"https:\/\/schema.org\",\"@graph\":[{\"@type\":\"Article\",\"@id\":\"https:\/\/acrimat.org.br\/portal\/fazenda-platina-investe-na-ilp\/#article\",\"isPartOf\":{\"@id\":\"https:\/\/acrimat.org.br\/portal\/fazenda-platina-investe-na-ilp\/\"},\"author\":{\"name\":\"Assessoria de comunica\u00e7\u00e3o ACRIMAT\",\"@id\":\"https:\/\/acrimat.org.br\/portal\/#\/schema\/person\/a309b9496344ff991e8e1b1d751fdd7b\"},\"headline\":\"Fazenda Platina investe na ILP\",\"datePublished\":\"2018-02-16T18:36:45+00:00\",\"mainEntityOfPage\":{\"@id\":\"https:\/\/acrimat.org.br\/portal\/fazenda-platina-investe-na-ilp\/\"},\"wordCount\":817,\"publisher\":{\"@id\":\"https:\/\/acrimat.org.br\/portal\/#organization\"},\"image\":{\"@id\":\"https:\/\/acrimat.org.br\/portal\/fazenda-platina-investe-na-ilp\/#primaryimage\"},\"thumbnailUrl\":\"https:\/\/acrimat.org.br\/portal\/wp-content\/uploads\/2017\/11\/ilpf-embrapa-2.jpg\",\"articleSection\":[\"Destaques\",\"Not\u00edcias\"],\"inLanguage\":\"pt-BR\"},{\"@type\":\"WebPage\",\"@id\":\"https:\/\/acrimat.org.br\/portal\/fazenda-platina-investe-na-ilp\/\",\"url\":\"https:\/\/acrimat.org.br\/portal\/fazenda-platina-investe-na-ilp\/\",\"name\":\"Fazenda Platina investe na ILP - Acrimat\",\"isPartOf\":{\"@id\":\"https:\/\/acrimat.org.br\/portal\/#website\"},\"primaryImageOfPage\":{\"@id\":\"https:\/\/acrimat.org.br\/portal\/fazenda-platina-investe-na-ilp\/#primaryimage\"},\"image\":{\"@id\":\"https:\/\/acrimat.org.br\/portal\/fazenda-platina-investe-na-ilp\/#primaryimage\"},\"thumbnailUrl\":\"https:\/\/acrimat.org.br\/portal\/wp-content\/uploads\/2017\/11\/ilpf-embrapa-2.jpg\",\"datePublished\":\"2018-02-16T18:36:45+00:00\",\"breadcrumb\":{\"@id\":\"https:\/\/acrimat.org.br\/portal\/fazenda-platina-investe-na-ilp\/#breadcrumb\"},\"inLanguage\":\"pt-BR\",\"potentialAction\":[{\"@type\":\"ReadAction\",\"target\":[\"https:\/\/acrimat.org.br\/portal\/fazenda-platina-investe-na-ilp\/\"]}]},{\"@type\":\"ImageObject\",\"inLanguage\":\"pt-BR\",\"@id\":\"https:\/\/acrimat.org.br\/portal\/fazenda-platina-investe-na-ilp\/#primaryimage\",\"url\":\"https:\/\/acrimat.org.br\/portal\/wp-content\/uploads\/2017\/11\/ilpf-embrapa-2.jpg\",\"contentUrl\":\"https:\/\/acrimat.org.br\/portal\/wp-content\/uploads\/2017\/11\/ilpf-embrapa-2.jpg\",\"width\":640,\"height\":427,\"caption\":\"URT com iLPF em Nova Cana\u00e3 do Norte (MT)\"},{\"@type\":\"BreadcrumbList\",\"@id\":\"https:\/\/acrimat.org.br\/portal\/fazenda-platina-investe-na-ilp\/#breadcrumb\",\"itemListElement\":[{\"@type\":\"ListItem\",\"position\":1,\"name\":\"In\u00edcio\",\"item\":\"https:\/\/acrimat.org.br\/portal\/\"},{\"@type\":\"ListItem\",\"position\":2,\"name\":\"Fazenda Platina investe na ILP\"}]},{\"@type\":\"WebSite\",\"@id\":\"https:\/\/acrimat.org.br\/portal\/#website\",\"url\":\"https:\/\/acrimat.org.br\/portal\/\",\"name\":\"Acrimat\",\"description\":\"Associa\u00e7\u00e3o dos Criadores de Mato Grosso\",\"publisher\":{\"@id\":\"https:\/\/acrimat.org.br\/portal\/#organization\"},\"potentialAction\":[{\"@type\":\"SearchAction\",\"target\":{\"@type\":\"EntryPoint\",\"urlTemplate\":\"https:\/\/acrimat.org.br\/portal\/?s={search_term_string}\"},\"query-input\":{\"@type\":\"PropertyValueSpecification\",\"valueRequired\":true,\"valueName\":\"search_term_string\"}}],\"inLanguage\":\"pt-BR\"},{\"@type\":\"Organization\",\"@id\":\"https:\/\/acrimat.org.br\/portal\/#organization\",\"name\":\"Associa\u00e7\u00e3o dos Criadores de Mato Grosso\",\"url\":\"https:\/\/acrimat.org.br\/portal\/\",\"logo\":{\"@type\":\"ImageObject\",\"inLanguage\":\"pt-BR\",\"@id\":\"https:\/\/acrimat.org.br\/portal\/#\/schema\/logo\/image\/\",\"url\":\"https:\/\/acrimat.org.br\/portal\/wp-content\/uploads\/2018\/03\/logo-peq-original.png\",\"contentUrl\":\"https:\/\/acrimat.org.br\/portal\/wp-content\/uploads\/2018\/03\/logo-peq-original.png\",\"width\":174,\"height\":171,\"caption\":\"Associa\u00e7\u00e3o dos Criadores de Mato Grosso\"},\"image\":{\"@id\":\"https:\/\/acrimat.org.br\/portal\/#\/schema\/logo\/image\/\"}},{\"@type\":\"Person\",\"@id\":\"https:\/\/acrimat.org.br\/portal\/#\/schema\/person\/a309b9496344ff991e8e1b1d751fdd7b\",\"name\":\"Assessoria de comunica\u00e7\u00e3o ACRIMAT\",\"image\":{\"@type\":\"ImageObject\",\"inLanguage\":\"pt-BR\",\"@id\":\"https:\/\/acrimat.org.br\/portal\/#\/schema\/person\/image\/\",\"url\":\"https:\/\/secure.gravatar.com\/avatar\/2f9c28e64c317bcd762b25cb1575f1b4?s=96&d=mm&r=g\",\"contentUrl\":\"https:\/\/secure.gravatar.com\/avatar\/2f9c28e64c317bcd762b25cb1575f1b4?s=96&d=mm&r=g\",\"caption\":\"Assessoria de comunica\u00e7\u00e3o ACRIMAT\"},\"sameAs\":[\"http:\/\/acrimat.org.br\/\"],\"url\":\"https:\/\/acrimat.org.br\/portal\/author\/ascom\/\"}]}<\/script>\n<!-- \/ Yoast SEO plugin. -->","yoast_head_json":{"title":"Fazenda Platina investe na ILP - Acrimat","robots":{"index":"index","follow":"follow","max-snippet":"max-snippet:-1","max-image-preview":"max-image-preview:large","max-video-preview":"max-video-preview:-1"},"canonical":"https:\/\/acrimat.org.br\/portal\/fazenda-platina-investe-na-ilp\/","og_locale":"pt_BR","og_type":"article","og_title":"Fazenda Platina investe na ILP - Acrimat","og_description":"Fazenda Platina investe na Integra\u00e7\u00e3o Lavoura-Pecu\u00e1ria e alcan\u00e7a alta produtividade","og_url":"https:\/\/acrimat.org.br\/portal\/fazenda-platina-investe-na-ilp\/","og_site_name":"Acrimat","article_published_time":"2018-02-16T18:36:45+00:00","og_image":[{"width":640,"height":427,"url":"https:\/\/acrimat.org.br\/portal\/wp-content\/uploads\/2017\/11\/ilpf-embrapa-2.jpg","type":"image\/jpeg"}],"author":"Assessoria de comunica\u00e7\u00e3o ACRIMAT","twitter_card":"summary_large_image","twitter_misc":{"Escrito por":"Assessoria de comunica\u00e7\u00e3o ACRIMAT","Est. tempo de leitura":"4 minutos"},"schema":{"@context":"https:\/\/schema.org","@graph":[{"@type":"Article","@id":"https:\/\/acrimat.org.br\/portal\/fazenda-platina-investe-na-ilp\/#article","isPartOf":{"@id":"https:\/\/acrimat.org.br\/portal\/fazenda-platina-investe-na-ilp\/"},"author":{"name":"Assessoria de comunica\u00e7\u00e3o ACRIMAT","@id":"https:\/\/acrimat.org.br\/portal\/#\/schema\/person\/a309b9496344ff991e8e1b1d751fdd7b"},"headline":"Fazenda Platina investe na ILP","datePublished":"2018-02-16T18:36:45+00:00","mainEntityOfPage":{"@id":"https:\/\/acrimat.org.br\/portal\/fazenda-platina-investe-na-ilp\/"},"wordCount":817,"publisher":{"@id":"https:\/\/acrimat.org.br\/portal\/#organization"},"image":{"@id":"https:\/\/acrimat.org.br\/portal\/fazenda-platina-investe-na-ilp\/#primaryimage"},"thumbnailUrl":"https:\/\/acrimat.org.br\/portal\/wp-content\/uploads\/2017\/11\/ilpf-embrapa-2.jpg","articleSection":["Destaques","Not\u00edcias"],"inLanguage":"pt-BR"},{"@type":"WebPage","@id":"https:\/\/acrimat.org.br\/portal\/fazenda-platina-investe-na-ilp\/","url":"https:\/\/acrimat.org.br\/portal\/fazenda-platina-investe-na-ilp\/","name":"Fazenda Platina investe na ILP - Acrimat","isPartOf":{"@id":"https:\/\/acrimat.org.br\/portal\/#website"},"primaryImageOfPage":{"@id":"https:\/\/acrimat.org.br\/portal\/fazenda-platina-investe-na-ilp\/#primaryimage"},"image":{"@id":"https:\/\/acrimat.org.br\/portal\/fazenda-platina-investe-na-ilp\/#primaryimage"},"thumbnailUrl":"https:\/\/acrimat.org.br\/portal\/wp-content\/uploads\/2017\/11\/ilpf-embrapa-2.jpg","datePublished":"2018-02-16T18:36:45+00:00","breadcrumb":{"@id":"https:\/\/acrimat.org.br\/portal\/fazenda-platina-investe-na-ilp\/#breadcrumb"},"inLanguage":"pt-BR","potentialAction":[{"@type":"ReadAction","target":["https:\/\/acrimat.org.br\/portal\/fazenda-platina-investe-na-ilp\/"]}]},{"@type":"ImageObject","inLanguage":"pt-BR","@id":"https:\/\/acrimat.org.br\/portal\/fazenda-platina-investe-na-ilp\/#primaryimage","url":"https:\/\/acrimat.org.br\/portal\/wp-content\/uploads\/2017\/11\/ilpf-embrapa-2.jpg","contentUrl":"https:\/\/acrimat.org.br\/portal\/wp-content\/uploads\/2017\/11\/ilpf-embrapa-2.jpg","width":640,"height":427,"caption":"URT com iLPF em Nova Cana\u00e3 do Norte (MT)"},{"@type":"BreadcrumbList","@id":"https:\/\/acrimat.org.br\/portal\/fazenda-platina-investe-na-ilp\/#breadcrumb","itemListElement":[{"@type":"ListItem","position":1,"name":"In\u00edcio","item":"https:\/\/acrimat.org.br\/portal\/"},{"@type":"ListItem","position":2,"name":"Fazenda Platina investe na ILP"}]},{"@type":"WebSite","@id":"https:\/\/acrimat.org.br\/portal\/#website","url":"https:\/\/acrimat.org.br\/portal\/","name":"Acrimat","description":"Associa\u00e7\u00e3o dos Criadores de Mato Grosso","publisher":{"@id":"https:\/\/acrimat.org.br\/portal\/#organization"},"potentialAction":[{"@type":"SearchAction","target":{"@type":"EntryPoint","urlTemplate":"https:\/\/acrimat.org.br\/portal\/?s={search_term_string}"},"query-input":{"@type":"PropertyValueSpecification","valueRequired":true,"valueName":"search_term_string"}}],"inLanguage":"pt-BR"},{"@type":"Organization","@id":"https:\/\/acrimat.org.br\/portal\/#organization","name":"Associa\u00e7\u00e3o dos Criadores de Mato Grosso","url":"https:\/\/acrimat.org.br\/portal\/","logo":{"@type":"ImageObject","inLanguage":"pt-BR","@id":"https:\/\/acrimat.org.br\/portal\/#\/schema\/logo\/image\/","url":"https:\/\/acrimat.org.br\/portal\/wp-content\/uploads\/2018\/03\/logo-peq-original.png","contentUrl":"https:\/\/acrimat.org.br\/portal\/wp-content\/uploads\/2018\/03\/logo-peq-original.png","width":174,"height":171,"caption":"Associa\u00e7\u00e3o dos Criadores de Mato Grosso"},"image":{"@id":"https:\/\/acrimat.org.br\/portal\/#\/schema\/logo\/image\/"}},{"@type":"Person","@id":"https:\/\/acrimat.org.br\/portal\/#\/schema\/person\/a309b9496344ff991e8e1b1d751fdd7b","name":"Assessoria de comunica\u00e7\u00e3o ACRIMAT","image":{"@type":"ImageObject","inLanguage":"pt-BR","@id":"https:\/\/acrimat.org.br\/portal\/#\/schema\/person\/image\/","url":"https:\/\/secure.gravatar.com\/avatar\/2f9c28e64c317bcd762b25cb1575f1b4?s=96&d=mm&r=g","contentUrl":"https:\/\/secure.gravatar.com\/avatar\/2f9c28e64c317bcd762b25cb1575f1b4?s=96&d=mm&r=g","caption":"Assessoria de comunica\u00e7\u00e3o ACRIMAT"},"sameAs":["http:\/\/acrimat.org.br\/"],"url":"https:\/\/acrimat.org.br\/portal\/author\/ascom\/"}]}},"_links":{"self":[{"href":"https:\/\/acrimat.org.br\/portal\/wp-json\/wp\/v2\/posts\/97985916","targetHints":{"allow":["GET"]}}],"collection":[{"href":"https:\/\/acrimat.org.br\/portal\/wp-json\/wp\/v2\/posts"}],"about":[{"href":"https:\/\/acrimat.org.br\/portal\/wp-json\/wp\/v2\/types\/post"}],"author":[{"embeddable":true,"href":"https:\/\/acrimat.org.br\/portal\/wp-json\/wp\/v2\/users\/7"}],"replies":[{"embeddable":true,"href":"https:\/\/acrimat.org.br\/portal\/wp-json\/wp\/v2\/comments?post=97985916"}],"version-history":[{"count":1,"href":"https:\/\/acrimat.org.br\/portal\/wp-json\/wp\/v2\/posts\/97985916\/revisions"}],"predecessor-version":[{"id":97985917,"href":"https:\/\/acrimat.org.br\/portal\/wp-json\/wp\/v2\/posts\/97985916\/revisions\/97985917"}],"wp:featuredmedia":[{"embeddable":true,"href":"https:\/\/acrimat.org.br\/portal\/wp-json\/wp\/v2\/media\/97984865"}],"wp:attachment":[{"href":"https:\/\/acrimat.org.br\/portal\/wp-json\/wp\/v2\/media?parent=97985916"}],"wp:term":[{"taxonomy":"category","embeddable":true,"href":"https:\/\/acrimat.org.br\/portal\/wp-json\/wp\/v2\/categories?post=97985916"},{"taxonomy":"post_tag","embeddable":true,"href":"https:\/\/acrimat.org.br\/portal\/wp-json\/wp\/v2\/tags?post=97985916"}],"curies":[{"name":"wp","href":"https:\/\/api.w.org\/{rel}","templated":true}]}}