{"id":97985954,"date":"2018-02-21T11:03:34","date_gmt":"2018-02-21T14:03:34","guid":{"rendered":"http:\/\/acrimat.org.br\/portal\/?p=97985954"},"modified":"2018-02-21T11:03:34","modified_gmt":"2018-02-21T14:03:34","slug":"fpa-prepara-emenda-para-prorrogar-a-data-adesao-ao-refis-do-funrural","status":"publish","type":"post","link":"https:\/\/acrimat.org.br\/portal\/fpa-prepara-emenda-para-prorrogar-a-data-adesao-ao-refis-do-funrural\/","title":{"rendered":"FPA prepara emenda para prorrogar a data ades\u00e3o ao Refis do Funrural"},"content":{"rendered":"<p>Ap\u00f3s of\u00edcio encaminhado ao presidente da Rep\u00fablica Michel Temer pela Frente Parlamentar da Agropecu\u00e1ria (FPA), o governo federal aceitou prorrogar prazo de ades\u00e3o ao Programa de Regulariza\u00e7\u00e3o Tribut\u00e1ria Rural (PRR), por meio da Medida Provis\u00f3ria 803\/2017, de 29 de setembro de 2017, que est\u00e1 em tramita\u00e7\u00e3o no Congresso.<\/p>\n<p>H\u00e1 uma reuni\u00e3o marcada para esta quarta-feira (21) na Comiss\u00e3o Mista que analisa a MP 803. A ideia \u00e9 apresentar uma emenda parlamentar que amplie o limite para aderir ao programa de 28 de fevereiro para 29 de abril de 2018.<\/p>\n<p>Segundo a deputada Tereza Cristina (DEM\/MS), relatora da proposta na C\u00e2mara, a prorroga\u00e7\u00e3o \u00e9 de extrema necessidade, pois, al\u00e9m do cen\u00e1rio de inseguran\u00e7a jur\u00eddica e indefini\u00e7\u00f5es judiciais, a estrutura da Receita Federal n\u00e3o est\u00e1 apta a cumprir os tr\u00e2mites para as ades\u00f5es dos produtores rurais no prazo estabelecido inicialmente pela\u00a0Lei\u00a013.606, de 9 de janeiro de 2018, que institui o PRR. \u201cContinuaremos na luta pela garantia dos direitos dos trabalhadores rurais para que eles fa\u00e7am a escolha mais justa\u201d, ressalta a deputada.<\/p>\n<p>Tereza ainda afirma que o trabalho para a derrubada dos vetos presidenciais feitos na san\u00e7\u00e3o da Lei que trata do Fundo de Assist\u00eancia ao Trabalhador Rural (Funrural) continua. \u201cS\u00e3o duas a\u00e7\u00f5es estrat\u00e9gicas complementares. \u201cOs vetos, como foram feitos, prejudicam de forma expressiva a sustentabilidade de toda a cadeia produtiva brasileira\u201d, alerta a parlamentar.<\/p>\n<p>Desconto de 100% das multas; cumulatividade da cobran\u00e7a para pecu\u00e1ria, florestas plantadas, sementes e pesquisa; al\u00e9m da redu\u00e7\u00e3o da al\u00edquota para Pessoa Jur\u00eddica s\u00e3o alguns dos pontos que foram vetados e v\u00e3o ser trabalhados pelos parlamentares.\u00a0De acordo com o texto sancionado, apenas pessoas f\u00edsicas ter\u00e3o redu\u00e7\u00e3o de 40%. \u201c\u00c9 inadmiss\u00edvel que o produtor rural pague valores diferentes. Estamos falamos de produ\u00e7\u00e3o agr\u00edcola, n\u00e3o pode ser diferente porque encarece o processo todo\u201d, declarou o deputado S\u00e9rgio Souza (PMDB-PR).<\/p>\n<p><strong>Entenda \u2013<\/strong>\u00a0A Lei\u00a013.606, que institui o Programa de Regulariza\u00e7\u00e3o Tribut\u00e1ria Rural (PRR), foi sancionada pelo presidente em 9 de janeiro deste ano. Temer aprovou a proposta com 24 vetos, entre eles, o desconto de 100% de multas previsto no projeto de lei vindo do Congresso \u2013 a proposta original previa abatimento de 25%. Na justificativa, Temer argumentou que as mudan\u00e7as propostas pelos parlamentares contrariam o ajuste fiscal e \u201cdesrespeitam\u201d contribuintes que pagaram em dia. A previs\u00e3o \u00e9 de que os vetos sejam votados pelo Congresso nesta quinta-feira (22).<\/p>\n<p>Tamb\u00e9m vetou a limita\u00e7\u00e3o para utiliza\u00e7\u00e3o de cr\u00e9ditos tribut\u00e1rios sobre d\u00edvidas igual ou inferior a R$ 15 milh\u00f5es, a permiss\u00e3o do uso de cr\u00e9ditos de preju\u00edzo fiscal para liquida\u00e7\u00e3o do montante da d\u00edvida do Funrural e a isen\u00e7\u00e3o de contribui\u00e7\u00e3o na comercializa\u00e7\u00e3o destinada ao plantio, reflorestamento, reprodu\u00e7\u00e3o pecu\u00e1ria ou granjeira.<\/p>\n<p>Com a nova legisla\u00e7\u00e3o, o produtor rural ter\u00e1 at\u00e9 o dia 28 de fevereiro deste ano para fazer a ades\u00e3o ao Programa com al\u00edquota de 2,5% do valor da d\u00edvida consolidada em at\u00e9 duas parcelas iguais, mensais e sucessivas. Tamb\u00e9m foi inclu\u00eddo na lei o parcelamento dos d\u00e9bitos vencidos at\u00e9 o dia 30 de agosto de 2017. As d\u00edvidas poder\u00e3o ser parceladas em at\u00e9 176 vezes com mais 60 meses para quita\u00e7\u00e3o total, caso o montante ainda n\u00e3o tenha sido liquidado.<\/p>\n","protected":false},"excerpt":{"rendered":"<p>O governo federal aceitou prorrogar prazo de ades\u00e3o ao Programa de Regulariza\u00e7\u00e3o Tribut\u00e1ria Rural (PRR)<\/p>\n","protected":false},"author":7,"featured_media":97985955,"comment_status":"closed","ping_status":"closed","sticky":false,"template":"","format":"standard","meta":{"footnotes":""},"categories":[6,1],"tags":[],"class_list":["post-97985954","post","type-post","status-publish","format-standard","has-post-thumbnail","hentry","category-destaque","category-noticia"],"yoast_head":"<!-- This site is optimized with the Yoast SEO plugin v24.8.1 - https:\/\/yoast.com\/wordpress\/plugins\/seo\/ -->\n<title>FPA prepara emenda para prorrogar a data ades\u00e3o ao Refis do Funrural - Acrimat<\/title>\n<meta name=\"robots\" content=\"index, follow, max-snippet:-1, max-image-preview:large, max-video-preview:-1\" \/>\n<link rel=\"canonical\" href=\"https:\/\/acrimat.org.br\/portal\/fpa-prepara-emenda-para-prorrogar-a-data-adesao-ao-refis-do-funrural\/\" \/>\n<meta property=\"og:locale\" content=\"pt_BR\" \/>\n<meta property=\"og:type\" content=\"article\" \/>\n<meta property=\"og:title\" content=\"FPA prepara emenda para prorrogar a data ades\u00e3o ao Refis do Funrural - Acrimat\" \/>\n<meta property=\"og:description\" content=\"O governo federal aceitou prorrogar prazo de ades\u00e3o ao Programa de Regulariza\u00e7\u00e3o Tribut\u00e1ria Rural (PRR)\" \/>\n<meta property=\"og:url\" content=\"https:\/\/acrimat.org.br\/portal\/fpa-prepara-emenda-para-prorrogar-a-data-adesao-ao-refis-do-funrural\/\" \/>\n<meta property=\"og:site_name\" content=\"Acrimat\" \/>\n<meta property=\"article:published_time\" content=\"2018-02-21T14:03:34+00:00\" \/>\n<meta property=\"og:image\" content=\"https:\/\/acrimat.org.br\/portal\/wp-content\/uploads\/2018\/02\/21-02-reuniao-fpa.jpg\" \/>\n\t<meta property=\"og:image:width\" content=\"300\" \/>\n\t<meta property=\"og:image:height\" content=\"200\" \/>\n\t<meta property=\"og:image:type\" content=\"image\/jpeg\" \/>\n<meta name=\"author\" content=\"Assessoria de comunica\u00e7\u00e3o ACRIMAT\" \/>\n<meta name=\"twitter:card\" content=\"summary_large_image\" \/>\n<meta name=\"twitter:label1\" content=\"Escrito por\" \/>\n\t<meta name=\"twitter:data1\" content=\"Assessoria de comunica\u00e7\u00e3o ACRIMAT\" \/>\n\t<meta name=\"twitter:label2\" content=\"Est. tempo de leitura\" \/>\n\t<meta name=\"twitter:data2\" content=\"3 minutos\" \/>\n<script type=\"application\/ld+json\" class=\"yoast-schema-graph\">{\"@context\":\"https:\/\/schema.org\",\"@graph\":[{\"@type\":\"Article\",\"@id\":\"https:\/\/acrimat.org.br\/portal\/fpa-prepara-emenda-para-prorrogar-a-data-adesao-ao-refis-do-funrural\/#article\",\"isPartOf\":{\"@id\":\"https:\/\/acrimat.org.br\/portal\/fpa-prepara-emenda-para-prorrogar-a-data-adesao-ao-refis-do-funrural\/\"},\"author\":{\"name\":\"Assessoria de comunica\u00e7\u00e3o ACRIMAT\",\"@id\":\"https:\/\/acrimat.org.br\/portal\/#\/schema\/person\/a309b9496344ff991e8e1b1d751fdd7b\"},\"headline\":\"FPA prepara emenda para prorrogar a data ades\u00e3o ao Refis do Funrural\",\"datePublished\":\"2018-02-21T14:03:34+00:00\",\"mainEntityOfPage\":{\"@id\":\"https:\/\/acrimat.org.br\/portal\/fpa-prepara-emenda-para-prorrogar-a-data-adesao-ao-refis-do-funrural\/\"},\"wordCount\":581,\"publisher\":{\"@id\":\"https:\/\/acrimat.org.br\/portal\/#organization\"},\"image\":{\"@id\":\"https:\/\/acrimat.org.br\/portal\/fpa-prepara-emenda-para-prorrogar-a-data-adesao-ao-refis-do-funrural\/#primaryimage\"},\"thumbnailUrl\":\"https:\/\/acrimat.org.br\/portal\/wp-content\/uploads\/2018\/02\/21-02-reuniao-fpa.jpg\",\"articleSection\":[\"Destaques\",\"Not\u00edcias\"],\"inLanguage\":\"pt-BR\"},{\"@type\":\"WebPage\",\"@id\":\"https:\/\/acrimat.org.br\/portal\/fpa-prepara-emenda-para-prorrogar-a-data-adesao-ao-refis-do-funrural\/\",\"url\":\"https:\/\/acrimat.org.br\/portal\/fpa-prepara-emenda-para-prorrogar-a-data-adesao-ao-refis-do-funrural\/\",\"name\":\"FPA prepara emenda para prorrogar a data ades\u00e3o ao Refis do Funrural - Acrimat\",\"isPartOf\":{\"@id\":\"https:\/\/acrimat.org.br\/portal\/#website\"},\"primaryImageOfPage\":{\"@id\":\"https:\/\/acrimat.org.br\/portal\/fpa-prepara-emenda-para-prorrogar-a-data-adesao-ao-refis-do-funrural\/#primaryimage\"},\"image\":{\"@id\":\"https:\/\/acrimat.org.br\/portal\/fpa-prepara-emenda-para-prorrogar-a-data-adesao-ao-refis-do-funrural\/#primaryimage\"},\"thumbnailUrl\":\"https:\/\/acrimat.org.br\/portal\/wp-content\/uploads\/2018\/02\/21-02-reuniao-fpa.jpg\",\"datePublished\":\"2018-02-21T14:03:34+00:00\",\"breadcrumb\":{\"@id\":\"https:\/\/acrimat.org.br\/portal\/fpa-prepara-emenda-para-prorrogar-a-data-adesao-ao-refis-do-funrural\/#breadcrumb\"},\"inLanguage\":\"pt-BR\",\"potentialAction\":[{\"@type\":\"ReadAction\",\"target\":[\"https:\/\/acrimat.org.br\/portal\/fpa-prepara-emenda-para-prorrogar-a-data-adesao-ao-refis-do-funrural\/\"]}]},{\"@type\":\"ImageObject\",\"inLanguage\":\"pt-BR\",\"@id\":\"https:\/\/acrimat.org.br\/portal\/fpa-prepara-emenda-para-prorrogar-a-data-adesao-ao-refis-do-funrural\/#primaryimage\",\"url\":\"https:\/\/acrimat.org.br\/portal\/wp-content\/uploads\/2018\/02\/21-02-reuniao-fpa.jpg\",\"contentUrl\":\"https:\/\/acrimat.org.br\/portal\/wp-content\/uploads\/2018\/02\/21-02-reuniao-fpa.jpg\",\"width\":300,\"height\":200},{\"@type\":\"BreadcrumbList\",\"@id\":\"https:\/\/acrimat.org.br\/portal\/fpa-prepara-emenda-para-prorrogar-a-data-adesao-ao-refis-do-funrural\/#breadcrumb\",\"itemListElement\":[{\"@type\":\"ListItem\",\"position\":1,\"name\":\"In\u00edcio\",\"item\":\"https:\/\/acrimat.org.br\/portal\/\"},{\"@type\":\"ListItem\",\"position\":2,\"name\":\"FPA prepara emenda para prorrogar a data ades\u00e3o ao Refis do Funrural\"}]},{\"@type\":\"WebSite\",\"@id\":\"https:\/\/acrimat.org.br\/portal\/#website\",\"url\":\"https:\/\/acrimat.org.br\/portal\/\",\"name\":\"Acrimat\",\"description\":\"Associa\u00e7\u00e3o dos Criadores de Mato Grosso\",\"publisher\":{\"@id\":\"https:\/\/acrimat.org.br\/portal\/#organization\"},\"potentialAction\":[{\"@type\":\"SearchAction\",\"target\":{\"@type\":\"EntryPoint\",\"urlTemplate\":\"https:\/\/acrimat.org.br\/portal\/?s={search_term_string}\"},\"query-input\":{\"@type\":\"PropertyValueSpecification\",\"valueRequired\":true,\"valueName\":\"search_term_string\"}}],\"inLanguage\":\"pt-BR\"},{\"@type\":\"Organization\",\"@id\":\"https:\/\/acrimat.org.br\/portal\/#organization\",\"name\":\"Associa\u00e7\u00e3o dos Criadores de Mato Grosso\",\"url\":\"https:\/\/acrimat.org.br\/portal\/\",\"logo\":{\"@type\":\"ImageObject\",\"inLanguage\":\"pt-BR\",\"@id\":\"https:\/\/acrimat.org.br\/portal\/#\/schema\/logo\/image\/\",\"url\":\"https:\/\/acrimat.org.br\/portal\/wp-content\/uploads\/2018\/03\/logo-peq-original.png\",\"contentUrl\":\"https:\/\/acrimat.org.br\/portal\/wp-content\/uploads\/2018\/03\/logo-peq-original.png\",\"width\":174,\"height\":171,\"caption\":\"Associa\u00e7\u00e3o dos Criadores de Mato Grosso\"},\"image\":{\"@id\":\"https:\/\/acrimat.org.br\/portal\/#\/schema\/logo\/image\/\"}},{\"@type\":\"Person\",\"@id\":\"https:\/\/acrimat.org.br\/portal\/#\/schema\/person\/a309b9496344ff991e8e1b1d751fdd7b\",\"name\":\"Assessoria de comunica\u00e7\u00e3o ACRIMAT\",\"image\":{\"@type\":\"ImageObject\",\"inLanguage\":\"pt-BR\",\"@id\":\"https:\/\/acrimat.org.br\/portal\/#\/schema\/person\/image\/\",\"url\":\"https:\/\/secure.gravatar.com\/avatar\/2f9c28e64c317bcd762b25cb1575f1b4?s=96&d=mm&r=g\",\"contentUrl\":\"https:\/\/secure.gravatar.com\/avatar\/2f9c28e64c317bcd762b25cb1575f1b4?s=96&d=mm&r=g\",\"caption\":\"Assessoria de comunica\u00e7\u00e3o ACRIMAT\"},\"sameAs\":[\"http:\/\/acrimat.org.br\/\"],\"url\":\"https:\/\/acrimat.org.br\/portal\/author\/ascom\/\"}]}<\/script>\n<!-- \/ Yoast SEO plugin. -->","yoast_head_json":{"title":"FPA prepara emenda para prorrogar a data ades\u00e3o ao Refis do Funrural - Acrimat","robots":{"index":"index","follow":"follow","max-snippet":"max-snippet:-1","max-image-preview":"max-image-preview:large","max-video-preview":"max-video-preview:-1"},"canonical":"https:\/\/acrimat.org.br\/portal\/fpa-prepara-emenda-para-prorrogar-a-data-adesao-ao-refis-do-funrural\/","og_locale":"pt_BR","og_type":"article","og_title":"FPA prepara emenda para prorrogar a data ades\u00e3o ao Refis do Funrural - Acrimat","og_description":"O governo federal aceitou prorrogar prazo de ades\u00e3o ao Programa de Regulariza\u00e7\u00e3o Tribut\u00e1ria Rural (PRR)","og_url":"https:\/\/acrimat.org.br\/portal\/fpa-prepara-emenda-para-prorrogar-a-data-adesao-ao-refis-do-funrural\/","og_site_name":"Acrimat","article_published_time":"2018-02-21T14:03:34+00:00","og_image":[{"width":300,"height":200,"url":"https:\/\/acrimat.org.br\/portal\/wp-content\/uploads\/2018\/02\/21-02-reuniao-fpa.jpg","type":"image\/jpeg"}],"author":"Assessoria de comunica\u00e7\u00e3o ACRIMAT","twitter_card":"summary_large_image","twitter_misc":{"Escrito por":"Assessoria de comunica\u00e7\u00e3o ACRIMAT","Est. tempo de leitura":"3 minutos"},"schema":{"@context":"https:\/\/schema.org","@graph":[{"@type":"Article","@id":"https:\/\/acrimat.org.br\/portal\/fpa-prepara-emenda-para-prorrogar-a-data-adesao-ao-refis-do-funrural\/#article","isPartOf":{"@id":"https:\/\/acrimat.org.br\/portal\/fpa-prepara-emenda-para-prorrogar-a-data-adesao-ao-refis-do-funrural\/"},"author":{"name":"Assessoria de comunica\u00e7\u00e3o ACRIMAT","@id":"https:\/\/acrimat.org.br\/portal\/#\/schema\/person\/a309b9496344ff991e8e1b1d751fdd7b"},"headline":"FPA prepara emenda para prorrogar a data ades\u00e3o ao Refis do Funrural","datePublished":"2018-02-21T14:03:34+00:00","mainEntityOfPage":{"@id":"https:\/\/acrimat.org.br\/portal\/fpa-prepara-emenda-para-prorrogar-a-data-adesao-ao-refis-do-funrural\/"},"wordCount":581,"publisher":{"@id":"https:\/\/acrimat.org.br\/portal\/#organization"},"image":{"@id":"https:\/\/acrimat.org.br\/portal\/fpa-prepara-emenda-para-prorrogar-a-data-adesao-ao-refis-do-funrural\/#primaryimage"},"thumbnailUrl":"https:\/\/acrimat.org.br\/portal\/wp-content\/uploads\/2018\/02\/21-02-reuniao-fpa.jpg","articleSection":["Destaques","Not\u00edcias"],"inLanguage":"pt-BR"},{"@type":"WebPage","@id":"https:\/\/acrimat.org.br\/portal\/fpa-prepara-emenda-para-prorrogar-a-data-adesao-ao-refis-do-funrural\/","url":"https:\/\/acrimat.org.br\/portal\/fpa-prepara-emenda-para-prorrogar-a-data-adesao-ao-refis-do-funrural\/","name":"FPA prepara emenda para prorrogar a data ades\u00e3o ao Refis do Funrural - Acrimat","isPartOf":{"@id":"https:\/\/acrimat.org.br\/portal\/#website"},"primaryImageOfPage":{"@id":"https:\/\/acrimat.org.br\/portal\/fpa-prepara-emenda-para-prorrogar-a-data-adesao-ao-refis-do-funrural\/#primaryimage"},"image":{"@id":"https:\/\/acrimat.org.br\/portal\/fpa-prepara-emenda-para-prorrogar-a-data-adesao-ao-refis-do-funrural\/#primaryimage"},"thumbnailUrl":"https:\/\/acrimat.org.br\/portal\/wp-content\/uploads\/2018\/02\/21-02-reuniao-fpa.jpg","datePublished":"2018-02-21T14:03:34+00:00","breadcrumb":{"@id":"https:\/\/acrimat.org.br\/portal\/fpa-prepara-emenda-para-prorrogar-a-data-adesao-ao-refis-do-funrural\/#breadcrumb"},"inLanguage":"pt-BR","potentialAction":[{"@type":"ReadAction","target":["https:\/\/acrimat.org.br\/portal\/fpa-prepara-emenda-para-prorrogar-a-data-adesao-ao-refis-do-funrural\/"]}]},{"@type":"ImageObject","inLanguage":"pt-BR","@id":"https:\/\/acrimat.org.br\/portal\/fpa-prepara-emenda-para-prorrogar-a-data-adesao-ao-refis-do-funrural\/#primaryimage","url":"https:\/\/acrimat.org.br\/portal\/wp-content\/uploads\/2018\/02\/21-02-reuniao-fpa.jpg","contentUrl":"https:\/\/acrimat.org.br\/portal\/wp-content\/uploads\/2018\/02\/21-02-reuniao-fpa.jpg","width":300,"height":200},{"@type":"BreadcrumbList","@id":"https:\/\/acrimat.org.br\/portal\/fpa-prepara-emenda-para-prorrogar-a-data-adesao-ao-refis-do-funrural\/#breadcrumb","itemListElement":[{"@type":"ListItem","position":1,"name":"In\u00edcio","item":"https:\/\/acrimat.org.br\/portal\/"},{"@type":"ListItem","position":2,"name":"FPA prepara emenda para prorrogar a data ades\u00e3o ao Refis do Funrural"}]},{"@type":"WebSite","@id":"https:\/\/acrimat.org.br\/portal\/#website","url":"https:\/\/acrimat.org.br\/portal\/","name":"Acrimat","description":"Associa\u00e7\u00e3o dos Criadores de Mato Grosso","publisher":{"@id":"https:\/\/acrimat.org.br\/portal\/#organization"},"potentialAction":[{"@type":"SearchAction","target":{"@type":"EntryPoint","urlTemplate":"https:\/\/acrimat.org.br\/portal\/?s={search_term_string}"},"query-input":{"@type":"PropertyValueSpecification","valueRequired":true,"valueName":"search_term_string"}}],"inLanguage":"pt-BR"},{"@type":"Organization","@id":"https:\/\/acrimat.org.br\/portal\/#organization","name":"Associa\u00e7\u00e3o dos Criadores de Mato Grosso","url":"https:\/\/acrimat.org.br\/portal\/","logo":{"@type":"ImageObject","inLanguage":"pt-BR","@id":"https:\/\/acrimat.org.br\/portal\/#\/schema\/logo\/image\/","url":"https:\/\/acrimat.org.br\/portal\/wp-content\/uploads\/2018\/03\/logo-peq-original.png","contentUrl":"https:\/\/acrimat.org.br\/portal\/wp-content\/uploads\/2018\/03\/logo-peq-original.png","width":174,"height":171,"caption":"Associa\u00e7\u00e3o dos Criadores de Mato Grosso"},"image":{"@id":"https:\/\/acrimat.org.br\/portal\/#\/schema\/logo\/image\/"}},{"@type":"Person","@id":"https:\/\/acrimat.org.br\/portal\/#\/schema\/person\/a309b9496344ff991e8e1b1d751fdd7b","name":"Assessoria de comunica\u00e7\u00e3o ACRIMAT","image":{"@type":"ImageObject","inLanguage":"pt-BR","@id":"https:\/\/acrimat.org.br\/portal\/#\/schema\/person\/image\/","url":"https:\/\/secure.gravatar.com\/avatar\/2f9c28e64c317bcd762b25cb1575f1b4?s=96&d=mm&r=g","contentUrl":"https:\/\/secure.gravatar.com\/avatar\/2f9c28e64c317bcd762b25cb1575f1b4?s=96&d=mm&r=g","caption":"Assessoria de comunica\u00e7\u00e3o ACRIMAT"},"sameAs":["http:\/\/acrimat.org.br\/"],"url":"https:\/\/acrimat.org.br\/portal\/author\/ascom\/"}]}},"_links":{"self":[{"href":"https:\/\/acrimat.org.br\/portal\/wp-json\/wp\/v2\/posts\/97985954","targetHints":{"allow":["GET"]}}],"collection":[{"href":"https:\/\/acrimat.org.br\/portal\/wp-json\/wp\/v2\/posts"}],"about":[{"href":"https:\/\/acrimat.org.br\/portal\/wp-json\/wp\/v2\/types\/post"}],"author":[{"embeddable":true,"href":"https:\/\/acrimat.org.br\/portal\/wp-json\/wp\/v2\/users\/7"}],"replies":[{"embeddable":true,"href":"https:\/\/acrimat.org.br\/portal\/wp-json\/wp\/v2\/comments?post=97985954"}],"version-history":[{"count":1,"href":"https:\/\/acrimat.org.br\/portal\/wp-json\/wp\/v2\/posts\/97985954\/revisions"}],"predecessor-version":[{"id":97985956,"href":"https:\/\/acrimat.org.br\/portal\/wp-json\/wp\/v2\/posts\/97985954\/revisions\/97985956"}],"wp:featuredmedia":[{"embeddable":true,"href":"https:\/\/acrimat.org.br\/portal\/wp-json\/wp\/v2\/media\/97985955"}],"wp:attachment":[{"href":"https:\/\/acrimat.org.br\/portal\/wp-json\/wp\/v2\/media?parent=97985954"}],"wp:term":[{"taxonomy":"category","embeddable":true,"href":"https:\/\/acrimat.org.br\/portal\/wp-json\/wp\/v2\/categories?post=97985954"},{"taxonomy":"post_tag","embeddable":true,"href":"https:\/\/acrimat.org.br\/portal\/wp-json\/wp\/v2\/tags?post=97985954"}],"curies":[{"name":"wp","href":"https:\/\/api.w.org\/{rel}","templated":true}]}}