{"id":97985957,"date":"2018-02-21T11:06:22","date_gmt":"2018-02-21T14:06:22","guid":{"rendered":"http:\/\/acrimat.org.br\/portal\/?p=97985957"},"modified":"2018-02-21T11:06:22","modified_gmt":"2018-02-21T14:06:22","slug":"seguranca-alimentar-e-forca-da-agricultura-marcam-discursos-da-posse-de-tereza-cristina","status":"publish","type":"post","link":"https:\/\/acrimat.org.br\/portal\/seguranca-alimentar-e-forca-da-agricultura-marcam-discursos-da-posse-de-tereza-cristina\/","title":{"rendered":"Seguran\u00e7a alimentar e for\u00e7a da agricultura marcam discursos da posse de Tereza Cristina"},"content":{"rendered":"<p class=\"m_-2701942436173549365s3\">\u201cMais do que a Frente da Agropecu\u00e1ria, n\u00f3s somos a Frente do Abastecimento e da Seguran\u00e7a Alimentar\u201d. Foi assim que a deputada federal Tereza Cristina (DEM\/MS) finalizou o seu discurso como a nova presidente da\u00a0Frente Parlamentar da Agropecu\u00e1ria (FPA),\u00a0em cerim\u00f4nia realizada nessa ter\u00e7a-feira (20).<\/p>\n<p class=\"m_-2701942436173549365s3\">A nova presidente ressaltou que o\u00a0principal compromisso do agroneg\u00f3cio com o Brasil \u00e9 garantir a seguran\u00e7a alimentar da popula\u00e7\u00e3o com comida farta, barata e saud\u00e1vel na mesa do brasileiro. \u201cAssumo hoje a lideran\u00e7a de um setor que mais uma vez ser\u00e1 o motor do crescimento econ\u00f4mico e social do pa\u00eds\u201d.<\/p>\n<p class=\"m_-2701942436173549365s3\">A solenidade contou com a presen\u00e7a dos governadores de S\u00e3o Paulo, Geraldo Alckmin, e do Mato Grosso do Sul, Renato Azambuja; do presidente da C\u00e2mara, Rodrigo Maia; dos ministros Blairo Maggi (Agricultura), Sarney Filho (Meio Ambiente),\u00a0Carlos\u00a0Marun\u00a0(<wbr \/>Secretaria de Governo),\u00a0Eliseu Padilha (Casa Civil), Moreira Franco (Secretaria-Geral da Presid\u00eancia), dentre outras autoridades federais, al\u00e9m de diversos parlamentares e entidades do setor agropecu\u00e1rio.<\/p>\n<p class=\"m_-2701942436173549365s3\">Em seu discurso final de agradecimento, o ex-presidente da FPA,\u00a0novo l\u00edder do PSDB na C\u00e2mara,\u00a0deputado Nilson Leit\u00e3o (PSDB\/MT), lembrou dos avan\u00e7os alcan\u00e7ados em sua gest\u00e3o, os desafios ainda enfrentados pelos produtores rurais e as prioridades que o setor deve buscar. \u201c\u00c9 preciso transformar o Brasil num pa\u00eds com espa\u00e7o para todos, principalmente a quem produz e sustenta o pa\u00eds. Precisamos buscar o que dignifica o homem: o emprego. E \u00e9 isso que essa Frente faz. Obrigado pelo apoio que recebi e por tudo que avan\u00e7amos\u201d, disse o deputado.<\/p>\n<p class=\"m_-2701942436173549365s3\"><strong><span class=\"m_-2701942436173549365s2\">Bons frutos<\/span><\/strong>\u00a0\u2013 Com crescimento de 5,7% em 20 anos, a agricultura desbancou os n\u00fameros alcan\u00e7ados em produtividade nos setores de servi\u00e7o e ind\u00fastria, e representa ano ap\u00f3s ano a maior porcentagem do crescimento econ\u00f4mico conquistado pelo Brasil. Os dados foram apresentados pelo\u00a0governador\u00a0de S\u00e3o Paulo, Geraldo Alckmin, durante a cerim\u00f4nia.<\/p>\n<p class=\"m_-2701942436173549365s3\">Na ocasi\u00e3o, o governador ressaltou ainda a for\u00e7a motriz do setor produtivo, da agricultura familiar e os projetos que precisam avan\u00e7ar. \u201cO agroneg\u00f3cio \u00e9 o setor campe\u00e3o, exemplo para o pa\u00eds. Essa \u00e9 a Frente mais representativa que o Brasil tem. A sua organiza\u00e7\u00e3o pol\u00edtica e social contribuiu para os resultados expressivos alcan\u00e7ados. N\u00f3s somos temos a fortalecer isso, em parceria para o desenvolvimento do cidad\u00e3o\u201d.<\/p>\n<p class=\"m_-2701942436173549365s3\">Parabenizando a deputada Tereza Cristina pelo novo cargo, o presidente da C\u00e2mara, Rodrigo Maia, afirmou que se o pa\u00eds saiu da recess\u00e3o foi por conta do agroneg\u00f3cio. Ainda em sua fala, Maia se comprometeu a discutir a votar a nova legisla\u00e7\u00e3o para o licenciamento ambiental.\u00a0O senador Waldemir\u00a0Moka\u00a0(PMDB\/MS), integrante da FPA, foi \u00e0 cerim\u00f4nia representando o presidente do Senado Federal, Eun\u00edcio de Oliveira.<\/p>\n","protected":false},"excerpt":{"rendered":"<p>A nova presidente ressaltou  o\u00a0compromisso do agroneg\u00f3cio com o Brasil \u00e9 garantir a seguran\u00e7a alimentar da popula\u00e7\u00e3o <\/p>\n","protected":false},"author":7,"featured_media":97985958,"comment_status":"closed","ping_status":"closed","sticky":false,"template":"","format":"standard","meta":{"footnotes":""},"categories":[6,1],"tags":[],"class_list":["post-97985957","post","type-post","status-publish","format-standard","has-post-thumbnail","hentry","category-destaque","category-noticia"],"yoast_head":"<!-- This site is optimized with the Yoast SEO plugin v24.8.1 - https:\/\/yoast.com\/wordpress\/plugins\/seo\/ -->\n<title>Seguran\u00e7a alimentar e for\u00e7a da agricultura marcam discursos da posse de Tereza Cristina - Acrimat<\/title>\n<meta name=\"robots\" content=\"index, follow, max-snippet:-1, max-image-preview:large, max-video-preview:-1\" \/>\n<link rel=\"canonical\" href=\"https:\/\/acrimat.org.br\/portal\/seguranca-alimentar-e-forca-da-agricultura-marcam-discursos-da-posse-de-tereza-cristina\/\" \/>\n<meta property=\"og:locale\" content=\"pt_BR\" \/>\n<meta property=\"og:type\" content=\"article\" \/>\n<meta property=\"og:title\" content=\"Seguran\u00e7a alimentar e for\u00e7a da agricultura marcam discursos da posse de Tereza Cristina - Acrimat\" \/>\n<meta property=\"og:description\" content=\"A nova presidente ressaltou o\u00a0compromisso do agroneg\u00f3cio com o Brasil \u00e9 garantir a seguran\u00e7a alimentar da popula\u00e7\u00e3o\" \/>\n<meta property=\"og:url\" content=\"https:\/\/acrimat.org.br\/portal\/seguranca-alimentar-e-forca-da-agricultura-marcam-discursos-da-posse-de-tereza-cristina\/\" \/>\n<meta property=\"og:site_name\" content=\"Acrimat\" \/>\n<meta property=\"article:published_time\" content=\"2018-02-21T14:06:22+00:00\" \/>\n<meta property=\"og:image\" content=\"https:\/\/acrimat.org.br\/portal\/wp-content\/uploads\/2018\/02\/21-02-posso-teresa-cristina-fpa.jpeg\" \/>\n\t<meta property=\"og:image:width\" content=\"640\" \/>\n\t<meta property=\"og:image:height\" content=\"427\" \/>\n\t<meta property=\"og:image:type\" content=\"image\/jpeg\" \/>\n<meta name=\"author\" content=\"Assessoria de comunica\u00e7\u00e3o ACRIMAT\" \/>\n<meta name=\"twitter:card\" content=\"summary_large_image\" \/>\n<meta name=\"twitter:label1\" content=\"Escrito por\" \/>\n\t<meta name=\"twitter:data1\" content=\"Assessoria de comunica\u00e7\u00e3o ACRIMAT\" \/>\n\t<meta name=\"twitter:label2\" content=\"Est. tempo de leitura\" \/>\n\t<meta name=\"twitter:data2\" content=\"2 minutos\" \/>\n<script type=\"application\/ld+json\" class=\"yoast-schema-graph\">{\"@context\":\"https:\/\/schema.org\",\"@graph\":[{\"@type\":\"Article\",\"@id\":\"https:\/\/acrimat.org.br\/portal\/seguranca-alimentar-e-forca-da-agricultura-marcam-discursos-da-posse-de-tereza-cristina\/#article\",\"isPartOf\":{\"@id\":\"https:\/\/acrimat.org.br\/portal\/seguranca-alimentar-e-forca-da-agricultura-marcam-discursos-da-posse-de-tereza-cristina\/\"},\"author\":{\"name\":\"Assessoria de comunica\u00e7\u00e3o ACRIMAT\",\"@id\":\"https:\/\/acrimat.org.br\/portal\/#\/schema\/person\/a309b9496344ff991e8e1b1d751fdd7b\"},\"headline\":\"Seguran\u00e7a alimentar e for\u00e7a da agricultura marcam discursos da posse de Tereza Cristina\",\"datePublished\":\"2018-02-21T14:06:22+00:00\",\"mainEntityOfPage\":{\"@id\":\"https:\/\/acrimat.org.br\/portal\/seguranca-alimentar-e-forca-da-agricultura-marcam-discursos-da-posse-de-tereza-cristina\/\"},\"wordCount\":496,\"publisher\":{\"@id\":\"https:\/\/acrimat.org.br\/portal\/#organization\"},\"image\":{\"@id\":\"https:\/\/acrimat.org.br\/portal\/seguranca-alimentar-e-forca-da-agricultura-marcam-discursos-da-posse-de-tereza-cristina\/#primaryimage\"},\"thumbnailUrl\":\"https:\/\/acrimat.org.br\/portal\/wp-content\/uploads\/2018\/02\/21-02-posso-teresa-cristina-fpa.jpeg\",\"articleSection\":[\"Destaques\",\"Not\u00edcias\"],\"inLanguage\":\"pt-BR\"},{\"@type\":\"WebPage\",\"@id\":\"https:\/\/acrimat.org.br\/portal\/seguranca-alimentar-e-forca-da-agricultura-marcam-discursos-da-posse-de-tereza-cristina\/\",\"url\":\"https:\/\/acrimat.org.br\/portal\/seguranca-alimentar-e-forca-da-agricultura-marcam-discursos-da-posse-de-tereza-cristina\/\",\"name\":\"Seguran\u00e7a alimentar e for\u00e7a da agricultura marcam discursos da posse de Tereza Cristina - Acrimat\",\"isPartOf\":{\"@id\":\"https:\/\/acrimat.org.br\/portal\/#website\"},\"primaryImageOfPage\":{\"@id\":\"https:\/\/acrimat.org.br\/portal\/seguranca-alimentar-e-forca-da-agricultura-marcam-discursos-da-posse-de-tereza-cristina\/#primaryimage\"},\"image\":{\"@id\":\"https:\/\/acrimat.org.br\/portal\/seguranca-alimentar-e-forca-da-agricultura-marcam-discursos-da-posse-de-tereza-cristina\/#primaryimage\"},\"thumbnailUrl\":\"https:\/\/acrimat.org.br\/portal\/wp-content\/uploads\/2018\/02\/21-02-posso-teresa-cristina-fpa.jpeg\",\"datePublished\":\"2018-02-21T14:06:22+00:00\",\"breadcrumb\":{\"@id\":\"https:\/\/acrimat.org.br\/portal\/seguranca-alimentar-e-forca-da-agricultura-marcam-discursos-da-posse-de-tereza-cristina\/#breadcrumb\"},\"inLanguage\":\"pt-BR\",\"potentialAction\":[{\"@type\":\"ReadAction\",\"target\":[\"https:\/\/acrimat.org.br\/portal\/seguranca-alimentar-e-forca-da-agricultura-marcam-discursos-da-posse-de-tereza-cristina\/\"]}]},{\"@type\":\"ImageObject\",\"inLanguage\":\"pt-BR\",\"@id\":\"https:\/\/acrimat.org.br\/portal\/seguranca-alimentar-e-forca-da-agricultura-marcam-discursos-da-posse-de-tereza-cristina\/#primaryimage\",\"url\":\"https:\/\/acrimat.org.br\/portal\/wp-content\/uploads\/2018\/02\/21-02-posso-teresa-cristina-fpa.jpeg\",\"contentUrl\":\"https:\/\/acrimat.org.br\/portal\/wp-content\/uploads\/2018\/02\/21-02-posso-teresa-cristina-fpa.jpeg\",\"width\":640,\"height\":427},{\"@type\":\"BreadcrumbList\",\"@id\":\"https:\/\/acrimat.org.br\/portal\/seguranca-alimentar-e-forca-da-agricultura-marcam-discursos-da-posse-de-tereza-cristina\/#breadcrumb\",\"itemListElement\":[{\"@type\":\"ListItem\",\"position\":1,\"name\":\"In\u00edcio\",\"item\":\"https:\/\/acrimat.org.br\/portal\/\"},{\"@type\":\"ListItem\",\"position\":2,\"name\":\"Seguran\u00e7a alimentar e for\u00e7a da agricultura marcam discursos da posse de Tereza Cristina\"}]},{\"@type\":\"WebSite\",\"@id\":\"https:\/\/acrimat.org.br\/portal\/#website\",\"url\":\"https:\/\/acrimat.org.br\/portal\/\",\"name\":\"Acrimat\",\"description\":\"Associa\u00e7\u00e3o dos Criadores de Mato Grosso\",\"publisher\":{\"@id\":\"https:\/\/acrimat.org.br\/portal\/#organization\"},\"potentialAction\":[{\"@type\":\"SearchAction\",\"target\":{\"@type\":\"EntryPoint\",\"urlTemplate\":\"https:\/\/acrimat.org.br\/portal\/?s={search_term_string}\"},\"query-input\":{\"@type\":\"PropertyValueSpecification\",\"valueRequired\":true,\"valueName\":\"search_term_string\"}}],\"inLanguage\":\"pt-BR\"},{\"@type\":\"Organization\",\"@id\":\"https:\/\/acrimat.org.br\/portal\/#organization\",\"name\":\"Associa\u00e7\u00e3o dos Criadores de Mato Grosso\",\"url\":\"https:\/\/acrimat.org.br\/portal\/\",\"logo\":{\"@type\":\"ImageObject\",\"inLanguage\":\"pt-BR\",\"@id\":\"https:\/\/acrimat.org.br\/portal\/#\/schema\/logo\/image\/\",\"url\":\"https:\/\/acrimat.org.br\/portal\/wp-content\/uploads\/2018\/03\/logo-peq-original.png\",\"contentUrl\":\"https:\/\/acrimat.org.br\/portal\/wp-content\/uploads\/2018\/03\/logo-peq-original.png\",\"width\":174,\"height\":171,\"caption\":\"Associa\u00e7\u00e3o dos Criadores de Mato Grosso\"},\"image\":{\"@id\":\"https:\/\/acrimat.org.br\/portal\/#\/schema\/logo\/image\/\"}},{\"@type\":\"Person\",\"@id\":\"https:\/\/acrimat.org.br\/portal\/#\/schema\/person\/a309b9496344ff991e8e1b1d751fdd7b\",\"name\":\"Assessoria de comunica\u00e7\u00e3o ACRIMAT\",\"image\":{\"@type\":\"ImageObject\",\"inLanguage\":\"pt-BR\",\"@id\":\"https:\/\/acrimat.org.br\/portal\/#\/schema\/person\/image\/\",\"url\":\"https:\/\/secure.gravatar.com\/avatar\/2f9c28e64c317bcd762b25cb1575f1b4?s=96&d=mm&r=g\",\"contentUrl\":\"https:\/\/secure.gravatar.com\/avatar\/2f9c28e64c317bcd762b25cb1575f1b4?s=96&d=mm&r=g\",\"caption\":\"Assessoria de comunica\u00e7\u00e3o ACRIMAT\"},\"sameAs\":[\"http:\/\/acrimat.org.br\/\"],\"url\":\"https:\/\/acrimat.org.br\/portal\/author\/ascom\/\"}]}<\/script>\n<!-- \/ Yoast SEO plugin. -->","yoast_head_json":{"title":"Seguran\u00e7a alimentar e for\u00e7a da agricultura marcam discursos da posse de Tereza Cristina - Acrimat","robots":{"index":"index","follow":"follow","max-snippet":"max-snippet:-1","max-image-preview":"max-image-preview:large","max-video-preview":"max-video-preview:-1"},"canonical":"https:\/\/acrimat.org.br\/portal\/seguranca-alimentar-e-forca-da-agricultura-marcam-discursos-da-posse-de-tereza-cristina\/","og_locale":"pt_BR","og_type":"article","og_title":"Seguran\u00e7a alimentar e for\u00e7a da agricultura marcam discursos da posse de Tereza Cristina - Acrimat","og_description":"A nova presidente ressaltou o\u00a0compromisso do agroneg\u00f3cio com o Brasil \u00e9 garantir a seguran\u00e7a alimentar da popula\u00e7\u00e3o","og_url":"https:\/\/acrimat.org.br\/portal\/seguranca-alimentar-e-forca-da-agricultura-marcam-discursos-da-posse-de-tereza-cristina\/","og_site_name":"Acrimat","article_published_time":"2018-02-21T14:06:22+00:00","og_image":[{"width":640,"height":427,"url":"https:\/\/acrimat.org.br\/portal\/wp-content\/uploads\/2018\/02\/21-02-posso-teresa-cristina-fpa.jpeg","type":"image\/jpeg"}],"author":"Assessoria de comunica\u00e7\u00e3o ACRIMAT","twitter_card":"summary_large_image","twitter_misc":{"Escrito por":"Assessoria de comunica\u00e7\u00e3o ACRIMAT","Est. tempo de leitura":"2 minutos"},"schema":{"@context":"https:\/\/schema.org","@graph":[{"@type":"Article","@id":"https:\/\/acrimat.org.br\/portal\/seguranca-alimentar-e-forca-da-agricultura-marcam-discursos-da-posse-de-tereza-cristina\/#article","isPartOf":{"@id":"https:\/\/acrimat.org.br\/portal\/seguranca-alimentar-e-forca-da-agricultura-marcam-discursos-da-posse-de-tereza-cristina\/"},"author":{"name":"Assessoria de comunica\u00e7\u00e3o ACRIMAT","@id":"https:\/\/acrimat.org.br\/portal\/#\/schema\/person\/a309b9496344ff991e8e1b1d751fdd7b"},"headline":"Seguran\u00e7a alimentar e for\u00e7a da agricultura marcam discursos da posse de Tereza Cristina","datePublished":"2018-02-21T14:06:22+00:00","mainEntityOfPage":{"@id":"https:\/\/acrimat.org.br\/portal\/seguranca-alimentar-e-forca-da-agricultura-marcam-discursos-da-posse-de-tereza-cristina\/"},"wordCount":496,"publisher":{"@id":"https:\/\/acrimat.org.br\/portal\/#organization"},"image":{"@id":"https:\/\/acrimat.org.br\/portal\/seguranca-alimentar-e-forca-da-agricultura-marcam-discursos-da-posse-de-tereza-cristina\/#primaryimage"},"thumbnailUrl":"https:\/\/acrimat.org.br\/portal\/wp-content\/uploads\/2018\/02\/21-02-posso-teresa-cristina-fpa.jpeg","articleSection":["Destaques","Not\u00edcias"],"inLanguage":"pt-BR"},{"@type":"WebPage","@id":"https:\/\/acrimat.org.br\/portal\/seguranca-alimentar-e-forca-da-agricultura-marcam-discursos-da-posse-de-tereza-cristina\/","url":"https:\/\/acrimat.org.br\/portal\/seguranca-alimentar-e-forca-da-agricultura-marcam-discursos-da-posse-de-tereza-cristina\/","name":"Seguran\u00e7a alimentar e for\u00e7a da agricultura marcam discursos da posse de Tereza Cristina - Acrimat","isPartOf":{"@id":"https:\/\/acrimat.org.br\/portal\/#website"},"primaryImageOfPage":{"@id":"https:\/\/acrimat.org.br\/portal\/seguranca-alimentar-e-forca-da-agricultura-marcam-discursos-da-posse-de-tereza-cristina\/#primaryimage"},"image":{"@id":"https:\/\/acrimat.org.br\/portal\/seguranca-alimentar-e-forca-da-agricultura-marcam-discursos-da-posse-de-tereza-cristina\/#primaryimage"},"thumbnailUrl":"https:\/\/acrimat.org.br\/portal\/wp-content\/uploads\/2018\/02\/21-02-posso-teresa-cristina-fpa.jpeg","datePublished":"2018-02-21T14:06:22+00:00","breadcrumb":{"@id":"https:\/\/acrimat.org.br\/portal\/seguranca-alimentar-e-forca-da-agricultura-marcam-discursos-da-posse-de-tereza-cristina\/#breadcrumb"},"inLanguage":"pt-BR","potentialAction":[{"@type":"ReadAction","target":["https:\/\/acrimat.org.br\/portal\/seguranca-alimentar-e-forca-da-agricultura-marcam-discursos-da-posse-de-tereza-cristina\/"]}]},{"@type":"ImageObject","inLanguage":"pt-BR","@id":"https:\/\/acrimat.org.br\/portal\/seguranca-alimentar-e-forca-da-agricultura-marcam-discursos-da-posse-de-tereza-cristina\/#primaryimage","url":"https:\/\/acrimat.org.br\/portal\/wp-content\/uploads\/2018\/02\/21-02-posso-teresa-cristina-fpa.jpeg","contentUrl":"https:\/\/acrimat.org.br\/portal\/wp-content\/uploads\/2018\/02\/21-02-posso-teresa-cristina-fpa.jpeg","width":640,"height":427},{"@type":"BreadcrumbList","@id":"https:\/\/acrimat.org.br\/portal\/seguranca-alimentar-e-forca-da-agricultura-marcam-discursos-da-posse-de-tereza-cristina\/#breadcrumb","itemListElement":[{"@type":"ListItem","position":1,"name":"In\u00edcio","item":"https:\/\/acrimat.org.br\/portal\/"},{"@type":"ListItem","position":2,"name":"Seguran\u00e7a alimentar e for\u00e7a da agricultura marcam discursos da posse de Tereza Cristina"}]},{"@type":"WebSite","@id":"https:\/\/acrimat.org.br\/portal\/#website","url":"https:\/\/acrimat.org.br\/portal\/","name":"Acrimat","description":"Associa\u00e7\u00e3o dos Criadores de Mato Grosso","publisher":{"@id":"https:\/\/acrimat.org.br\/portal\/#organization"},"potentialAction":[{"@type":"SearchAction","target":{"@type":"EntryPoint","urlTemplate":"https:\/\/acrimat.org.br\/portal\/?s={search_term_string}"},"query-input":{"@type":"PropertyValueSpecification","valueRequired":true,"valueName":"search_term_string"}}],"inLanguage":"pt-BR"},{"@type":"Organization","@id":"https:\/\/acrimat.org.br\/portal\/#organization","name":"Associa\u00e7\u00e3o dos Criadores de Mato Grosso","url":"https:\/\/acrimat.org.br\/portal\/","logo":{"@type":"ImageObject","inLanguage":"pt-BR","@id":"https:\/\/acrimat.org.br\/portal\/#\/schema\/logo\/image\/","url":"https:\/\/acrimat.org.br\/portal\/wp-content\/uploads\/2018\/03\/logo-peq-original.png","contentUrl":"https:\/\/acrimat.org.br\/portal\/wp-content\/uploads\/2018\/03\/logo-peq-original.png","width":174,"height":171,"caption":"Associa\u00e7\u00e3o dos Criadores de Mato Grosso"},"image":{"@id":"https:\/\/acrimat.org.br\/portal\/#\/schema\/logo\/image\/"}},{"@type":"Person","@id":"https:\/\/acrimat.org.br\/portal\/#\/schema\/person\/a309b9496344ff991e8e1b1d751fdd7b","name":"Assessoria de comunica\u00e7\u00e3o ACRIMAT","image":{"@type":"ImageObject","inLanguage":"pt-BR","@id":"https:\/\/acrimat.org.br\/portal\/#\/schema\/person\/image\/","url":"https:\/\/secure.gravatar.com\/avatar\/2f9c28e64c317bcd762b25cb1575f1b4?s=96&d=mm&r=g","contentUrl":"https:\/\/secure.gravatar.com\/avatar\/2f9c28e64c317bcd762b25cb1575f1b4?s=96&d=mm&r=g","caption":"Assessoria de comunica\u00e7\u00e3o ACRIMAT"},"sameAs":["http:\/\/acrimat.org.br\/"],"url":"https:\/\/acrimat.org.br\/portal\/author\/ascom\/"}]}},"_links":{"self":[{"href":"https:\/\/acrimat.org.br\/portal\/wp-json\/wp\/v2\/posts\/97985957","targetHints":{"allow":["GET"]}}],"collection":[{"href":"https:\/\/acrimat.org.br\/portal\/wp-json\/wp\/v2\/posts"}],"about":[{"href":"https:\/\/acrimat.org.br\/portal\/wp-json\/wp\/v2\/types\/post"}],"author":[{"embeddable":true,"href":"https:\/\/acrimat.org.br\/portal\/wp-json\/wp\/v2\/users\/7"}],"replies":[{"embeddable":true,"href":"https:\/\/acrimat.org.br\/portal\/wp-json\/wp\/v2\/comments?post=97985957"}],"version-history":[{"count":1,"href":"https:\/\/acrimat.org.br\/portal\/wp-json\/wp\/v2\/posts\/97985957\/revisions"}],"predecessor-version":[{"id":97985959,"href":"https:\/\/acrimat.org.br\/portal\/wp-json\/wp\/v2\/posts\/97985957\/revisions\/97985959"}],"wp:featuredmedia":[{"embeddable":true,"href":"https:\/\/acrimat.org.br\/portal\/wp-json\/wp\/v2\/media\/97985958"}],"wp:attachment":[{"href":"https:\/\/acrimat.org.br\/portal\/wp-json\/wp\/v2\/media?parent=97985957"}],"wp:term":[{"taxonomy":"category","embeddable":true,"href":"https:\/\/acrimat.org.br\/portal\/wp-json\/wp\/v2\/categories?post=97985957"},{"taxonomy":"post_tag","embeddable":true,"href":"https:\/\/acrimat.org.br\/portal\/wp-json\/wp\/v2\/tags?post=97985957"}],"curies":[{"name":"wp","href":"https:\/\/api.w.org\/{rel}","templated":true}]}}