{"id":97985976,"date":"2018-02-22T16:55:50","date_gmt":"2018-02-22T19:55:50","guid":{"rendered":"http:\/\/acrimat.org.br\/portal\/?p=97985976"},"modified":"2018-02-22T16:55:50","modified_gmt":"2018-02-22T19:55:50","slug":"governo-prorrogara-prazo-de-adesao-ao-refis-do-funrural","status":"publish","type":"post","link":"https:\/\/acrimat.org.br\/portal\/governo-prorrogara-prazo-de-adesao-ao-refis-do-funrural\/","title":{"rendered":"Governo prorrogar\u00e1 prazo de ades\u00e3o ao Refis do Funrural"},"content":{"rendered":"<p>O governo editar\u00e1 nos pr\u00f3ximos dias uma nova medida provis\u00f3ria (MP) prorrogando em 60 dias o prazo de ades\u00e3o ao programa de parcelamento de d\u00edvidas de produtores com o Fundo de Assist\u00eancia ao Trabalhador Rural (Funrural). A informa\u00e7\u00e3o \u00e9 do deputado Jer\u00f4nimo Goergen (PP-RS), um dos coordenadores da Frente Parlamentar da Agropecu\u00e1ria (FPA), que tinha enviado na semana passada of\u00edcio ao presidente Michel Temer cobrando a prorroga\u00e7\u00e3o do prazo, que, pela lei em vigor, acabaria em 28 de fevereiro.<\/p>\n<p>Segundo Goergen, o ministro da Secretaria de Governo, Carlos Marun (MDB), garantiu a prorroga\u00e7\u00e3o durante conversa neta ter\u00e7a-feira, 20, com integrantes da bancada ruralista. O deputado disse que havia uma discuss\u00e3o sobre se o prazo poderia ser maior, de at\u00e9 75 dias, mas acabou prevalecendo a tese de que a ades\u00e3o deve ser prorrogada em 60 dias, at\u00e9 o final do m\u00eas de abril.<\/p>\n<p>A medida atende a pleito da bancada ruralista, que argumenta que uma s\u00e9rie de &#8220;pend\u00eancias&#8221; inviabilizam a ades\u00e3o at\u00e9 28 de fevereiro ao Refis da contribui\u00e7\u00e3o, que \u00e9 paga pelos empregadores para ajudar a custear a aposentadoria dos trabalhadores e que incide sobre a receita bruta da comercializa\u00e7\u00e3o da produ\u00e7\u00e3o. &#8220;N\u00e3o h\u00e1 condi\u00e7\u00e3o de os produtores aderirem. A Receita (Federal) n\u00e3o regulamentou ainda a lei, tem vetos a serem apreciados, tem decis\u00f5es judiciais pendentes, n\u00e3o se sabe como cobrar a d\u00edvida. Est\u00e1 um p\u00e2nico no meio rural&#8221;, disse o deputado federal Jer\u00f4nimo Goegen (PP-RS), coordenador da frente e respons\u00e1vel por enviar o of\u00edcio a Temer pedindo a prorroga\u00e7\u00e3o do prazo.<\/p>\n<p>O projeto criando o programa foi sancionado pelo presidente em 9 de janeiro. Ele sancionou a proposta com 24 vetos, entre eles aos descontos de 100% de multas dados pelos parlamentares &#8211; a proposta original previa abatimento de 25%. Na justificativa, Temer argumentou que as mudan\u00e7as propostas pelos parlamentares iam na contram\u00e3o do ajuste fiscal e &#8220;desrespeitam&#8221; contribuintes que pagaram em dia. A previs\u00e3o \u00e9 de que os vetos sejam votados pelo Congresso em 22 de fevereiro.<\/p>\n<p>A lei que permite o parcelamento das d\u00edvidas com o Funrural prev\u00ea a quita\u00e7\u00e3o dos d\u00e9bitos vencidos at\u00e9 30 de agosto de 2017. A ades\u00e3o ao programa ser\u00e1 aceita at\u00e9 28 de fevereiro de 2018. O produtor rural que aderir ao programa ter\u00e1 de pagar 2,5% da d\u00edvida consolidada em at\u00e9 duas parcelas iguais, mensais e sucessivas. O restante poder\u00e1 ser parcelada em at\u00e9 176 presta\u00e7\u00f5es.<\/p>\n","protected":false},"excerpt":{"rendered":"<p>Segundo bancada ruralista, uma s\u00e9rie de &#8220;pend\u00eancias&#8221; inviabilizam acordo at\u00e9 o dia 28 de fevereiro; vetos do presidente devem ser votados no Congresso nesta semana<\/p>\n","protected":false},"author":7,"featured_media":97984957,"comment_status":"closed","ping_status":"closed","sticky":false,"template":"","format":"standard","meta":{"footnotes":""},"categories":[6,1],"tags":[],"class_list":["post-97985976","post","type-post","status-publish","format-standard","has-post-thumbnail","hentry","category-destaque","category-noticia"],"yoast_head":"<!-- This site is optimized with the Yoast SEO plugin v24.8.1 - https:\/\/yoast.com\/wordpress\/plugins\/seo\/ -->\n<title>Governo prorrogar\u00e1 prazo de ades\u00e3o ao Refis do Funrural - Acrimat<\/title>\n<meta name=\"robots\" content=\"index, follow, max-snippet:-1, max-image-preview:large, max-video-preview:-1\" \/>\n<link rel=\"canonical\" href=\"https:\/\/acrimat.org.br\/portal\/governo-prorrogara-prazo-de-adesao-ao-refis-do-funrural\/\" \/>\n<meta property=\"og:locale\" content=\"pt_BR\" \/>\n<meta property=\"og:type\" content=\"article\" \/>\n<meta property=\"og:title\" content=\"Governo prorrogar\u00e1 prazo de ades\u00e3o ao Refis do Funrural - Acrimat\" \/>\n<meta property=\"og:description\" content=\"Segundo bancada ruralista, uma s\u00e9rie de &quot;pend\u00eancias&quot; inviabilizam acordo at\u00e9 o dia 28 de fevereiro; vetos do presidente devem ser votados no Congresso nesta semana\" \/>\n<meta property=\"og:url\" content=\"https:\/\/acrimat.org.br\/portal\/governo-prorrogara-prazo-de-adesao-ao-refis-do-funrural\/\" \/>\n<meta property=\"og:site_name\" content=\"Acrimat\" \/>\n<meta property=\"article:published_time\" content=\"2018-02-22T19:55:50+00:00\" \/>\n<meta property=\"og:image\" content=\"https:\/\/acrimat.org.br\/portal\/wp-content\/uploads\/2017\/11\/897-pastagem-1.jpg\" \/>\n\t<meta property=\"og:image:width\" content=\"640\" \/>\n\t<meta property=\"og:image:height\" content=\"480\" \/>\n\t<meta property=\"og:image:type\" content=\"image\/jpeg\" \/>\n<meta name=\"author\" content=\"Assessoria de comunica\u00e7\u00e3o ACRIMAT\" \/>\n<meta name=\"twitter:card\" content=\"summary_large_image\" \/>\n<meta name=\"twitter:label1\" content=\"Escrito por\" \/>\n\t<meta name=\"twitter:data1\" content=\"Assessoria de comunica\u00e7\u00e3o ACRIMAT\" \/>\n\t<meta name=\"twitter:label2\" content=\"Est. tempo de leitura\" \/>\n\t<meta name=\"twitter:data2\" content=\"2 minutos\" \/>\n<script type=\"application\/ld+json\" class=\"yoast-schema-graph\">{\"@context\":\"https:\/\/schema.org\",\"@graph\":[{\"@type\":\"Article\",\"@id\":\"https:\/\/acrimat.org.br\/portal\/governo-prorrogara-prazo-de-adesao-ao-refis-do-funrural\/#article\",\"isPartOf\":{\"@id\":\"https:\/\/acrimat.org.br\/portal\/governo-prorrogara-prazo-de-adesao-ao-refis-do-funrural\/\"},\"author\":{\"name\":\"Assessoria de comunica\u00e7\u00e3o ACRIMAT\",\"@id\":\"https:\/\/acrimat.org.br\/portal\/#\/schema\/person\/a309b9496344ff991e8e1b1d751fdd7b\"},\"headline\":\"Governo prorrogar\u00e1 prazo de ades\u00e3o ao Refis do Funrural\",\"datePublished\":\"2018-02-22T19:55:50+00:00\",\"mainEntityOfPage\":{\"@id\":\"https:\/\/acrimat.org.br\/portal\/governo-prorrogara-prazo-de-adesao-ao-refis-do-funrural\/\"},\"wordCount\":427,\"publisher\":{\"@id\":\"https:\/\/acrimat.org.br\/portal\/#organization\"},\"image\":{\"@id\":\"https:\/\/acrimat.org.br\/portal\/governo-prorrogara-prazo-de-adesao-ao-refis-do-funrural\/#primaryimage\"},\"thumbnailUrl\":\"https:\/\/acrimat.org.br\/portal\/wp-content\/uploads\/2017\/11\/897-pastagem-1.jpg\",\"articleSection\":[\"Destaques\",\"Not\u00edcias\"],\"inLanguage\":\"pt-BR\"},{\"@type\":\"WebPage\",\"@id\":\"https:\/\/acrimat.org.br\/portal\/governo-prorrogara-prazo-de-adesao-ao-refis-do-funrural\/\",\"url\":\"https:\/\/acrimat.org.br\/portal\/governo-prorrogara-prazo-de-adesao-ao-refis-do-funrural\/\",\"name\":\"Governo prorrogar\u00e1 prazo de ades\u00e3o ao Refis do Funrural - Acrimat\",\"isPartOf\":{\"@id\":\"https:\/\/acrimat.org.br\/portal\/#website\"},\"primaryImageOfPage\":{\"@id\":\"https:\/\/acrimat.org.br\/portal\/governo-prorrogara-prazo-de-adesao-ao-refis-do-funrural\/#primaryimage\"},\"image\":{\"@id\":\"https:\/\/acrimat.org.br\/portal\/governo-prorrogara-prazo-de-adesao-ao-refis-do-funrural\/#primaryimage\"},\"thumbnailUrl\":\"https:\/\/acrimat.org.br\/portal\/wp-content\/uploads\/2017\/11\/897-pastagem-1.jpg\",\"datePublished\":\"2018-02-22T19:55:50+00:00\",\"breadcrumb\":{\"@id\":\"https:\/\/acrimat.org.br\/portal\/governo-prorrogara-prazo-de-adesao-ao-refis-do-funrural\/#breadcrumb\"},\"inLanguage\":\"pt-BR\",\"potentialAction\":[{\"@type\":\"ReadAction\",\"target\":[\"https:\/\/acrimat.org.br\/portal\/governo-prorrogara-prazo-de-adesao-ao-refis-do-funrural\/\"]}]},{\"@type\":\"ImageObject\",\"inLanguage\":\"pt-BR\",\"@id\":\"https:\/\/acrimat.org.br\/portal\/governo-prorrogara-prazo-de-adesao-ao-refis-do-funrural\/#primaryimage\",\"url\":\"https:\/\/acrimat.org.br\/portal\/wp-content\/uploads\/2017\/11\/897-pastagem-1.jpg\",\"contentUrl\":\"https:\/\/acrimat.org.br\/portal\/wp-content\/uploads\/2017\/11\/897-pastagem-1.jpg\",\"width\":640,\"height\":480},{\"@type\":\"BreadcrumbList\",\"@id\":\"https:\/\/acrimat.org.br\/portal\/governo-prorrogara-prazo-de-adesao-ao-refis-do-funrural\/#breadcrumb\",\"itemListElement\":[{\"@type\":\"ListItem\",\"position\":1,\"name\":\"In\u00edcio\",\"item\":\"https:\/\/acrimat.org.br\/portal\/\"},{\"@type\":\"ListItem\",\"position\":2,\"name\":\"Governo prorrogar\u00e1 prazo de ades\u00e3o ao Refis do Funrural\"}]},{\"@type\":\"WebSite\",\"@id\":\"https:\/\/acrimat.org.br\/portal\/#website\",\"url\":\"https:\/\/acrimat.org.br\/portal\/\",\"name\":\"Acrimat\",\"description\":\"Associa\u00e7\u00e3o dos Criadores de Mato Grosso\",\"publisher\":{\"@id\":\"https:\/\/acrimat.org.br\/portal\/#organization\"},\"potentialAction\":[{\"@type\":\"SearchAction\",\"target\":{\"@type\":\"EntryPoint\",\"urlTemplate\":\"https:\/\/acrimat.org.br\/portal\/?s={search_term_string}\"},\"query-input\":{\"@type\":\"PropertyValueSpecification\",\"valueRequired\":true,\"valueName\":\"search_term_string\"}}],\"inLanguage\":\"pt-BR\"},{\"@type\":\"Organization\",\"@id\":\"https:\/\/acrimat.org.br\/portal\/#organization\",\"name\":\"Associa\u00e7\u00e3o dos Criadores de Mato Grosso\",\"url\":\"https:\/\/acrimat.org.br\/portal\/\",\"logo\":{\"@type\":\"ImageObject\",\"inLanguage\":\"pt-BR\",\"@id\":\"https:\/\/acrimat.org.br\/portal\/#\/schema\/logo\/image\/\",\"url\":\"https:\/\/acrimat.org.br\/portal\/wp-content\/uploads\/2018\/03\/logo-peq-original.png\",\"contentUrl\":\"https:\/\/acrimat.org.br\/portal\/wp-content\/uploads\/2018\/03\/logo-peq-original.png\",\"width\":174,\"height\":171,\"caption\":\"Associa\u00e7\u00e3o dos Criadores de Mato Grosso\"},\"image\":{\"@id\":\"https:\/\/acrimat.org.br\/portal\/#\/schema\/logo\/image\/\"}},{\"@type\":\"Person\",\"@id\":\"https:\/\/acrimat.org.br\/portal\/#\/schema\/person\/a309b9496344ff991e8e1b1d751fdd7b\",\"name\":\"Assessoria de comunica\u00e7\u00e3o ACRIMAT\",\"image\":{\"@type\":\"ImageObject\",\"inLanguage\":\"pt-BR\",\"@id\":\"https:\/\/acrimat.org.br\/portal\/#\/schema\/person\/image\/\",\"url\":\"https:\/\/secure.gravatar.com\/avatar\/2f9c28e64c317bcd762b25cb1575f1b4?s=96&d=mm&r=g\",\"contentUrl\":\"https:\/\/secure.gravatar.com\/avatar\/2f9c28e64c317bcd762b25cb1575f1b4?s=96&d=mm&r=g\",\"caption\":\"Assessoria de comunica\u00e7\u00e3o ACRIMAT\"},\"sameAs\":[\"http:\/\/acrimat.org.br\/\"],\"url\":\"https:\/\/acrimat.org.br\/portal\/author\/ascom\/\"}]}<\/script>\n<!-- \/ Yoast SEO plugin. -->","yoast_head_json":{"title":"Governo prorrogar\u00e1 prazo de ades\u00e3o ao Refis do Funrural - Acrimat","robots":{"index":"index","follow":"follow","max-snippet":"max-snippet:-1","max-image-preview":"max-image-preview:large","max-video-preview":"max-video-preview:-1"},"canonical":"https:\/\/acrimat.org.br\/portal\/governo-prorrogara-prazo-de-adesao-ao-refis-do-funrural\/","og_locale":"pt_BR","og_type":"article","og_title":"Governo prorrogar\u00e1 prazo de ades\u00e3o ao Refis do Funrural - Acrimat","og_description":"Segundo bancada ruralista, uma s\u00e9rie de \"pend\u00eancias\" inviabilizam acordo at\u00e9 o dia 28 de fevereiro; vetos do presidente devem ser votados no Congresso nesta semana","og_url":"https:\/\/acrimat.org.br\/portal\/governo-prorrogara-prazo-de-adesao-ao-refis-do-funrural\/","og_site_name":"Acrimat","article_published_time":"2018-02-22T19:55:50+00:00","og_image":[{"width":640,"height":480,"url":"https:\/\/acrimat.org.br\/portal\/wp-content\/uploads\/2017\/11\/897-pastagem-1.jpg","type":"image\/jpeg"}],"author":"Assessoria de comunica\u00e7\u00e3o ACRIMAT","twitter_card":"summary_large_image","twitter_misc":{"Escrito por":"Assessoria de comunica\u00e7\u00e3o ACRIMAT","Est. tempo de leitura":"2 minutos"},"schema":{"@context":"https:\/\/schema.org","@graph":[{"@type":"Article","@id":"https:\/\/acrimat.org.br\/portal\/governo-prorrogara-prazo-de-adesao-ao-refis-do-funrural\/#article","isPartOf":{"@id":"https:\/\/acrimat.org.br\/portal\/governo-prorrogara-prazo-de-adesao-ao-refis-do-funrural\/"},"author":{"name":"Assessoria de comunica\u00e7\u00e3o ACRIMAT","@id":"https:\/\/acrimat.org.br\/portal\/#\/schema\/person\/a309b9496344ff991e8e1b1d751fdd7b"},"headline":"Governo prorrogar\u00e1 prazo de ades\u00e3o ao Refis do Funrural","datePublished":"2018-02-22T19:55:50+00:00","mainEntityOfPage":{"@id":"https:\/\/acrimat.org.br\/portal\/governo-prorrogara-prazo-de-adesao-ao-refis-do-funrural\/"},"wordCount":427,"publisher":{"@id":"https:\/\/acrimat.org.br\/portal\/#organization"},"image":{"@id":"https:\/\/acrimat.org.br\/portal\/governo-prorrogara-prazo-de-adesao-ao-refis-do-funrural\/#primaryimage"},"thumbnailUrl":"https:\/\/acrimat.org.br\/portal\/wp-content\/uploads\/2017\/11\/897-pastagem-1.jpg","articleSection":["Destaques","Not\u00edcias"],"inLanguage":"pt-BR"},{"@type":"WebPage","@id":"https:\/\/acrimat.org.br\/portal\/governo-prorrogara-prazo-de-adesao-ao-refis-do-funrural\/","url":"https:\/\/acrimat.org.br\/portal\/governo-prorrogara-prazo-de-adesao-ao-refis-do-funrural\/","name":"Governo prorrogar\u00e1 prazo de ades\u00e3o ao Refis do Funrural - Acrimat","isPartOf":{"@id":"https:\/\/acrimat.org.br\/portal\/#website"},"primaryImageOfPage":{"@id":"https:\/\/acrimat.org.br\/portal\/governo-prorrogara-prazo-de-adesao-ao-refis-do-funrural\/#primaryimage"},"image":{"@id":"https:\/\/acrimat.org.br\/portal\/governo-prorrogara-prazo-de-adesao-ao-refis-do-funrural\/#primaryimage"},"thumbnailUrl":"https:\/\/acrimat.org.br\/portal\/wp-content\/uploads\/2017\/11\/897-pastagem-1.jpg","datePublished":"2018-02-22T19:55:50+00:00","breadcrumb":{"@id":"https:\/\/acrimat.org.br\/portal\/governo-prorrogara-prazo-de-adesao-ao-refis-do-funrural\/#breadcrumb"},"inLanguage":"pt-BR","potentialAction":[{"@type":"ReadAction","target":["https:\/\/acrimat.org.br\/portal\/governo-prorrogara-prazo-de-adesao-ao-refis-do-funrural\/"]}]},{"@type":"ImageObject","inLanguage":"pt-BR","@id":"https:\/\/acrimat.org.br\/portal\/governo-prorrogara-prazo-de-adesao-ao-refis-do-funrural\/#primaryimage","url":"https:\/\/acrimat.org.br\/portal\/wp-content\/uploads\/2017\/11\/897-pastagem-1.jpg","contentUrl":"https:\/\/acrimat.org.br\/portal\/wp-content\/uploads\/2017\/11\/897-pastagem-1.jpg","width":640,"height":480},{"@type":"BreadcrumbList","@id":"https:\/\/acrimat.org.br\/portal\/governo-prorrogara-prazo-de-adesao-ao-refis-do-funrural\/#breadcrumb","itemListElement":[{"@type":"ListItem","position":1,"name":"In\u00edcio","item":"https:\/\/acrimat.org.br\/portal\/"},{"@type":"ListItem","position":2,"name":"Governo prorrogar\u00e1 prazo de ades\u00e3o ao Refis do Funrural"}]},{"@type":"WebSite","@id":"https:\/\/acrimat.org.br\/portal\/#website","url":"https:\/\/acrimat.org.br\/portal\/","name":"Acrimat","description":"Associa\u00e7\u00e3o dos Criadores de Mato Grosso","publisher":{"@id":"https:\/\/acrimat.org.br\/portal\/#organization"},"potentialAction":[{"@type":"SearchAction","target":{"@type":"EntryPoint","urlTemplate":"https:\/\/acrimat.org.br\/portal\/?s={search_term_string}"},"query-input":{"@type":"PropertyValueSpecification","valueRequired":true,"valueName":"search_term_string"}}],"inLanguage":"pt-BR"},{"@type":"Organization","@id":"https:\/\/acrimat.org.br\/portal\/#organization","name":"Associa\u00e7\u00e3o dos Criadores de Mato Grosso","url":"https:\/\/acrimat.org.br\/portal\/","logo":{"@type":"ImageObject","inLanguage":"pt-BR","@id":"https:\/\/acrimat.org.br\/portal\/#\/schema\/logo\/image\/","url":"https:\/\/acrimat.org.br\/portal\/wp-content\/uploads\/2018\/03\/logo-peq-original.png","contentUrl":"https:\/\/acrimat.org.br\/portal\/wp-content\/uploads\/2018\/03\/logo-peq-original.png","width":174,"height":171,"caption":"Associa\u00e7\u00e3o dos Criadores de Mato Grosso"},"image":{"@id":"https:\/\/acrimat.org.br\/portal\/#\/schema\/logo\/image\/"}},{"@type":"Person","@id":"https:\/\/acrimat.org.br\/portal\/#\/schema\/person\/a309b9496344ff991e8e1b1d751fdd7b","name":"Assessoria de comunica\u00e7\u00e3o ACRIMAT","image":{"@type":"ImageObject","inLanguage":"pt-BR","@id":"https:\/\/acrimat.org.br\/portal\/#\/schema\/person\/image\/","url":"https:\/\/secure.gravatar.com\/avatar\/2f9c28e64c317bcd762b25cb1575f1b4?s=96&d=mm&r=g","contentUrl":"https:\/\/secure.gravatar.com\/avatar\/2f9c28e64c317bcd762b25cb1575f1b4?s=96&d=mm&r=g","caption":"Assessoria de comunica\u00e7\u00e3o ACRIMAT"},"sameAs":["http:\/\/acrimat.org.br\/"],"url":"https:\/\/acrimat.org.br\/portal\/author\/ascom\/"}]}},"_links":{"self":[{"href":"https:\/\/acrimat.org.br\/portal\/wp-json\/wp\/v2\/posts\/97985976","targetHints":{"allow":["GET"]}}],"collection":[{"href":"https:\/\/acrimat.org.br\/portal\/wp-json\/wp\/v2\/posts"}],"about":[{"href":"https:\/\/acrimat.org.br\/portal\/wp-json\/wp\/v2\/types\/post"}],"author":[{"embeddable":true,"href":"https:\/\/acrimat.org.br\/portal\/wp-json\/wp\/v2\/users\/7"}],"replies":[{"embeddable":true,"href":"https:\/\/acrimat.org.br\/portal\/wp-json\/wp\/v2\/comments?post=97985976"}],"version-history":[{"count":1,"href":"https:\/\/acrimat.org.br\/portal\/wp-json\/wp\/v2\/posts\/97985976\/revisions"}],"predecessor-version":[{"id":97985977,"href":"https:\/\/acrimat.org.br\/portal\/wp-json\/wp\/v2\/posts\/97985976\/revisions\/97985977"}],"wp:featuredmedia":[{"embeddable":true,"href":"https:\/\/acrimat.org.br\/portal\/wp-json\/wp\/v2\/media\/97984957"}],"wp:attachment":[{"href":"https:\/\/acrimat.org.br\/portal\/wp-json\/wp\/v2\/media?parent=97985976"}],"wp:term":[{"taxonomy":"category","embeddable":true,"href":"https:\/\/acrimat.org.br\/portal\/wp-json\/wp\/v2\/categories?post=97985976"},{"taxonomy":"post_tag","embeddable":true,"href":"https:\/\/acrimat.org.br\/portal\/wp-json\/wp\/v2\/tags?post=97985976"}],"curies":[{"name":"wp","href":"https:\/\/api.w.org\/{rel}","templated":true}]}}