{"id":97985980,"date":"2018-02-22T17:33:33","date_gmt":"2018-02-22T20:33:33","guid":{"rendered":"http:\/\/acrimat.org.br\/portal\/?p=97985980"},"modified":"2018-02-22T17:33:33","modified_gmt":"2018-02-22T20:33:33","slug":"funrural-imea-calcula-tamanho-da-divida-de-um-agricultor-tipico-de-mt","status":"publish","type":"post","link":"https:\/\/acrimat.org.br\/portal\/funrural-imea-calcula-tamanho-da-divida-de-um-agricultor-tipico-de-mt\/","title":{"rendered":"Funrural: Imea calcula tamanho da d\u00edvida de um agricultor \u201ct\u00edpico\u201d de MT"},"content":{"rendered":"<p>Os pedidos para que o prazo de ades\u00e3o ao Refis do Funrural seja prorrogado ganham for\u00e7a em Bras\u00edlia \u2013 e devem ser atendidos. Enquanto isso, o setor calcula o tamanho da conta a ser paga caso as regras da renegocia\u00e7\u00e3o permane\u00e7am como est\u00e3o.<\/p>\n<p>Para auxiliar nesta busca, o Imea elaborou um estudo levando em conta o perfil de um \u201cagricultor t\u00edpico\u201d de Mato Grosso, com cultivo de 900 hectares de soja na safra de ver\u00e3o e 720 hectares de milho na segunda safra. Com base nisso, chegou-se ao faturamento m\u00e9dio anual desta fazenda nos \u00faltimos 5 anos e \u2013 consequentemente \u2013 ao passivo deste produtor com o Funrural.<\/p>\n<p>Desse ponto em diante, a simula\u00e7\u00e3o foi feita considerando como op\u00e7\u00e3o o pagamento m\u00ednimo constante nos pr\u00f3ximos 176 meses (0,8%), como permite o atual \u201cPRR\u201d. O resultado e os detalhes deste levantamento voc\u00ea confere na entrevista do superintendente do Imea, Daniel Latorraca, ao Mercado &amp; Companhia desta quarta-feira (21).<\/p>\n<p><strong>Clique na imagem para assistir ao v\u00eddeo.<\/strong><\/p>\n<p><a href=\"http:\/\/blogs.canalrural.com.br\/canalruralmatogrosso\/2018\/02\/21\/funrural-imea-calcula-tamanho-da-divida-de-um-agricultor-tipico-de-mt\/\" target=\"_blank\" rel=\"noopener\"><img fetchpriority=\"high\" decoding=\"async\" class=\"alignnone size-medium wp-image-97985981\" src=\"http:\/\/acrimat.org.br\/portal\/wp-content\/uploads\/2018\/02\/capavideo-imeafunrural-300x200.png\" alt=\"\" width=\"300\" height=\"200\" srcset=\"https:\/\/acrimat.org.br\/portal\/wp-content\/uploads\/2018\/02\/capavideo-imeafunrural-300x200.png 300w, https:\/\/acrimat.org.br\/portal\/wp-content\/uploads\/2018\/02\/capavideo-imeafunrural-250x167.png 250w, https:\/\/acrimat.org.br\/portal\/wp-content\/uploads\/2018\/02\/capavideo-imeafunrural-550x367.png 550w, https:\/\/acrimat.org.br\/portal\/wp-content\/uploads\/2018\/02\/capavideo-imeafunrural-270x180.png 270w, https:\/\/acrimat.org.br\/portal\/wp-content\/uploads\/2018\/02\/capavideo-imeafunrural-449x300.png 449w, https:\/\/acrimat.org.br\/portal\/wp-content\/uploads\/2018\/02\/capavideo-imeafunrural-272x182.png 272w, https:\/\/acrimat.org.br\/portal\/wp-content\/uploads\/2018\/02\/capavideo-imeafunrural.png 623w\" sizes=\"(max-width: 300px) 100vw, 300px\" \/><\/a><\/p>\n","protected":false},"excerpt":{"rendered":"<p>Os pedidos para que o prazo de ades\u00e3o ao Refis do Funrural seja prorrogado ganham for\u00e7a em Bras\u00edlia \u2013 e devem ser atendidos. <\/p>\n","protected":false},"author":7,"featured_media":97985981,"comment_status":"closed","ping_status":"closed","sticky":false,"template":"","format":"standard","meta":{"footnotes":""},"categories":[6,1],"tags":[],"class_list":["post-97985980","post","type-post","status-publish","format-standard","has-post-thumbnail","hentry","category-destaque","category-noticia"],"yoast_head":"<!-- This site is optimized with the Yoast SEO plugin v24.8.1 - https:\/\/yoast.com\/wordpress\/plugins\/seo\/ -->\n<title>Funrural: Imea calcula tamanho da d\u00edvida de um agricultor \u201ct\u00edpico\u201d de MT - Acrimat<\/title>\n<meta name=\"robots\" content=\"index, follow, max-snippet:-1, max-image-preview:large, max-video-preview:-1\" \/>\n<link rel=\"canonical\" href=\"https:\/\/acrimat.org.br\/portal\/funrural-imea-calcula-tamanho-da-divida-de-um-agricultor-tipico-de-mt\/\" \/>\n<meta property=\"og:locale\" content=\"pt_BR\" \/>\n<meta property=\"og:type\" content=\"article\" \/>\n<meta property=\"og:title\" content=\"Funrural: Imea calcula tamanho da d\u00edvida de um agricultor \u201ct\u00edpico\u201d de MT - Acrimat\" \/>\n<meta property=\"og:description\" content=\"Os pedidos para que o prazo de ades\u00e3o ao Refis do Funrural seja prorrogado ganham for\u00e7a em Bras\u00edlia \u2013 e devem ser atendidos.\" \/>\n<meta property=\"og:url\" content=\"https:\/\/acrimat.org.br\/portal\/funrural-imea-calcula-tamanho-da-divida-de-um-agricultor-tipico-de-mt\/\" \/>\n<meta property=\"og:site_name\" content=\"Acrimat\" \/>\n<meta property=\"article:published_time\" content=\"2018-02-22T20:33:33+00:00\" \/>\n<meta property=\"og:image\" content=\"https:\/\/acrimat.org.br\/portal\/wp-content\/uploads\/2018\/02\/capavideo-imeafunrural.png\" \/>\n\t<meta property=\"og:image:width\" content=\"623\" \/>\n\t<meta property=\"og:image:height\" content=\"416\" \/>\n\t<meta property=\"og:image:type\" content=\"image\/png\" \/>\n<meta name=\"author\" content=\"Assessoria de comunica\u00e7\u00e3o ACRIMAT\" \/>\n<meta name=\"twitter:card\" content=\"summary_large_image\" \/>\n<meta name=\"twitter:label1\" content=\"Escrito por\" \/>\n\t<meta name=\"twitter:data1\" content=\"Assessoria de comunica\u00e7\u00e3o ACRIMAT\" \/>\n\t<meta name=\"twitter:label2\" content=\"Est. tempo de leitura\" \/>\n\t<meta name=\"twitter:data2\" content=\"1 minuto\" \/>\n<script type=\"application\/ld+json\" class=\"yoast-schema-graph\">{\"@context\":\"https:\/\/schema.org\",\"@graph\":[{\"@type\":\"Article\",\"@id\":\"https:\/\/acrimat.org.br\/portal\/funrural-imea-calcula-tamanho-da-divida-de-um-agricultor-tipico-de-mt\/#article\",\"isPartOf\":{\"@id\":\"https:\/\/acrimat.org.br\/portal\/funrural-imea-calcula-tamanho-da-divida-de-um-agricultor-tipico-de-mt\/\"},\"author\":{\"name\":\"Assessoria de comunica\u00e7\u00e3o ACRIMAT\",\"@id\":\"https:\/\/acrimat.org.br\/portal\/#\/schema\/person\/a309b9496344ff991e8e1b1d751fdd7b\"},\"headline\":\"Funrural: Imea calcula tamanho da d\u00edvida de um agricultor \u201ct\u00edpico\u201d de MT\",\"datePublished\":\"2018-02-22T20:33:33+00:00\",\"mainEntityOfPage\":{\"@id\":\"https:\/\/acrimat.org.br\/portal\/funrural-imea-calcula-tamanho-da-divida-de-um-agricultor-tipico-de-mt\/\"},\"wordCount\":183,\"publisher\":{\"@id\":\"https:\/\/acrimat.org.br\/portal\/#organization\"},\"image\":{\"@id\":\"https:\/\/acrimat.org.br\/portal\/funrural-imea-calcula-tamanho-da-divida-de-um-agricultor-tipico-de-mt\/#primaryimage\"},\"thumbnailUrl\":\"https:\/\/acrimat.org.br\/portal\/wp-content\/uploads\/2018\/02\/capavideo-imeafunrural.png\",\"articleSection\":[\"Destaques\",\"Not\u00edcias\"],\"inLanguage\":\"pt-BR\"},{\"@type\":\"WebPage\",\"@id\":\"https:\/\/acrimat.org.br\/portal\/funrural-imea-calcula-tamanho-da-divida-de-um-agricultor-tipico-de-mt\/\",\"url\":\"https:\/\/acrimat.org.br\/portal\/funrural-imea-calcula-tamanho-da-divida-de-um-agricultor-tipico-de-mt\/\",\"name\":\"Funrural: Imea calcula tamanho da d\u00edvida de um agricultor \u201ct\u00edpico\u201d de MT - Acrimat\",\"isPartOf\":{\"@id\":\"https:\/\/acrimat.org.br\/portal\/#website\"},\"primaryImageOfPage\":{\"@id\":\"https:\/\/acrimat.org.br\/portal\/funrural-imea-calcula-tamanho-da-divida-de-um-agricultor-tipico-de-mt\/#primaryimage\"},\"image\":{\"@id\":\"https:\/\/acrimat.org.br\/portal\/funrural-imea-calcula-tamanho-da-divida-de-um-agricultor-tipico-de-mt\/#primaryimage\"},\"thumbnailUrl\":\"https:\/\/acrimat.org.br\/portal\/wp-content\/uploads\/2018\/02\/capavideo-imeafunrural.png\",\"datePublished\":\"2018-02-22T20:33:33+00:00\",\"breadcrumb\":{\"@id\":\"https:\/\/acrimat.org.br\/portal\/funrural-imea-calcula-tamanho-da-divida-de-um-agricultor-tipico-de-mt\/#breadcrumb\"},\"inLanguage\":\"pt-BR\",\"potentialAction\":[{\"@type\":\"ReadAction\",\"target\":[\"https:\/\/acrimat.org.br\/portal\/funrural-imea-calcula-tamanho-da-divida-de-um-agricultor-tipico-de-mt\/\"]}]},{\"@type\":\"ImageObject\",\"inLanguage\":\"pt-BR\",\"@id\":\"https:\/\/acrimat.org.br\/portal\/funrural-imea-calcula-tamanho-da-divida-de-um-agricultor-tipico-de-mt\/#primaryimage\",\"url\":\"https:\/\/acrimat.org.br\/portal\/wp-content\/uploads\/2018\/02\/capavideo-imeafunrural.png\",\"contentUrl\":\"https:\/\/acrimat.org.br\/portal\/wp-content\/uploads\/2018\/02\/capavideo-imeafunrural.png\",\"width\":623,\"height\":416},{\"@type\":\"BreadcrumbList\",\"@id\":\"https:\/\/acrimat.org.br\/portal\/funrural-imea-calcula-tamanho-da-divida-de-um-agricultor-tipico-de-mt\/#breadcrumb\",\"itemListElement\":[{\"@type\":\"ListItem\",\"position\":1,\"name\":\"In\u00edcio\",\"item\":\"https:\/\/acrimat.org.br\/portal\/\"},{\"@type\":\"ListItem\",\"position\":2,\"name\":\"Funrural: Imea calcula tamanho da d\u00edvida de um agricultor \u201ct\u00edpico\u201d de MT\"}]},{\"@type\":\"WebSite\",\"@id\":\"https:\/\/acrimat.org.br\/portal\/#website\",\"url\":\"https:\/\/acrimat.org.br\/portal\/\",\"name\":\"Acrimat\",\"description\":\"Associa\u00e7\u00e3o dos Criadores de Mato Grosso\",\"publisher\":{\"@id\":\"https:\/\/acrimat.org.br\/portal\/#organization\"},\"potentialAction\":[{\"@type\":\"SearchAction\",\"target\":{\"@type\":\"EntryPoint\",\"urlTemplate\":\"https:\/\/acrimat.org.br\/portal\/?s={search_term_string}\"},\"query-input\":{\"@type\":\"PropertyValueSpecification\",\"valueRequired\":true,\"valueName\":\"search_term_string\"}}],\"inLanguage\":\"pt-BR\"},{\"@type\":\"Organization\",\"@id\":\"https:\/\/acrimat.org.br\/portal\/#organization\",\"name\":\"Associa\u00e7\u00e3o dos Criadores de Mato Grosso\",\"url\":\"https:\/\/acrimat.org.br\/portal\/\",\"logo\":{\"@type\":\"ImageObject\",\"inLanguage\":\"pt-BR\",\"@id\":\"https:\/\/acrimat.org.br\/portal\/#\/schema\/logo\/image\/\",\"url\":\"https:\/\/acrimat.org.br\/portal\/wp-content\/uploads\/2018\/03\/logo-peq-original.png\",\"contentUrl\":\"https:\/\/acrimat.org.br\/portal\/wp-content\/uploads\/2018\/03\/logo-peq-original.png\",\"width\":174,\"height\":171,\"caption\":\"Associa\u00e7\u00e3o dos Criadores de Mato Grosso\"},\"image\":{\"@id\":\"https:\/\/acrimat.org.br\/portal\/#\/schema\/logo\/image\/\"}},{\"@type\":\"Person\",\"@id\":\"https:\/\/acrimat.org.br\/portal\/#\/schema\/person\/a309b9496344ff991e8e1b1d751fdd7b\",\"name\":\"Assessoria de comunica\u00e7\u00e3o ACRIMAT\",\"image\":{\"@type\":\"ImageObject\",\"inLanguage\":\"pt-BR\",\"@id\":\"https:\/\/acrimat.org.br\/portal\/#\/schema\/person\/image\/\",\"url\":\"https:\/\/secure.gravatar.com\/avatar\/2f9c28e64c317bcd762b25cb1575f1b4?s=96&d=mm&r=g\",\"contentUrl\":\"https:\/\/secure.gravatar.com\/avatar\/2f9c28e64c317bcd762b25cb1575f1b4?s=96&d=mm&r=g\",\"caption\":\"Assessoria de comunica\u00e7\u00e3o ACRIMAT\"},\"sameAs\":[\"http:\/\/acrimat.org.br\/\"],\"url\":\"https:\/\/acrimat.org.br\/portal\/author\/ascom\/\"}]}<\/script>\n<!-- \/ Yoast SEO plugin. -->","yoast_head_json":{"title":"Funrural: Imea calcula tamanho da d\u00edvida de um agricultor \u201ct\u00edpico\u201d de MT - Acrimat","robots":{"index":"index","follow":"follow","max-snippet":"max-snippet:-1","max-image-preview":"max-image-preview:large","max-video-preview":"max-video-preview:-1"},"canonical":"https:\/\/acrimat.org.br\/portal\/funrural-imea-calcula-tamanho-da-divida-de-um-agricultor-tipico-de-mt\/","og_locale":"pt_BR","og_type":"article","og_title":"Funrural: Imea calcula tamanho da d\u00edvida de um agricultor \u201ct\u00edpico\u201d de MT - Acrimat","og_description":"Os pedidos para que o prazo de ades\u00e3o ao Refis do Funrural seja prorrogado ganham for\u00e7a em Bras\u00edlia \u2013 e devem ser atendidos.","og_url":"https:\/\/acrimat.org.br\/portal\/funrural-imea-calcula-tamanho-da-divida-de-um-agricultor-tipico-de-mt\/","og_site_name":"Acrimat","article_published_time":"2018-02-22T20:33:33+00:00","og_image":[{"width":623,"height":416,"url":"https:\/\/acrimat.org.br\/portal\/wp-content\/uploads\/2018\/02\/capavideo-imeafunrural.png","type":"image\/png"}],"author":"Assessoria de comunica\u00e7\u00e3o ACRIMAT","twitter_card":"summary_large_image","twitter_misc":{"Escrito por":"Assessoria de comunica\u00e7\u00e3o ACRIMAT","Est. tempo de leitura":"1 minuto"},"schema":{"@context":"https:\/\/schema.org","@graph":[{"@type":"Article","@id":"https:\/\/acrimat.org.br\/portal\/funrural-imea-calcula-tamanho-da-divida-de-um-agricultor-tipico-de-mt\/#article","isPartOf":{"@id":"https:\/\/acrimat.org.br\/portal\/funrural-imea-calcula-tamanho-da-divida-de-um-agricultor-tipico-de-mt\/"},"author":{"name":"Assessoria de comunica\u00e7\u00e3o ACRIMAT","@id":"https:\/\/acrimat.org.br\/portal\/#\/schema\/person\/a309b9496344ff991e8e1b1d751fdd7b"},"headline":"Funrural: Imea calcula tamanho da d\u00edvida de um agricultor \u201ct\u00edpico\u201d de MT","datePublished":"2018-02-22T20:33:33+00:00","mainEntityOfPage":{"@id":"https:\/\/acrimat.org.br\/portal\/funrural-imea-calcula-tamanho-da-divida-de-um-agricultor-tipico-de-mt\/"},"wordCount":183,"publisher":{"@id":"https:\/\/acrimat.org.br\/portal\/#organization"},"image":{"@id":"https:\/\/acrimat.org.br\/portal\/funrural-imea-calcula-tamanho-da-divida-de-um-agricultor-tipico-de-mt\/#primaryimage"},"thumbnailUrl":"https:\/\/acrimat.org.br\/portal\/wp-content\/uploads\/2018\/02\/capavideo-imeafunrural.png","articleSection":["Destaques","Not\u00edcias"],"inLanguage":"pt-BR"},{"@type":"WebPage","@id":"https:\/\/acrimat.org.br\/portal\/funrural-imea-calcula-tamanho-da-divida-de-um-agricultor-tipico-de-mt\/","url":"https:\/\/acrimat.org.br\/portal\/funrural-imea-calcula-tamanho-da-divida-de-um-agricultor-tipico-de-mt\/","name":"Funrural: Imea calcula tamanho da d\u00edvida de um agricultor \u201ct\u00edpico\u201d de MT - Acrimat","isPartOf":{"@id":"https:\/\/acrimat.org.br\/portal\/#website"},"primaryImageOfPage":{"@id":"https:\/\/acrimat.org.br\/portal\/funrural-imea-calcula-tamanho-da-divida-de-um-agricultor-tipico-de-mt\/#primaryimage"},"image":{"@id":"https:\/\/acrimat.org.br\/portal\/funrural-imea-calcula-tamanho-da-divida-de-um-agricultor-tipico-de-mt\/#primaryimage"},"thumbnailUrl":"https:\/\/acrimat.org.br\/portal\/wp-content\/uploads\/2018\/02\/capavideo-imeafunrural.png","datePublished":"2018-02-22T20:33:33+00:00","breadcrumb":{"@id":"https:\/\/acrimat.org.br\/portal\/funrural-imea-calcula-tamanho-da-divida-de-um-agricultor-tipico-de-mt\/#breadcrumb"},"inLanguage":"pt-BR","potentialAction":[{"@type":"ReadAction","target":["https:\/\/acrimat.org.br\/portal\/funrural-imea-calcula-tamanho-da-divida-de-um-agricultor-tipico-de-mt\/"]}]},{"@type":"ImageObject","inLanguage":"pt-BR","@id":"https:\/\/acrimat.org.br\/portal\/funrural-imea-calcula-tamanho-da-divida-de-um-agricultor-tipico-de-mt\/#primaryimage","url":"https:\/\/acrimat.org.br\/portal\/wp-content\/uploads\/2018\/02\/capavideo-imeafunrural.png","contentUrl":"https:\/\/acrimat.org.br\/portal\/wp-content\/uploads\/2018\/02\/capavideo-imeafunrural.png","width":623,"height":416},{"@type":"BreadcrumbList","@id":"https:\/\/acrimat.org.br\/portal\/funrural-imea-calcula-tamanho-da-divida-de-um-agricultor-tipico-de-mt\/#breadcrumb","itemListElement":[{"@type":"ListItem","position":1,"name":"In\u00edcio","item":"https:\/\/acrimat.org.br\/portal\/"},{"@type":"ListItem","position":2,"name":"Funrural: Imea calcula tamanho da d\u00edvida de um agricultor \u201ct\u00edpico\u201d de MT"}]},{"@type":"WebSite","@id":"https:\/\/acrimat.org.br\/portal\/#website","url":"https:\/\/acrimat.org.br\/portal\/","name":"Acrimat","description":"Associa\u00e7\u00e3o dos Criadores de Mato Grosso","publisher":{"@id":"https:\/\/acrimat.org.br\/portal\/#organization"},"potentialAction":[{"@type":"SearchAction","target":{"@type":"EntryPoint","urlTemplate":"https:\/\/acrimat.org.br\/portal\/?s={search_term_string}"},"query-input":{"@type":"PropertyValueSpecification","valueRequired":true,"valueName":"search_term_string"}}],"inLanguage":"pt-BR"},{"@type":"Organization","@id":"https:\/\/acrimat.org.br\/portal\/#organization","name":"Associa\u00e7\u00e3o dos Criadores de Mato Grosso","url":"https:\/\/acrimat.org.br\/portal\/","logo":{"@type":"ImageObject","inLanguage":"pt-BR","@id":"https:\/\/acrimat.org.br\/portal\/#\/schema\/logo\/image\/","url":"https:\/\/acrimat.org.br\/portal\/wp-content\/uploads\/2018\/03\/logo-peq-original.png","contentUrl":"https:\/\/acrimat.org.br\/portal\/wp-content\/uploads\/2018\/03\/logo-peq-original.png","width":174,"height":171,"caption":"Associa\u00e7\u00e3o dos Criadores de Mato Grosso"},"image":{"@id":"https:\/\/acrimat.org.br\/portal\/#\/schema\/logo\/image\/"}},{"@type":"Person","@id":"https:\/\/acrimat.org.br\/portal\/#\/schema\/person\/a309b9496344ff991e8e1b1d751fdd7b","name":"Assessoria de comunica\u00e7\u00e3o ACRIMAT","image":{"@type":"ImageObject","inLanguage":"pt-BR","@id":"https:\/\/acrimat.org.br\/portal\/#\/schema\/person\/image\/","url":"https:\/\/secure.gravatar.com\/avatar\/2f9c28e64c317bcd762b25cb1575f1b4?s=96&d=mm&r=g","contentUrl":"https:\/\/secure.gravatar.com\/avatar\/2f9c28e64c317bcd762b25cb1575f1b4?s=96&d=mm&r=g","caption":"Assessoria de comunica\u00e7\u00e3o ACRIMAT"},"sameAs":["http:\/\/acrimat.org.br\/"],"url":"https:\/\/acrimat.org.br\/portal\/author\/ascom\/"}]}},"_links":{"self":[{"href":"https:\/\/acrimat.org.br\/portal\/wp-json\/wp\/v2\/posts\/97985980","targetHints":{"allow":["GET"]}}],"collection":[{"href":"https:\/\/acrimat.org.br\/portal\/wp-json\/wp\/v2\/posts"}],"about":[{"href":"https:\/\/acrimat.org.br\/portal\/wp-json\/wp\/v2\/types\/post"}],"author":[{"embeddable":true,"href":"https:\/\/acrimat.org.br\/portal\/wp-json\/wp\/v2\/users\/7"}],"replies":[{"embeddable":true,"href":"https:\/\/acrimat.org.br\/portal\/wp-json\/wp\/v2\/comments?post=97985980"}],"version-history":[{"count":1,"href":"https:\/\/acrimat.org.br\/portal\/wp-json\/wp\/v2\/posts\/97985980\/revisions"}],"predecessor-version":[{"id":97985982,"href":"https:\/\/acrimat.org.br\/portal\/wp-json\/wp\/v2\/posts\/97985980\/revisions\/97985982"}],"wp:featuredmedia":[{"embeddable":true,"href":"https:\/\/acrimat.org.br\/portal\/wp-json\/wp\/v2\/media\/97985981"}],"wp:attachment":[{"href":"https:\/\/acrimat.org.br\/portal\/wp-json\/wp\/v2\/media?parent=97985980"}],"wp:term":[{"taxonomy":"category","embeddable":true,"href":"https:\/\/acrimat.org.br\/portal\/wp-json\/wp\/v2\/categories?post=97985980"},{"taxonomy":"post_tag","embeddable":true,"href":"https:\/\/acrimat.org.br\/portal\/wp-json\/wp\/v2\/tags?post=97985980"}],"curies":[{"name":"wp","href":"https:\/\/api.w.org\/{rel}","templated":true}]}}