{"id":97985987,"date":"2018-02-22T17:53:36","date_gmt":"2018-02-22T20:53:36","guid":{"rendered":"http:\/\/acrimat.org.br\/portal\/?p=97985987"},"modified":"2018-02-22T17:53:36","modified_gmt":"2018-02-22T20:53:36","slug":"novo-status-sanitario-anima-exportadores","status":"publish","type":"post","link":"https:\/\/acrimat.org.br\/portal\/novo-status-sanitario-anima-exportadores\/","title":{"rendered":"Novo status sanit\u00e1rio anima exportadores"},"content":{"rendered":"<p>A \u201cchancela\u201d do \u00f3rg\u00e3o \u00e9 considerada um avan\u00e7o para a pecu\u00e1ria de corte, j\u00e1 que o reconhecimento \u00e9 capaz de abrir novos mercados \u00e0 carne brasileira. \u201cA OIE informou ao governo brasileiro atrav\u00e9s do Mapa que aceitou a nossa proposta para declarar o Brasil livre de febre aftosa com vacina\u00e7\u00e3o. Isso \u00e9 um pleito antigo, s\u00e3o mais de 60 anos de lutas de v\u00e1rios governos e lideran\u00e7as da pecu\u00e1ria nacional que trabalharam muito para chegar neste processo. E eu, como ministro da Agricultura, estou extremamente feliz\u201d, ressaltou Maggi em uma rede social.<\/p>\n<p>Segundo o ministro, entre os dias 20 e 25 de maio haver\u00e1 uma reuni\u00e3o na OIE que ir\u00e1 sacramentar esse reconhecimento. O evento contar\u00e1 com a participa\u00e7\u00e3o dele e do residente da Rep\u00fablica, Michel Temer. \u201cA partir da\u00ed estaremos trabalhando para tornar o Brasil livre da febre aftosa sem vacina\u00e7\u00e3o, que ser\u00e1 o grande salto da pecu\u00e1ria brasileira\u201d, destacou o ministro.<\/p>\n<p>A retirada da vacina est\u00e1 programada para acontecer a partir deste ano e ser\u00e1 realizada em etapas. Mato Grosso est\u00e1 dentro da \u00faltima etapa e dever\u00e1 retirar completamente a vacina\u00e7\u00e3o a partir de 2021.<\/p>\n<p>Para Paulo Bellincanta, vice-presidente do Sindicato das Ind\u00fastrias Frigor\u00edficas (Sindifrigo\/MT), o principal avan\u00e7o para a economia estadual e do pa\u00eds ocorrer\u00e1 quando houver o reconhecimento como territ\u00f3rio livre da febre aftosa sem a vacina\u00e7\u00e3o. \u201cIsso sim dar\u00e1 novo rumo \u00e0 pecu\u00e1ria, porque mesmo com a vacina\u00e7\u00e3o j\u00e1 conseguimos conquistar mercados que outros n\u00e3o conseguiram\u201d.<\/p>\n<p>O diretor t\u00e9cnico da Associa\u00e7\u00e3o dos Criadores (Acrimat), Francisco Manzi, acredita na abertura de novos mercados j\u00e1 com o reconhecimento de todo o pa\u00eds como livre da febre aftosa com a vacina. \u201cO Jap\u00e3o, por exemplo, afirma que n\u00e3o compra a carne com a vacina, mas o Uruguai j\u00e1 consegue exportar para eles, mesmo fazendo a vacina\u00e7\u00e3o. Isso nos abre a possibilidade de abertura a este mercado\u201d, avalia.<\/p>\n","protected":false},"excerpt":{"rendered":"<p>Entidades de MT acreditam que status livre de aftosa com vacina\u00e7\u00e3o abrir\u00e1 novos mercados para carne brasileira<\/p>\n","protected":false},"author":7,"featured_media":97985477,"comment_status":"closed","ping_status":"closed","sticky":false,"template":"","format":"standard","meta":{"footnotes":""},"categories":[6,1],"tags":[],"class_list":["post-97985987","post","type-post","status-publish","format-standard","has-post-thumbnail","hentry","category-destaque","category-noticia"],"yoast_head":"<!-- This site is optimized with the Yoast SEO plugin v24.8.1 - https:\/\/yoast.com\/wordpress\/plugins\/seo\/ -->\n<title>Novo status sanit\u00e1rio anima exportadores - Acrimat<\/title>\n<meta name=\"robots\" content=\"index, follow, max-snippet:-1, max-image-preview:large, max-video-preview:-1\" \/>\n<link rel=\"canonical\" href=\"https:\/\/acrimat.org.br\/portal\/novo-status-sanitario-anima-exportadores\/\" \/>\n<meta property=\"og:locale\" content=\"pt_BR\" \/>\n<meta property=\"og:type\" content=\"article\" \/>\n<meta property=\"og:title\" content=\"Novo status sanit\u00e1rio anima exportadores - Acrimat\" \/>\n<meta property=\"og:description\" content=\"Entidades de MT acreditam que status livre de aftosa com vacina\u00e7\u00e3o abrir\u00e1 novos mercados para carne brasileira\" \/>\n<meta property=\"og:url\" content=\"https:\/\/acrimat.org.br\/portal\/novo-status-sanitario-anima-exportadores\/\" \/>\n<meta property=\"og:site_name\" content=\"Acrimat\" \/>\n<meta property=\"article:published_time\" content=\"2018-02-22T20:53:36+00:00\" \/>\n<meta property=\"og:image\" content=\"https:\/\/acrimat.org.br\/portal\/wp-content\/uploads\/2018\/01\/frigorifico-672x372.jpg\" \/>\n\t<meta property=\"og:image:width\" content=\"672\" \/>\n\t<meta property=\"og:image:height\" content=\"372\" \/>\n\t<meta property=\"og:image:type\" content=\"image\/jpeg\" \/>\n<meta name=\"author\" content=\"Assessoria de comunica\u00e7\u00e3o ACRIMAT\" \/>\n<meta name=\"twitter:card\" content=\"summary_large_image\" \/>\n<meta name=\"twitter:label1\" content=\"Escrito por\" \/>\n\t<meta name=\"twitter:data1\" content=\"Assessoria de comunica\u00e7\u00e3o ACRIMAT\" \/>\n\t<meta name=\"twitter:label2\" content=\"Est. tempo de leitura\" \/>\n\t<meta name=\"twitter:data2\" content=\"2 minutos\" \/>\n<script type=\"application\/ld+json\" class=\"yoast-schema-graph\">{\"@context\":\"https:\/\/schema.org\",\"@graph\":[{\"@type\":\"Article\",\"@id\":\"https:\/\/acrimat.org.br\/portal\/novo-status-sanitario-anima-exportadores\/#article\",\"isPartOf\":{\"@id\":\"https:\/\/acrimat.org.br\/portal\/novo-status-sanitario-anima-exportadores\/\"},\"author\":{\"name\":\"Assessoria de comunica\u00e7\u00e3o ACRIMAT\",\"@id\":\"https:\/\/acrimat.org.br\/portal\/#\/schema\/person\/a309b9496344ff991e8e1b1d751fdd7b\"},\"headline\":\"Novo status sanit\u00e1rio anima exportadores\",\"datePublished\":\"2018-02-22T20:53:36+00:00\",\"mainEntityOfPage\":{\"@id\":\"https:\/\/acrimat.org.br\/portal\/novo-status-sanitario-anima-exportadores\/\"},\"wordCount\":337,\"publisher\":{\"@id\":\"https:\/\/acrimat.org.br\/portal\/#organization\"},\"image\":{\"@id\":\"https:\/\/acrimat.org.br\/portal\/novo-status-sanitario-anima-exportadores\/#primaryimage\"},\"thumbnailUrl\":\"https:\/\/acrimat.org.br\/portal\/wp-content\/uploads\/2018\/01\/frigorifico-672x372.jpg\",\"articleSection\":[\"Destaques\",\"Not\u00edcias\"],\"inLanguage\":\"pt-BR\"},{\"@type\":\"WebPage\",\"@id\":\"https:\/\/acrimat.org.br\/portal\/novo-status-sanitario-anima-exportadores\/\",\"url\":\"https:\/\/acrimat.org.br\/portal\/novo-status-sanitario-anima-exportadores\/\",\"name\":\"Novo status sanit\u00e1rio anima exportadores - Acrimat\",\"isPartOf\":{\"@id\":\"https:\/\/acrimat.org.br\/portal\/#website\"},\"primaryImageOfPage\":{\"@id\":\"https:\/\/acrimat.org.br\/portal\/novo-status-sanitario-anima-exportadores\/#primaryimage\"},\"image\":{\"@id\":\"https:\/\/acrimat.org.br\/portal\/novo-status-sanitario-anima-exportadores\/#primaryimage\"},\"thumbnailUrl\":\"https:\/\/acrimat.org.br\/portal\/wp-content\/uploads\/2018\/01\/frigorifico-672x372.jpg\",\"datePublished\":\"2018-02-22T20:53:36+00:00\",\"breadcrumb\":{\"@id\":\"https:\/\/acrimat.org.br\/portal\/novo-status-sanitario-anima-exportadores\/#breadcrumb\"},\"inLanguage\":\"pt-BR\",\"potentialAction\":[{\"@type\":\"ReadAction\",\"target\":[\"https:\/\/acrimat.org.br\/portal\/novo-status-sanitario-anima-exportadores\/\"]}]},{\"@type\":\"ImageObject\",\"inLanguage\":\"pt-BR\",\"@id\":\"https:\/\/acrimat.org.br\/portal\/novo-status-sanitario-anima-exportadores\/#primaryimage\",\"url\":\"https:\/\/acrimat.org.br\/portal\/wp-content\/uploads\/2018\/01\/frigorifico-672x372.jpg\",\"contentUrl\":\"https:\/\/acrimat.org.br\/portal\/wp-content\/uploads\/2018\/01\/frigorifico-672x372.jpg\",\"width\":672,\"height\":372},{\"@type\":\"BreadcrumbList\",\"@id\":\"https:\/\/acrimat.org.br\/portal\/novo-status-sanitario-anima-exportadores\/#breadcrumb\",\"itemListElement\":[{\"@type\":\"ListItem\",\"position\":1,\"name\":\"In\u00edcio\",\"item\":\"https:\/\/acrimat.org.br\/portal\/\"},{\"@type\":\"ListItem\",\"position\":2,\"name\":\"Novo status sanit\u00e1rio anima exportadores\"}]},{\"@type\":\"WebSite\",\"@id\":\"https:\/\/acrimat.org.br\/portal\/#website\",\"url\":\"https:\/\/acrimat.org.br\/portal\/\",\"name\":\"Acrimat\",\"description\":\"Associa\u00e7\u00e3o dos Criadores de Mato Grosso\",\"publisher\":{\"@id\":\"https:\/\/acrimat.org.br\/portal\/#organization\"},\"potentialAction\":[{\"@type\":\"SearchAction\",\"target\":{\"@type\":\"EntryPoint\",\"urlTemplate\":\"https:\/\/acrimat.org.br\/portal\/?s={search_term_string}\"},\"query-input\":{\"@type\":\"PropertyValueSpecification\",\"valueRequired\":true,\"valueName\":\"search_term_string\"}}],\"inLanguage\":\"pt-BR\"},{\"@type\":\"Organization\",\"@id\":\"https:\/\/acrimat.org.br\/portal\/#organization\",\"name\":\"Associa\u00e7\u00e3o dos Criadores de Mato Grosso\",\"url\":\"https:\/\/acrimat.org.br\/portal\/\",\"logo\":{\"@type\":\"ImageObject\",\"inLanguage\":\"pt-BR\",\"@id\":\"https:\/\/acrimat.org.br\/portal\/#\/schema\/logo\/image\/\",\"url\":\"https:\/\/acrimat.org.br\/portal\/wp-content\/uploads\/2018\/03\/logo-peq-original.png\",\"contentUrl\":\"https:\/\/acrimat.org.br\/portal\/wp-content\/uploads\/2018\/03\/logo-peq-original.png\",\"width\":174,\"height\":171,\"caption\":\"Associa\u00e7\u00e3o dos Criadores de Mato Grosso\"},\"image\":{\"@id\":\"https:\/\/acrimat.org.br\/portal\/#\/schema\/logo\/image\/\"}},{\"@type\":\"Person\",\"@id\":\"https:\/\/acrimat.org.br\/portal\/#\/schema\/person\/a309b9496344ff991e8e1b1d751fdd7b\",\"name\":\"Assessoria de comunica\u00e7\u00e3o ACRIMAT\",\"image\":{\"@type\":\"ImageObject\",\"inLanguage\":\"pt-BR\",\"@id\":\"https:\/\/acrimat.org.br\/portal\/#\/schema\/person\/image\/\",\"url\":\"https:\/\/secure.gravatar.com\/avatar\/2f9c28e64c317bcd762b25cb1575f1b4?s=96&d=mm&r=g\",\"contentUrl\":\"https:\/\/secure.gravatar.com\/avatar\/2f9c28e64c317bcd762b25cb1575f1b4?s=96&d=mm&r=g\",\"caption\":\"Assessoria de comunica\u00e7\u00e3o ACRIMAT\"},\"sameAs\":[\"http:\/\/acrimat.org.br\/\"],\"url\":\"https:\/\/acrimat.org.br\/portal\/author\/ascom\/\"}]}<\/script>\n<!-- \/ Yoast SEO plugin. -->","yoast_head_json":{"title":"Novo status sanit\u00e1rio anima exportadores - Acrimat","robots":{"index":"index","follow":"follow","max-snippet":"max-snippet:-1","max-image-preview":"max-image-preview:large","max-video-preview":"max-video-preview:-1"},"canonical":"https:\/\/acrimat.org.br\/portal\/novo-status-sanitario-anima-exportadores\/","og_locale":"pt_BR","og_type":"article","og_title":"Novo status sanit\u00e1rio anima exportadores - Acrimat","og_description":"Entidades de MT acreditam que status livre de aftosa com vacina\u00e7\u00e3o abrir\u00e1 novos mercados para carne brasileira","og_url":"https:\/\/acrimat.org.br\/portal\/novo-status-sanitario-anima-exportadores\/","og_site_name":"Acrimat","article_published_time":"2018-02-22T20:53:36+00:00","og_image":[{"width":672,"height":372,"url":"https:\/\/acrimat.org.br\/portal\/wp-content\/uploads\/2018\/01\/frigorifico-672x372.jpg","type":"image\/jpeg"}],"author":"Assessoria de comunica\u00e7\u00e3o ACRIMAT","twitter_card":"summary_large_image","twitter_misc":{"Escrito por":"Assessoria de comunica\u00e7\u00e3o ACRIMAT","Est. tempo de leitura":"2 minutos"},"schema":{"@context":"https:\/\/schema.org","@graph":[{"@type":"Article","@id":"https:\/\/acrimat.org.br\/portal\/novo-status-sanitario-anima-exportadores\/#article","isPartOf":{"@id":"https:\/\/acrimat.org.br\/portal\/novo-status-sanitario-anima-exportadores\/"},"author":{"name":"Assessoria de comunica\u00e7\u00e3o ACRIMAT","@id":"https:\/\/acrimat.org.br\/portal\/#\/schema\/person\/a309b9496344ff991e8e1b1d751fdd7b"},"headline":"Novo status sanit\u00e1rio anima exportadores","datePublished":"2018-02-22T20:53:36+00:00","mainEntityOfPage":{"@id":"https:\/\/acrimat.org.br\/portal\/novo-status-sanitario-anima-exportadores\/"},"wordCount":337,"publisher":{"@id":"https:\/\/acrimat.org.br\/portal\/#organization"},"image":{"@id":"https:\/\/acrimat.org.br\/portal\/novo-status-sanitario-anima-exportadores\/#primaryimage"},"thumbnailUrl":"https:\/\/acrimat.org.br\/portal\/wp-content\/uploads\/2018\/01\/frigorifico-672x372.jpg","articleSection":["Destaques","Not\u00edcias"],"inLanguage":"pt-BR"},{"@type":"WebPage","@id":"https:\/\/acrimat.org.br\/portal\/novo-status-sanitario-anima-exportadores\/","url":"https:\/\/acrimat.org.br\/portal\/novo-status-sanitario-anima-exportadores\/","name":"Novo status sanit\u00e1rio anima exportadores - Acrimat","isPartOf":{"@id":"https:\/\/acrimat.org.br\/portal\/#website"},"primaryImageOfPage":{"@id":"https:\/\/acrimat.org.br\/portal\/novo-status-sanitario-anima-exportadores\/#primaryimage"},"image":{"@id":"https:\/\/acrimat.org.br\/portal\/novo-status-sanitario-anima-exportadores\/#primaryimage"},"thumbnailUrl":"https:\/\/acrimat.org.br\/portal\/wp-content\/uploads\/2018\/01\/frigorifico-672x372.jpg","datePublished":"2018-02-22T20:53:36+00:00","breadcrumb":{"@id":"https:\/\/acrimat.org.br\/portal\/novo-status-sanitario-anima-exportadores\/#breadcrumb"},"inLanguage":"pt-BR","potentialAction":[{"@type":"ReadAction","target":["https:\/\/acrimat.org.br\/portal\/novo-status-sanitario-anima-exportadores\/"]}]},{"@type":"ImageObject","inLanguage":"pt-BR","@id":"https:\/\/acrimat.org.br\/portal\/novo-status-sanitario-anima-exportadores\/#primaryimage","url":"https:\/\/acrimat.org.br\/portal\/wp-content\/uploads\/2018\/01\/frigorifico-672x372.jpg","contentUrl":"https:\/\/acrimat.org.br\/portal\/wp-content\/uploads\/2018\/01\/frigorifico-672x372.jpg","width":672,"height":372},{"@type":"BreadcrumbList","@id":"https:\/\/acrimat.org.br\/portal\/novo-status-sanitario-anima-exportadores\/#breadcrumb","itemListElement":[{"@type":"ListItem","position":1,"name":"In\u00edcio","item":"https:\/\/acrimat.org.br\/portal\/"},{"@type":"ListItem","position":2,"name":"Novo status sanit\u00e1rio anima exportadores"}]},{"@type":"WebSite","@id":"https:\/\/acrimat.org.br\/portal\/#website","url":"https:\/\/acrimat.org.br\/portal\/","name":"Acrimat","description":"Associa\u00e7\u00e3o dos Criadores de Mato Grosso","publisher":{"@id":"https:\/\/acrimat.org.br\/portal\/#organization"},"potentialAction":[{"@type":"SearchAction","target":{"@type":"EntryPoint","urlTemplate":"https:\/\/acrimat.org.br\/portal\/?s={search_term_string}"},"query-input":{"@type":"PropertyValueSpecification","valueRequired":true,"valueName":"search_term_string"}}],"inLanguage":"pt-BR"},{"@type":"Organization","@id":"https:\/\/acrimat.org.br\/portal\/#organization","name":"Associa\u00e7\u00e3o dos Criadores de Mato Grosso","url":"https:\/\/acrimat.org.br\/portal\/","logo":{"@type":"ImageObject","inLanguage":"pt-BR","@id":"https:\/\/acrimat.org.br\/portal\/#\/schema\/logo\/image\/","url":"https:\/\/acrimat.org.br\/portal\/wp-content\/uploads\/2018\/03\/logo-peq-original.png","contentUrl":"https:\/\/acrimat.org.br\/portal\/wp-content\/uploads\/2018\/03\/logo-peq-original.png","width":174,"height":171,"caption":"Associa\u00e7\u00e3o dos Criadores de Mato Grosso"},"image":{"@id":"https:\/\/acrimat.org.br\/portal\/#\/schema\/logo\/image\/"}},{"@type":"Person","@id":"https:\/\/acrimat.org.br\/portal\/#\/schema\/person\/a309b9496344ff991e8e1b1d751fdd7b","name":"Assessoria de comunica\u00e7\u00e3o ACRIMAT","image":{"@type":"ImageObject","inLanguage":"pt-BR","@id":"https:\/\/acrimat.org.br\/portal\/#\/schema\/person\/image\/","url":"https:\/\/secure.gravatar.com\/avatar\/2f9c28e64c317bcd762b25cb1575f1b4?s=96&d=mm&r=g","contentUrl":"https:\/\/secure.gravatar.com\/avatar\/2f9c28e64c317bcd762b25cb1575f1b4?s=96&d=mm&r=g","caption":"Assessoria de comunica\u00e7\u00e3o ACRIMAT"},"sameAs":["http:\/\/acrimat.org.br\/"],"url":"https:\/\/acrimat.org.br\/portal\/author\/ascom\/"}]}},"_links":{"self":[{"href":"https:\/\/acrimat.org.br\/portal\/wp-json\/wp\/v2\/posts\/97985987","targetHints":{"allow":["GET"]}}],"collection":[{"href":"https:\/\/acrimat.org.br\/portal\/wp-json\/wp\/v2\/posts"}],"about":[{"href":"https:\/\/acrimat.org.br\/portal\/wp-json\/wp\/v2\/types\/post"}],"author":[{"embeddable":true,"href":"https:\/\/acrimat.org.br\/portal\/wp-json\/wp\/v2\/users\/7"}],"replies":[{"embeddable":true,"href":"https:\/\/acrimat.org.br\/portal\/wp-json\/wp\/v2\/comments?post=97985987"}],"version-history":[{"count":1,"href":"https:\/\/acrimat.org.br\/portal\/wp-json\/wp\/v2\/posts\/97985987\/revisions"}],"predecessor-version":[{"id":97985988,"href":"https:\/\/acrimat.org.br\/portal\/wp-json\/wp\/v2\/posts\/97985987\/revisions\/97985988"}],"wp:featuredmedia":[{"embeddable":true,"href":"https:\/\/acrimat.org.br\/portal\/wp-json\/wp\/v2\/media\/97985477"}],"wp:attachment":[{"href":"https:\/\/acrimat.org.br\/portal\/wp-json\/wp\/v2\/media?parent=97985987"}],"wp:term":[{"taxonomy":"category","embeddable":true,"href":"https:\/\/acrimat.org.br\/portal\/wp-json\/wp\/v2\/categories?post=97985987"},{"taxonomy":"post_tag","embeddable":true,"href":"https:\/\/acrimat.org.br\/portal\/wp-json\/wp\/v2\/tags?post=97985987"}],"curies":[{"name":"wp","href":"https:\/\/api.w.org\/{rel}","templated":true}]}}