{"id":97985994,"date":"2018-02-23T12:04:53","date_gmt":"2018-02-23T15:04:53","guid":{"rendered":"http:\/\/acrimat.org.br\/portal\/?p=97985994"},"modified":"2018-02-23T12:04:53","modified_gmt":"2018-02-23T15:04:53","slug":"para-banco-producao-nacional-de-carne-bovina-sobe-5-neste-ano","status":"publish","type":"post","link":"https:\/\/acrimat.org.br\/portal\/para-banco-producao-nacional-de-carne-bovina-sobe-5-neste-ano\/","title":{"rendered":"Para banco, produ\u00e7\u00e3o nacional de carne bovina sobe 5% neste ano"},"content":{"rendered":"<p>A produ\u00e7\u00e3o brasileira de carne bovina dever\u00e1 crescer 5% neste ano.\u00a0O aumento dos abates, devido \u00e0 redu\u00e7\u00e3o dos pre\u00e7os internos de\u00a0bezerros, ser\u00e1 um dos fatores dessa evolu\u00e7\u00e3o, segundo avalia\u00e7\u00e3o do\u00a0Rabobank, banco especializado em agroneg\u00f3cio. Em 2017, os pre\u00e7os\u00a0m\u00e9dios dos bezerros ca\u00edram 11%.<br \/>\nA demanda dever\u00e1 manter-se favor\u00e1vel. Isso porque a retomada da\u00a0economia brasileira d\u00e1 suporte \u00e0 recupera\u00e7\u00e3o do consumo interno.\u00a0Do lado do mercado externo, a demanda pelo produto brasileiro\u00a0continua favor\u00e1vel, principalmente na \u00c1sia.<br \/>\nAs exporta\u00e7\u00f5es brasileiras de carne bovina aumentaram 9% no ano\u00a0passado, e os pre\u00e7os subiram 4%, segundo o Rabobank.<br \/>\nA China, um dos principais mercados para o Brasil, manteve uma\u00a0demanda intensa nos \u00faltimos trimestres. As estat\u00edsticas do governo\u00a0indicam importa\u00e7\u00f5es de 695 mil toneladas no ano passado, 20%\u00a0mais do que em 2016.<br \/>\nBoa parte dessa carne saiu da Am\u00e9rica do Sul, principalmente do\u00a0Brasil e do Uruguai. A Argentina dever\u00e1 aumentar sua presen\u00e7a no\u00a0mercado chin\u00eas a partir deste ano.<br \/>\nA Austr\u00e1lia, um importante participante do mercado mundial, est\u00e1\u00a0sendo afetada por seca em algumas regi\u00f5es do pa\u00eds. As exporta\u00e7\u00f5es\u00a0australianas, refletindo o aumento de produ\u00e7\u00e3o, subiram 3% no ano\u00a0passado.<br \/>\nA oferta de carne bovina sobe na Uni\u00e3o Europeia, devido ao\u00a0aumento de produ\u00e7\u00e3o e de importa\u00e7\u00e3o.<br \/>\nNos Estados Unidos, o setor come\u00e7a 2018 com um otimismo\u00a0cauteloso, ap\u00f3s ter registrado o segundo ano mais lucrativo em 2017,\u00a0de acordo com os analistas do banco.<br \/>\nUma expans\u00e3o menor do que o previsto no rebanho limita a oferta e\u00a0cria expectativas melhores para os produtores no segundo semestre.\u00a0Estoque mundial recorde de trigo inibe alta de pre\u00e7os no\u00a0Brasil.<br \/>\nEm algumas semanas, os produtores paranaenses come\u00e7am o\u00a0plantio do trigo. A Conab (Companhia Nacional de Abastecimento)\u00a0prev\u00ea, mais uma vez, uma produ\u00e7\u00e3o inferior a 5 milh\u00f5es de\u00a0toneladas.<br \/>\nSe confirmado esse volume, o pa\u00eds ter\u00e1 de importar pelo menos 7\u00a0milh\u00f5es de toneladas do cereal para complementar a demanda\u00a0interna.<br \/>\nUma produ\u00e7\u00e3o t\u00e3o pequena poderia dar suporte aos pre\u00e7os internos\u00a0e trazer liquidez aos produtores. A situa\u00e7\u00e3o externa, no entanto, n\u00e3o\u00a0favorece esse cen\u00e1rio.<br \/>\nA produ\u00e7\u00e3o mundial de trigo sobe para o recorde de 758 milh\u00f5es de\u00a0toneladas, e o estoque no final da safra, tamb\u00e9m recorde, fica em\u00a0266 milh\u00f5es.<br \/>\nCom produ\u00e7\u00e3o e volume t\u00e3o elevados, os pre\u00e7os n\u00e3o devem reagir.\u00a0Nesta quinta-feira (22), o primeiro contrato do cereal esteve em US$\u00a03,67 por bushel (27,2 quilos) na Bolsa de Chicago, 1% menos do que\u00a0em igual per\u00edodo de 2017.<br \/>\nO maior perigo para os produtores vem da Argentina. Ap\u00f3s o pa\u00eds\u00a0amargar redu\u00e7\u00e3o de produ\u00e7\u00e3o, que chegou a ficar abaixo de 9\u00a0milh\u00f5es de toneladas, o cen\u00e1rio tem estado mais otimista para eles\u00a0nos \u00faltimos anos.<br \/>\nNa safra de 2017\/18, os argentinos colheram o recorde de 17,5\u00a0milh\u00f5es de toneladas, segundo dados do Usda (Departamento de\u00a0Agricultura dos Estados Unidos).<br \/>\nOs dados mais recentes da Conab, divulgados neste m\u00eas, apontam\u00a0estabilidade na \u00e1rea a ser semeada no Brasil, que dever\u00e1 ser de 1,92\u00a0milh\u00e3o de hectares.<br \/>\nO aumento da produtividade, por\u00e9m, dever\u00e1 elevar a produ\u00e7\u00e3o\u00a0nacional para 4,7 milh\u00f5es de toneladas, 9% mais do que a da safra\u00a0anterior.<br \/>\nAo todo, as ind\u00fastrias v\u00e3o processar 11 milh\u00f5es de toneladas do gr\u00e3o,\u00a0e o pa\u00eds importar\u00e1 um volume pr\u00f3ximo ao do ano passado, que foi de\u00a07,2 milh\u00f5es de toneladas.<\/p>\n","protected":false},"excerpt":{"rendered":"<p>Procura pelo produto aumenta com retomada da economia,<br \/>\ne \u00c1sia impulsiona exporta\u00e7\u00f5es<\/p>\n","protected":false},"author":7,"featured_media":97984538,"comment_status":"closed","ping_status":"closed","sticky":false,"template":"","format":"standard","meta":{"footnotes":""},"categories":[6,1],"tags":[],"class_list":["post-97985994","post","type-post","status-publish","format-standard","has-post-thumbnail","hentry","category-destaque","category-noticia"],"yoast_head":"<!-- This site is optimized with the Yoast SEO plugin v24.8.1 - https:\/\/yoast.com\/wordpress\/plugins\/seo\/ -->\n<title>Para banco, produ\u00e7\u00e3o nacional de carne bovina sobe 5% neste ano - Acrimat<\/title>\n<meta name=\"robots\" content=\"index, follow, max-snippet:-1, max-image-preview:large, max-video-preview:-1\" \/>\n<link rel=\"canonical\" href=\"https:\/\/acrimat.org.br\/portal\/para-banco-producao-nacional-de-carne-bovina-sobe-5-neste-ano\/\" \/>\n<meta property=\"og:locale\" content=\"pt_BR\" \/>\n<meta property=\"og:type\" content=\"article\" \/>\n<meta property=\"og:title\" content=\"Para banco, produ\u00e7\u00e3o nacional de carne bovina sobe 5% neste ano - Acrimat\" \/>\n<meta property=\"og:description\" content=\"Procura pelo produto aumenta com retomada da economia, e \u00c1sia impulsiona exporta\u00e7\u00f5es\" \/>\n<meta property=\"og:url\" content=\"https:\/\/acrimat.org.br\/portal\/para-banco-producao-nacional-de-carne-bovina-sobe-5-neste-ano\/\" \/>\n<meta property=\"og:site_name\" content=\"Acrimat\" \/>\n<meta property=\"article:published_time\" content=\"2018-02-23T15:04:53+00:00\" \/>\n<meta property=\"og:image\" content=\"https:\/\/acrimat.org.br\/portal\/wp-content\/uploads\/2017\/10\/frigorifico4.jpg\" \/>\n\t<meta property=\"og:image:width\" content=\"640\" \/>\n\t<meta property=\"og:image:height\" content=\"440\" \/>\n\t<meta property=\"og:image:type\" content=\"image\/jpeg\" \/>\n<meta name=\"author\" content=\"Assessoria de comunica\u00e7\u00e3o ACRIMAT\" \/>\n<meta name=\"twitter:card\" content=\"summary_large_image\" \/>\n<meta name=\"twitter:label1\" content=\"Escrito por\" \/>\n\t<meta name=\"twitter:data1\" content=\"Assessoria de comunica\u00e7\u00e3o ACRIMAT\" \/>\n\t<meta name=\"twitter:label2\" content=\"Est. tempo de leitura\" \/>\n\t<meta name=\"twitter:data2\" content=\"3 minutos\" \/>\n<script type=\"application\/ld+json\" class=\"yoast-schema-graph\">{\"@context\":\"https:\/\/schema.org\",\"@graph\":[{\"@type\":\"Article\",\"@id\":\"https:\/\/acrimat.org.br\/portal\/para-banco-producao-nacional-de-carne-bovina-sobe-5-neste-ano\/#article\",\"isPartOf\":{\"@id\":\"https:\/\/acrimat.org.br\/portal\/para-banco-producao-nacional-de-carne-bovina-sobe-5-neste-ano\/\"},\"author\":{\"name\":\"Assessoria de comunica\u00e7\u00e3o ACRIMAT\",\"@id\":\"https:\/\/acrimat.org.br\/portal\/#\/schema\/person\/a309b9496344ff991e8e1b1d751fdd7b\"},\"headline\":\"Para banco, produ\u00e7\u00e3o nacional de carne bovina sobe 5% neste ano\",\"datePublished\":\"2018-02-23T15:04:53+00:00\",\"mainEntityOfPage\":{\"@id\":\"https:\/\/acrimat.org.br\/portal\/para-banco-producao-nacional-de-carne-bovina-sobe-5-neste-ano\/\"},\"wordCount\":604,\"publisher\":{\"@id\":\"https:\/\/acrimat.org.br\/portal\/#organization\"},\"image\":{\"@id\":\"https:\/\/acrimat.org.br\/portal\/para-banco-producao-nacional-de-carne-bovina-sobe-5-neste-ano\/#primaryimage\"},\"thumbnailUrl\":\"https:\/\/acrimat.org.br\/portal\/wp-content\/uploads\/2017\/10\/frigorifico4.jpg\",\"articleSection\":[\"Destaques\",\"Not\u00edcias\"],\"inLanguage\":\"pt-BR\"},{\"@type\":\"WebPage\",\"@id\":\"https:\/\/acrimat.org.br\/portal\/para-banco-producao-nacional-de-carne-bovina-sobe-5-neste-ano\/\",\"url\":\"https:\/\/acrimat.org.br\/portal\/para-banco-producao-nacional-de-carne-bovina-sobe-5-neste-ano\/\",\"name\":\"Para banco, produ\u00e7\u00e3o nacional de carne bovina sobe 5% neste ano - Acrimat\",\"isPartOf\":{\"@id\":\"https:\/\/acrimat.org.br\/portal\/#website\"},\"primaryImageOfPage\":{\"@id\":\"https:\/\/acrimat.org.br\/portal\/para-banco-producao-nacional-de-carne-bovina-sobe-5-neste-ano\/#primaryimage\"},\"image\":{\"@id\":\"https:\/\/acrimat.org.br\/portal\/para-banco-producao-nacional-de-carne-bovina-sobe-5-neste-ano\/#primaryimage\"},\"thumbnailUrl\":\"https:\/\/acrimat.org.br\/portal\/wp-content\/uploads\/2017\/10\/frigorifico4.jpg\",\"datePublished\":\"2018-02-23T15:04:53+00:00\",\"breadcrumb\":{\"@id\":\"https:\/\/acrimat.org.br\/portal\/para-banco-producao-nacional-de-carne-bovina-sobe-5-neste-ano\/#breadcrumb\"},\"inLanguage\":\"pt-BR\",\"potentialAction\":[{\"@type\":\"ReadAction\",\"target\":[\"https:\/\/acrimat.org.br\/portal\/para-banco-producao-nacional-de-carne-bovina-sobe-5-neste-ano\/\"]}]},{\"@type\":\"ImageObject\",\"inLanguage\":\"pt-BR\",\"@id\":\"https:\/\/acrimat.org.br\/portal\/para-banco-producao-nacional-de-carne-bovina-sobe-5-neste-ano\/#primaryimage\",\"url\":\"https:\/\/acrimat.org.br\/portal\/wp-content\/uploads\/2017\/10\/frigorifico4.jpg\",\"contentUrl\":\"https:\/\/acrimat.org.br\/portal\/wp-content\/uploads\/2017\/10\/frigorifico4.jpg\",\"width\":640,\"height\":440},{\"@type\":\"BreadcrumbList\",\"@id\":\"https:\/\/acrimat.org.br\/portal\/para-banco-producao-nacional-de-carne-bovina-sobe-5-neste-ano\/#breadcrumb\",\"itemListElement\":[{\"@type\":\"ListItem\",\"position\":1,\"name\":\"In\u00edcio\",\"item\":\"https:\/\/acrimat.org.br\/portal\/\"},{\"@type\":\"ListItem\",\"position\":2,\"name\":\"Para banco, produ\u00e7\u00e3o nacional de carne bovina sobe 5% neste ano\"}]},{\"@type\":\"WebSite\",\"@id\":\"https:\/\/acrimat.org.br\/portal\/#website\",\"url\":\"https:\/\/acrimat.org.br\/portal\/\",\"name\":\"Acrimat\",\"description\":\"Associa\u00e7\u00e3o dos Criadores de Mato Grosso\",\"publisher\":{\"@id\":\"https:\/\/acrimat.org.br\/portal\/#organization\"},\"potentialAction\":[{\"@type\":\"SearchAction\",\"target\":{\"@type\":\"EntryPoint\",\"urlTemplate\":\"https:\/\/acrimat.org.br\/portal\/?s={search_term_string}\"},\"query-input\":{\"@type\":\"PropertyValueSpecification\",\"valueRequired\":true,\"valueName\":\"search_term_string\"}}],\"inLanguage\":\"pt-BR\"},{\"@type\":\"Organization\",\"@id\":\"https:\/\/acrimat.org.br\/portal\/#organization\",\"name\":\"Associa\u00e7\u00e3o dos Criadores de Mato Grosso\",\"url\":\"https:\/\/acrimat.org.br\/portal\/\",\"logo\":{\"@type\":\"ImageObject\",\"inLanguage\":\"pt-BR\",\"@id\":\"https:\/\/acrimat.org.br\/portal\/#\/schema\/logo\/image\/\",\"url\":\"https:\/\/acrimat.org.br\/portal\/wp-content\/uploads\/2018\/03\/logo-peq-original.png\",\"contentUrl\":\"https:\/\/acrimat.org.br\/portal\/wp-content\/uploads\/2018\/03\/logo-peq-original.png\",\"width\":174,\"height\":171,\"caption\":\"Associa\u00e7\u00e3o dos Criadores de Mato Grosso\"},\"image\":{\"@id\":\"https:\/\/acrimat.org.br\/portal\/#\/schema\/logo\/image\/\"}},{\"@type\":\"Person\",\"@id\":\"https:\/\/acrimat.org.br\/portal\/#\/schema\/person\/a309b9496344ff991e8e1b1d751fdd7b\",\"name\":\"Assessoria de comunica\u00e7\u00e3o ACRIMAT\",\"image\":{\"@type\":\"ImageObject\",\"inLanguage\":\"pt-BR\",\"@id\":\"https:\/\/acrimat.org.br\/portal\/#\/schema\/person\/image\/\",\"url\":\"https:\/\/secure.gravatar.com\/avatar\/2f9c28e64c317bcd762b25cb1575f1b4?s=96&d=mm&r=g\",\"contentUrl\":\"https:\/\/secure.gravatar.com\/avatar\/2f9c28e64c317bcd762b25cb1575f1b4?s=96&d=mm&r=g\",\"caption\":\"Assessoria de comunica\u00e7\u00e3o ACRIMAT\"},\"sameAs\":[\"http:\/\/acrimat.org.br\/\"],\"url\":\"https:\/\/acrimat.org.br\/portal\/author\/ascom\/\"}]}<\/script>\n<!-- \/ Yoast SEO plugin. -->","yoast_head_json":{"title":"Para banco, produ\u00e7\u00e3o nacional de carne bovina sobe 5% neste ano - Acrimat","robots":{"index":"index","follow":"follow","max-snippet":"max-snippet:-1","max-image-preview":"max-image-preview:large","max-video-preview":"max-video-preview:-1"},"canonical":"https:\/\/acrimat.org.br\/portal\/para-banco-producao-nacional-de-carne-bovina-sobe-5-neste-ano\/","og_locale":"pt_BR","og_type":"article","og_title":"Para banco, produ\u00e7\u00e3o nacional de carne bovina sobe 5% neste ano - Acrimat","og_description":"Procura pelo produto aumenta com retomada da economia, e \u00c1sia impulsiona exporta\u00e7\u00f5es","og_url":"https:\/\/acrimat.org.br\/portal\/para-banco-producao-nacional-de-carne-bovina-sobe-5-neste-ano\/","og_site_name":"Acrimat","article_published_time":"2018-02-23T15:04:53+00:00","og_image":[{"width":640,"height":440,"url":"https:\/\/acrimat.org.br\/portal\/wp-content\/uploads\/2017\/10\/frigorifico4.jpg","type":"image\/jpeg"}],"author":"Assessoria de comunica\u00e7\u00e3o ACRIMAT","twitter_card":"summary_large_image","twitter_misc":{"Escrito por":"Assessoria de comunica\u00e7\u00e3o ACRIMAT","Est. tempo de leitura":"3 minutos"},"schema":{"@context":"https:\/\/schema.org","@graph":[{"@type":"Article","@id":"https:\/\/acrimat.org.br\/portal\/para-banco-producao-nacional-de-carne-bovina-sobe-5-neste-ano\/#article","isPartOf":{"@id":"https:\/\/acrimat.org.br\/portal\/para-banco-producao-nacional-de-carne-bovina-sobe-5-neste-ano\/"},"author":{"name":"Assessoria de comunica\u00e7\u00e3o ACRIMAT","@id":"https:\/\/acrimat.org.br\/portal\/#\/schema\/person\/a309b9496344ff991e8e1b1d751fdd7b"},"headline":"Para banco, produ\u00e7\u00e3o nacional de carne bovina sobe 5% neste ano","datePublished":"2018-02-23T15:04:53+00:00","mainEntityOfPage":{"@id":"https:\/\/acrimat.org.br\/portal\/para-banco-producao-nacional-de-carne-bovina-sobe-5-neste-ano\/"},"wordCount":604,"publisher":{"@id":"https:\/\/acrimat.org.br\/portal\/#organization"},"image":{"@id":"https:\/\/acrimat.org.br\/portal\/para-banco-producao-nacional-de-carne-bovina-sobe-5-neste-ano\/#primaryimage"},"thumbnailUrl":"https:\/\/acrimat.org.br\/portal\/wp-content\/uploads\/2017\/10\/frigorifico4.jpg","articleSection":["Destaques","Not\u00edcias"],"inLanguage":"pt-BR"},{"@type":"WebPage","@id":"https:\/\/acrimat.org.br\/portal\/para-banco-producao-nacional-de-carne-bovina-sobe-5-neste-ano\/","url":"https:\/\/acrimat.org.br\/portal\/para-banco-producao-nacional-de-carne-bovina-sobe-5-neste-ano\/","name":"Para banco, produ\u00e7\u00e3o nacional de carne bovina sobe 5% neste ano - Acrimat","isPartOf":{"@id":"https:\/\/acrimat.org.br\/portal\/#website"},"primaryImageOfPage":{"@id":"https:\/\/acrimat.org.br\/portal\/para-banco-producao-nacional-de-carne-bovina-sobe-5-neste-ano\/#primaryimage"},"image":{"@id":"https:\/\/acrimat.org.br\/portal\/para-banco-producao-nacional-de-carne-bovina-sobe-5-neste-ano\/#primaryimage"},"thumbnailUrl":"https:\/\/acrimat.org.br\/portal\/wp-content\/uploads\/2017\/10\/frigorifico4.jpg","datePublished":"2018-02-23T15:04:53+00:00","breadcrumb":{"@id":"https:\/\/acrimat.org.br\/portal\/para-banco-producao-nacional-de-carne-bovina-sobe-5-neste-ano\/#breadcrumb"},"inLanguage":"pt-BR","potentialAction":[{"@type":"ReadAction","target":["https:\/\/acrimat.org.br\/portal\/para-banco-producao-nacional-de-carne-bovina-sobe-5-neste-ano\/"]}]},{"@type":"ImageObject","inLanguage":"pt-BR","@id":"https:\/\/acrimat.org.br\/portal\/para-banco-producao-nacional-de-carne-bovina-sobe-5-neste-ano\/#primaryimage","url":"https:\/\/acrimat.org.br\/portal\/wp-content\/uploads\/2017\/10\/frigorifico4.jpg","contentUrl":"https:\/\/acrimat.org.br\/portal\/wp-content\/uploads\/2017\/10\/frigorifico4.jpg","width":640,"height":440},{"@type":"BreadcrumbList","@id":"https:\/\/acrimat.org.br\/portal\/para-banco-producao-nacional-de-carne-bovina-sobe-5-neste-ano\/#breadcrumb","itemListElement":[{"@type":"ListItem","position":1,"name":"In\u00edcio","item":"https:\/\/acrimat.org.br\/portal\/"},{"@type":"ListItem","position":2,"name":"Para banco, produ\u00e7\u00e3o nacional de carne bovina sobe 5% neste ano"}]},{"@type":"WebSite","@id":"https:\/\/acrimat.org.br\/portal\/#website","url":"https:\/\/acrimat.org.br\/portal\/","name":"Acrimat","description":"Associa\u00e7\u00e3o dos Criadores de Mato Grosso","publisher":{"@id":"https:\/\/acrimat.org.br\/portal\/#organization"},"potentialAction":[{"@type":"SearchAction","target":{"@type":"EntryPoint","urlTemplate":"https:\/\/acrimat.org.br\/portal\/?s={search_term_string}"},"query-input":{"@type":"PropertyValueSpecification","valueRequired":true,"valueName":"search_term_string"}}],"inLanguage":"pt-BR"},{"@type":"Organization","@id":"https:\/\/acrimat.org.br\/portal\/#organization","name":"Associa\u00e7\u00e3o dos Criadores de Mato Grosso","url":"https:\/\/acrimat.org.br\/portal\/","logo":{"@type":"ImageObject","inLanguage":"pt-BR","@id":"https:\/\/acrimat.org.br\/portal\/#\/schema\/logo\/image\/","url":"https:\/\/acrimat.org.br\/portal\/wp-content\/uploads\/2018\/03\/logo-peq-original.png","contentUrl":"https:\/\/acrimat.org.br\/portal\/wp-content\/uploads\/2018\/03\/logo-peq-original.png","width":174,"height":171,"caption":"Associa\u00e7\u00e3o dos Criadores de Mato Grosso"},"image":{"@id":"https:\/\/acrimat.org.br\/portal\/#\/schema\/logo\/image\/"}},{"@type":"Person","@id":"https:\/\/acrimat.org.br\/portal\/#\/schema\/person\/a309b9496344ff991e8e1b1d751fdd7b","name":"Assessoria de comunica\u00e7\u00e3o ACRIMAT","image":{"@type":"ImageObject","inLanguage":"pt-BR","@id":"https:\/\/acrimat.org.br\/portal\/#\/schema\/person\/image\/","url":"https:\/\/secure.gravatar.com\/avatar\/2f9c28e64c317bcd762b25cb1575f1b4?s=96&d=mm&r=g","contentUrl":"https:\/\/secure.gravatar.com\/avatar\/2f9c28e64c317bcd762b25cb1575f1b4?s=96&d=mm&r=g","caption":"Assessoria de comunica\u00e7\u00e3o ACRIMAT"},"sameAs":["http:\/\/acrimat.org.br\/"],"url":"https:\/\/acrimat.org.br\/portal\/author\/ascom\/"}]}},"_links":{"self":[{"href":"https:\/\/acrimat.org.br\/portal\/wp-json\/wp\/v2\/posts\/97985994","targetHints":{"allow":["GET"]}}],"collection":[{"href":"https:\/\/acrimat.org.br\/portal\/wp-json\/wp\/v2\/posts"}],"about":[{"href":"https:\/\/acrimat.org.br\/portal\/wp-json\/wp\/v2\/types\/post"}],"author":[{"embeddable":true,"href":"https:\/\/acrimat.org.br\/portal\/wp-json\/wp\/v2\/users\/7"}],"replies":[{"embeddable":true,"href":"https:\/\/acrimat.org.br\/portal\/wp-json\/wp\/v2\/comments?post=97985994"}],"version-history":[{"count":1,"href":"https:\/\/acrimat.org.br\/portal\/wp-json\/wp\/v2\/posts\/97985994\/revisions"}],"predecessor-version":[{"id":97985995,"href":"https:\/\/acrimat.org.br\/portal\/wp-json\/wp\/v2\/posts\/97985994\/revisions\/97985995"}],"wp:featuredmedia":[{"embeddable":true,"href":"https:\/\/acrimat.org.br\/portal\/wp-json\/wp\/v2\/media\/97984538"}],"wp:attachment":[{"href":"https:\/\/acrimat.org.br\/portal\/wp-json\/wp\/v2\/media?parent=97985994"}],"wp:term":[{"taxonomy":"category","embeddable":true,"href":"https:\/\/acrimat.org.br\/portal\/wp-json\/wp\/v2\/categories?post=97985994"},{"taxonomy":"post_tag","embeddable":true,"href":"https:\/\/acrimat.org.br\/portal\/wp-json\/wp\/v2\/tags?post=97985994"}],"curies":[{"name":"wp","href":"https:\/\/api.w.org\/{rel}","templated":true}]}}