{"id":97986163,"date":"2018-02-27T15:17:35","date_gmt":"2018-02-27T18:17:35","guid":{"rendered":"http:\/\/acrimat.org.br\/portal\/?p=97986163"},"modified":"2018-02-27T15:17:35","modified_gmt":"2018-02-27T18:17:35","slug":"setor-produtivo-elogia-decisao","status":"publish","type":"post","link":"https:\/\/acrimat.org.br\/portal\/setor-produtivo-elogia-decisao\/","title":{"rendered":"Setor produtivo elogia decis\u00e3o"},"content":{"rendered":"<p>O an\u00fancio de Blairo Maggi (PP) de que permanecer\u00e1 \u00e0 frente do Minist\u00e9rio da Agricultura, Pecu\u00e1ria e Abastecimento (Mapa) at\u00e9 o fim deste ano, quando finda o mandato do presidente Michel Temer (PMDB), \u00e9 considerada importante pelo setor agropecu\u00e1rio. Significa a continuidade dos trabalhos j\u00e1 realizados, vistos como um legado positivo entregue ao setor e ao pa\u00eds.<\/p>\n<p>O presidente da Federa\u00e7\u00e3o da Agricultura e Pecu\u00e1ria (Famato), Normando Corral, comenta que o ministro desempenhou papel de destaque na pasta de Agricultura e lamenta a sa\u00edda da vida p\u00fablica. \u201cA decis\u00e3o de permanecer como ministro \u00e9 \u00f3tima. Ele deve continuar desempenhando esse papel, que \u00e9 importante para o pa\u00eds\u201d.<\/p>\n<p>O presidente da Associa\u00e7\u00e3o dos Criadores de Mato Grosso (Acrimat), Marco T\u00falio Duarte Soares, tamb\u00e9m afirmou que a perman\u00eancia de Blairo Maggi \u00e0 frente do Minist\u00e9rio da Agricultura \u00e9 muito importante para a continuidade dos trabalhos realizados em prol do setor agropecu\u00e1rio. \u201cNo segmento da carne, por exemplo, o ministro foi fundamental para consolida\u00e7\u00e3o de mercados internacionais, principalmente em situa\u00e7\u00f5es como Opera\u00e7\u00e3o Carne Fraca e o bloqueio dos Estados Unidos. Al\u00e9m disso, regionalmente o ministro viabilizou a ades\u00e3o de Mato Grosso ao Sistema Brasileiro de Inspe\u00e7\u00e3o Sanit\u00e1ria, permitindo que ind\u00fastrias locais possam exportar para outro estados\u201d.<\/p>\n<p>O presidente da Associa\u00e7\u00e3o Mato-grossense dos Produtores de Algod\u00e3o, Alexandre Pedro Schenkel, destacou a lideran\u00e7a do ministro, papel considerado fundamental para a condu\u00e7\u00e3o do Minist\u00e9rio. \u201cPara n\u00f3s, da Ampa, \u00e9 importante termos uma pessoa como Blairo Maggi, um l\u00edder, \u00e0 frente do Mapa. Quanto \u00e0 sua decis\u00e3o de n\u00e3o participar da disputa eleitoral em 2018, consideramos que \u00e9 de car\u00e1ter pessoal e deve ser respeitada. Agradecemos pelos trabalhos positivos realizados por ele\u201d.<\/p>\n","protected":false},"excerpt":{"rendered":"<p>Blairo Maggi permanecer\u00e1 \u00e0 frente do Mapa at\u00e9 o fim deste ano<\/p>\n","protected":false},"author":7,"featured_media":97986164,"comment_status":"closed","ping_status":"closed","sticky":false,"template":"","format":"standard","meta":{"footnotes":""},"categories":[6,1],"tags":[],"class_list":["post-97986163","post","type-post","status-publish","format-standard","has-post-thumbnail","hentry","category-destaque","category-noticia"],"yoast_head":"<!-- This site is optimized with the Yoast SEO plugin v24.8.1 - https:\/\/yoast.com\/wordpress\/plugins\/seo\/ -->\n<title>Setor produtivo elogia decis\u00e3o - Acrimat<\/title>\n<meta name=\"robots\" content=\"index, follow, max-snippet:-1, max-image-preview:large, max-video-preview:-1\" \/>\n<link rel=\"canonical\" href=\"https:\/\/acrimat.org.br\/portal\/setor-produtivo-elogia-decisao\/\" \/>\n<meta property=\"og:locale\" content=\"pt_BR\" \/>\n<meta property=\"og:type\" content=\"article\" \/>\n<meta property=\"og:title\" content=\"Setor produtivo elogia decis\u00e3o - Acrimat\" \/>\n<meta property=\"og:description\" content=\"Blairo Maggi permanecer\u00e1 \u00e0 frente do Mapa at\u00e9 o fim deste ano\" \/>\n<meta property=\"og:url\" content=\"https:\/\/acrimat.org.br\/portal\/setor-produtivo-elogia-decisao\/\" \/>\n<meta property=\"og:site_name\" content=\"Acrimat\" \/>\n<meta property=\"article:published_time\" content=\"2018-02-27T18:17:35+00:00\" \/>\n<meta property=\"og:image\" content=\"https:\/\/acrimat.org.br\/portal\/wp-content\/uploads\/2018\/02\/ministerio-agricultura-20170516-.jpg\" \/>\n\t<meta property=\"og:image:width\" content=\"1081\" \/>\n\t<meta property=\"og:image:height\" content=\"714\" \/>\n\t<meta property=\"og:image:type\" content=\"image\/jpeg\" \/>\n<meta name=\"author\" content=\"Assessoria de comunica\u00e7\u00e3o ACRIMAT\" \/>\n<meta name=\"twitter:card\" content=\"summary_large_image\" \/>\n<meta name=\"twitter:label1\" content=\"Escrito por\" \/>\n\t<meta name=\"twitter:data1\" content=\"Assessoria de comunica\u00e7\u00e3o ACRIMAT\" \/>\n\t<meta name=\"twitter:label2\" content=\"Est. tempo de leitura\" \/>\n\t<meta name=\"twitter:data2\" content=\"1 minuto\" \/>\n<script type=\"application\/ld+json\" class=\"yoast-schema-graph\">{\"@context\":\"https:\/\/schema.org\",\"@graph\":[{\"@type\":\"Article\",\"@id\":\"https:\/\/acrimat.org.br\/portal\/setor-produtivo-elogia-decisao\/#article\",\"isPartOf\":{\"@id\":\"https:\/\/acrimat.org.br\/portal\/setor-produtivo-elogia-decisao\/\"},\"author\":{\"name\":\"Assessoria de comunica\u00e7\u00e3o ACRIMAT\",\"@id\":\"https:\/\/acrimat.org.br\/portal\/#\/schema\/person\/a309b9496344ff991e8e1b1d751fdd7b\"},\"headline\":\"Setor produtivo elogia decis\u00e3o\",\"datePublished\":\"2018-02-27T18:17:35+00:00\",\"mainEntityOfPage\":{\"@id\":\"https:\/\/acrimat.org.br\/portal\/setor-produtivo-elogia-decisao\/\"},\"wordCount\":304,\"publisher\":{\"@id\":\"https:\/\/acrimat.org.br\/portal\/#organization\"},\"image\":{\"@id\":\"https:\/\/acrimat.org.br\/portal\/setor-produtivo-elogia-decisao\/#primaryimage\"},\"thumbnailUrl\":\"https:\/\/acrimat.org.br\/portal\/wp-content\/uploads\/2018\/02\/ministerio-agricultura-20170516-.jpg\",\"articleSection\":[\"Destaques\",\"Not\u00edcias\"],\"inLanguage\":\"pt-BR\"},{\"@type\":\"WebPage\",\"@id\":\"https:\/\/acrimat.org.br\/portal\/setor-produtivo-elogia-decisao\/\",\"url\":\"https:\/\/acrimat.org.br\/portal\/setor-produtivo-elogia-decisao\/\",\"name\":\"Setor produtivo elogia decis\u00e3o - Acrimat\",\"isPartOf\":{\"@id\":\"https:\/\/acrimat.org.br\/portal\/#website\"},\"primaryImageOfPage\":{\"@id\":\"https:\/\/acrimat.org.br\/portal\/setor-produtivo-elogia-decisao\/#primaryimage\"},\"image\":{\"@id\":\"https:\/\/acrimat.org.br\/portal\/setor-produtivo-elogia-decisao\/#primaryimage\"},\"thumbnailUrl\":\"https:\/\/acrimat.org.br\/portal\/wp-content\/uploads\/2018\/02\/ministerio-agricultura-20170516-.jpg\",\"datePublished\":\"2018-02-27T18:17:35+00:00\",\"breadcrumb\":{\"@id\":\"https:\/\/acrimat.org.br\/portal\/setor-produtivo-elogia-decisao\/#breadcrumb\"},\"inLanguage\":\"pt-BR\",\"potentialAction\":[{\"@type\":\"ReadAction\",\"target\":[\"https:\/\/acrimat.org.br\/portal\/setor-produtivo-elogia-decisao\/\"]}]},{\"@type\":\"ImageObject\",\"inLanguage\":\"pt-BR\",\"@id\":\"https:\/\/acrimat.org.br\/portal\/setor-produtivo-elogia-decisao\/#primaryimage\",\"url\":\"https:\/\/acrimat.org.br\/portal\/wp-content\/uploads\/2018\/02\/ministerio-agricultura-20170516-.jpg\",\"contentUrl\":\"https:\/\/acrimat.org.br\/portal\/wp-content\/uploads\/2018\/02\/ministerio-agricultura-20170516-.jpg\",\"width\":1081,\"height\":714,\"caption\":\"The Agriculture Ministry headquarters building is seen in Brasilia, Brazil May 16, 2017. REUTERS\/Ueslei Marcelino\"},{\"@type\":\"BreadcrumbList\",\"@id\":\"https:\/\/acrimat.org.br\/portal\/setor-produtivo-elogia-decisao\/#breadcrumb\",\"itemListElement\":[{\"@type\":\"ListItem\",\"position\":1,\"name\":\"In\u00edcio\",\"item\":\"https:\/\/acrimat.org.br\/portal\/\"},{\"@type\":\"ListItem\",\"position\":2,\"name\":\"Setor produtivo elogia decis\u00e3o\"}]},{\"@type\":\"WebSite\",\"@id\":\"https:\/\/acrimat.org.br\/portal\/#website\",\"url\":\"https:\/\/acrimat.org.br\/portal\/\",\"name\":\"Acrimat\",\"description\":\"Associa\u00e7\u00e3o dos Criadores de Mato Grosso\",\"publisher\":{\"@id\":\"https:\/\/acrimat.org.br\/portal\/#organization\"},\"potentialAction\":[{\"@type\":\"SearchAction\",\"target\":{\"@type\":\"EntryPoint\",\"urlTemplate\":\"https:\/\/acrimat.org.br\/portal\/?s={search_term_string}\"},\"query-input\":{\"@type\":\"PropertyValueSpecification\",\"valueRequired\":true,\"valueName\":\"search_term_string\"}}],\"inLanguage\":\"pt-BR\"},{\"@type\":\"Organization\",\"@id\":\"https:\/\/acrimat.org.br\/portal\/#organization\",\"name\":\"Associa\u00e7\u00e3o dos Criadores de Mato Grosso\",\"url\":\"https:\/\/acrimat.org.br\/portal\/\",\"logo\":{\"@type\":\"ImageObject\",\"inLanguage\":\"pt-BR\",\"@id\":\"https:\/\/acrimat.org.br\/portal\/#\/schema\/logo\/image\/\",\"url\":\"https:\/\/acrimat.org.br\/portal\/wp-content\/uploads\/2018\/03\/logo-peq-original.png\",\"contentUrl\":\"https:\/\/acrimat.org.br\/portal\/wp-content\/uploads\/2018\/03\/logo-peq-original.png\",\"width\":174,\"height\":171,\"caption\":\"Associa\u00e7\u00e3o dos Criadores de Mato Grosso\"},\"image\":{\"@id\":\"https:\/\/acrimat.org.br\/portal\/#\/schema\/logo\/image\/\"}},{\"@type\":\"Person\",\"@id\":\"https:\/\/acrimat.org.br\/portal\/#\/schema\/person\/a309b9496344ff991e8e1b1d751fdd7b\",\"name\":\"Assessoria de comunica\u00e7\u00e3o ACRIMAT\",\"image\":{\"@type\":\"ImageObject\",\"inLanguage\":\"pt-BR\",\"@id\":\"https:\/\/acrimat.org.br\/portal\/#\/schema\/person\/image\/\",\"url\":\"https:\/\/secure.gravatar.com\/avatar\/2f9c28e64c317bcd762b25cb1575f1b4?s=96&d=mm&r=g\",\"contentUrl\":\"https:\/\/secure.gravatar.com\/avatar\/2f9c28e64c317bcd762b25cb1575f1b4?s=96&d=mm&r=g\",\"caption\":\"Assessoria de comunica\u00e7\u00e3o ACRIMAT\"},\"sameAs\":[\"http:\/\/acrimat.org.br\/\"],\"url\":\"https:\/\/acrimat.org.br\/portal\/author\/ascom\/\"}]}<\/script>\n<!-- \/ Yoast SEO plugin. -->","yoast_head_json":{"title":"Setor produtivo elogia decis\u00e3o - Acrimat","robots":{"index":"index","follow":"follow","max-snippet":"max-snippet:-1","max-image-preview":"max-image-preview:large","max-video-preview":"max-video-preview:-1"},"canonical":"https:\/\/acrimat.org.br\/portal\/setor-produtivo-elogia-decisao\/","og_locale":"pt_BR","og_type":"article","og_title":"Setor produtivo elogia decis\u00e3o - Acrimat","og_description":"Blairo Maggi permanecer\u00e1 \u00e0 frente do Mapa at\u00e9 o fim deste ano","og_url":"https:\/\/acrimat.org.br\/portal\/setor-produtivo-elogia-decisao\/","og_site_name":"Acrimat","article_published_time":"2018-02-27T18:17:35+00:00","og_image":[{"width":1081,"height":714,"url":"https:\/\/acrimat.org.br\/portal\/wp-content\/uploads\/2018\/02\/ministerio-agricultura-20170516-.jpg","type":"image\/jpeg"}],"author":"Assessoria de comunica\u00e7\u00e3o ACRIMAT","twitter_card":"summary_large_image","twitter_misc":{"Escrito por":"Assessoria de comunica\u00e7\u00e3o ACRIMAT","Est. tempo de leitura":"1 minuto"},"schema":{"@context":"https:\/\/schema.org","@graph":[{"@type":"Article","@id":"https:\/\/acrimat.org.br\/portal\/setor-produtivo-elogia-decisao\/#article","isPartOf":{"@id":"https:\/\/acrimat.org.br\/portal\/setor-produtivo-elogia-decisao\/"},"author":{"name":"Assessoria de comunica\u00e7\u00e3o ACRIMAT","@id":"https:\/\/acrimat.org.br\/portal\/#\/schema\/person\/a309b9496344ff991e8e1b1d751fdd7b"},"headline":"Setor produtivo elogia decis\u00e3o","datePublished":"2018-02-27T18:17:35+00:00","mainEntityOfPage":{"@id":"https:\/\/acrimat.org.br\/portal\/setor-produtivo-elogia-decisao\/"},"wordCount":304,"publisher":{"@id":"https:\/\/acrimat.org.br\/portal\/#organization"},"image":{"@id":"https:\/\/acrimat.org.br\/portal\/setor-produtivo-elogia-decisao\/#primaryimage"},"thumbnailUrl":"https:\/\/acrimat.org.br\/portal\/wp-content\/uploads\/2018\/02\/ministerio-agricultura-20170516-.jpg","articleSection":["Destaques","Not\u00edcias"],"inLanguage":"pt-BR"},{"@type":"WebPage","@id":"https:\/\/acrimat.org.br\/portal\/setor-produtivo-elogia-decisao\/","url":"https:\/\/acrimat.org.br\/portal\/setor-produtivo-elogia-decisao\/","name":"Setor produtivo elogia decis\u00e3o - Acrimat","isPartOf":{"@id":"https:\/\/acrimat.org.br\/portal\/#website"},"primaryImageOfPage":{"@id":"https:\/\/acrimat.org.br\/portal\/setor-produtivo-elogia-decisao\/#primaryimage"},"image":{"@id":"https:\/\/acrimat.org.br\/portal\/setor-produtivo-elogia-decisao\/#primaryimage"},"thumbnailUrl":"https:\/\/acrimat.org.br\/portal\/wp-content\/uploads\/2018\/02\/ministerio-agricultura-20170516-.jpg","datePublished":"2018-02-27T18:17:35+00:00","breadcrumb":{"@id":"https:\/\/acrimat.org.br\/portal\/setor-produtivo-elogia-decisao\/#breadcrumb"},"inLanguage":"pt-BR","potentialAction":[{"@type":"ReadAction","target":["https:\/\/acrimat.org.br\/portal\/setor-produtivo-elogia-decisao\/"]}]},{"@type":"ImageObject","inLanguage":"pt-BR","@id":"https:\/\/acrimat.org.br\/portal\/setor-produtivo-elogia-decisao\/#primaryimage","url":"https:\/\/acrimat.org.br\/portal\/wp-content\/uploads\/2018\/02\/ministerio-agricultura-20170516-.jpg","contentUrl":"https:\/\/acrimat.org.br\/portal\/wp-content\/uploads\/2018\/02\/ministerio-agricultura-20170516-.jpg","width":1081,"height":714,"caption":"The Agriculture Ministry headquarters building is seen in Brasilia, Brazil May 16, 2017. REUTERS\/Ueslei Marcelino"},{"@type":"BreadcrumbList","@id":"https:\/\/acrimat.org.br\/portal\/setor-produtivo-elogia-decisao\/#breadcrumb","itemListElement":[{"@type":"ListItem","position":1,"name":"In\u00edcio","item":"https:\/\/acrimat.org.br\/portal\/"},{"@type":"ListItem","position":2,"name":"Setor produtivo elogia decis\u00e3o"}]},{"@type":"WebSite","@id":"https:\/\/acrimat.org.br\/portal\/#website","url":"https:\/\/acrimat.org.br\/portal\/","name":"Acrimat","description":"Associa\u00e7\u00e3o dos Criadores de Mato Grosso","publisher":{"@id":"https:\/\/acrimat.org.br\/portal\/#organization"},"potentialAction":[{"@type":"SearchAction","target":{"@type":"EntryPoint","urlTemplate":"https:\/\/acrimat.org.br\/portal\/?s={search_term_string}"},"query-input":{"@type":"PropertyValueSpecification","valueRequired":true,"valueName":"search_term_string"}}],"inLanguage":"pt-BR"},{"@type":"Organization","@id":"https:\/\/acrimat.org.br\/portal\/#organization","name":"Associa\u00e7\u00e3o dos Criadores de Mato Grosso","url":"https:\/\/acrimat.org.br\/portal\/","logo":{"@type":"ImageObject","inLanguage":"pt-BR","@id":"https:\/\/acrimat.org.br\/portal\/#\/schema\/logo\/image\/","url":"https:\/\/acrimat.org.br\/portal\/wp-content\/uploads\/2018\/03\/logo-peq-original.png","contentUrl":"https:\/\/acrimat.org.br\/portal\/wp-content\/uploads\/2018\/03\/logo-peq-original.png","width":174,"height":171,"caption":"Associa\u00e7\u00e3o dos Criadores de Mato Grosso"},"image":{"@id":"https:\/\/acrimat.org.br\/portal\/#\/schema\/logo\/image\/"}},{"@type":"Person","@id":"https:\/\/acrimat.org.br\/portal\/#\/schema\/person\/a309b9496344ff991e8e1b1d751fdd7b","name":"Assessoria de comunica\u00e7\u00e3o ACRIMAT","image":{"@type":"ImageObject","inLanguage":"pt-BR","@id":"https:\/\/acrimat.org.br\/portal\/#\/schema\/person\/image\/","url":"https:\/\/secure.gravatar.com\/avatar\/2f9c28e64c317bcd762b25cb1575f1b4?s=96&d=mm&r=g","contentUrl":"https:\/\/secure.gravatar.com\/avatar\/2f9c28e64c317bcd762b25cb1575f1b4?s=96&d=mm&r=g","caption":"Assessoria de comunica\u00e7\u00e3o ACRIMAT"},"sameAs":["http:\/\/acrimat.org.br\/"],"url":"https:\/\/acrimat.org.br\/portal\/author\/ascom\/"}]}},"_links":{"self":[{"href":"https:\/\/acrimat.org.br\/portal\/wp-json\/wp\/v2\/posts\/97986163","targetHints":{"allow":["GET"]}}],"collection":[{"href":"https:\/\/acrimat.org.br\/portal\/wp-json\/wp\/v2\/posts"}],"about":[{"href":"https:\/\/acrimat.org.br\/portal\/wp-json\/wp\/v2\/types\/post"}],"author":[{"embeddable":true,"href":"https:\/\/acrimat.org.br\/portal\/wp-json\/wp\/v2\/users\/7"}],"replies":[{"embeddable":true,"href":"https:\/\/acrimat.org.br\/portal\/wp-json\/wp\/v2\/comments?post=97986163"}],"version-history":[{"count":1,"href":"https:\/\/acrimat.org.br\/portal\/wp-json\/wp\/v2\/posts\/97986163\/revisions"}],"predecessor-version":[{"id":97986165,"href":"https:\/\/acrimat.org.br\/portal\/wp-json\/wp\/v2\/posts\/97986163\/revisions\/97986165"}],"wp:featuredmedia":[{"embeddable":true,"href":"https:\/\/acrimat.org.br\/portal\/wp-json\/wp\/v2\/media\/97986164"}],"wp:attachment":[{"href":"https:\/\/acrimat.org.br\/portal\/wp-json\/wp\/v2\/media?parent=97986163"}],"wp:term":[{"taxonomy":"category","embeddable":true,"href":"https:\/\/acrimat.org.br\/portal\/wp-json\/wp\/v2\/categories?post=97986163"},{"taxonomy":"post_tag","embeddable":true,"href":"https:\/\/acrimat.org.br\/portal\/wp-json\/wp\/v2\/tags?post=97986163"}],"curies":[{"name":"wp","href":"https:\/\/api.w.org\/{rel}","templated":true}]}}