{"id":97986172,"date":"2018-02-28T10:58:40","date_gmt":"2018-02-28T13:58:40","guid":{"rendered":"http:\/\/acrimat.org.br\/portal\/?p=97986172"},"modified":"2018-02-28T11:04:49","modified_gmt":"2018-02-28T14:04:49","slug":"fpa-manifesta-a-preocupacao-do-setor-com-funrural-e-julgamento-do-codigo-florestal","status":"publish","type":"post","link":"https:\/\/acrimat.org.br\/portal\/fpa-manifesta-a-preocupacao-do-setor-com-funrural-e-julgamento-do-codigo-florestal\/","title":{"rendered":"FPA manifesta a preocupa\u00e7\u00e3o do setor com Funrural e julgamento do C\u00f3digo Florestal"},"content":{"rendered":"<p>Dois temas pol\u00eamicos tomaram conta da reuni\u00e3o da Frente Parlamentar da Agropecu\u00e1ria (FPA) nesta ter\u00e7a-feira (27). Na ocasi\u00e3o, a presidente, deputada Tereza Cristina (DEM-MS), afirmou que far\u00e1 uma mobiliza\u00e7\u00e3o, juntamente com os demais membros, para que as pautas n\u00e3o prejudiquem a sustentabilidade do setor produtivo nacional.<\/p>\n<p>Documentos t\u00e9cnicos elaborados por entidades que representam a agricultura familiar brasileira ser\u00e3o entregues aos ministros do Supremo Tribunal Federal (STF) que analisam as a\u00e7\u00f5es de constitucionalidade do C\u00f3digo Florestal. Para Tereza, a poss\u00edvel decis\u00e3o por parte do Supremo pela inconstitucionalidade de pontos importantes da lei inviabilizaria mais de 4 milh\u00f5es de pequenos agricultores brasileiros. \u201cIsso amea\u00e7aria a seguran\u00e7a alimentar e a sustentabilidade do pa\u00eds, al\u00e9m de trazer uma inseguran\u00e7a jur\u00eddica sem precedentes aos agricultores. Esse julgamento \u00e9 uma das nossas maiores preocupa\u00e7\u00f5es no momento\u201d, argumentou.<\/p>\n<p>A presidente ainda afirmou que os resultados do C\u00f3digo Florestal, ap\u00f3s cinco anos de regulamenta\u00e7\u00e3o, s\u00e3o expressivos em estudos realizados pela Embrapa e pela Nasa, onde \u00e9 poss\u00edvel identificar o aumento da recupera\u00e7\u00e3o ambiental no Brasil. \u201cCreio que o Supremo vai ter uma decis\u00e3o equilibrada, n\u00e3o em favor dos produtores rurais, mas a favor do Brasil\u201d, disse. Caso a decis\u00e3o do STF seja pela inconstitucionalidade, Tereza informou que a FPA vai trabalhar com um novo projeto de lei para reestabelecer a legisla\u00e7\u00e3o atual.<\/p>\n<p>O vice-presidente da FPA, deputado Alceu Moreira (PMDB-RS), ressaltou que o C\u00f3digo Florestal brasileiro foi uma das constru\u00e7\u00f5es legislativas que mais teve debate e di\u00e1logo. \u201cForam 538 audi\u00eancias p\u00fablicas realizadas, mais de 400 votos de deputados e mais de 51 votos de senadores a favor da nova legisla\u00e7\u00e3o. Foi uma obra de engenharia pol\u00edtica da melhor qualidade\u201d, avaliou Moreira.<\/p>\n<p>Parlamentares presentes na reuni\u00e3o tamb\u00e9m se manifestaram sobre o tema. Para o senador Cidinho Santos (PR-MT), vice-presidente da FPA no Senado, a poss\u00edvel inconstitucionalidade de pontos importantes do C\u00f3digo Florestal pelo STF causa preocupa\u00e7\u00e3o em todo o setor produtivo no pa\u00eds. Para o senador Lasier Martins (PSD-RS), \u201cexigir das pequenas propriedades investimentos em recupera\u00e7\u00e3o de \u00e1reas degradadas \u00e9 impossibilitar a continuidade dessas unidades fundamentais \u00e0 produ\u00e7\u00e3o de alimentos no pa\u00eds\u201d.<\/p>\n<p>O presidente da Comiss\u00e3o de Agricultura da C\u00e2mara, deputado S\u00e9rgio Souza (PMDB-PR), o setor hortifrutigranjeiro \u00e9 respons\u00e1vel por mais da metade da alimenta\u00e7\u00e3o do brasileiro e \u00e9 realizado em sua maioria por pequenos agricultores familiares. \u201c\u00c0 \u00e9poca, o parlamento brasileiro decidiu, com mais de 80% dos votos, pela aprova\u00e7\u00e3o do novo c\u00f3digo florestal, formando uma regulamenta\u00e7\u00e3o que n\u00e3o se tinha h\u00e1 d\u00e9cadas. A legisla\u00e7\u00e3o come\u00e7ou a se consolidar em 2012 e hoje alcan\u00e7ou conquistas ao desenvolvimento do pa\u00eds e ao meio ambiente\u201d, defendeu.<\/p>\n<p>O deputado Valdir Colatto (PMDB-SC), coordenador da Comiss\u00e3o de Meio Ambiente da FPA, disse que a maior preocupa\u00e7\u00e3o s\u00e3o as 5,2 milh\u00f5es de propriedades j\u00e1 existentes no Cadastro Ambiental Rural (CAR) que iriam migrar para o\u00a0Programa de Regulariza\u00e7\u00e3o Ambiental (PRA), previsto no C\u00f3digo Florestal.\u00a0\u201cEsse cadastro culminou no \u00fanico estudo de ocupa\u00e7\u00e3o territorial existente no pa\u00eds atualmente e ele foi feito pelos pr\u00f3prios agricultores. Se as regras do jogo mudarem, todos esses cadastros estar\u00e3o inviabilizados e ter\u00e3o de ser feitos novamente\u201d, lamentou Colatto.<\/p>\n<p><strong>Contra o tempo<\/strong>\u00a0\u2013 O refinanciamento de d\u00e9bitos do Funrural tamb\u00e9m esteve entre os pontos priorit\u00e1rios debatidos durante a reuni\u00e3o. Al\u00e9m da indefini\u00e7\u00e3o judicial por parte do STF sobre a constitucionalidade ou n\u00e3o do imposto devido aos produtores rurais que segue sem posicionamento h\u00e1 10 anos, a amplia\u00e7\u00e3o da data para aderir ao Programa de Regulariza\u00e7\u00e3o Tribut\u00e1ria Rural (PRR) precisa ser pautada para vota\u00e7\u00e3o nos plen\u00e1rios da C\u00e2mara dos Deputados e do Senado at\u00e9 esta quarta-feira (28), quando o prazo inicial se encerra.<\/p>\n<p>Segundo a deputada Tereza Cristina, a mobiliza\u00e7\u00e3o dos parlamentares nesta ter\u00e7a-feira (27) deve ser decisiva para mais essa conquista aos produtores rurais que seguem assombrados pela inseguran\u00e7a jur\u00eddica da d\u00edvida e das regras para o refinanciamento, pleitos que n\u00e3o foram atendidos na san\u00e7\u00e3o da lei pelo governo federal.<\/p>\n<p>\u201cTemos dois desafios: aumentar o prazo para aderir ao PRR, que sempre foi curto e compromete o n\u00famero de ades\u00f5es dos produtores, e a derrubada dos vetos presidenciais feitos, como por exemplo, o desconto nas multas e a redu\u00e7\u00e3o da al\u00edquota para pessoa jur\u00eddica. Vamos trabalhar de forma intensa nas duas medidas\u201d, afirmou a presidente da FPA.<\/p>\n<p>A MP 803\/2017, que prorroga o prazo de ades\u00e3o ao Programa de Regulariza\u00e7\u00e3o Tribut\u00e1ria Rural, est\u00e1 na pauta de vota\u00e7\u00e3o desta ter\u00e7a-feira na C\u00e2mara dos Deputados.<\/p>\n","protected":false},"excerpt":{"rendered":"<p>Temas pol\u00eamicos tomaram conta da reuni\u00e3o da Frente Parlamentar da Agropecu\u00e1ria.<\/p>\n","protected":false},"author":7,"featured_media":97985958,"comment_status":"closed","ping_status":"closed","sticky":false,"template":"","format":"standard","meta":{"footnotes":""},"categories":[6,1],"tags":[],"class_list":["post-97986172","post","type-post","status-publish","format-standard","has-post-thumbnail","hentry","category-destaque","category-noticia"],"yoast_head":"<!-- This site is optimized with the Yoast SEO plugin v24.8.1 - https:\/\/yoast.com\/wordpress\/plugins\/seo\/ -->\n<title>FPA manifesta a preocupa\u00e7\u00e3o do setor com Funrural e julgamento do C\u00f3digo Florestal - Acrimat<\/title>\n<meta name=\"robots\" content=\"index, follow, max-snippet:-1, max-image-preview:large, max-video-preview:-1\" \/>\n<link rel=\"canonical\" href=\"https:\/\/acrimat.org.br\/portal\/fpa-manifesta-a-preocupacao-do-setor-com-funrural-e-julgamento-do-codigo-florestal\/\" \/>\n<meta property=\"og:locale\" content=\"pt_BR\" \/>\n<meta property=\"og:type\" content=\"article\" \/>\n<meta property=\"og:title\" content=\"FPA manifesta a preocupa\u00e7\u00e3o do setor com Funrural e julgamento do C\u00f3digo Florestal - Acrimat\" \/>\n<meta property=\"og:description\" content=\"Temas pol\u00eamicos tomaram conta da reuni\u00e3o da Frente Parlamentar da Agropecu\u00e1ria.\" \/>\n<meta property=\"og:url\" content=\"https:\/\/acrimat.org.br\/portal\/fpa-manifesta-a-preocupacao-do-setor-com-funrural-e-julgamento-do-codigo-florestal\/\" \/>\n<meta property=\"og:site_name\" content=\"Acrimat\" \/>\n<meta property=\"article:published_time\" content=\"2018-02-28T13:58:40+00:00\" \/>\n<meta property=\"article:modified_time\" content=\"2018-02-28T14:04:49+00:00\" \/>\n<meta property=\"og:image\" content=\"https:\/\/acrimat.org.br\/portal\/wp-content\/uploads\/2018\/02\/21-02-posso-teresa-cristina-fpa.jpeg\" \/>\n\t<meta property=\"og:image:width\" content=\"640\" \/>\n\t<meta property=\"og:image:height\" content=\"427\" \/>\n\t<meta property=\"og:image:type\" content=\"image\/jpeg\" \/>\n<meta name=\"author\" content=\"Assessoria de comunica\u00e7\u00e3o ACRIMAT\" \/>\n<meta name=\"twitter:card\" content=\"summary_large_image\" \/>\n<meta name=\"twitter:label1\" content=\"Escrito por\" \/>\n\t<meta name=\"twitter:data1\" content=\"Assessoria de comunica\u00e7\u00e3o ACRIMAT\" \/>\n\t<meta name=\"twitter:label2\" content=\"Est. tempo de leitura\" \/>\n\t<meta name=\"twitter:data2\" content=\"4 minutos\" \/>\n<script type=\"application\/ld+json\" class=\"yoast-schema-graph\">{\"@context\":\"https:\/\/schema.org\",\"@graph\":[{\"@type\":\"Article\",\"@id\":\"https:\/\/acrimat.org.br\/portal\/fpa-manifesta-a-preocupacao-do-setor-com-funrural-e-julgamento-do-codigo-florestal\/#article\",\"isPartOf\":{\"@id\":\"https:\/\/acrimat.org.br\/portal\/fpa-manifesta-a-preocupacao-do-setor-com-funrural-e-julgamento-do-codigo-florestal\/\"},\"author\":{\"name\":\"Assessoria de comunica\u00e7\u00e3o ACRIMAT\",\"@id\":\"https:\/\/acrimat.org.br\/portal\/#\/schema\/person\/a309b9496344ff991e8e1b1d751fdd7b\"},\"headline\":\"FPA manifesta a preocupa\u00e7\u00e3o do setor com Funrural e julgamento do C\u00f3digo Florestal\",\"datePublished\":\"2018-02-28T13:58:40+00:00\",\"dateModified\":\"2018-02-28T14:04:49+00:00\",\"mainEntityOfPage\":{\"@id\":\"https:\/\/acrimat.org.br\/portal\/fpa-manifesta-a-preocupacao-do-setor-com-funrural-e-julgamento-do-codigo-florestal\/\"},\"wordCount\":822,\"publisher\":{\"@id\":\"https:\/\/acrimat.org.br\/portal\/#organization\"},\"image\":{\"@id\":\"https:\/\/acrimat.org.br\/portal\/fpa-manifesta-a-preocupacao-do-setor-com-funrural-e-julgamento-do-codigo-florestal\/#primaryimage\"},\"thumbnailUrl\":\"https:\/\/acrimat.org.br\/portal\/wp-content\/uploads\/2018\/02\/21-02-posso-teresa-cristina-fpa.jpeg\",\"articleSection\":[\"Destaques\",\"Not\u00edcias\"],\"inLanguage\":\"pt-BR\"},{\"@type\":\"WebPage\",\"@id\":\"https:\/\/acrimat.org.br\/portal\/fpa-manifesta-a-preocupacao-do-setor-com-funrural-e-julgamento-do-codigo-florestal\/\",\"url\":\"https:\/\/acrimat.org.br\/portal\/fpa-manifesta-a-preocupacao-do-setor-com-funrural-e-julgamento-do-codigo-florestal\/\",\"name\":\"FPA manifesta a preocupa\u00e7\u00e3o do setor com Funrural e julgamento do C\u00f3digo Florestal - Acrimat\",\"isPartOf\":{\"@id\":\"https:\/\/acrimat.org.br\/portal\/#website\"},\"primaryImageOfPage\":{\"@id\":\"https:\/\/acrimat.org.br\/portal\/fpa-manifesta-a-preocupacao-do-setor-com-funrural-e-julgamento-do-codigo-florestal\/#primaryimage\"},\"image\":{\"@id\":\"https:\/\/acrimat.org.br\/portal\/fpa-manifesta-a-preocupacao-do-setor-com-funrural-e-julgamento-do-codigo-florestal\/#primaryimage\"},\"thumbnailUrl\":\"https:\/\/acrimat.org.br\/portal\/wp-content\/uploads\/2018\/02\/21-02-posso-teresa-cristina-fpa.jpeg\",\"datePublished\":\"2018-02-28T13:58:40+00:00\",\"dateModified\":\"2018-02-28T14:04:49+00:00\",\"breadcrumb\":{\"@id\":\"https:\/\/acrimat.org.br\/portal\/fpa-manifesta-a-preocupacao-do-setor-com-funrural-e-julgamento-do-codigo-florestal\/#breadcrumb\"},\"inLanguage\":\"pt-BR\",\"potentialAction\":[{\"@type\":\"ReadAction\",\"target\":[\"https:\/\/acrimat.org.br\/portal\/fpa-manifesta-a-preocupacao-do-setor-com-funrural-e-julgamento-do-codigo-florestal\/\"]}]},{\"@type\":\"ImageObject\",\"inLanguage\":\"pt-BR\",\"@id\":\"https:\/\/acrimat.org.br\/portal\/fpa-manifesta-a-preocupacao-do-setor-com-funrural-e-julgamento-do-codigo-florestal\/#primaryimage\",\"url\":\"https:\/\/acrimat.org.br\/portal\/wp-content\/uploads\/2018\/02\/21-02-posso-teresa-cristina-fpa.jpeg\",\"contentUrl\":\"https:\/\/acrimat.org.br\/portal\/wp-content\/uploads\/2018\/02\/21-02-posso-teresa-cristina-fpa.jpeg\",\"width\":640,\"height\":427},{\"@type\":\"BreadcrumbList\",\"@id\":\"https:\/\/acrimat.org.br\/portal\/fpa-manifesta-a-preocupacao-do-setor-com-funrural-e-julgamento-do-codigo-florestal\/#breadcrumb\",\"itemListElement\":[{\"@type\":\"ListItem\",\"position\":1,\"name\":\"In\u00edcio\",\"item\":\"https:\/\/acrimat.org.br\/portal\/\"},{\"@type\":\"ListItem\",\"position\":2,\"name\":\"FPA manifesta a preocupa\u00e7\u00e3o do setor com Funrural e julgamento do C\u00f3digo Florestal\"}]},{\"@type\":\"WebSite\",\"@id\":\"https:\/\/acrimat.org.br\/portal\/#website\",\"url\":\"https:\/\/acrimat.org.br\/portal\/\",\"name\":\"Acrimat\",\"description\":\"Associa\u00e7\u00e3o dos Criadores de Mato Grosso\",\"publisher\":{\"@id\":\"https:\/\/acrimat.org.br\/portal\/#organization\"},\"potentialAction\":[{\"@type\":\"SearchAction\",\"target\":{\"@type\":\"EntryPoint\",\"urlTemplate\":\"https:\/\/acrimat.org.br\/portal\/?s={search_term_string}\"},\"query-input\":{\"@type\":\"PropertyValueSpecification\",\"valueRequired\":true,\"valueName\":\"search_term_string\"}}],\"inLanguage\":\"pt-BR\"},{\"@type\":\"Organization\",\"@id\":\"https:\/\/acrimat.org.br\/portal\/#organization\",\"name\":\"Associa\u00e7\u00e3o dos Criadores de Mato Grosso\",\"url\":\"https:\/\/acrimat.org.br\/portal\/\",\"logo\":{\"@type\":\"ImageObject\",\"inLanguage\":\"pt-BR\",\"@id\":\"https:\/\/acrimat.org.br\/portal\/#\/schema\/logo\/image\/\",\"url\":\"https:\/\/acrimat.org.br\/portal\/wp-content\/uploads\/2018\/03\/logo-peq-original.png\",\"contentUrl\":\"https:\/\/acrimat.org.br\/portal\/wp-content\/uploads\/2018\/03\/logo-peq-original.png\",\"width\":174,\"height\":171,\"caption\":\"Associa\u00e7\u00e3o dos Criadores de Mato Grosso\"},\"image\":{\"@id\":\"https:\/\/acrimat.org.br\/portal\/#\/schema\/logo\/image\/\"}},{\"@type\":\"Person\",\"@id\":\"https:\/\/acrimat.org.br\/portal\/#\/schema\/person\/a309b9496344ff991e8e1b1d751fdd7b\",\"name\":\"Assessoria de comunica\u00e7\u00e3o ACRIMAT\",\"image\":{\"@type\":\"ImageObject\",\"inLanguage\":\"pt-BR\",\"@id\":\"https:\/\/acrimat.org.br\/portal\/#\/schema\/person\/image\/\",\"url\":\"https:\/\/secure.gravatar.com\/avatar\/2f9c28e64c317bcd762b25cb1575f1b4?s=96&d=mm&r=g\",\"contentUrl\":\"https:\/\/secure.gravatar.com\/avatar\/2f9c28e64c317bcd762b25cb1575f1b4?s=96&d=mm&r=g\",\"caption\":\"Assessoria de comunica\u00e7\u00e3o ACRIMAT\"},\"sameAs\":[\"http:\/\/acrimat.org.br\/\"],\"url\":\"https:\/\/acrimat.org.br\/portal\/author\/ascom\/\"}]}<\/script>\n<!-- \/ Yoast SEO plugin. -->","yoast_head_json":{"title":"FPA manifesta a preocupa\u00e7\u00e3o do setor com Funrural e julgamento do C\u00f3digo Florestal - Acrimat","robots":{"index":"index","follow":"follow","max-snippet":"max-snippet:-1","max-image-preview":"max-image-preview:large","max-video-preview":"max-video-preview:-1"},"canonical":"https:\/\/acrimat.org.br\/portal\/fpa-manifesta-a-preocupacao-do-setor-com-funrural-e-julgamento-do-codigo-florestal\/","og_locale":"pt_BR","og_type":"article","og_title":"FPA manifesta a preocupa\u00e7\u00e3o do setor com Funrural e julgamento do C\u00f3digo Florestal - Acrimat","og_description":"Temas pol\u00eamicos tomaram conta da reuni\u00e3o da Frente Parlamentar da Agropecu\u00e1ria.","og_url":"https:\/\/acrimat.org.br\/portal\/fpa-manifesta-a-preocupacao-do-setor-com-funrural-e-julgamento-do-codigo-florestal\/","og_site_name":"Acrimat","article_published_time":"2018-02-28T13:58:40+00:00","article_modified_time":"2018-02-28T14:04:49+00:00","og_image":[{"width":640,"height":427,"url":"https:\/\/acrimat.org.br\/portal\/wp-content\/uploads\/2018\/02\/21-02-posso-teresa-cristina-fpa.jpeg","type":"image\/jpeg"}],"author":"Assessoria de comunica\u00e7\u00e3o ACRIMAT","twitter_card":"summary_large_image","twitter_misc":{"Escrito por":"Assessoria de comunica\u00e7\u00e3o ACRIMAT","Est. tempo de leitura":"4 minutos"},"schema":{"@context":"https:\/\/schema.org","@graph":[{"@type":"Article","@id":"https:\/\/acrimat.org.br\/portal\/fpa-manifesta-a-preocupacao-do-setor-com-funrural-e-julgamento-do-codigo-florestal\/#article","isPartOf":{"@id":"https:\/\/acrimat.org.br\/portal\/fpa-manifesta-a-preocupacao-do-setor-com-funrural-e-julgamento-do-codigo-florestal\/"},"author":{"name":"Assessoria de comunica\u00e7\u00e3o ACRIMAT","@id":"https:\/\/acrimat.org.br\/portal\/#\/schema\/person\/a309b9496344ff991e8e1b1d751fdd7b"},"headline":"FPA manifesta a preocupa\u00e7\u00e3o do setor com Funrural e julgamento do C\u00f3digo Florestal","datePublished":"2018-02-28T13:58:40+00:00","dateModified":"2018-02-28T14:04:49+00:00","mainEntityOfPage":{"@id":"https:\/\/acrimat.org.br\/portal\/fpa-manifesta-a-preocupacao-do-setor-com-funrural-e-julgamento-do-codigo-florestal\/"},"wordCount":822,"publisher":{"@id":"https:\/\/acrimat.org.br\/portal\/#organization"},"image":{"@id":"https:\/\/acrimat.org.br\/portal\/fpa-manifesta-a-preocupacao-do-setor-com-funrural-e-julgamento-do-codigo-florestal\/#primaryimage"},"thumbnailUrl":"https:\/\/acrimat.org.br\/portal\/wp-content\/uploads\/2018\/02\/21-02-posso-teresa-cristina-fpa.jpeg","articleSection":["Destaques","Not\u00edcias"],"inLanguage":"pt-BR"},{"@type":"WebPage","@id":"https:\/\/acrimat.org.br\/portal\/fpa-manifesta-a-preocupacao-do-setor-com-funrural-e-julgamento-do-codigo-florestal\/","url":"https:\/\/acrimat.org.br\/portal\/fpa-manifesta-a-preocupacao-do-setor-com-funrural-e-julgamento-do-codigo-florestal\/","name":"FPA manifesta a preocupa\u00e7\u00e3o do setor com Funrural e julgamento do C\u00f3digo Florestal - Acrimat","isPartOf":{"@id":"https:\/\/acrimat.org.br\/portal\/#website"},"primaryImageOfPage":{"@id":"https:\/\/acrimat.org.br\/portal\/fpa-manifesta-a-preocupacao-do-setor-com-funrural-e-julgamento-do-codigo-florestal\/#primaryimage"},"image":{"@id":"https:\/\/acrimat.org.br\/portal\/fpa-manifesta-a-preocupacao-do-setor-com-funrural-e-julgamento-do-codigo-florestal\/#primaryimage"},"thumbnailUrl":"https:\/\/acrimat.org.br\/portal\/wp-content\/uploads\/2018\/02\/21-02-posso-teresa-cristina-fpa.jpeg","datePublished":"2018-02-28T13:58:40+00:00","dateModified":"2018-02-28T14:04:49+00:00","breadcrumb":{"@id":"https:\/\/acrimat.org.br\/portal\/fpa-manifesta-a-preocupacao-do-setor-com-funrural-e-julgamento-do-codigo-florestal\/#breadcrumb"},"inLanguage":"pt-BR","potentialAction":[{"@type":"ReadAction","target":["https:\/\/acrimat.org.br\/portal\/fpa-manifesta-a-preocupacao-do-setor-com-funrural-e-julgamento-do-codigo-florestal\/"]}]},{"@type":"ImageObject","inLanguage":"pt-BR","@id":"https:\/\/acrimat.org.br\/portal\/fpa-manifesta-a-preocupacao-do-setor-com-funrural-e-julgamento-do-codigo-florestal\/#primaryimage","url":"https:\/\/acrimat.org.br\/portal\/wp-content\/uploads\/2018\/02\/21-02-posso-teresa-cristina-fpa.jpeg","contentUrl":"https:\/\/acrimat.org.br\/portal\/wp-content\/uploads\/2018\/02\/21-02-posso-teresa-cristina-fpa.jpeg","width":640,"height":427},{"@type":"BreadcrumbList","@id":"https:\/\/acrimat.org.br\/portal\/fpa-manifesta-a-preocupacao-do-setor-com-funrural-e-julgamento-do-codigo-florestal\/#breadcrumb","itemListElement":[{"@type":"ListItem","position":1,"name":"In\u00edcio","item":"https:\/\/acrimat.org.br\/portal\/"},{"@type":"ListItem","position":2,"name":"FPA manifesta a preocupa\u00e7\u00e3o do setor com Funrural e julgamento do C\u00f3digo Florestal"}]},{"@type":"WebSite","@id":"https:\/\/acrimat.org.br\/portal\/#website","url":"https:\/\/acrimat.org.br\/portal\/","name":"Acrimat","description":"Associa\u00e7\u00e3o dos Criadores de Mato Grosso","publisher":{"@id":"https:\/\/acrimat.org.br\/portal\/#organization"},"potentialAction":[{"@type":"SearchAction","target":{"@type":"EntryPoint","urlTemplate":"https:\/\/acrimat.org.br\/portal\/?s={search_term_string}"},"query-input":{"@type":"PropertyValueSpecification","valueRequired":true,"valueName":"search_term_string"}}],"inLanguage":"pt-BR"},{"@type":"Organization","@id":"https:\/\/acrimat.org.br\/portal\/#organization","name":"Associa\u00e7\u00e3o dos Criadores de Mato Grosso","url":"https:\/\/acrimat.org.br\/portal\/","logo":{"@type":"ImageObject","inLanguage":"pt-BR","@id":"https:\/\/acrimat.org.br\/portal\/#\/schema\/logo\/image\/","url":"https:\/\/acrimat.org.br\/portal\/wp-content\/uploads\/2018\/03\/logo-peq-original.png","contentUrl":"https:\/\/acrimat.org.br\/portal\/wp-content\/uploads\/2018\/03\/logo-peq-original.png","width":174,"height":171,"caption":"Associa\u00e7\u00e3o dos Criadores de Mato Grosso"},"image":{"@id":"https:\/\/acrimat.org.br\/portal\/#\/schema\/logo\/image\/"}},{"@type":"Person","@id":"https:\/\/acrimat.org.br\/portal\/#\/schema\/person\/a309b9496344ff991e8e1b1d751fdd7b","name":"Assessoria de comunica\u00e7\u00e3o ACRIMAT","image":{"@type":"ImageObject","inLanguage":"pt-BR","@id":"https:\/\/acrimat.org.br\/portal\/#\/schema\/person\/image\/","url":"https:\/\/secure.gravatar.com\/avatar\/2f9c28e64c317bcd762b25cb1575f1b4?s=96&d=mm&r=g","contentUrl":"https:\/\/secure.gravatar.com\/avatar\/2f9c28e64c317bcd762b25cb1575f1b4?s=96&d=mm&r=g","caption":"Assessoria de comunica\u00e7\u00e3o ACRIMAT"},"sameAs":["http:\/\/acrimat.org.br\/"],"url":"https:\/\/acrimat.org.br\/portal\/author\/ascom\/"}]}},"_links":{"self":[{"href":"https:\/\/acrimat.org.br\/portal\/wp-json\/wp\/v2\/posts\/97986172","targetHints":{"allow":["GET"]}}],"collection":[{"href":"https:\/\/acrimat.org.br\/portal\/wp-json\/wp\/v2\/posts"}],"about":[{"href":"https:\/\/acrimat.org.br\/portal\/wp-json\/wp\/v2\/types\/post"}],"author":[{"embeddable":true,"href":"https:\/\/acrimat.org.br\/portal\/wp-json\/wp\/v2\/users\/7"}],"replies":[{"embeddable":true,"href":"https:\/\/acrimat.org.br\/portal\/wp-json\/wp\/v2\/comments?post=97986172"}],"version-history":[{"count":1,"href":"https:\/\/acrimat.org.br\/portal\/wp-json\/wp\/v2\/posts\/97986172\/revisions"}],"predecessor-version":[{"id":97986177,"href":"https:\/\/acrimat.org.br\/portal\/wp-json\/wp\/v2\/posts\/97986172\/revisions\/97986177"}],"wp:featuredmedia":[{"embeddable":true,"href":"https:\/\/acrimat.org.br\/portal\/wp-json\/wp\/v2\/media\/97985958"}],"wp:attachment":[{"href":"https:\/\/acrimat.org.br\/portal\/wp-json\/wp\/v2\/media?parent=97986172"}],"wp:term":[{"taxonomy":"category","embeddable":true,"href":"https:\/\/acrimat.org.br\/portal\/wp-json\/wp\/v2\/categories?post=97986172"},{"taxonomy":"post_tag","embeddable":true,"href":"https:\/\/acrimat.org.br\/portal\/wp-json\/wp\/v2\/tags?post=97986172"}],"curies":[{"name":"wp","href":"https:\/\/api.w.org\/{rel}","templated":true}]}}