{"id":97986196,"date":"2018-03-01T15:27:27","date_gmt":"2018-03-01T18:27:27","guid":{"rendered":"http:\/\/acrimat.org.br\/portal\/?p=97986196"},"modified":"2018-03-01T15:27:27","modified_gmt":"2018-03-01T18:27:27","slug":"fpa-garante-quorum-e-aprova-prorrogacao-de-adesao-ao-funrural","status":"publish","type":"post","link":"https:\/\/acrimat.org.br\/portal\/fpa-garante-quorum-e-aprova-prorrogacao-de-adesao-ao-funrural\/","title":{"rendered":"FPA garante qu\u00f3rum e aprova prorroga\u00e7\u00e3o de ades\u00e3o ao Funrural"},"content":{"rendered":"<p>Aprovada em tempo recorde pela C\u00e2mara e Senado nesta quarta-feira (28), a Medida Provis\u00f3ria 803\/2017 que prorroga o prazo de ades\u00e3o do Programa de Regulariza\u00e7\u00e3o Tribut\u00e1ria Rural (PRR) para o dia 30 de abril de 2018 foi aprovada, em vota\u00e7\u00e3o simb\u00f3lica, em ambas as Casas.<\/p>\n<p>A presidente da Frente Parlamentar da Agropecu\u00e1ria, deputada Tereza Cristina (DEM-MS), informou que existe acordo com o governo para que a medida seja sancionada e publicada no Di\u00e1rio Oficial da Uni\u00e3o (DOU) o mais breve poss\u00edvel.<\/p>\n<p>O deputado Evair de Melo (PV-ES), coordenador institucional da Frente, manifestou preocupa\u00e7\u00e3o com o vencimento do prazo de ades\u00e3o ao programa marcado para hoje. \u201cChamo aten\u00e7\u00e3o para o n\u00famero de prorroga\u00e7\u00f5es que j\u00e1 fizemos. Isso mostra que queremos trazer os produtores que devem para a legalidade e regularizar a situa\u00e7\u00e3o\u201d, discursou em plen\u00e1rio durante a vota\u00e7\u00e3o da mat\u00e9ria.<\/p>\n<p>Com o vencimento do prazo, a Receita Federal deve suspender o atendimento aos produtores at\u00e9 que a medida seja publicada no DOU. O coordenador da Comiss\u00e3o de Meio Ambiente da FPA, deputado Valdir Colatto (PMDB-SC) criticou a situa\u00e7\u00e3o imposta aos produtores em um ambiente de inseguran\u00e7a jur\u00eddica. \u201cQuem quer aderir n\u00e3o sabe se deve fazer agora ou esperar pela an\u00e1lise dos vetos. Garantir a oportunidade de regulariza\u00e7\u00e3o \u00e9 o primeiro passo para avan\u00e7armos\u201d, disse.<\/p>\n<p>O deputado federal Luis Carlos Heinze (PP-RS), membro da FPA, refor\u00e7ou que os valores da d\u00edvida do Funrural s\u00e3o altos. \u201cOs produtores precisam de garantias do governo de que \u00e9 a melhor a op\u00e7\u00e3o neste momento. Muitos agricultores nos procuraram e relataram problemas para protocolar seus pedidos junto \u00e0 Receita Federal\u201d, alertou.<\/p>\n<p>J\u00e1 no Senado, a senadora Simone Tebet (MDB-MS), relatora na Comiss\u00e3o Mista que analisou a mat\u00e9ria, afirmou que a medida atende a cinco milh\u00f5es de produtores rurais. \u201cEles tiveram menos de um m\u00eas para conhecer a lei, entender a lei, entender os c\u00f3digos tribut\u00e1rios pertinentes \u00e0 quest\u00e3o cont\u00e1bil e, mais ainda, enfrentaram a greve de servidores da Receita\u201d, destacou.<\/p>\n<p>A senadora Ana Am\u00e9lia (PP-RS) esclareceu que o programa n\u00e3o \u00e9 morat\u00f3ria, \u201cmas um acordo que nivela o pagamento de uma decis\u00e3o que o Supremo Tribunal Federal demorou 12 anos para tomar. \u201d<\/p>\n<p><strong>Entenda \u2013\u00a0<\/strong>Esta \u00e9 a terceira vez que o prazo de ades\u00e3o ao Refis do Funrural \u00e9 prorrogado. A primeira MP (793\/2017) liberada pelo governo federal previa a data de 29 de setembro de 2017. A medida caducou por n\u00e3o ter sido analisada pelo Congresso dentro do prazo de 120 dias.<\/p>\n<p>Em uma nova tentativa, o governo publicou nova medida (MP 803\/2017) e estipulou a data de 30 de novembro de 2017, alterada pelo Lei 13.606\/18, criada pelos deputados Nilson Leit\u00e3o (PSDB-MT) e Z\u00e9 Silva (SD\/MG), para o dia 28 de fevereiro de 2018.<\/p>\n<p>A medida passa a valer ap\u00f3s san\u00e7\u00e3o e publica\u00e7\u00e3o no Di\u00e1rio Oficial, quando a Receita Federal dever\u00e1 abrir o atendimento aos produtores rurais que desejarem aderir ao programa.<\/p>\n","protected":false},"excerpt":{"rendered":"<p>Medida Provis\u00f3ria prorroga o prazo de ades\u00e3o do Programa de Regulariza\u00e7\u00e3o Tribut\u00e1ria Rural (PRR) <\/p>\n","protected":false},"author":7,"featured_media":97985293,"comment_status":"closed","ping_status":"closed","sticky":false,"template":"","format":"standard","meta":{"footnotes":""},"categories":[6,1],"tags":[],"class_list":["post-97986196","post","type-post","status-publish","format-standard","has-post-thumbnail","hentry","category-destaque","category-noticia"],"yoast_head":"<!-- This site is optimized with the Yoast SEO plugin v24.8.1 - https:\/\/yoast.com\/wordpress\/plugins\/seo\/ -->\n<title>FPA garante qu\u00f3rum e aprova prorroga\u00e7\u00e3o de ades\u00e3o ao Funrural - Acrimat<\/title>\n<meta name=\"robots\" content=\"index, follow, max-snippet:-1, max-image-preview:large, max-video-preview:-1\" \/>\n<link rel=\"canonical\" href=\"https:\/\/acrimat.org.br\/portal\/fpa-garante-quorum-e-aprova-prorrogacao-de-adesao-ao-funrural\/\" \/>\n<meta property=\"og:locale\" content=\"pt_BR\" \/>\n<meta property=\"og:type\" content=\"article\" \/>\n<meta property=\"og:title\" content=\"FPA garante qu\u00f3rum e aprova prorroga\u00e7\u00e3o de ades\u00e3o ao Funrural - Acrimat\" \/>\n<meta property=\"og:description\" content=\"Medida Provis\u00f3ria prorroga o prazo de ades\u00e3o do Programa de Regulariza\u00e7\u00e3o Tribut\u00e1ria Rural (PRR)\" \/>\n<meta property=\"og:url\" content=\"https:\/\/acrimat.org.br\/portal\/fpa-garante-quorum-e-aprova-prorrogacao-de-adesao-ao-funrural\/\" \/>\n<meta property=\"og:site_name\" content=\"Acrimat\" \/>\n<meta property=\"article:published_time\" content=\"2018-03-01T18:27:27+00:00\" \/>\n<meta property=\"og:image\" content=\"https:\/\/acrimat.org.br\/portal\/wp-content\/uploads\/2017\/12\/897-pastagem.jpg\" \/>\n\t<meta property=\"og:image:width\" content=\"640\" \/>\n\t<meta property=\"og:image:height\" content=\"480\" \/>\n\t<meta property=\"og:image:type\" content=\"image\/jpeg\" \/>\n<meta name=\"author\" content=\"Assessoria de comunica\u00e7\u00e3o ACRIMAT\" \/>\n<meta name=\"twitter:card\" content=\"summary_large_image\" \/>\n<meta name=\"twitter:label1\" content=\"Escrito por\" \/>\n\t<meta name=\"twitter:data1\" content=\"Assessoria de comunica\u00e7\u00e3o ACRIMAT\" \/>\n\t<meta name=\"twitter:label2\" content=\"Est. tempo de leitura\" \/>\n\t<meta name=\"twitter:data2\" content=\"3 minutos\" \/>\n<script type=\"application\/ld+json\" class=\"yoast-schema-graph\">{\"@context\":\"https:\/\/schema.org\",\"@graph\":[{\"@type\":\"Article\",\"@id\":\"https:\/\/acrimat.org.br\/portal\/fpa-garante-quorum-e-aprova-prorrogacao-de-adesao-ao-funrural\/#article\",\"isPartOf\":{\"@id\":\"https:\/\/acrimat.org.br\/portal\/fpa-garante-quorum-e-aprova-prorrogacao-de-adesao-ao-funrural\/\"},\"author\":{\"name\":\"Assessoria de comunica\u00e7\u00e3o ACRIMAT\",\"@id\":\"https:\/\/acrimat.org.br\/portal\/#\/schema\/person\/a309b9496344ff991e8e1b1d751fdd7b\"},\"headline\":\"FPA garante qu\u00f3rum e aprova prorroga\u00e7\u00e3o de ades\u00e3o ao Funrural\",\"datePublished\":\"2018-03-01T18:27:27+00:00\",\"mainEntityOfPage\":{\"@id\":\"https:\/\/acrimat.org.br\/portal\/fpa-garante-quorum-e-aprova-prorrogacao-de-adesao-ao-funrural\/\"},\"wordCount\":520,\"publisher\":{\"@id\":\"https:\/\/acrimat.org.br\/portal\/#organization\"},\"image\":{\"@id\":\"https:\/\/acrimat.org.br\/portal\/fpa-garante-quorum-e-aprova-prorrogacao-de-adesao-ao-funrural\/#primaryimage\"},\"thumbnailUrl\":\"https:\/\/acrimat.org.br\/portal\/wp-content\/uploads\/2017\/12\/897-pastagem.jpg\",\"articleSection\":[\"Destaques\",\"Not\u00edcias\"],\"inLanguage\":\"pt-BR\"},{\"@type\":\"WebPage\",\"@id\":\"https:\/\/acrimat.org.br\/portal\/fpa-garante-quorum-e-aprova-prorrogacao-de-adesao-ao-funrural\/\",\"url\":\"https:\/\/acrimat.org.br\/portal\/fpa-garante-quorum-e-aprova-prorrogacao-de-adesao-ao-funrural\/\",\"name\":\"FPA garante qu\u00f3rum e aprova prorroga\u00e7\u00e3o de ades\u00e3o ao Funrural - Acrimat\",\"isPartOf\":{\"@id\":\"https:\/\/acrimat.org.br\/portal\/#website\"},\"primaryImageOfPage\":{\"@id\":\"https:\/\/acrimat.org.br\/portal\/fpa-garante-quorum-e-aprova-prorrogacao-de-adesao-ao-funrural\/#primaryimage\"},\"image\":{\"@id\":\"https:\/\/acrimat.org.br\/portal\/fpa-garante-quorum-e-aprova-prorrogacao-de-adesao-ao-funrural\/#primaryimage\"},\"thumbnailUrl\":\"https:\/\/acrimat.org.br\/portal\/wp-content\/uploads\/2017\/12\/897-pastagem.jpg\",\"datePublished\":\"2018-03-01T18:27:27+00:00\",\"breadcrumb\":{\"@id\":\"https:\/\/acrimat.org.br\/portal\/fpa-garante-quorum-e-aprova-prorrogacao-de-adesao-ao-funrural\/#breadcrumb\"},\"inLanguage\":\"pt-BR\",\"potentialAction\":[{\"@type\":\"ReadAction\",\"target\":[\"https:\/\/acrimat.org.br\/portal\/fpa-garante-quorum-e-aprova-prorrogacao-de-adesao-ao-funrural\/\"]}]},{\"@type\":\"ImageObject\",\"inLanguage\":\"pt-BR\",\"@id\":\"https:\/\/acrimat.org.br\/portal\/fpa-garante-quorum-e-aprova-prorrogacao-de-adesao-ao-funrural\/#primaryimage\",\"url\":\"https:\/\/acrimat.org.br\/portal\/wp-content\/uploads\/2017\/12\/897-pastagem.jpg\",\"contentUrl\":\"https:\/\/acrimat.org.br\/portal\/wp-content\/uploads\/2017\/12\/897-pastagem.jpg\",\"width\":640,\"height\":480},{\"@type\":\"BreadcrumbList\",\"@id\":\"https:\/\/acrimat.org.br\/portal\/fpa-garante-quorum-e-aprova-prorrogacao-de-adesao-ao-funrural\/#breadcrumb\",\"itemListElement\":[{\"@type\":\"ListItem\",\"position\":1,\"name\":\"In\u00edcio\",\"item\":\"https:\/\/acrimat.org.br\/portal\/\"},{\"@type\":\"ListItem\",\"position\":2,\"name\":\"FPA garante qu\u00f3rum e aprova prorroga\u00e7\u00e3o de ades\u00e3o ao Funrural\"}]},{\"@type\":\"WebSite\",\"@id\":\"https:\/\/acrimat.org.br\/portal\/#website\",\"url\":\"https:\/\/acrimat.org.br\/portal\/\",\"name\":\"Acrimat\",\"description\":\"Associa\u00e7\u00e3o dos Criadores de Mato Grosso\",\"publisher\":{\"@id\":\"https:\/\/acrimat.org.br\/portal\/#organization\"},\"potentialAction\":[{\"@type\":\"SearchAction\",\"target\":{\"@type\":\"EntryPoint\",\"urlTemplate\":\"https:\/\/acrimat.org.br\/portal\/?s={search_term_string}\"},\"query-input\":{\"@type\":\"PropertyValueSpecification\",\"valueRequired\":true,\"valueName\":\"search_term_string\"}}],\"inLanguage\":\"pt-BR\"},{\"@type\":\"Organization\",\"@id\":\"https:\/\/acrimat.org.br\/portal\/#organization\",\"name\":\"Associa\u00e7\u00e3o dos Criadores de Mato Grosso\",\"url\":\"https:\/\/acrimat.org.br\/portal\/\",\"logo\":{\"@type\":\"ImageObject\",\"inLanguage\":\"pt-BR\",\"@id\":\"https:\/\/acrimat.org.br\/portal\/#\/schema\/logo\/image\/\",\"url\":\"https:\/\/acrimat.org.br\/portal\/wp-content\/uploads\/2018\/03\/logo-peq-original.png\",\"contentUrl\":\"https:\/\/acrimat.org.br\/portal\/wp-content\/uploads\/2018\/03\/logo-peq-original.png\",\"width\":174,\"height\":171,\"caption\":\"Associa\u00e7\u00e3o dos Criadores de Mato Grosso\"},\"image\":{\"@id\":\"https:\/\/acrimat.org.br\/portal\/#\/schema\/logo\/image\/\"}},{\"@type\":\"Person\",\"@id\":\"https:\/\/acrimat.org.br\/portal\/#\/schema\/person\/a309b9496344ff991e8e1b1d751fdd7b\",\"name\":\"Assessoria de comunica\u00e7\u00e3o ACRIMAT\",\"image\":{\"@type\":\"ImageObject\",\"inLanguage\":\"pt-BR\",\"@id\":\"https:\/\/acrimat.org.br\/portal\/#\/schema\/person\/image\/\",\"url\":\"https:\/\/secure.gravatar.com\/avatar\/2f9c28e64c317bcd762b25cb1575f1b4?s=96&d=mm&r=g\",\"contentUrl\":\"https:\/\/secure.gravatar.com\/avatar\/2f9c28e64c317bcd762b25cb1575f1b4?s=96&d=mm&r=g\",\"caption\":\"Assessoria de comunica\u00e7\u00e3o ACRIMAT\"},\"sameAs\":[\"http:\/\/acrimat.org.br\/\"],\"url\":\"https:\/\/acrimat.org.br\/portal\/author\/ascom\/\"}]}<\/script>\n<!-- \/ Yoast SEO plugin. -->","yoast_head_json":{"title":"FPA garante qu\u00f3rum e aprova prorroga\u00e7\u00e3o de ades\u00e3o ao Funrural - Acrimat","robots":{"index":"index","follow":"follow","max-snippet":"max-snippet:-1","max-image-preview":"max-image-preview:large","max-video-preview":"max-video-preview:-1"},"canonical":"https:\/\/acrimat.org.br\/portal\/fpa-garante-quorum-e-aprova-prorrogacao-de-adesao-ao-funrural\/","og_locale":"pt_BR","og_type":"article","og_title":"FPA garante qu\u00f3rum e aprova prorroga\u00e7\u00e3o de ades\u00e3o ao Funrural - Acrimat","og_description":"Medida Provis\u00f3ria prorroga o prazo de ades\u00e3o do Programa de Regulariza\u00e7\u00e3o Tribut\u00e1ria Rural (PRR)","og_url":"https:\/\/acrimat.org.br\/portal\/fpa-garante-quorum-e-aprova-prorrogacao-de-adesao-ao-funrural\/","og_site_name":"Acrimat","article_published_time":"2018-03-01T18:27:27+00:00","og_image":[{"width":640,"height":480,"url":"https:\/\/acrimat.org.br\/portal\/wp-content\/uploads\/2017\/12\/897-pastagem.jpg","type":"image\/jpeg"}],"author":"Assessoria de comunica\u00e7\u00e3o ACRIMAT","twitter_card":"summary_large_image","twitter_misc":{"Escrito por":"Assessoria de comunica\u00e7\u00e3o ACRIMAT","Est. tempo de leitura":"3 minutos"},"schema":{"@context":"https:\/\/schema.org","@graph":[{"@type":"Article","@id":"https:\/\/acrimat.org.br\/portal\/fpa-garante-quorum-e-aprova-prorrogacao-de-adesao-ao-funrural\/#article","isPartOf":{"@id":"https:\/\/acrimat.org.br\/portal\/fpa-garante-quorum-e-aprova-prorrogacao-de-adesao-ao-funrural\/"},"author":{"name":"Assessoria de comunica\u00e7\u00e3o ACRIMAT","@id":"https:\/\/acrimat.org.br\/portal\/#\/schema\/person\/a309b9496344ff991e8e1b1d751fdd7b"},"headline":"FPA garante qu\u00f3rum e aprova prorroga\u00e7\u00e3o de ades\u00e3o ao Funrural","datePublished":"2018-03-01T18:27:27+00:00","mainEntityOfPage":{"@id":"https:\/\/acrimat.org.br\/portal\/fpa-garante-quorum-e-aprova-prorrogacao-de-adesao-ao-funrural\/"},"wordCount":520,"publisher":{"@id":"https:\/\/acrimat.org.br\/portal\/#organization"},"image":{"@id":"https:\/\/acrimat.org.br\/portal\/fpa-garante-quorum-e-aprova-prorrogacao-de-adesao-ao-funrural\/#primaryimage"},"thumbnailUrl":"https:\/\/acrimat.org.br\/portal\/wp-content\/uploads\/2017\/12\/897-pastagem.jpg","articleSection":["Destaques","Not\u00edcias"],"inLanguage":"pt-BR"},{"@type":"WebPage","@id":"https:\/\/acrimat.org.br\/portal\/fpa-garante-quorum-e-aprova-prorrogacao-de-adesao-ao-funrural\/","url":"https:\/\/acrimat.org.br\/portal\/fpa-garante-quorum-e-aprova-prorrogacao-de-adesao-ao-funrural\/","name":"FPA garante qu\u00f3rum e aprova prorroga\u00e7\u00e3o de ades\u00e3o ao Funrural - Acrimat","isPartOf":{"@id":"https:\/\/acrimat.org.br\/portal\/#website"},"primaryImageOfPage":{"@id":"https:\/\/acrimat.org.br\/portal\/fpa-garante-quorum-e-aprova-prorrogacao-de-adesao-ao-funrural\/#primaryimage"},"image":{"@id":"https:\/\/acrimat.org.br\/portal\/fpa-garante-quorum-e-aprova-prorrogacao-de-adesao-ao-funrural\/#primaryimage"},"thumbnailUrl":"https:\/\/acrimat.org.br\/portal\/wp-content\/uploads\/2017\/12\/897-pastagem.jpg","datePublished":"2018-03-01T18:27:27+00:00","breadcrumb":{"@id":"https:\/\/acrimat.org.br\/portal\/fpa-garante-quorum-e-aprova-prorrogacao-de-adesao-ao-funrural\/#breadcrumb"},"inLanguage":"pt-BR","potentialAction":[{"@type":"ReadAction","target":["https:\/\/acrimat.org.br\/portal\/fpa-garante-quorum-e-aprova-prorrogacao-de-adesao-ao-funrural\/"]}]},{"@type":"ImageObject","inLanguage":"pt-BR","@id":"https:\/\/acrimat.org.br\/portal\/fpa-garante-quorum-e-aprova-prorrogacao-de-adesao-ao-funrural\/#primaryimage","url":"https:\/\/acrimat.org.br\/portal\/wp-content\/uploads\/2017\/12\/897-pastagem.jpg","contentUrl":"https:\/\/acrimat.org.br\/portal\/wp-content\/uploads\/2017\/12\/897-pastagem.jpg","width":640,"height":480},{"@type":"BreadcrumbList","@id":"https:\/\/acrimat.org.br\/portal\/fpa-garante-quorum-e-aprova-prorrogacao-de-adesao-ao-funrural\/#breadcrumb","itemListElement":[{"@type":"ListItem","position":1,"name":"In\u00edcio","item":"https:\/\/acrimat.org.br\/portal\/"},{"@type":"ListItem","position":2,"name":"FPA garante qu\u00f3rum e aprova prorroga\u00e7\u00e3o de ades\u00e3o ao Funrural"}]},{"@type":"WebSite","@id":"https:\/\/acrimat.org.br\/portal\/#website","url":"https:\/\/acrimat.org.br\/portal\/","name":"Acrimat","description":"Associa\u00e7\u00e3o dos Criadores de Mato Grosso","publisher":{"@id":"https:\/\/acrimat.org.br\/portal\/#organization"},"potentialAction":[{"@type":"SearchAction","target":{"@type":"EntryPoint","urlTemplate":"https:\/\/acrimat.org.br\/portal\/?s={search_term_string}"},"query-input":{"@type":"PropertyValueSpecification","valueRequired":true,"valueName":"search_term_string"}}],"inLanguage":"pt-BR"},{"@type":"Organization","@id":"https:\/\/acrimat.org.br\/portal\/#organization","name":"Associa\u00e7\u00e3o dos Criadores de Mato Grosso","url":"https:\/\/acrimat.org.br\/portal\/","logo":{"@type":"ImageObject","inLanguage":"pt-BR","@id":"https:\/\/acrimat.org.br\/portal\/#\/schema\/logo\/image\/","url":"https:\/\/acrimat.org.br\/portal\/wp-content\/uploads\/2018\/03\/logo-peq-original.png","contentUrl":"https:\/\/acrimat.org.br\/portal\/wp-content\/uploads\/2018\/03\/logo-peq-original.png","width":174,"height":171,"caption":"Associa\u00e7\u00e3o dos Criadores de Mato Grosso"},"image":{"@id":"https:\/\/acrimat.org.br\/portal\/#\/schema\/logo\/image\/"}},{"@type":"Person","@id":"https:\/\/acrimat.org.br\/portal\/#\/schema\/person\/a309b9496344ff991e8e1b1d751fdd7b","name":"Assessoria de comunica\u00e7\u00e3o ACRIMAT","image":{"@type":"ImageObject","inLanguage":"pt-BR","@id":"https:\/\/acrimat.org.br\/portal\/#\/schema\/person\/image\/","url":"https:\/\/secure.gravatar.com\/avatar\/2f9c28e64c317bcd762b25cb1575f1b4?s=96&d=mm&r=g","contentUrl":"https:\/\/secure.gravatar.com\/avatar\/2f9c28e64c317bcd762b25cb1575f1b4?s=96&d=mm&r=g","caption":"Assessoria de comunica\u00e7\u00e3o ACRIMAT"},"sameAs":["http:\/\/acrimat.org.br\/"],"url":"https:\/\/acrimat.org.br\/portal\/author\/ascom\/"}]}},"_links":{"self":[{"href":"https:\/\/acrimat.org.br\/portal\/wp-json\/wp\/v2\/posts\/97986196","targetHints":{"allow":["GET"]}}],"collection":[{"href":"https:\/\/acrimat.org.br\/portal\/wp-json\/wp\/v2\/posts"}],"about":[{"href":"https:\/\/acrimat.org.br\/portal\/wp-json\/wp\/v2\/types\/post"}],"author":[{"embeddable":true,"href":"https:\/\/acrimat.org.br\/portal\/wp-json\/wp\/v2\/users\/7"}],"replies":[{"embeddable":true,"href":"https:\/\/acrimat.org.br\/portal\/wp-json\/wp\/v2\/comments?post=97986196"}],"version-history":[{"count":1,"href":"https:\/\/acrimat.org.br\/portal\/wp-json\/wp\/v2\/posts\/97986196\/revisions"}],"predecessor-version":[{"id":97986197,"href":"https:\/\/acrimat.org.br\/portal\/wp-json\/wp\/v2\/posts\/97986196\/revisions\/97986197"}],"wp:featuredmedia":[{"embeddable":true,"href":"https:\/\/acrimat.org.br\/portal\/wp-json\/wp\/v2\/media\/97985293"}],"wp:attachment":[{"href":"https:\/\/acrimat.org.br\/portal\/wp-json\/wp\/v2\/media?parent=97986196"}],"wp:term":[{"taxonomy":"category","embeddable":true,"href":"https:\/\/acrimat.org.br\/portal\/wp-json\/wp\/v2\/categories?post=97986196"},{"taxonomy":"post_tag","embeddable":true,"href":"https:\/\/acrimat.org.br\/portal\/wp-json\/wp\/v2\/tags?post=97986196"}],"curies":[{"name":"wp","href":"https:\/\/api.w.org\/{rel}","templated":true}]}}