{"id":97986198,"date":"2018-03-01T15:30:07","date_gmt":"2018-03-01T18:30:07","guid":{"rendered":"http:\/\/acrimat.org.br\/portal\/?p=97986198"},"modified":"2018-03-01T15:39:05","modified_gmt":"2018-03-01T18:39:05","slug":"fpa-referenda-decisao-do-stf-sobre-constitucionalidade-do-codigo-florestal","status":"publish","type":"post","link":"https:\/\/acrimat.org.br\/portal\/fpa-referenda-decisao-do-stf-sobre-constitucionalidade-do-codigo-florestal\/","title":{"rendered":"FPA referenda decis\u00e3o do STF sobre constitucionalidade do C\u00f3digo Florestal"},"content":{"rendered":"<p>O Supremo Tribunal Federal (STF) encerrou o julgamento das cinco a\u00e7\u00f5es que tratam do novo C\u00f3digo Florestal na tarde desta quarta-feira (28) e considerou constitucional a legisla\u00e7\u00e3o vigente h\u00e1 5 anos. Dentre os principais itens questionados, foram respeitados os acordos firmados a partir do CAR (Cadastro Ambiental Rural), a consolida\u00e7\u00e3o das pequenas propriedades e o Programa de Regulariza\u00e7\u00e3o Ambiental (PRA) que prev\u00ea a convers\u00e3o de multas em servi\u00e7os ambientais para recupera\u00e7\u00e3o da \u00e1rea degradada, antes de 22 de julho de 2008.<\/p>\n<p>Para a presidente da Frente Parlamentar da Agropecu\u00e1ria (FPA), deputada federal Tereza Cristina (DEM-MS), nunca se tratou de anistia. \u201cA recupera\u00e7\u00e3o da \u00e1rea degradada sempre foi garantida. Ningu\u00e9m ficar\u00e1 isento disso. A convers\u00e3o da multa em servi\u00e7o ambiental s\u00f3 durar\u00e1 se e enquanto o propriet\u00e1rio cumprir com todas as obriga\u00e7\u00f5es que forem a ele impostas. A decis\u00e3o foi equilibrada a favor do Brasil, garantindo a sustentabilidade dos quatro milh\u00f5es de pequenos agricultores do pa\u00eds\u201d, afirma Tereza.<\/p>\n<p>Segundo o vice-presidente da Frente, deputado Alceu Moreira (PMDB-RS), a decis\u00e3o da Suprema Corte \u00e9, sem sombra de d\u00favida, uma vit\u00f3ria ao C\u00f3digo Florestal, que foi uma das leis mais bem constru\u00eddas no parlamento de forma ampla e democr\u00e1tica. Para ele, \u00e9 de extrema necessidade que haja equil\u00edbrio no desenvolvimento econ\u00f4mico, social e ambiental. \u201cH\u00e1 um exagero quando se trata do meio ambiente frente ao progresso do pa\u00eds. Um nunca anula o outro. Eles s\u00e3o complementares. O ganho conquistado hoje mostra isso\u201d, defende o vice-presidente.<\/p>\n<p>Outros parlamentares integrantes da FPA acompanharam o julgamento desde o in\u00edcio. Para o coordenador de Meio Ambiente da Frente, deputado Valdir Colatto (PMDB-SC), o cora\u00e7\u00e3o do novo C\u00f3digo Florestal foi mantido. \u201cO resultado \u00e9 uma conquista para o desenvolvimento econ\u00f4mico e social do pa\u00eds e para a seguran\u00e7a jur\u00eddica dos pequenos produtores rurais. \u201cGanha o Brasil, ganha a agricultura\u201d, afirma Colatto.<\/p>\n<p>O vice-presidente da FPA no Senado, Cidinho Santos (PR-MT), comemora a decis\u00e3o do Supremo, pois essa garante a consolida\u00e7\u00e3o de uma legisla\u00e7\u00e3o que trouxe benef\u00edcios ao pa\u00eds em conson\u00e2ncia com a preserva\u00e7\u00e3o do meio ambiente. \u201cEstamos aliviados. O C\u00f3digo garante tranquilidade a quem trabalha e produz nesse pa\u00eds\u201d, diz o senador.<\/p>\n<p>Para o deputado S\u00e9rgio Souza (PMDB-PR), destacou que o STF ouviu o apelo do setor produtivo e principalmente dos agricultores familiares e considerou constitucionais os principais pontos que atingem diretamente aqueles que garantem a produ\u00e7\u00e3o alimentar no pa\u00eds. \u201cFoi uma decis\u00e3o sensata. A legisla\u00e7\u00e3o debatida por mais de 10 anos no Congresso Nacional e em vig\u00eancia h\u00e1 cinco anos foi preservada\u201d, complementa o parlamentar.<\/p>\n<p>O pronto primordial, segundo avalia\u00e7\u00e3o do deputado Evandro Gussi (PV-SP), \u00e9 o reconhecimento da constitucionalidade do principal objetivo do novo C\u00f3digo Florestal: a seguran\u00e7a jur\u00eddica. \u201cA legisla\u00e7\u00e3o de 2012 trouxe um cen\u00e1rio de clareza e transpar\u00eancia das rela\u00e7\u00f5es produtivas com a defesa do patrim\u00f4nio ambiental brasileiro\u201d, evidencia Gussi.<\/p>\n<p>Avan\u00e7os \u2013 O Programa de Regulariza\u00e7\u00e3o Ambiental (PRA) consiste na adequa\u00e7\u00e3o das \u00c1reas de Prote\u00e7\u00e3o Permanente (APPs) e de Reserva Legal (RL) de propriedades rurais por meio de recupera\u00e7\u00e3o ou compensa\u00e7\u00e3o, firmando um Termo de Ajuste de Conduta (TAC). A ades\u00e3o ao programa vai converter as multas em servi\u00e7os ambientais para reparar o dano causado antes de 22 de julho de 2008. Esse marco foi usado na aprova\u00e7\u00e3o do c\u00f3digo porque corresponde \u00e0 edi\u00e7\u00e3o do decreto do mesmo ano que definiu o que s\u00e3o infra\u00e7\u00f5es administrativas ambientais.<\/p>\n<p>Para obter o direito \u00e0 essa convers\u00e3o de multa, o cidad\u00e3o entregou ao poder p\u00fablico todas as informa\u00e7\u00f5es pertinentes \u00e0 sua propriedade: infra\u00e7\u00f5es, irregularidades, pontos cr\u00edticos de prote\u00e7\u00e3o ao meio ambiente, etc. Segundo a presidente da FPA, deputada Tereza Cristina, essa farta informa\u00e7\u00e3o culminou no \u00fanico estudo de ocupa\u00e7\u00e3o territorial existente atualmente, que p\u00f4de mapear precisamente o pa\u00eds quanto \u00e0 sua topologia, biomas, \u00e1reas degradadas, entre outros.<\/p>\n<p>Grande parte dos 38 itens questionados j\u00e1 haviam sido decididos pelo voto da maioria dos ministros que comp\u00f5em o STF, entre elas a constitucionalidade da defini\u00e7\u00e3o de \u201cleito permanente\u201d, da possibilidade de c\u00f4mputo de Reserva Legal dentro da \u00c1rea de Preserva\u00e7\u00e3o Permanente, das Cotas de Reserva Ambiental (CRA), e da possibilidade de servid\u00e3o ambiental sob o excedente de Reserva Legal.<\/p>\n","protected":false},"excerpt":{"rendered":"<p>Para a presidente da Frente Parlamentar da Agropecu\u00e1ria (FPA), deputada federal Tereza Cristina (DEM-MS), nunca se tratou de anistia.<\/p>\n","protected":false},"author":7,"featured_media":97983982,"comment_status":"closed","ping_status":"closed","sticky":false,"template":"","format":"standard","meta":{"footnotes":""},"categories":[6,1],"tags":[],"class_list":["post-97986198","post","type-post","status-publish","format-standard","has-post-thumbnail","hentry","category-destaque","category-noticia"],"yoast_head":"<!-- This site is optimized with the Yoast SEO plugin v24.8.1 - https:\/\/yoast.com\/wordpress\/plugins\/seo\/ -->\n<title>FPA referenda decis\u00e3o do STF sobre constitucionalidade do C\u00f3digo Florestal - Acrimat<\/title>\n<meta name=\"robots\" content=\"index, follow, max-snippet:-1, max-image-preview:large, max-video-preview:-1\" \/>\n<link rel=\"canonical\" href=\"https:\/\/acrimat.org.br\/portal\/fpa-referenda-decisao-do-stf-sobre-constitucionalidade-do-codigo-florestal\/\" \/>\n<meta property=\"og:locale\" content=\"pt_BR\" \/>\n<meta property=\"og:type\" content=\"article\" \/>\n<meta property=\"og:title\" content=\"FPA referenda decis\u00e3o do STF sobre constitucionalidade do C\u00f3digo Florestal - Acrimat\" \/>\n<meta property=\"og:description\" content=\"Para a presidente da Frente Parlamentar da Agropecu\u00e1ria (FPA), deputada federal Tereza Cristina (DEM-MS), nunca se tratou de anistia.\" \/>\n<meta property=\"og:url\" content=\"https:\/\/acrimat.org.br\/portal\/fpa-referenda-decisao-do-stf-sobre-constitucionalidade-do-codigo-florestal\/\" \/>\n<meta property=\"og:site_name\" content=\"Acrimat\" \/>\n<meta property=\"article:published_time\" content=\"2018-03-01T18:30:07+00:00\" \/>\n<meta property=\"article:modified_time\" content=\"2018-03-01T18:39:05+00:00\" \/>\n<meta property=\"og:image\" content=\"https:\/\/acrimat.org.br\/portal\/wp-content\/uploads\/2017\/10\/rota04-0888-1024x683.jpg\" \/>\n\t<meta property=\"og:image:width\" content=\"1024\" \/>\n\t<meta property=\"og:image:height\" content=\"683\" \/>\n\t<meta property=\"og:image:type\" content=\"image\/jpeg\" \/>\n<meta name=\"author\" content=\"Assessoria de comunica\u00e7\u00e3o ACRIMAT\" \/>\n<meta name=\"twitter:card\" content=\"summary_large_image\" \/>\n<meta name=\"twitter:label1\" content=\"Escrito por\" \/>\n\t<meta name=\"twitter:data1\" content=\"Assessoria de comunica\u00e7\u00e3o ACRIMAT\" \/>\n\t<meta name=\"twitter:label2\" content=\"Est. tempo de leitura\" \/>\n\t<meta name=\"twitter:data2\" content=\"4 minutos\" \/>\n<script type=\"application\/ld+json\" class=\"yoast-schema-graph\">{\"@context\":\"https:\/\/schema.org\",\"@graph\":[{\"@type\":\"Article\",\"@id\":\"https:\/\/acrimat.org.br\/portal\/fpa-referenda-decisao-do-stf-sobre-constitucionalidade-do-codigo-florestal\/#article\",\"isPartOf\":{\"@id\":\"https:\/\/acrimat.org.br\/portal\/fpa-referenda-decisao-do-stf-sobre-constitucionalidade-do-codigo-florestal\/\"},\"author\":{\"name\":\"Assessoria de comunica\u00e7\u00e3o ACRIMAT\",\"@id\":\"https:\/\/acrimat.org.br\/portal\/#\/schema\/person\/a309b9496344ff991e8e1b1d751fdd7b\"},\"headline\":\"FPA referenda decis\u00e3o do STF sobre constitucionalidade do C\u00f3digo Florestal\",\"datePublished\":\"2018-03-01T18:30:07+00:00\",\"dateModified\":\"2018-03-01T18:39:05+00:00\",\"mainEntityOfPage\":{\"@id\":\"https:\/\/acrimat.org.br\/portal\/fpa-referenda-decisao-do-stf-sobre-constitucionalidade-do-codigo-florestal\/\"},\"wordCount\":762,\"publisher\":{\"@id\":\"https:\/\/acrimat.org.br\/portal\/#organization\"},\"image\":{\"@id\":\"https:\/\/acrimat.org.br\/portal\/fpa-referenda-decisao-do-stf-sobre-constitucionalidade-do-codigo-florestal\/#primaryimage\"},\"thumbnailUrl\":\"https:\/\/acrimat.org.br\/portal\/wp-content\/uploads\/2017\/10\/rota04-0888.jpg\",\"articleSection\":[\"Destaques\",\"Not\u00edcias\"],\"inLanguage\":\"pt-BR\"},{\"@type\":\"WebPage\",\"@id\":\"https:\/\/acrimat.org.br\/portal\/fpa-referenda-decisao-do-stf-sobre-constitucionalidade-do-codigo-florestal\/\",\"url\":\"https:\/\/acrimat.org.br\/portal\/fpa-referenda-decisao-do-stf-sobre-constitucionalidade-do-codigo-florestal\/\",\"name\":\"FPA referenda decis\u00e3o do STF sobre constitucionalidade do C\u00f3digo Florestal - Acrimat\",\"isPartOf\":{\"@id\":\"https:\/\/acrimat.org.br\/portal\/#website\"},\"primaryImageOfPage\":{\"@id\":\"https:\/\/acrimat.org.br\/portal\/fpa-referenda-decisao-do-stf-sobre-constitucionalidade-do-codigo-florestal\/#primaryimage\"},\"image\":{\"@id\":\"https:\/\/acrimat.org.br\/portal\/fpa-referenda-decisao-do-stf-sobre-constitucionalidade-do-codigo-florestal\/#primaryimage\"},\"thumbnailUrl\":\"https:\/\/acrimat.org.br\/portal\/wp-content\/uploads\/2017\/10\/rota04-0888.jpg\",\"datePublished\":\"2018-03-01T18:30:07+00:00\",\"dateModified\":\"2018-03-01T18:39:05+00:00\",\"breadcrumb\":{\"@id\":\"https:\/\/acrimat.org.br\/portal\/fpa-referenda-decisao-do-stf-sobre-constitucionalidade-do-codigo-florestal\/#breadcrumb\"},\"inLanguage\":\"pt-BR\",\"potentialAction\":[{\"@type\":\"ReadAction\",\"target\":[\"https:\/\/acrimat.org.br\/portal\/fpa-referenda-decisao-do-stf-sobre-constitucionalidade-do-codigo-florestal\/\"]}]},{\"@type\":\"ImageObject\",\"inLanguage\":\"pt-BR\",\"@id\":\"https:\/\/acrimat.org.br\/portal\/fpa-referenda-decisao-do-stf-sobre-constitucionalidade-do-codigo-florestal\/#primaryimage\",\"url\":\"https:\/\/acrimat.org.br\/portal\/wp-content\/uploads\/2017\/10\/rota04-0888.jpg\",\"contentUrl\":\"https:\/\/acrimat.org.br\/portal\/wp-content\/uploads\/2017\/10\/rota04-0888.jpg\",\"width\":5616,\"height\":3744},{\"@type\":\"BreadcrumbList\",\"@id\":\"https:\/\/acrimat.org.br\/portal\/fpa-referenda-decisao-do-stf-sobre-constitucionalidade-do-codigo-florestal\/#breadcrumb\",\"itemListElement\":[{\"@type\":\"ListItem\",\"position\":1,\"name\":\"In\u00edcio\",\"item\":\"https:\/\/acrimat.org.br\/portal\/\"},{\"@type\":\"ListItem\",\"position\":2,\"name\":\"FPA referenda decis\u00e3o do STF sobre constitucionalidade do C\u00f3digo Florestal\"}]},{\"@type\":\"WebSite\",\"@id\":\"https:\/\/acrimat.org.br\/portal\/#website\",\"url\":\"https:\/\/acrimat.org.br\/portal\/\",\"name\":\"Acrimat\",\"description\":\"Associa\u00e7\u00e3o dos Criadores de Mato Grosso\",\"publisher\":{\"@id\":\"https:\/\/acrimat.org.br\/portal\/#organization\"},\"potentialAction\":[{\"@type\":\"SearchAction\",\"target\":{\"@type\":\"EntryPoint\",\"urlTemplate\":\"https:\/\/acrimat.org.br\/portal\/?s={search_term_string}\"},\"query-input\":{\"@type\":\"PropertyValueSpecification\",\"valueRequired\":true,\"valueName\":\"search_term_string\"}}],\"inLanguage\":\"pt-BR\"},{\"@type\":\"Organization\",\"@id\":\"https:\/\/acrimat.org.br\/portal\/#organization\",\"name\":\"Associa\u00e7\u00e3o dos Criadores de Mato Grosso\",\"url\":\"https:\/\/acrimat.org.br\/portal\/\",\"logo\":{\"@type\":\"ImageObject\",\"inLanguage\":\"pt-BR\",\"@id\":\"https:\/\/acrimat.org.br\/portal\/#\/schema\/logo\/image\/\",\"url\":\"https:\/\/acrimat.org.br\/portal\/wp-content\/uploads\/2018\/03\/logo-peq-original.png\",\"contentUrl\":\"https:\/\/acrimat.org.br\/portal\/wp-content\/uploads\/2018\/03\/logo-peq-original.png\",\"width\":174,\"height\":171,\"caption\":\"Associa\u00e7\u00e3o dos Criadores de Mato Grosso\"},\"image\":{\"@id\":\"https:\/\/acrimat.org.br\/portal\/#\/schema\/logo\/image\/\"}},{\"@type\":\"Person\",\"@id\":\"https:\/\/acrimat.org.br\/portal\/#\/schema\/person\/a309b9496344ff991e8e1b1d751fdd7b\",\"name\":\"Assessoria de comunica\u00e7\u00e3o ACRIMAT\",\"image\":{\"@type\":\"ImageObject\",\"inLanguage\":\"pt-BR\",\"@id\":\"https:\/\/acrimat.org.br\/portal\/#\/schema\/person\/image\/\",\"url\":\"https:\/\/secure.gravatar.com\/avatar\/2f9c28e64c317bcd762b25cb1575f1b4?s=96&d=mm&r=g\",\"contentUrl\":\"https:\/\/secure.gravatar.com\/avatar\/2f9c28e64c317bcd762b25cb1575f1b4?s=96&d=mm&r=g\",\"caption\":\"Assessoria de comunica\u00e7\u00e3o ACRIMAT\"},\"sameAs\":[\"http:\/\/acrimat.org.br\/\"],\"url\":\"https:\/\/acrimat.org.br\/portal\/author\/ascom\/\"}]}<\/script>\n<!-- \/ Yoast SEO plugin. -->","yoast_head_json":{"title":"FPA referenda decis\u00e3o do STF sobre constitucionalidade do C\u00f3digo Florestal - Acrimat","robots":{"index":"index","follow":"follow","max-snippet":"max-snippet:-1","max-image-preview":"max-image-preview:large","max-video-preview":"max-video-preview:-1"},"canonical":"https:\/\/acrimat.org.br\/portal\/fpa-referenda-decisao-do-stf-sobre-constitucionalidade-do-codigo-florestal\/","og_locale":"pt_BR","og_type":"article","og_title":"FPA referenda decis\u00e3o do STF sobre constitucionalidade do C\u00f3digo Florestal - Acrimat","og_description":"Para a presidente da Frente Parlamentar da Agropecu\u00e1ria (FPA), deputada federal Tereza Cristina (DEM-MS), nunca se tratou de anistia.","og_url":"https:\/\/acrimat.org.br\/portal\/fpa-referenda-decisao-do-stf-sobre-constitucionalidade-do-codigo-florestal\/","og_site_name":"Acrimat","article_published_time":"2018-03-01T18:30:07+00:00","article_modified_time":"2018-03-01T18:39:05+00:00","og_image":[{"width":1024,"height":683,"url":"https:\/\/acrimat.org.br\/portal\/wp-content\/uploads\/2017\/10\/rota04-0888-1024x683.jpg","type":"image\/jpeg"}],"author":"Assessoria de comunica\u00e7\u00e3o ACRIMAT","twitter_card":"summary_large_image","twitter_misc":{"Escrito por":"Assessoria de comunica\u00e7\u00e3o ACRIMAT","Est. tempo de leitura":"4 minutos"},"schema":{"@context":"https:\/\/schema.org","@graph":[{"@type":"Article","@id":"https:\/\/acrimat.org.br\/portal\/fpa-referenda-decisao-do-stf-sobre-constitucionalidade-do-codigo-florestal\/#article","isPartOf":{"@id":"https:\/\/acrimat.org.br\/portal\/fpa-referenda-decisao-do-stf-sobre-constitucionalidade-do-codigo-florestal\/"},"author":{"name":"Assessoria de comunica\u00e7\u00e3o ACRIMAT","@id":"https:\/\/acrimat.org.br\/portal\/#\/schema\/person\/a309b9496344ff991e8e1b1d751fdd7b"},"headline":"FPA referenda decis\u00e3o do STF sobre constitucionalidade do C\u00f3digo Florestal","datePublished":"2018-03-01T18:30:07+00:00","dateModified":"2018-03-01T18:39:05+00:00","mainEntityOfPage":{"@id":"https:\/\/acrimat.org.br\/portal\/fpa-referenda-decisao-do-stf-sobre-constitucionalidade-do-codigo-florestal\/"},"wordCount":762,"publisher":{"@id":"https:\/\/acrimat.org.br\/portal\/#organization"},"image":{"@id":"https:\/\/acrimat.org.br\/portal\/fpa-referenda-decisao-do-stf-sobre-constitucionalidade-do-codigo-florestal\/#primaryimage"},"thumbnailUrl":"https:\/\/acrimat.org.br\/portal\/wp-content\/uploads\/2017\/10\/rota04-0888.jpg","articleSection":["Destaques","Not\u00edcias"],"inLanguage":"pt-BR"},{"@type":"WebPage","@id":"https:\/\/acrimat.org.br\/portal\/fpa-referenda-decisao-do-stf-sobre-constitucionalidade-do-codigo-florestal\/","url":"https:\/\/acrimat.org.br\/portal\/fpa-referenda-decisao-do-stf-sobre-constitucionalidade-do-codigo-florestal\/","name":"FPA referenda decis\u00e3o do STF sobre constitucionalidade do C\u00f3digo Florestal - Acrimat","isPartOf":{"@id":"https:\/\/acrimat.org.br\/portal\/#website"},"primaryImageOfPage":{"@id":"https:\/\/acrimat.org.br\/portal\/fpa-referenda-decisao-do-stf-sobre-constitucionalidade-do-codigo-florestal\/#primaryimage"},"image":{"@id":"https:\/\/acrimat.org.br\/portal\/fpa-referenda-decisao-do-stf-sobre-constitucionalidade-do-codigo-florestal\/#primaryimage"},"thumbnailUrl":"https:\/\/acrimat.org.br\/portal\/wp-content\/uploads\/2017\/10\/rota04-0888.jpg","datePublished":"2018-03-01T18:30:07+00:00","dateModified":"2018-03-01T18:39:05+00:00","breadcrumb":{"@id":"https:\/\/acrimat.org.br\/portal\/fpa-referenda-decisao-do-stf-sobre-constitucionalidade-do-codigo-florestal\/#breadcrumb"},"inLanguage":"pt-BR","potentialAction":[{"@type":"ReadAction","target":["https:\/\/acrimat.org.br\/portal\/fpa-referenda-decisao-do-stf-sobre-constitucionalidade-do-codigo-florestal\/"]}]},{"@type":"ImageObject","inLanguage":"pt-BR","@id":"https:\/\/acrimat.org.br\/portal\/fpa-referenda-decisao-do-stf-sobre-constitucionalidade-do-codigo-florestal\/#primaryimage","url":"https:\/\/acrimat.org.br\/portal\/wp-content\/uploads\/2017\/10\/rota04-0888.jpg","contentUrl":"https:\/\/acrimat.org.br\/portal\/wp-content\/uploads\/2017\/10\/rota04-0888.jpg","width":5616,"height":3744},{"@type":"BreadcrumbList","@id":"https:\/\/acrimat.org.br\/portal\/fpa-referenda-decisao-do-stf-sobre-constitucionalidade-do-codigo-florestal\/#breadcrumb","itemListElement":[{"@type":"ListItem","position":1,"name":"In\u00edcio","item":"https:\/\/acrimat.org.br\/portal\/"},{"@type":"ListItem","position":2,"name":"FPA referenda decis\u00e3o do STF sobre constitucionalidade do C\u00f3digo Florestal"}]},{"@type":"WebSite","@id":"https:\/\/acrimat.org.br\/portal\/#website","url":"https:\/\/acrimat.org.br\/portal\/","name":"Acrimat","description":"Associa\u00e7\u00e3o dos Criadores de Mato Grosso","publisher":{"@id":"https:\/\/acrimat.org.br\/portal\/#organization"},"potentialAction":[{"@type":"SearchAction","target":{"@type":"EntryPoint","urlTemplate":"https:\/\/acrimat.org.br\/portal\/?s={search_term_string}"},"query-input":{"@type":"PropertyValueSpecification","valueRequired":true,"valueName":"search_term_string"}}],"inLanguage":"pt-BR"},{"@type":"Organization","@id":"https:\/\/acrimat.org.br\/portal\/#organization","name":"Associa\u00e7\u00e3o dos Criadores de Mato Grosso","url":"https:\/\/acrimat.org.br\/portal\/","logo":{"@type":"ImageObject","inLanguage":"pt-BR","@id":"https:\/\/acrimat.org.br\/portal\/#\/schema\/logo\/image\/","url":"https:\/\/acrimat.org.br\/portal\/wp-content\/uploads\/2018\/03\/logo-peq-original.png","contentUrl":"https:\/\/acrimat.org.br\/portal\/wp-content\/uploads\/2018\/03\/logo-peq-original.png","width":174,"height":171,"caption":"Associa\u00e7\u00e3o dos Criadores de Mato Grosso"},"image":{"@id":"https:\/\/acrimat.org.br\/portal\/#\/schema\/logo\/image\/"}},{"@type":"Person","@id":"https:\/\/acrimat.org.br\/portal\/#\/schema\/person\/a309b9496344ff991e8e1b1d751fdd7b","name":"Assessoria de comunica\u00e7\u00e3o ACRIMAT","image":{"@type":"ImageObject","inLanguage":"pt-BR","@id":"https:\/\/acrimat.org.br\/portal\/#\/schema\/person\/image\/","url":"https:\/\/secure.gravatar.com\/avatar\/2f9c28e64c317bcd762b25cb1575f1b4?s=96&d=mm&r=g","contentUrl":"https:\/\/secure.gravatar.com\/avatar\/2f9c28e64c317bcd762b25cb1575f1b4?s=96&d=mm&r=g","caption":"Assessoria de comunica\u00e7\u00e3o ACRIMAT"},"sameAs":["http:\/\/acrimat.org.br\/"],"url":"https:\/\/acrimat.org.br\/portal\/author\/ascom\/"}]}},"_links":{"self":[{"href":"https:\/\/acrimat.org.br\/portal\/wp-json\/wp\/v2\/posts\/97986198","targetHints":{"allow":["GET"]}}],"collection":[{"href":"https:\/\/acrimat.org.br\/portal\/wp-json\/wp\/v2\/posts"}],"about":[{"href":"https:\/\/acrimat.org.br\/portal\/wp-json\/wp\/v2\/types\/post"}],"author":[{"embeddable":true,"href":"https:\/\/acrimat.org.br\/portal\/wp-json\/wp\/v2\/users\/7"}],"replies":[{"embeddable":true,"href":"https:\/\/acrimat.org.br\/portal\/wp-json\/wp\/v2\/comments?post=97986198"}],"version-history":[{"count":2,"href":"https:\/\/acrimat.org.br\/portal\/wp-json\/wp\/v2\/posts\/97986198\/revisions"}],"predecessor-version":[{"id":97986204,"href":"https:\/\/acrimat.org.br\/portal\/wp-json\/wp\/v2\/posts\/97986198\/revisions\/97986204"}],"wp:featuredmedia":[{"embeddable":true,"href":"https:\/\/acrimat.org.br\/portal\/wp-json\/wp\/v2\/media\/97983982"}],"wp:attachment":[{"href":"https:\/\/acrimat.org.br\/portal\/wp-json\/wp\/v2\/media?parent=97986198"}],"wp:term":[{"taxonomy":"category","embeddable":true,"href":"https:\/\/acrimat.org.br\/portal\/wp-json\/wp\/v2\/categories?post=97986198"},{"taxonomy":"post_tag","embeddable":true,"href":"https:\/\/acrimat.org.br\/portal\/wp-json\/wp\/v2\/tags?post=97986198"}],"curies":[{"name":"wp","href":"https:\/\/api.w.org\/{rel}","templated":true}]}}