{"id":97986200,"date":"2018-03-01T15:37:26","date_gmt":"2018-03-01T18:37:26","guid":{"rendered":"http:\/\/acrimat.org.br\/portal\/?p=97986200"},"modified":"2018-03-01T15:38:07","modified_gmt":"2018-03-01T18:38:07","slug":"integrar-para-crescer-divulga-agenda-de-eventos-da-pecuaria-para-2018","status":"publish","type":"post","link":"https:\/\/acrimat.org.br\/portal\/integrar-para-crescer-divulga-agenda-de-eventos-da-pecuaria-para-2018\/","title":{"rendered":"Integrar para Crescer divulga agenda de eventos da pecu\u00e1ria para 2018"},"content":{"rendered":"<p style=\"font-weight: 400;\">Unir iniciativas para fortalecer a cadeia produtiva da carne bovina \u00e9 o objetivo da plataforma \u201cIntegrar para Crescer\u201d, que engloba os eventos\u00a0<a href=\"http:\/\/intercorte.com.br\/\">InterCorte<\/a>,\u00a0<a href=\"http:\/\/intercorte.com.br\/beefweek%20\">Beef Week<\/a>\u00a0 e\u00a0<a href=\"http:\/\/www.interconf.com.br\/\">Interconf<\/a>, encabe\u00e7ados pelo Terraviva Eventos.<\/p>\n<p style=\"font-weight: 400;\">O calend\u00e1rio de 2018 ter\u00e1 in\u00edcio em abril com a realiza\u00e7\u00e3o da InterCorte Cuiab\u00e1 (MT) nos dias 12 e 13 de abril e a Beef Week MT, de 9 a 14 de abril, uma semana de fomento \u00e0 carne bovina, que tem como o objetivo aumentar a percep\u00e7\u00e3o dos centros urbanos e dos consumidores em rela\u00e7\u00e3o \u00e0 qualidade e origem da carne brasileira e conta com a participa\u00e7\u00e3o de diversos restaurantes que desenvolvem pratos com carne para o festival. O fechamento dessa etapa ser\u00e1 com a realiza\u00e7\u00e3o do Festival Braseiro, no dia 14. A InterCorte Cuiab\u00e1, que \u00e9 organizada em conjunto com a Acrimat \u2013 Associa\u00e7\u00e3o dos Criadores de Mato Grosso, ser\u00e1 realizada este ano em um novo local: o Cenarium Rural, um espa\u00e7o moderno com uma privilegiada vis\u00e3o panor\u00e2mica da cidade e capacidade para at\u00e9 duas mil pessoas.<\/p>\n<p style=\"font-weight: 400;\">A pr\u00f3xima cidade a receber a InterCorte ser\u00e1 Marab\u00e1 (PA), que sedia pela primeira vez o evento, nos dias 22 e 23 de maio, em parceria com a Acripar\u00e1 \u2013 Associa\u00e7\u00e3o de Criadores do Estado do Par\u00e1. Em setembro, nos dias 11 e 12, em Goi\u00e2nia (GO), ser\u00e1 promovida a Interconf \u2013 Confer\u00eancia Internacional de Pecuaristas, realizada pela Assocon \u2013 Associa\u00e7\u00e3o Nacional da Pecu\u00e1ria Intensiva, tamb\u00e9m em novo local: o Centro de Conven\u00e7\u00f5es Goi\u00e2nia.<\/p>\n<p style=\"font-weight: 400;\">A finaliza\u00e7\u00e3o do calend\u00e1rio 2018 ser\u00e1 em S\u00e3o Paulo com a realiza\u00e7\u00e3o da InterCorte, de 21 a 23 de novembro, no WTC Events Center, e da Angus Beef Week, de 15 a 25 de novembro.<\/p>\n<p style=\"font-weight: 400;\">\u201cO Integrar para Crescer nasceu da crescente necessidade de unir iniciativas que re\u00fanem os diversos elos da cadeia produtiva, visando n\u00e3o s\u00f3 o crescimento da atividade no pa\u00eds, mas principalmente a melhora da qualidade do produto oferecido, atendendo as demandas vindas do mercado\u201d, ressalta Carla Tuccilio, diretora do Terraviva Eventos.<\/p>\n<p style=\"font-weight: 400;\">A plataforma ainda promove a\u00e7\u00f5es nas redes sociais, visando o fortalecimento e o conhecimento da cadeia da carne por parte dos elos do setor, mas tamb\u00e9m do consumidor final. O movimento #SomosdaCarne nasceu a partir de um manifesto lan\u00e7ado na InterCorte S\u00e3o Paulo em 2016, que sintetiza a motiva\u00e7\u00e3o de toda a cadeia produtiva da carne bovina para a produ\u00e7\u00e3o de um alimento de qualidade, saud\u00e1vel e sustent\u00e1vel. Integrantes dos mais diversos elos dessa cadeia utilizam esse canal de comunica\u00e7\u00e3o para divulgar essa ideia.<\/p>\n<p style=\"font-weight: 400;\">Outra a\u00e7\u00e3o, o \u201cVoc\u00ea Sabia\u201d, fundamentada como parte do movimento #SomosdaCarne, divulga periodicamente informa\u00e7\u00f5es sobre os diversos aspectos da cadeia produtiva da carne: sua import\u00e2ncia econ\u00f4mica, sustentabilidade, curiosidades, dicas de preparo e conserva\u00e7\u00e3o, entre outros.\u00a0 Al\u00e9m disso, a plataforma ainda promove o \u201cCaminho do Boi\u201d, um projeto que convida os visitantes a se colocarem no lugar do animal de corte, percorrendo do pasto ao prato, atrav\u00e9s de esta\u00e7\u00f5es interativas. O projeto demonstra a import\u00e2ncia da integra\u00e7\u00e3o dos elos da cadeia da carne e chama a aten\u00e7\u00e3o para os impactos das boas pr\u00e1ticas na produ\u00e7\u00e3o, frigor\u00edfico, ponto de venda e para o consumidor, de que forma tudo isso impacta na rentabilidade do neg\u00f3cio.<\/p>\n<p style=\"font-weight: 400;\">\u201cNossos eventos re\u00fanem a cadeia para debater os desafios da pecu\u00e1ria, trazendo \u00e0 tona as quest\u00f5es mais latentes relacionadas aos temas propostos. Acreditamos que para atender as demandas de mercado \u00e9 preciso construir um aprendizado em conjunto, com a troca de ideias e experi\u00eancias entre os envolvidos neste sistema produtivo, promovendo a cadeia da carne para o setor e aos consumidores em geral\u201d, finaliza Carla.<strong>\u00a0<\/strong><\/p>\n<p style=\"font-weight: 400;\"><strong>Servi\u00e7o<\/strong><\/p>\n<p style=\"font-weight: 400;\"><strong>InterCorte 2018<\/strong><br \/>\n&#8211; Cuiab\u00e1 (MT) \u2013 12 e 13 de abril<br \/>\n&#8211; Marab\u00e1 (PA) \u2013 22 e 23 de maio<br \/>\n&#8211; S\u00e3o Paulo (SP) \u2013 21 a 23 de novembro<\/p>\n<p style=\"font-weight: 400;\"><strong>Beef Week<\/strong><br \/>\n&#8211; Cuiab\u00e1 (MT) \u2013 09 a 14 de abril<br \/>\n&#8211; S\u00e3o Paulo (SP) &#8211; 15 a 25 de novembro \u2013 Angus Beef Week<\/p>\n<p style=\"font-weight: 400;\"><strong>Interconf<\/strong><br \/>\n&#8211; Goi\u00e2nia (GO) \u2013 11 e 12 de setembro<\/p>\n","protected":false},"excerpt":{"rendered":"<p>Organizados pelo Terraviva Eventos, eventos como InterCorte, Beef Week e Interconf fomentam a uni\u00e3o do setor e o desenvolvimento da atividade no pa\u00eds<\/p>\n","protected":false},"author":7,"featured_media":97986201,"comment_status":"closed","ping_status":"closed","sticky":false,"template":"","format":"standard","meta":{"footnotes":""},"categories":[6,1],"tags":[],"class_list":["post-97986200","post","type-post","status-publish","format-standard","has-post-thumbnail","hentry","category-destaque","category-noticia"],"yoast_head":"<!-- This site is optimized with the Yoast SEO plugin v24.8.1 - https:\/\/yoast.com\/wordpress\/plugins\/seo\/ -->\n<title>Integrar para Crescer divulga agenda de eventos da pecu\u00e1ria para 2018 - Acrimat<\/title>\n<meta name=\"robots\" content=\"index, follow, max-snippet:-1, max-image-preview:large, max-video-preview:-1\" \/>\n<link rel=\"canonical\" href=\"https:\/\/acrimat.org.br\/portal\/integrar-para-crescer-divulga-agenda-de-eventos-da-pecuaria-para-2018\/\" \/>\n<meta property=\"og:locale\" content=\"pt_BR\" \/>\n<meta property=\"og:type\" content=\"article\" \/>\n<meta property=\"og:title\" content=\"Integrar para Crescer divulga agenda de eventos da pecu\u00e1ria para 2018 - Acrimat\" \/>\n<meta property=\"og:description\" content=\"Organizados pelo Terraviva Eventos, eventos como InterCorte, Beef Week e Interconf fomentam a uni\u00e3o do setor e o desenvolvimento da atividade no pa\u00eds\" \/>\n<meta property=\"og:url\" content=\"https:\/\/acrimat.org.br\/portal\/integrar-para-crescer-divulga-agenda-de-eventos-da-pecuaria-para-2018\/\" \/>\n<meta property=\"og:site_name\" content=\"Acrimat\" \/>\n<meta property=\"article:published_time\" content=\"2018-03-01T18:37:26+00:00\" \/>\n<meta property=\"article:modified_time\" content=\"2018-03-01T18:38:07+00:00\" \/>\n<meta property=\"og:image\" content=\"https:\/\/acrimat.org.br\/portal\/wp-content\/uploads\/2018\/03\/elf2421-e1519929424313.jpg\" \/>\n\t<meta property=\"og:image:width\" content=\"2016\" \/>\n\t<meta property=\"og:image:height\" content=\"1346\" \/>\n\t<meta property=\"og:image:type\" content=\"image\/jpeg\" \/>\n<meta name=\"author\" content=\"Assessoria de comunica\u00e7\u00e3o ACRIMAT\" \/>\n<meta name=\"twitter:card\" content=\"summary_large_image\" \/>\n<meta name=\"twitter:label1\" content=\"Escrito por\" \/>\n\t<meta name=\"twitter:data1\" content=\"Assessoria de comunica\u00e7\u00e3o ACRIMAT\" \/>\n\t<meta name=\"twitter:label2\" content=\"Est. tempo de leitura\" \/>\n\t<meta name=\"twitter:data2\" content=\"3 minutos\" \/>\n<script type=\"application\/ld+json\" class=\"yoast-schema-graph\">{\"@context\":\"https:\/\/schema.org\",\"@graph\":[{\"@type\":\"Article\",\"@id\":\"https:\/\/acrimat.org.br\/portal\/integrar-para-crescer-divulga-agenda-de-eventos-da-pecuaria-para-2018\/#article\",\"isPartOf\":{\"@id\":\"https:\/\/acrimat.org.br\/portal\/integrar-para-crescer-divulga-agenda-de-eventos-da-pecuaria-para-2018\/\"},\"author\":{\"name\":\"Assessoria de comunica\u00e7\u00e3o ACRIMAT\",\"@id\":\"https:\/\/acrimat.org.br\/portal\/#\/schema\/person\/a309b9496344ff991e8e1b1d751fdd7b\"},\"headline\":\"Integrar para Crescer divulga agenda de eventos da pecu\u00e1ria para 2018\",\"datePublished\":\"2018-03-01T18:37:26+00:00\",\"dateModified\":\"2018-03-01T18:38:07+00:00\",\"mainEntityOfPage\":{\"@id\":\"https:\/\/acrimat.org.br\/portal\/integrar-para-crescer-divulga-agenda-de-eventos-da-pecuaria-para-2018\/\"},\"wordCount\":682,\"publisher\":{\"@id\":\"https:\/\/acrimat.org.br\/portal\/#organization\"},\"image\":{\"@id\":\"https:\/\/acrimat.org.br\/portal\/integrar-para-crescer-divulga-agenda-de-eventos-da-pecuaria-para-2018\/#primaryimage\"},\"thumbnailUrl\":\"https:\/\/acrimat.org.br\/portal\/wp-content\/uploads\/2018\/03\/elf2421-e1519929424313.jpg\",\"articleSection\":[\"Destaques\",\"Not\u00edcias\"],\"inLanguage\":\"pt-BR\"},{\"@type\":\"WebPage\",\"@id\":\"https:\/\/acrimat.org.br\/portal\/integrar-para-crescer-divulga-agenda-de-eventos-da-pecuaria-para-2018\/\",\"url\":\"https:\/\/acrimat.org.br\/portal\/integrar-para-crescer-divulga-agenda-de-eventos-da-pecuaria-para-2018\/\",\"name\":\"Integrar para Crescer divulga agenda de eventos da pecu\u00e1ria para 2018 - Acrimat\",\"isPartOf\":{\"@id\":\"https:\/\/acrimat.org.br\/portal\/#website\"},\"primaryImageOfPage\":{\"@id\":\"https:\/\/acrimat.org.br\/portal\/integrar-para-crescer-divulga-agenda-de-eventos-da-pecuaria-para-2018\/#primaryimage\"},\"image\":{\"@id\":\"https:\/\/acrimat.org.br\/portal\/integrar-para-crescer-divulga-agenda-de-eventos-da-pecuaria-para-2018\/#primaryimage\"},\"thumbnailUrl\":\"https:\/\/acrimat.org.br\/portal\/wp-content\/uploads\/2018\/03\/elf2421-e1519929424313.jpg\",\"datePublished\":\"2018-03-01T18:37:26+00:00\",\"dateModified\":\"2018-03-01T18:38:07+00:00\",\"breadcrumb\":{\"@id\":\"https:\/\/acrimat.org.br\/portal\/integrar-para-crescer-divulga-agenda-de-eventos-da-pecuaria-para-2018\/#breadcrumb\"},\"inLanguage\":\"pt-BR\",\"potentialAction\":[{\"@type\":\"ReadAction\",\"target\":[\"https:\/\/acrimat.org.br\/portal\/integrar-para-crescer-divulga-agenda-de-eventos-da-pecuaria-para-2018\/\"]}]},{\"@type\":\"ImageObject\",\"inLanguage\":\"pt-BR\",\"@id\":\"https:\/\/acrimat.org.br\/portal\/integrar-para-crescer-divulga-agenda-de-eventos-da-pecuaria-para-2018\/#primaryimage\",\"url\":\"https:\/\/acrimat.org.br\/portal\/wp-content\/uploads\/2018\/03\/elf2421-e1519929424313.jpg\",\"contentUrl\":\"https:\/\/acrimat.org.br\/portal\/wp-content\/uploads\/2018\/03\/elf2421-e1519929424313.jpg\",\"width\":2016,\"height\":1346},{\"@type\":\"BreadcrumbList\",\"@id\":\"https:\/\/acrimat.org.br\/portal\/integrar-para-crescer-divulga-agenda-de-eventos-da-pecuaria-para-2018\/#breadcrumb\",\"itemListElement\":[{\"@type\":\"ListItem\",\"position\":1,\"name\":\"In\u00edcio\",\"item\":\"https:\/\/acrimat.org.br\/portal\/\"},{\"@type\":\"ListItem\",\"position\":2,\"name\":\"Integrar para Crescer divulga agenda de eventos da pecu\u00e1ria para 2018\"}]},{\"@type\":\"WebSite\",\"@id\":\"https:\/\/acrimat.org.br\/portal\/#website\",\"url\":\"https:\/\/acrimat.org.br\/portal\/\",\"name\":\"Acrimat\",\"description\":\"Associa\u00e7\u00e3o dos Criadores de Mato Grosso\",\"publisher\":{\"@id\":\"https:\/\/acrimat.org.br\/portal\/#organization\"},\"potentialAction\":[{\"@type\":\"SearchAction\",\"target\":{\"@type\":\"EntryPoint\",\"urlTemplate\":\"https:\/\/acrimat.org.br\/portal\/?s={search_term_string}\"},\"query-input\":{\"@type\":\"PropertyValueSpecification\",\"valueRequired\":true,\"valueName\":\"search_term_string\"}}],\"inLanguage\":\"pt-BR\"},{\"@type\":\"Organization\",\"@id\":\"https:\/\/acrimat.org.br\/portal\/#organization\",\"name\":\"Associa\u00e7\u00e3o dos Criadores de Mato Grosso\",\"url\":\"https:\/\/acrimat.org.br\/portal\/\",\"logo\":{\"@type\":\"ImageObject\",\"inLanguage\":\"pt-BR\",\"@id\":\"https:\/\/acrimat.org.br\/portal\/#\/schema\/logo\/image\/\",\"url\":\"https:\/\/acrimat.org.br\/portal\/wp-content\/uploads\/2018\/03\/logo-peq-original.png\",\"contentUrl\":\"https:\/\/acrimat.org.br\/portal\/wp-content\/uploads\/2018\/03\/logo-peq-original.png\",\"width\":174,\"height\":171,\"caption\":\"Associa\u00e7\u00e3o dos Criadores de Mato Grosso\"},\"image\":{\"@id\":\"https:\/\/acrimat.org.br\/portal\/#\/schema\/logo\/image\/\"}},{\"@type\":\"Person\",\"@id\":\"https:\/\/acrimat.org.br\/portal\/#\/schema\/person\/a309b9496344ff991e8e1b1d751fdd7b\",\"name\":\"Assessoria de comunica\u00e7\u00e3o ACRIMAT\",\"image\":{\"@type\":\"ImageObject\",\"inLanguage\":\"pt-BR\",\"@id\":\"https:\/\/acrimat.org.br\/portal\/#\/schema\/person\/image\/\",\"url\":\"https:\/\/secure.gravatar.com\/avatar\/2f9c28e64c317bcd762b25cb1575f1b4?s=96&d=mm&r=g\",\"contentUrl\":\"https:\/\/secure.gravatar.com\/avatar\/2f9c28e64c317bcd762b25cb1575f1b4?s=96&d=mm&r=g\",\"caption\":\"Assessoria de comunica\u00e7\u00e3o ACRIMAT\"},\"sameAs\":[\"http:\/\/acrimat.org.br\/\"],\"url\":\"https:\/\/acrimat.org.br\/portal\/author\/ascom\/\"}]}<\/script>\n<!-- \/ Yoast SEO plugin. -->","yoast_head_json":{"title":"Integrar para Crescer divulga agenda de eventos da pecu\u00e1ria para 2018 - Acrimat","robots":{"index":"index","follow":"follow","max-snippet":"max-snippet:-1","max-image-preview":"max-image-preview:large","max-video-preview":"max-video-preview:-1"},"canonical":"https:\/\/acrimat.org.br\/portal\/integrar-para-crescer-divulga-agenda-de-eventos-da-pecuaria-para-2018\/","og_locale":"pt_BR","og_type":"article","og_title":"Integrar para Crescer divulga agenda de eventos da pecu\u00e1ria para 2018 - Acrimat","og_description":"Organizados pelo Terraviva Eventos, eventos como InterCorte, Beef Week e Interconf fomentam a uni\u00e3o do setor e o desenvolvimento da atividade no pa\u00eds","og_url":"https:\/\/acrimat.org.br\/portal\/integrar-para-crescer-divulga-agenda-de-eventos-da-pecuaria-para-2018\/","og_site_name":"Acrimat","article_published_time":"2018-03-01T18:37:26+00:00","article_modified_time":"2018-03-01T18:38:07+00:00","og_image":[{"width":2016,"height":1346,"url":"https:\/\/acrimat.org.br\/portal\/wp-content\/uploads\/2018\/03\/elf2421-e1519929424313.jpg","type":"image\/jpeg"}],"author":"Assessoria de comunica\u00e7\u00e3o ACRIMAT","twitter_card":"summary_large_image","twitter_misc":{"Escrito por":"Assessoria de comunica\u00e7\u00e3o ACRIMAT","Est. tempo de leitura":"3 minutos"},"schema":{"@context":"https:\/\/schema.org","@graph":[{"@type":"Article","@id":"https:\/\/acrimat.org.br\/portal\/integrar-para-crescer-divulga-agenda-de-eventos-da-pecuaria-para-2018\/#article","isPartOf":{"@id":"https:\/\/acrimat.org.br\/portal\/integrar-para-crescer-divulga-agenda-de-eventos-da-pecuaria-para-2018\/"},"author":{"name":"Assessoria de comunica\u00e7\u00e3o ACRIMAT","@id":"https:\/\/acrimat.org.br\/portal\/#\/schema\/person\/a309b9496344ff991e8e1b1d751fdd7b"},"headline":"Integrar para Crescer divulga agenda de eventos da pecu\u00e1ria para 2018","datePublished":"2018-03-01T18:37:26+00:00","dateModified":"2018-03-01T18:38:07+00:00","mainEntityOfPage":{"@id":"https:\/\/acrimat.org.br\/portal\/integrar-para-crescer-divulga-agenda-de-eventos-da-pecuaria-para-2018\/"},"wordCount":682,"publisher":{"@id":"https:\/\/acrimat.org.br\/portal\/#organization"},"image":{"@id":"https:\/\/acrimat.org.br\/portal\/integrar-para-crescer-divulga-agenda-de-eventos-da-pecuaria-para-2018\/#primaryimage"},"thumbnailUrl":"https:\/\/acrimat.org.br\/portal\/wp-content\/uploads\/2018\/03\/elf2421-e1519929424313.jpg","articleSection":["Destaques","Not\u00edcias"],"inLanguage":"pt-BR"},{"@type":"WebPage","@id":"https:\/\/acrimat.org.br\/portal\/integrar-para-crescer-divulga-agenda-de-eventos-da-pecuaria-para-2018\/","url":"https:\/\/acrimat.org.br\/portal\/integrar-para-crescer-divulga-agenda-de-eventos-da-pecuaria-para-2018\/","name":"Integrar para Crescer divulga agenda de eventos da pecu\u00e1ria para 2018 - Acrimat","isPartOf":{"@id":"https:\/\/acrimat.org.br\/portal\/#website"},"primaryImageOfPage":{"@id":"https:\/\/acrimat.org.br\/portal\/integrar-para-crescer-divulga-agenda-de-eventos-da-pecuaria-para-2018\/#primaryimage"},"image":{"@id":"https:\/\/acrimat.org.br\/portal\/integrar-para-crescer-divulga-agenda-de-eventos-da-pecuaria-para-2018\/#primaryimage"},"thumbnailUrl":"https:\/\/acrimat.org.br\/portal\/wp-content\/uploads\/2018\/03\/elf2421-e1519929424313.jpg","datePublished":"2018-03-01T18:37:26+00:00","dateModified":"2018-03-01T18:38:07+00:00","breadcrumb":{"@id":"https:\/\/acrimat.org.br\/portal\/integrar-para-crescer-divulga-agenda-de-eventos-da-pecuaria-para-2018\/#breadcrumb"},"inLanguage":"pt-BR","potentialAction":[{"@type":"ReadAction","target":["https:\/\/acrimat.org.br\/portal\/integrar-para-crescer-divulga-agenda-de-eventos-da-pecuaria-para-2018\/"]}]},{"@type":"ImageObject","inLanguage":"pt-BR","@id":"https:\/\/acrimat.org.br\/portal\/integrar-para-crescer-divulga-agenda-de-eventos-da-pecuaria-para-2018\/#primaryimage","url":"https:\/\/acrimat.org.br\/portal\/wp-content\/uploads\/2018\/03\/elf2421-e1519929424313.jpg","contentUrl":"https:\/\/acrimat.org.br\/portal\/wp-content\/uploads\/2018\/03\/elf2421-e1519929424313.jpg","width":2016,"height":1346},{"@type":"BreadcrumbList","@id":"https:\/\/acrimat.org.br\/portal\/integrar-para-crescer-divulga-agenda-de-eventos-da-pecuaria-para-2018\/#breadcrumb","itemListElement":[{"@type":"ListItem","position":1,"name":"In\u00edcio","item":"https:\/\/acrimat.org.br\/portal\/"},{"@type":"ListItem","position":2,"name":"Integrar para Crescer divulga agenda de eventos da pecu\u00e1ria para 2018"}]},{"@type":"WebSite","@id":"https:\/\/acrimat.org.br\/portal\/#website","url":"https:\/\/acrimat.org.br\/portal\/","name":"Acrimat","description":"Associa\u00e7\u00e3o dos Criadores de Mato Grosso","publisher":{"@id":"https:\/\/acrimat.org.br\/portal\/#organization"},"potentialAction":[{"@type":"SearchAction","target":{"@type":"EntryPoint","urlTemplate":"https:\/\/acrimat.org.br\/portal\/?s={search_term_string}"},"query-input":{"@type":"PropertyValueSpecification","valueRequired":true,"valueName":"search_term_string"}}],"inLanguage":"pt-BR"},{"@type":"Organization","@id":"https:\/\/acrimat.org.br\/portal\/#organization","name":"Associa\u00e7\u00e3o dos Criadores de Mato Grosso","url":"https:\/\/acrimat.org.br\/portal\/","logo":{"@type":"ImageObject","inLanguage":"pt-BR","@id":"https:\/\/acrimat.org.br\/portal\/#\/schema\/logo\/image\/","url":"https:\/\/acrimat.org.br\/portal\/wp-content\/uploads\/2018\/03\/logo-peq-original.png","contentUrl":"https:\/\/acrimat.org.br\/portal\/wp-content\/uploads\/2018\/03\/logo-peq-original.png","width":174,"height":171,"caption":"Associa\u00e7\u00e3o dos Criadores de Mato Grosso"},"image":{"@id":"https:\/\/acrimat.org.br\/portal\/#\/schema\/logo\/image\/"}},{"@type":"Person","@id":"https:\/\/acrimat.org.br\/portal\/#\/schema\/person\/a309b9496344ff991e8e1b1d751fdd7b","name":"Assessoria de comunica\u00e7\u00e3o ACRIMAT","image":{"@type":"ImageObject","inLanguage":"pt-BR","@id":"https:\/\/acrimat.org.br\/portal\/#\/schema\/person\/image\/","url":"https:\/\/secure.gravatar.com\/avatar\/2f9c28e64c317bcd762b25cb1575f1b4?s=96&d=mm&r=g","contentUrl":"https:\/\/secure.gravatar.com\/avatar\/2f9c28e64c317bcd762b25cb1575f1b4?s=96&d=mm&r=g","caption":"Assessoria de comunica\u00e7\u00e3o ACRIMAT"},"sameAs":["http:\/\/acrimat.org.br\/"],"url":"https:\/\/acrimat.org.br\/portal\/author\/ascom\/"}]}},"_links":{"self":[{"href":"https:\/\/acrimat.org.br\/portal\/wp-json\/wp\/v2\/posts\/97986200","targetHints":{"allow":["GET"]}}],"collection":[{"href":"https:\/\/acrimat.org.br\/portal\/wp-json\/wp\/v2\/posts"}],"about":[{"href":"https:\/\/acrimat.org.br\/portal\/wp-json\/wp\/v2\/types\/post"}],"author":[{"embeddable":true,"href":"https:\/\/acrimat.org.br\/portal\/wp-json\/wp\/v2\/users\/7"}],"replies":[{"embeddable":true,"href":"https:\/\/acrimat.org.br\/portal\/wp-json\/wp\/v2\/comments?post=97986200"}],"version-history":[{"count":2,"href":"https:\/\/acrimat.org.br\/portal\/wp-json\/wp\/v2\/posts\/97986200\/revisions"}],"predecessor-version":[{"id":97986203,"href":"https:\/\/acrimat.org.br\/portal\/wp-json\/wp\/v2\/posts\/97986200\/revisions\/97986203"}],"wp:featuredmedia":[{"embeddable":true,"href":"https:\/\/acrimat.org.br\/portal\/wp-json\/wp\/v2\/media\/97986201"}],"wp:attachment":[{"href":"https:\/\/acrimat.org.br\/portal\/wp-json\/wp\/v2\/media?parent=97986200"}],"wp:term":[{"taxonomy":"category","embeddable":true,"href":"https:\/\/acrimat.org.br\/portal\/wp-json\/wp\/v2\/categories?post=97986200"},{"taxonomy":"post_tag","embeddable":true,"href":"https:\/\/acrimat.org.br\/portal\/wp-json\/wp\/v2\/tags?post=97986200"}],"curies":[{"name":"wp","href":"https:\/\/api.w.org\/{rel}","templated":true}]}}