{"id":97986224,"date":"2018-03-02T15:00:26","date_gmt":"2018-03-02T18:00:26","guid":{"rendered":"http:\/\/acrimat.org.br\/portal\/?p=97986224"},"modified":"2018-03-02T15:00:26","modified_gmt":"2018-03-02T18:00:26","slug":"produtores-rurais-do-mt-sao-premiados-pelo-sindicato-rural-de-primavera","status":"publish","type":"post","link":"https:\/\/acrimat.org.br\/portal\/produtores-rurais-do-mt-sao-premiados-pelo-sindicato-rural-de-primavera\/","title":{"rendered":"Produtores rurais do MT s\u00e3o premiados pelo Sindicato Rural de Primavera"},"content":{"rendered":"<p>As principais personalidades do agroneg\u00f3cio do Mato Grosso, um dos maiores Estados desenvolvedores do agroneg\u00f3cio brasileiro, ser\u00e3o reconhecidas no pr\u00f3ximo dia 2 de abril durante a primeira edi\u00e7\u00e3o do Top Farm MT \u2013 Os Destaques do Agroneg\u00f3cio. A premia\u00e7\u00e3o idealizada pelo Sindicato Rural de Primavera do Leste em parceria com o Canal Rural, ve\u00edculo de comunica\u00e7\u00e3o especializado em agroneg\u00f3cio no Brasil, e Governo do Mato Grosso, consagrar\u00e1 os 16 destaques do setor com as melhores pr\u00e1ticas de gest\u00e3o durante 2017.<\/p>\n<p>Concorrem ao Pr\u00eamio Top Farm MT mais de 40 personalidades avaliadas e indicadas por comiss\u00e3o julgadora formada por dirigentes do Canal Rural e representantes do Sindicato Rural de Primavera do Leste, Secretaria da Agricultura e Secretaria da Agricultura Familiar do Mato Grosso, Servi\u00e7o Nacional de Aprendizagem Rural de Mato Grosso (SENAR\/MT), Associa\u00e7\u00e3o dos Produtores de Soja de Mato Grosso do Sul (Aprosoja\/MS), Federa\u00e7\u00e3o da Agricultura e Pecu\u00e1ria do Estado de Mato Grosso (Famato), Instituto Mato-Grossense de Economia Agropecu\u00e1ria (Imea), Associa\u00e7\u00e3o dos Criadores de Mato Grosso e Associa\u00e7\u00e3o Matogrossense dos Produtores de Algod\u00e3o (AMPA).<\/p>\n<p>&#8220;A premia\u00e7\u00e3o veio para integrar o setor agropecu\u00e1rio do Mato Grosso. Temos muitas culturas de destaque e outras que s\u00e3o pouco reconhecidas, como as planta\u00e7\u00f5es de girassol, arroz, feij\u00e3o, pain\u00e7o, entre outros. Outra informa\u00e7\u00e3o, que muitos n\u00e3o sabem, \u00e9 que somos o terceiro produtor de peixe de \u00e1gua doce do Pa\u00eds. O Top Farm MT dar\u00e1 grande destaque e for\u00e7a para divulgarmos a regi\u00e3o como grande desenvolvedora do agroneg\u00f3cio em todos os setores&#8221;, enfatiza Jos\u00e9 Nardes, presidente do Sindicato Rural de Primavera do Leste.<\/p>\n<p>Ap\u00f3s a sele\u00e7\u00e3o, que ser\u00e1 anunciada em breve, a comiss\u00e3o eleger\u00e1 um premiado dentro de 16 categorias: Soja, Milho, Suinocultura, Agricultura Familiar, Arroz, Feij\u00e3o, Leite, Pecu\u00e1ria de Corte, Florestal, Algod\u00e3o, Bionergia, Pesquisa, Mulher Destaque, Piscicultura, Integra\u00e7\u00e3o Lavoura Pecu\u00e1ria e o Pr\u00eamio Especial Farm Show, concedido especialmente a um dos concorrentes. &#8220;Iniciativas como essa valorizam empresas e profissionais que contribuem arduamente para o desenvolvimento e a hist\u00f3ria do agroneg\u00f3cio em uma das regi\u00f5es mais importantes do agroneg\u00f3cio nacional&#8221;, ressalta Julio Cargnino, presidente do Canal Rural.<\/p>\n<p>A cerim\u00f4nia de premia\u00e7\u00e3o acontece no Centro de Conven\u00e7\u00f5es Primacredi para 600 convidados. Entre eles, autoridades, executivos das principais empresas agropecu\u00e1rias, produtores agr\u00edcolas e pecuaristas, representantes de entidades e personalidades do setor.<\/p>\n<p>O evento ser\u00e1 transmitido ao vivo no Canal Rural, portal da emissora e nos perfis do YouTube e Facebook, a partir das 19h30.A apresenta\u00e7\u00e3o fica por conta dos jornalistas Luiz Patroni e Kellen Severo.<\/p>\n","protected":false},"excerpt":{"rendered":"<p>Top Farm MT ir\u00e1 homenagear e reconhecer 16 personalidades do agroneg\u00f3cio que mais se destacaram no desenvolvimento da regi\u00e3o<\/p>\n","protected":false},"author":7,"featured_media":97984745,"comment_status":"closed","ping_status":"closed","sticky":false,"template":"","format":"standard","meta":{"footnotes":""},"categories":[6,1],"tags":[],"class_list":["post-97986224","post","type-post","status-publish","format-standard","has-post-thumbnail","hentry","category-destaque","category-noticia"],"yoast_head":"<!-- This site is optimized with the Yoast SEO plugin v24.8.1 - https:\/\/yoast.com\/wordpress\/plugins\/seo\/ -->\n<title>Produtores rurais do MT s\u00e3o premiados pelo Sindicato Rural de Primavera - Acrimat<\/title>\n<meta name=\"robots\" content=\"index, follow, max-snippet:-1, max-image-preview:large, max-video-preview:-1\" \/>\n<link rel=\"canonical\" href=\"https:\/\/acrimat.org.br\/portal\/produtores-rurais-do-mt-sao-premiados-pelo-sindicato-rural-de-primavera\/\" \/>\n<meta property=\"og:locale\" content=\"pt_BR\" \/>\n<meta property=\"og:type\" content=\"article\" \/>\n<meta property=\"og:title\" content=\"Produtores rurais do MT s\u00e3o premiados pelo Sindicato Rural de Primavera - Acrimat\" \/>\n<meta property=\"og:description\" content=\"Top Farm MT ir\u00e1 homenagear e reconhecer 16 personalidades do agroneg\u00f3cio que mais se destacaram no desenvolvimento da regi\u00e3o\" \/>\n<meta property=\"og:url\" content=\"https:\/\/acrimat.org.br\/portal\/produtores-rurais-do-mt-sao-premiados-pelo-sindicato-rural-de-primavera\/\" \/>\n<meta property=\"og:site_name\" content=\"Acrimat\" \/>\n<meta property=\"article:published_time\" content=\"2018-03-02T18:00:26+00:00\" \/>\n<meta property=\"og:image\" content=\"https:\/\/acrimat.org.br\/portal\/wp-content\/uploads\/2017\/11\/gado24.jpg\" \/>\n\t<meta property=\"og:image:width\" content=\"640\" \/>\n\t<meta property=\"og:image:height\" content=\"480\" \/>\n\t<meta property=\"og:image:type\" content=\"image\/jpeg\" \/>\n<meta name=\"author\" content=\"Assessoria de comunica\u00e7\u00e3o ACRIMAT\" \/>\n<meta name=\"twitter:card\" content=\"summary_large_image\" \/>\n<meta name=\"twitter:label1\" content=\"Escrito por\" \/>\n\t<meta name=\"twitter:data1\" content=\"Assessoria de comunica\u00e7\u00e3o ACRIMAT\" \/>\n\t<meta name=\"twitter:label2\" content=\"Est. tempo de leitura\" \/>\n\t<meta name=\"twitter:data2\" content=\"2 minutos\" \/>\n<script type=\"application\/ld+json\" class=\"yoast-schema-graph\">{\"@context\":\"https:\/\/schema.org\",\"@graph\":[{\"@type\":\"Article\",\"@id\":\"https:\/\/acrimat.org.br\/portal\/produtores-rurais-do-mt-sao-premiados-pelo-sindicato-rural-de-primavera\/#article\",\"isPartOf\":{\"@id\":\"https:\/\/acrimat.org.br\/portal\/produtores-rurais-do-mt-sao-premiados-pelo-sindicato-rural-de-primavera\/\"},\"author\":{\"name\":\"Assessoria de comunica\u00e7\u00e3o ACRIMAT\",\"@id\":\"https:\/\/acrimat.org.br\/portal\/#\/schema\/person\/a309b9496344ff991e8e1b1d751fdd7b\"},\"headline\":\"Produtores rurais do MT s\u00e3o premiados pelo Sindicato Rural de Primavera\",\"datePublished\":\"2018-03-02T18:00:26+00:00\",\"mainEntityOfPage\":{\"@id\":\"https:\/\/acrimat.org.br\/portal\/produtores-rurais-do-mt-sao-premiados-pelo-sindicato-rural-de-primavera\/\"},\"wordCount\":467,\"publisher\":{\"@id\":\"https:\/\/acrimat.org.br\/portal\/#organization\"},\"image\":{\"@id\":\"https:\/\/acrimat.org.br\/portal\/produtores-rurais-do-mt-sao-premiados-pelo-sindicato-rural-de-primavera\/#primaryimage\"},\"thumbnailUrl\":\"https:\/\/acrimat.org.br\/portal\/wp-content\/uploads\/2017\/11\/gado24.jpg\",\"articleSection\":[\"Destaques\",\"Not\u00edcias\"],\"inLanguage\":\"pt-BR\"},{\"@type\":\"WebPage\",\"@id\":\"https:\/\/acrimat.org.br\/portal\/produtores-rurais-do-mt-sao-premiados-pelo-sindicato-rural-de-primavera\/\",\"url\":\"https:\/\/acrimat.org.br\/portal\/produtores-rurais-do-mt-sao-premiados-pelo-sindicato-rural-de-primavera\/\",\"name\":\"Produtores rurais do MT s\u00e3o premiados pelo Sindicato Rural de Primavera - Acrimat\",\"isPartOf\":{\"@id\":\"https:\/\/acrimat.org.br\/portal\/#website\"},\"primaryImageOfPage\":{\"@id\":\"https:\/\/acrimat.org.br\/portal\/produtores-rurais-do-mt-sao-premiados-pelo-sindicato-rural-de-primavera\/#primaryimage\"},\"image\":{\"@id\":\"https:\/\/acrimat.org.br\/portal\/produtores-rurais-do-mt-sao-premiados-pelo-sindicato-rural-de-primavera\/#primaryimage\"},\"thumbnailUrl\":\"https:\/\/acrimat.org.br\/portal\/wp-content\/uploads\/2017\/11\/gado24.jpg\",\"datePublished\":\"2018-03-02T18:00:26+00:00\",\"breadcrumb\":{\"@id\":\"https:\/\/acrimat.org.br\/portal\/produtores-rurais-do-mt-sao-premiados-pelo-sindicato-rural-de-primavera\/#breadcrumb\"},\"inLanguage\":\"pt-BR\",\"potentialAction\":[{\"@type\":\"ReadAction\",\"target\":[\"https:\/\/acrimat.org.br\/portal\/produtores-rurais-do-mt-sao-premiados-pelo-sindicato-rural-de-primavera\/\"]}]},{\"@type\":\"ImageObject\",\"inLanguage\":\"pt-BR\",\"@id\":\"https:\/\/acrimat.org.br\/portal\/produtores-rurais-do-mt-sao-premiados-pelo-sindicato-rural-de-primavera\/#primaryimage\",\"url\":\"https:\/\/acrimat.org.br\/portal\/wp-content\/uploads\/2017\/11\/gado24.jpg\",\"contentUrl\":\"https:\/\/acrimat.org.br\/portal\/wp-content\/uploads\/2017\/11\/gado24.jpg\",\"width\":640,\"height\":480},{\"@type\":\"BreadcrumbList\",\"@id\":\"https:\/\/acrimat.org.br\/portal\/produtores-rurais-do-mt-sao-premiados-pelo-sindicato-rural-de-primavera\/#breadcrumb\",\"itemListElement\":[{\"@type\":\"ListItem\",\"position\":1,\"name\":\"In\u00edcio\",\"item\":\"https:\/\/acrimat.org.br\/portal\/\"},{\"@type\":\"ListItem\",\"position\":2,\"name\":\"Produtores rurais do MT s\u00e3o premiados pelo Sindicato Rural de Primavera\"}]},{\"@type\":\"WebSite\",\"@id\":\"https:\/\/acrimat.org.br\/portal\/#website\",\"url\":\"https:\/\/acrimat.org.br\/portal\/\",\"name\":\"Acrimat\",\"description\":\"Associa\u00e7\u00e3o dos Criadores de Mato Grosso\",\"publisher\":{\"@id\":\"https:\/\/acrimat.org.br\/portal\/#organization\"},\"potentialAction\":[{\"@type\":\"SearchAction\",\"target\":{\"@type\":\"EntryPoint\",\"urlTemplate\":\"https:\/\/acrimat.org.br\/portal\/?s={search_term_string}\"},\"query-input\":{\"@type\":\"PropertyValueSpecification\",\"valueRequired\":true,\"valueName\":\"search_term_string\"}}],\"inLanguage\":\"pt-BR\"},{\"@type\":\"Organization\",\"@id\":\"https:\/\/acrimat.org.br\/portal\/#organization\",\"name\":\"Associa\u00e7\u00e3o dos Criadores de Mato Grosso\",\"url\":\"https:\/\/acrimat.org.br\/portal\/\",\"logo\":{\"@type\":\"ImageObject\",\"inLanguage\":\"pt-BR\",\"@id\":\"https:\/\/acrimat.org.br\/portal\/#\/schema\/logo\/image\/\",\"url\":\"https:\/\/acrimat.org.br\/portal\/wp-content\/uploads\/2018\/03\/logo-peq-original.png\",\"contentUrl\":\"https:\/\/acrimat.org.br\/portal\/wp-content\/uploads\/2018\/03\/logo-peq-original.png\",\"width\":174,\"height\":171,\"caption\":\"Associa\u00e7\u00e3o dos Criadores de Mato Grosso\"},\"image\":{\"@id\":\"https:\/\/acrimat.org.br\/portal\/#\/schema\/logo\/image\/\"}},{\"@type\":\"Person\",\"@id\":\"https:\/\/acrimat.org.br\/portal\/#\/schema\/person\/a309b9496344ff991e8e1b1d751fdd7b\",\"name\":\"Assessoria de comunica\u00e7\u00e3o ACRIMAT\",\"image\":{\"@type\":\"ImageObject\",\"inLanguage\":\"pt-BR\",\"@id\":\"https:\/\/acrimat.org.br\/portal\/#\/schema\/person\/image\/\",\"url\":\"https:\/\/secure.gravatar.com\/avatar\/2f9c28e64c317bcd762b25cb1575f1b4?s=96&d=mm&r=g\",\"contentUrl\":\"https:\/\/secure.gravatar.com\/avatar\/2f9c28e64c317bcd762b25cb1575f1b4?s=96&d=mm&r=g\",\"caption\":\"Assessoria de comunica\u00e7\u00e3o ACRIMAT\"},\"sameAs\":[\"http:\/\/acrimat.org.br\/\"],\"url\":\"https:\/\/acrimat.org.br\/portal\/author\/ascom\/\"}]}<\/script>\n<!-- \/ Yoast SEO plugin. -->","yoast_head_json":{"title":"Produtores rurais do MT s\u00e3o premiados pelo Sindicato Rural de Primavera - Acrimat","robots":{"index":"index","follow":"follow","max-snippet":"max-snippet:-1","max-image-preview":"max-image-preview:large","max-video-preview":"max-video-preview:-1"},"canonical":"https:\/\/acrimat.org.br\/portal\/produtores-rurais-do-mt-sao-premiados-pelo-sindicato-rural-de-primavera\/","og_locale":"pt_BR","og_type":"article","og_title":"Produtores rurais do MT s\u00e3o premiados pelo Sindicato Rural de Primavera - Acrimat","og_description":"Top Farm MT ir\u00e1 homenagear e reconhecer 16 personalidades do agroneg\u00f3cio que mais se destacaram no desenvolvimento da regi\u00e3o","og_url":"https:\/\/acrimat.org.br\/portal\/produtores-rurais-do-mt-sao-premiados-pelo-sindicato-rural-de-primavera\/","og_site_name":"Acrimat","article_published_time":"2018-03-02T18:00:26+00:00","og_image":[{"width":640,"height":480,"url":"https:\/\/acrimat.org.br\/portal\/wp-content\/uploads\/2017\/11\/gado24.jpg","type":"image\/jpeg"}],"author":"Assessoria de comunica\u00e7\u00e3o ACRIMAT","twitter_card":"summary_large_image","twitter_misc":{"Escrito por":"Assessoria de comunica\u00e7\u00e3o ACRIMAT","Est. tempo de leitura":"2 minutos"},"schema":{"@context":"https:\/\/schema.org","@graph":[{"@type":"Article","@id":"https:\/\/acrimat.org.br\/portal\/produtores-rurais-do-mt-sao-premiados-pelo-sindicato-rural-de-primavera\/#article","isPartOf":{"@id":"https:\/\/acrimat.org.br\/portal\/produtores-rurais-do-mt-sao-premiados-pelo-sindicato-rural-de-primavera\/"},"author":{"name":"Assessoria de comunica\u00e7\u00e3o ACRIMAT","@id":"https:\/\/acrimat.org.br\/portal\/#\/schema\/person\/a309b9496344ff991e8e1b1d751fdd7b"},"headline":"Produtores rurais do MT s\u00e3o premiados pelo Sindicato Rural de Primavera","datePublished":"2018-03-02T18:00:26+00:00","mainEntityOfPage":{"@id":"https:\/\/acrimat.org.br\/portal\/produtores-rurais-do-mt-sao-premiados-pelo-sindicato-rural-de-primavera\/"},"wordCount":467,"publisher":{"@id":"https:\/\/acrimat.org.br\/portal\/#organization"},"image":{"@id":"https:\/\/acrimat.org.br\/portal\/produtores-rurais-do-mt-sao-premiados-pelo-sindicato-rural-de-primavera\/#primaryimage"},"thumbnailUrl":"https:\/\/acrimat.org.br\/portal\/wp-content\/uploads\/2017\/11\/gado24.jpg","articleSection":["Destaques","Not\u00edcias"],"inLanguage":"pt-BR"},{"@type":"WebPage","@id":"https:\/\/acrimat.org.br\/portal\/produtores-rurais-do-mt-sao-premiados-pelo-sindicato-rural-de-primavera\/","url":"https:\/\/acrimat.org.br\/portal\/produtores-rurais-do-mt-sao-premiados-pelo-sindicato-rural-de-primavera\/","name":"Produtores rurais do MT s\u00e3o premiados pelo Sindicato Rural de Primavera - Acrimat","isPartOf":{"@id":"https:\/\/acrimat.org.br\/portal\/#website"},"primaryImageOfPage":{"@id":"https:\/\/acrimat.org.br\/portal\/produtores-rurais-do-mt-sao-premiados-pelo-sindicato-rural-de-primavera\/#primaryimage"},"image":{"@id":"https:\/\/acrimat.org.br\/portal\/produtores-rurais-do-mt-sao-premiados-pelo-sindicato-rural-de-primavera\/#primaryimage"},"thumbnailUrl":"https:\/\/acrimat.org.br\/portal\/wp-content\/uploads\/2017\/11\/gado24.jpg","datePublished":"2018-03-02T18:00:26+00:00","breadcrumb":{"@id":"https:\/\/acrimat.org.br\/portal\/produtores-rurais-do-mt-sao-premiados-pelo-sindicato-rural-de-primavera\/#breadcrumb"},"inLanguage":"pt-BR","potentialAction":[{"@type":"ReadAction","target":["https:\/\/acrimat.org.br\/portal\/produtores-rurais-do-mt-sao-premiados-pelo-sindicato-rural-de-primavera\/"]}]},{"@type":"ImageObject","inLanguage":"pt-BR","@id":"https:\/\/acrimat.org.br\/portal\/produtores-rurais-do-mt-sao-premiados-pelo-sindicato-rural-de-primavera\/#primaryimage","url":"https:\/\/acrimat.org.br\/portal\/wp-content\/uploads\/2017\/11\/gado24.jpg","contentUrl":"https:\/\/acrimat.org.br\/portal\/wp-content\/uploads\/2017\/11\/gado24.jpg","width":640,"height":480},{"@type":"BreadcrumbList","@id":"https:\/\/acrimat.org.br\/portal\/produtores-rurais-do-mt-sao-premiados-pelo-sindicato-rural-de-primavera\/#breadcrumb","itemListElement":[{"@type":"ListItem","position":1,"name":"In\u00edcio","item":"https:\/\/acrimat.org.br\/portal\/"},{"@type":"ListItem","position":2,"name":"Produtores rurais do MT s\u00e3o premiados pelo Sindicato Rural de Primavera"}]},{"@type":"WebSite","@id":"https:\/\/acrimat.org.br\/portal\/#website","url":"https:\/\/acrimat.org.br\/portal\/","name":"Acrimat","description":"Associa\u00e7\u00e3o dos Criadores de Mato Grosso","publisher":{"@id":"https:\/\/acrimat.org.br\/portal\/#organization"},"potentialAction":[{"@type":"SearchAction","target":{"@type":"EntryPoint","urlTemplate":"https:\/\/acrimat.org.br\/portal\/?s={search_term_string}"},"query-input":{"@type":"PropertyValueSpecification","valueRequired":true,"valueName":"search_term_string"}}],"inLanguage":"pt-BR"},{"@type":"Organization","@id":"https:\/\/acrimat.org.br\/portal\/#organization","name":"Associa\u00e7\u00e3o dos Criadores de Mato Grosso","url":"https:\/\/acrimat.org.br\/portal\/","logo":{"@type":"ImageObject","inLanguage":"pt-BR","@id":"https:\/\/acrimat.org.br\/portal\/#\/schema\/logo\/image\/","url":"https:\/\/acrimat.org.br\/portal\/wp-content\/uploads\/2018\/03\/logo-peq-original.png","contentUrl":"https:\/\/acrimat.org.br\/portal\/wp-content\/uploads\/2018\/03\/logo-peq-original.png","width":174,"height":171,"caption":"Associa\u00e7\u00e3o dos Criadores de Mato Grosso"},"image":{"@id":"https:\/\/acrimat.org.br\/portal\/#\/schema\/logo\/image\/"}},{"@type":"Person","@id":"https:\/\/acrimat.org.br\/portal\/#\/schema\/person\/a309b9496344ff991e8e1b1d751fdd7b","name":"Assessoria de comunica\u00e7\u00e3o ACRIMAT","image":{"@type":"ImageObject","inLanguage":"pt-BR","@id":"https:\/\/acrimat.org.br\/portal\/#\/schema\/person\/image\/","url":"https:\/\/secure.gravatar.com\/avatar\/2f9c28e64c317bcd762b25cb1575f1b4?s=96&d=mm&r=g","contentUrl":"https:\/\/secure.gravatar.com\/avatar\/2f9c28e64c317bcd762b25cb1575f1b4?s=96&d=mm&r=g","caption":"Assessoria de comunica\u00e7\u00e3o ACRIMAT"},"sameAs":["http:\/\/acrimat.org.br\/"],"url":"https:\/\/acrimat.org.br\/portal\/author\/ascom\/"}]}},"_links":{"self":[{"href":"https:\/\/acrimat.org.br\/portal\/wp-json\/wp\/v2\/posts\/97986224","targetHints":{"allow":["GET"]}}],"collection":[{"href":"https:\/\/acrimat.org.br\/portal\/wp-json\/wp\/v2\/posts"}],"about":[{"href":"https:\/\/acrimat.org.br\/portal\/wp-json\/wp\/v2\/types\/post"}],"author":[{"embeddable":true,"href":"https:\/\/acrimat.org.br\/portal\/wp-json\/wp\/v2\/users\/7"}],"replies":[{"embeddable":true,"href":"https:\/\/acrimat.org.br\/portal\/wp-json\/wp\/v2\/comments?post=97986224"}],"version-history":[{"count":1,"href":"https:\/\/acrimat.org.br\/portal\/wp-json\/wp\/v2\/posts\/97986224\/revisions"}],"predecessor-version":[{"id":97986225,"href":"https:\/\/acrimat.org.br\/portal\/wp-json\/wp\/v2\/posts\/97986224\/revisions\/97986225"}],"wp:featuredmedia":[{"embeddable":true,"href":"https:\/\/acrimat.org.br\/portal\/wp-json\/wp\/v2\/media\/97984745"}],"wp:attachment":[{"href":"https:\/\/acrimat.org.br\/portal\/wp-json\/wp\/v2\/media?parent=97986224"}],"wp:term":[{"taxonomy":"category","embeddable":true,"href":"https:\/\/acrimat.org.br\/portal\/wp-json\/wp\/v2\/categories?post=97986224"},{"taxonomy":"post_tag","embeddable":true,"href":"https:\/\/acrimat.org.br\/portal\/wp-json\/wp\/v2\/tags?post=97986224"}],"curies":[{"name":"wp","href":"https:\/\/api.w.org\/{rel}","templated":true}]}}