{"id":97986241,"date":"2018-03-05T15:16:30","date_gmt":"2018-03-05T18:16:30","guid":{"rendered":"http:\/\/acrimat.org.br\/portal\/?p=97986241"},"modified":"2018-03-05T15:52:37","modified_gmt":"2018-03-05T18:52:37","slug":"sinop-mt-recebe-etapa-do-acrimat-em-acao-no-dia-07","status":"publish","type":"post","link":"https:\/\/acrimat.org.br\/portal\/sinop-mt-recebe-etapa-do-acrimat-em-acao-no-dia-07\/","title":{"rendered":"Sinop recebe etapa do Acrimat em A\u00e7\u00e3o no dia 07"},"content":{"rendered":"<p>O munic\u00edpio de Sinop, a 503 km de Cuiab\u00e1, vai receber, no pr\u00f3ximo dia 07, uma das rotas do projeto \u2018Acrimat em A\u00e7\u00e3o\u2019, da Associa\u00e7\u00e3o dos Criadores de Mato Grosso (ACRIMAT), voltado \u00e0s discuss\u00f5es sobre o setor produtivo da carne. Na edi\u00e7\u00e3o 2018, o evento debate a agrega\u00e7\u00e3o de valor na cadeia da pecu\u00e1ria de corte, ou seja, como produzir produtos de qualidade para melhorar a renda.<\/p>\n<p>Quest\u00f5es como \u201cNa pr\u00e1tica, o produtor produz carne ou boi?\u201d pautam o segmento mato-grossense durante pouco mais de 30 dias, em 33 munic\u00edpios do Estado, e em regi\u00f5es cujos pecuaristas atuam tanto com a cria, a recria, quanto a engorda de animais. Para eles, a Acrimat leva a palestra \u201cDo pasto ao prato: agrega\u00e7\u00e3o de valor \u00e0 pecu\u00e1ria de corte\u201d, prevendo alcan\u00e7ar mais de quatro mil pessoas.<\/p>\n<p>Com um rebanho bovino estimado em 49.455 mil animais, Sinop d\u00e1 as boas vindas \u00e0 Rota 02 do \u2018Acrimat em A\u00e7\u00e3o\u2019 recebendo pecuaristas da regi\u00e3o, \u00e0s 19h, no Tatersal do Parque de Exposi\u00e7\u00f5es da Acrinorte. Depois desta cidade, a comitiva do \u2018Acrimat em A\u00e7\u00e3o\u2019 passar\u00e1 por Marcel\u00e2ndia (08\/03), Tabapor\u00e3 (09\/03), Juara (10\/03), Branorte (12\/03) e Barra do Bugres (13\/03).<\/p>\n<p>O produtor Olivide Galina, presidente da Acrinorte, lembra que a\u00e7\u00f5es desta natureza contribuem para fortalecer a pecu\u00e1ria regional, pois estimula o debate e a aproxima\u00e7\u00e3o da classe. \u201cPrimeiramente, temos a categoria unida\u201d, lembra o dirigente ao convidar os pecuaristas da regi\u00e3o para participar do evento, em Sinop.<\/p>\n<p>De acordo com a programa\u00e7\u00e3o da Acrimat, os produtores presentes assistir\u00e3o \u00e0 palestra conduzida pelo engenheiro agr\u00f4nomo da Scot Consultoria, Marco Tulio Habib Silva. Ele tem o desafio de apresentar tecnologias e modelos produtivos capazes de agregar valor \u00e0 produ\u00e7\u00e3o, seja de gen\u00e9tica, bezerro, garrote, novilha ou boi gordo.<\/p>\n<p>\u201cQueremos mostrar que todos, desde o produtor de bezerro at\u00e9 o confinador, precisam se atentar para isso. Como produzir mais e melhor para garantir mercado de qualidade\u201d, expressa\u00a0\u00a0o presidente da Acrimat, Marco T\u00falio Duarte Soares.<\/p>\n<p>Mato Grosso det\u00e9m o principal rebanho bovino do Brasil, pr\u00f3ximo \u00e0 casa dos 30 milh\u00f5es de animais, conforme o Instituto de Defesa Agropecu\u00e1ria do Estado (Indea).<\/p>\n<p><strong>Rotas<\/strong><\/p>\n<p>Na Rota 1, a equipe composta por cerca de dez pessoas passou por Pocon\u00e9 (19.02), Rio Branco (20.02), S\u00e3o Jos\u00e9 dos Quatro Marcos (21.02), Pontes e Lacerda (22.02), Vila Bela da Sant\u00edssima Trindade (23.02), Porto Esperidi\u00e3o (24.02), C\u00e1ceres (26.02) e Araputanga (27.02).<\/p>\n<p>A Rota 2 come\u00e7a do dia 06 de mar\u00e7o, com palestra em S\u00e3o Jos\u00e9 do Rio Claro, depois os eventos acontecem em Sinop (07.03), Marcel\u00e2ndia (08.03), Tabapor\u00e3 (09.03), Juara (10.03), Brasnorte (12.03) e Barra do Bugres (13.03).<\/p>\n<p>Rota 3 passa por Guarant\u00e3 do Norte (02.04), Col\u00edder (03.04), Apiac\u00e1s (04.04), Nova Bandeirantes (05.04), Nova Monte Verde (06.04) e Alta Floresta (07.04). A Rota 4 tem in\u00edcio em Barra do Gar\u00e7as (23.04), Ribeir\u00e3o Cascalheira (24.04), Vila Rica (25.04), Canarana (26.04), \u00c1gua Boa (27.04) e Cocalinho (28.04).<\/p>\n<p>A \u00faltima, Rota 5, percorre o noroeste do Estado passando por Castanheira (04.05), Ju\u00edna (05.05), Cotrigua\u00e7u (07.05), Colniza (08.05) e Aripuan\u00e3 (09.05). O projeto \u00e9 encerrado em Rondon\u00f3polis no dia 04 de junho.<\/p>\n","protected":false},"excerpt":{"rendered":"<p>O munic\u00edpio de Sinop vai receber, no pr\u00f3ximo dia 07, uma das rotas do projeto \u2018Acrimat em A\u00e7\u00e3o\u2019<\/p>\n","protected":false},"author":7,"featured_media":97986257,"comment_status":"closed","ping_status":"closed","sticky":false,"template":"","format":"standard","meta":{"footnotes":""},"categories":[6,1],"tags":[],"class_list":["post-97986241","post","type-post","status-publish","format-standard","has-post-thumbnail","hentry","category-destaque","category-noticia"],"yoast_head":"<!-- This site is optimized with the Yoast SEO plugin v24.8.1 - https:\/\/yoast.com\/wordpress\/plugins\/seo\/ -->\n<title>Sinop recebe etapa do Acrimat em A\u00e7\u00e3o no dia 07 - Acrimat<\/title>\n<meta name=\"robots\" content=\"index, follow, max-snippet:-1, max-image-preview:large, max-video-preview:-1\" \/>\n<link rel=\"canonical\" href=\"https:\/\/acrimat.org.br\/portal\/sinop-mt-recebe-etapa-do-acrimat-em-acao-no-dia-07\/\" \/>\n<meta property=\"og:locale\" content=\"pt_BR\" \/>\n<meta property=\"og:type\" content=\"article\" \/>\n<meta property=\"og:title\" content=\"Sinop recebe etapa do Acrimat em A\u00e7\u00e3o no dia 07 - Acrimat\" \/>\n<meta property=\"og:description\" content=\"O munic\u00edpio de Sinop vai receber, no pr\u00f3ximo dia 07, uma das rotas do projeto \u2018Acrimat em A\u00e7\u00e3o\u2019\" \/>\n<meta property=\"og:url\" content=\"https:\/\/acrimat.org.br\/portal\/sinop-mt-recebe-etapa-do-acrimat-em-acao-no-dia-07\/\" \/>\n<meta property=\"og:site_name\" content=\"Acrimat\" \/>\n<meta property=\"article:published_time\" content=\"2018-03-05T18:16:30+00:00\" \/>\n<meta property=\"article:modified_time\" content=\"2018-03-05T18:52:37+00:00\" \/>\n<meta property=\"og:image\" content=\"https:\/\/acrimat.org.br\/portal\/wp-content\/uploads\/2018\/03\/dsc1125.jpg\" \/>\n\t<meta property=\"og:image:width\" content=\"1200\" \/>\n\t<meta property=\"og:image:height\" content=\"705\" \/>\n\t<meta property=\"og:image:type\" content=\"image\/jpeg\" \/>\n<meta name=\"author\" content=\"Assessoria de comunica\u00e7\u00e3o ACRIMAT\" \/>\n<meta name=\"twitter:card\" content=\"summary_large_image\" \/>\n<meta name=\"twitter:label1\" content=\"Escrito por\" \/>\n\t<meta name=\"twitter:data1\" content=\"Assessoria de comunica\u00e7\u00e3o ACRIMAT\" \/>\n\t<meta name=\"twitter:label2\" content=\"Est. tempo de leitura\" \/>\n\t<meta name=\"twitter:data2\" content=\"3 minutos\" \/>\n<script type=\"application\/ld+json\" class=\"yoast-schema-graph\">{\"@context\":\"https:\/\/schema.org\",\"@graph\":[{\"@type\":\"Article\",\"@id\":\"https:\/\/acrimat.org.br\/portal\/sinop-mt-recebe-etapa-do-acrimat-em-acao-no-dia-07\/#article\",\"isPartOf\":{\"@id\":\"https:\/\/acrimat.org.br\/portal\/sinop-mt-recebe-etapa-do-acrimat-em-acao-no-dia-07\/\"},\"author\":{\"name\":\"Assessoria de comunica\u00e7\u00e3o ACRIMAT\",\"@id\":\"https:\/\/acrimat.org.br\/portal\/#\/schema\/person\/a309b9496344ff991e8e1b1d751fdd7b\"},\"headline\":\"Sinop recebe etapa do Acrimat em A\u00e7\u00e3o no dia 07\",\"datePublished\":\"2018-03-05T18:16:30+00:00\",\"dateModified\":\"2018-03-05T18:52:37+00:00\",\"mainEntityOfPage\":{\"@id\":\"https:\/\/acrimat.org.br\/portal\/sinop-mt-recebe-etapa-do-acrimat-em-acao-no-dia-07\/\"},\"wordCount\":514,\"publisher\":{\"@id\":\"https:\/\/acrimat.org.br\/portal\/#organization\"},\"image\":{\"@id\":\"https:\/\/acrimat.org.br\/portal\/sinop-mt-recebe-etapa-do-acrimat-em-acao-no-dia-07\/#primaryimage\"},\"thumbnailUrl\":\"https:\/\/acrimat.org.br\/portal\/wp-content\/uploads\/2018\/03\/dsc1125.jpg\",\"articleSection\":[\"Destaques\",\"Not\u00edcias\"],\"inLanguage\":\"pt-BR\"},{\"@type\":\"WebPage\",\"@id\":\"https:\/\/acrimat.org.br\/portal\/sinop-mt-recebe-etapa-do-acrimat-em-acao-no-dia-07\/\",\"url\":\"https:\/\/acrimat.org.br\/portal\/sinop-mt-recebe-etapa-do-acrimat-em-acao-no-dia-07\/\",\"name\":\"Sinop recebe etapa do Acrimat em A\u00e7\u00e3o no dia 07 - Acrimat\",\"isPartOf\":{\"@id\":\"https:\/\/acrimat.org.br\/portal\/#website\"},\"primaryImageOfPage\":{\"@id\":\"https:\/\/acrimat.org.br\/portal\/sinop-mt-recebe-etapa-do-acrimat-em-acao-no-dia-07\/#primaryimage\"},\"image\":{\"@id\":\"https:\/\/acrimat.org.br\/portal\/sinop-mt-recebe-etapa-do-acrimat-em-acao-no-dia-07\/#primaryimage\"},\"thumbnailUrl\":\"https:\/\/acrimat.org.br\/portal\/wp-content\/uploads\/2018\/03\/dsc1125.jpg\",\"datePublished\":\"2018-03-05T18:16:30+00:00\",\"dateModified\":\"2018-03-05T18:52:37+00:00\",\"breadcrumb\":{\"@id\":\"https:\/\/acrimat.org.br\/portal\/sinop-mt-recebe-etapa-do-acrimat-em-acao-no-dia-07\/#breadcrumb\"},\"inLanguage\":\"pt-BR\",\"potentialAction\":[{\"@type\":\"ReadAction\",\"target\":[\"https:\/\/acrimat.org.br\/portal\/sinop-mt-recebe-etapa-do-acrimat-em-acao-no-dia-07\/\"]}]},{\"@type\":\"ImageObject\",\"inLanguage\":\"pt-BR\",\"@id\":\"https:\/\/acrimat.org.br\/portal\/sinop-mt-recebe-etapa-do-acrimat-em-acao-no-dia-07\/#primaryimage\",\"url\":\"https:\/\/acrimat.org.br\/portal\/wp-content\/uploads\/2018\/03\/dsc1125.jpg\",\"contentUrl\":\"https:\/\/acrimat.org.br\/portal\/wp-content\/uploads\/2018\/03\/dsc1125.jpg\",\"width\":1200,\"height\":705},{\"@type\":\"BreadcrumbList\",\"@id\":\"https:\/\/acrimat.org.br\/portal\/sinop-mt-recebe-etapa-do-acrimat-em-acao-no-dia-07\/#breadcrumb\",\"itemListElement\":[{\"@type\":\"ListItem\",\"position\":1,\"name\":\"In\u00edcio\",\"item\":\"https:\/\/acrimat.org.br\/portal\/\"},{\"@type\":\"ListItem\",\"position\":2,\"name\":\"Sinop recebe etapa do Acrimat em A\u00e7\u00e3o no dia 07\"}]},{\"@type\":\"WebSite\",\"@id\":\"https:\/\/acrimat.org.br\/portal\/#website\",\"url\":\"https:\/\/acrimat.org.br\/portal\/\",\"name\":\"Acrimat\",\"description\":\"Associa\u00e7\u00e3o dos Criadores de Mato Grosso\",\"publisher\":{\"@id\":\"https:\/\/acrimat.org.br\/portal\/#organization\"},\"potentialAction\":[{\"@type\":\"SearchAction\",\"target\":{\"@type\":\"EntryPoint\",\"urlTemplate\":\"https:\/\/acrimat.org.br\/portal\/?s={search_term_string}\"},\"query-input\":{\"@type\":\"PropertyValueSpecification\",\"valueRequired\":true,\"valueName\":\"search_term_string\"}}],\"inLanguage\":\"pt-BR\"},{\"@type\":\"Organization\",\"@id\":\"https:\/\/acrimat.org.br\/portal\/#organization\",\"name\":\"Associa\u00e7\u00e3o dos Criadores de Mato Grosso\",\"url\":\"https:\/\/acrimat.org.br\/portal\/\",\"logo\":{\"@type\":\"ImageObject\",\"inLanguage\":\"pt-BR\",\"@id\":\"https:\/\/acrimat.org.br\/portal\/#\/schema\/logo\/image\/\",\"url\":\"https:\/\/acrimat.org.br\/portal\/wp-content\/uploads\/2018\/03\/logo-peq-original.png\",\"contentUrl\":\"https:\/\/acrimat.org.br\/portal\/wp-content\/uploads\/2018\/03\/logo-peq-original.png\",\"width\":174,\"height\":171,\"caption\":\"Associa\u00e7\u00e3o dos Criadores de Mato Grosso\"},\"image\":{\"@id\":\"https:\/\/acrimat.org.br\/portal\/#\/schema\/logo\/image\/\"}},{\"@type\":\"Person\",\"@id\":\"https:\/\/acrimat.org.br\/portal\/#\/schema\/person\/a309b9496344ff991e8e1b1d751fdd7b\",\"name\":\"Assessoria de comunica\u00e7\u00e3o ACRIMAT\",\"image\":{\"@type\":\"ImageObject\",\"inLanguage\":\"pt-BR\",\"@id\":\"https:\/\/acrimat.org.br\/portal\/#\/schema\/person\/image\/\",\"url\":\"https:\/\/secure.gravatar.com\/avatar\/2f9c28e64c317bcd762b25cb1575f1b4?s=96&d=mm&r=g\",\"contentUrl\":\"https:\/\/secure.gravatar.com\/avatar\/2f9c28e64c317bcd762b25cb1575f1b4?s=96&d=mm&r=g\",\"caption\":\"Assessoria de comunica\u00e7\u00e3o ACRIMAT\"},\"sameAs\":[\"http:\/\/acrimat.org.br\/\"],\"url\":\"https:\/\/acrimat.org.br\/portal\/author\/ascom\/\"}]}<\/script>\n<!-- \/ Yoast SEO plugin. -->","yoast_head_json":{"title":"Sinop recebe etapa do Acrimat em A\u00e7\u00e3o no dia 07 - Acrimat","robots":{"index":"index","follow":"follow","max-snippet":"max-snippet:-1","max-image-preview":"max-image-preview:large","max-video-preview":"max-video-preview:-1"},"canonical":"https:\/\/acrimat.org.br\/portal\/sinop-mt-recebe-etapa-do-acrimat-em-acao-no-dia-07\/","og_locale":"pt_BR","og_type":"article","og_title":"Sinop recebe etapa do Acrimat em A\u00e7\u00e3o no dia 07 - Acrimat","og_description":"O munic\u00edpio de Sinop vai receber, no pr\u00f3ximo dia 07, uma das rotas do projeto \u2018Acrimat em A\u00e7\u00e3o\u2019","og_url":"https:\/\/acrimat.org.br\/portal\/sinop-mt-recebe-etapa-do-acrimat-em-acao-no-dia-07\/","og_site_name":"Acrimat","article_published_time":"2018-03-05T18:16:30+00:00","article_modified_time":"2018-03-05T18:52:37+00:00","og_image":[{"width":1200,"height":705,"url":"https:\/\/acrimat.org.br\/portal\/wp-content\/uploads\/2018\/03\/dsc1125.jpg","type":"image\/jpeg"}],"author":"Assessoria de comunica\u00e7\u00e3o ACRIMAT","twitter_card":"summary_large_image","twitter_misc":{"Escrito por":"Assessoria de comunica\u00e7\u00e3o ACRIMAT","Est. tempo de leitura":"3 minutos"},"schema":{"@context":"https:\/\/schema.org","@graph":[{"@type":"Article","@id":"https:\/\/acrimat.org.br\/portal\/sinop-mt-recebe-etapa-do-acrimat-em-acao-no-dia-07\/#article","isPartOf":{"@id":"https:\/\/acrimat.org.br\/portal\/sinop-mt-recebe-etapa-do-acrimat-em-acao-no-dia-07\/"},"author":{"name":"Assessoria de comunica\u00e7\u00e3o ACRIMAT","@id":"https:\/\/acrimat.org.br\/portal\/#\/schema\/person\/a309b9496344ff991e8e1b1d751fdd7b"},"headline":"Sinop recebe etapa do Acrimat em A\u00e7\u00e3o no dia 07","datePublished":"2018-03-05T18:16:30+00:00","dateModified":"2018-03-05T18:52:37+00:00","mainEntityOfPage":{"@id":"https:\/\/acrimat.org.br\/portal\/sinop-mt-recebe-etapa-do-acrimat-em-acao-no-dia-07\/"},"wordCount":514,"publisher":{"@id":"https:\/\/acrimat.org.br\/portal\/#organization"},"image":{"@id":"https:\/\/acrimat.org.br\/portal\/sinop-mt-recebe-etapa-do-acrimat-em-acao-no-dia-07\/#primaryimage"},"thumbnailUrl":"https:\/\/acrimat.org.br\/portal\/wp-content\/uploads\/2018\/03\/dsc1125.jpg","articleSection":["Destaques","Not\u00edcias"],"inLanguage":"pt-BR"},{"@type":"WebPage","@id":"https:\/\/acrimat.org.br\/portal\/sinop-mt-recebe-etapa-do-acrimat-em-acao-no-dia-07\/","url":"https:\/\/acrimat.org.br\/portal\/sinop-mt-recebe-etapa-do-acrimat-em-acao-no-dia-07\/","name":"Sinop recebe etapa do Acrimat em A\u00e7\u00e3o no dia 07 - Acrimat","isPartOf":{"@id":"https:\/\/acrimat.org.br\/portal\/#website"},"primaryImageOfPage":{"@id":"https:\/\/acrimat.org.br\/portal\/sinop-mt-recebe-etapa-do-acrimat-em-acao-no-dia-07\/#primaryimage"},"image":{"@id":"https:\/\/acrimat.org.br\/portal\/sinop-mt-recebe-etapa-do-acrimat-em-acao-no-dia-07\/#primaryimage"},"thumbnailUrl":"https:\/\/acrimat.org.br\/portal\/wp-content\/uploads\/2018\/03\/dsc1125.jpg","datePublished":"2018-03-05T18:16:30+00:00","dateModified":"2018-03-05T18:52:37+00:00","breadcrumb":{"@id":"https:\/\/acrimat.org.br\/portal\/sinop-mt-recebe-etapa-do-acrimat-em-acao-no-dia-07\/#breadcrumb"},"inLanguage":"pt-BR","potentialAction":[{"@type":"ReadAction","target":["https:\/\/acrimat.org.br\/portal\/sinop-mt-recebe-etapa-do-acrimat-em-acao-no-dia-07\/"]}]},{"@type":"ImageObject","inLanguage":"pt-BR","@id":"https:\/\/acrimat.org.br\/portal\/sinop-mt-recebe-etapa-do-acrimat-em-acao-no-dia-07\/#primaryimage","url":"https:\/\/acrimat.org.br\/portal\/wp-content\/uploads\/2018\/03\/dsc1125.jpg","contentUrl":"https:\/\/acrimat.org.br\/portal\/wp-content\/uploads\/2018\/03\/dsc1125.jpg","width":1200,"height":705},{"@type":"BreadcrumbList","@id":"https:\/\/acrimat.org.br\/portal\/sinop-mt-recebe-etapa-do-acrimat-em-acao-no-dia-07\/#breadcrumb","itemListElement":[{"@type":"ListItem","position":1,"name":"In\u00edcio","item":"https:\/\/acrimat.org.br\/portal\/"},{"@type":"ListItem","position":2,"name":"Sinop recebe etapa do Acrimat em A\u00e7\u00e3o no dia 07"}]},{"@type":"WebSite","@id":"https:\/\/acrimat.org.br\/portal\/#website","url":"https:\/\/acrimat.org.br\/portal\/","name":"Acrimat","description":"Associa\u00e7\u00e3o dos Criadores de Mato Grosso","publisher":{"@id":"https:\/\/acrimat.org.br\/portal\/#organization"},"potentialAction":[{"@type":"SearchAction","target":{"@type":"EntryPoint","urlTemplate":"https:\/\/acrimat.org.br\/portal\/?s={search_term_string}"},"query-input":{"@type":"PropertyValueSpecification","valueRequired":true,"valueName":"search_term_string"}}],"inLanguage":"pt-BR"},{"@type":"Organization","@id":"https:\/\/acrimat.org.br\/portal\/#organization","name":"Associa\u00e7\u00e3o dos Criadores de Mato Grosso","url":"https:\/\/acrimat.org.br\/portal\/","logo":{"@type":"ImageObject","inLanguage":"pt-BR","@id":"https:\/\/acrimat.org.br\/portal\/#\/schema\/logo\/image\/","url":"https:\/\/acrimat.org.br\/portal\/wp-content\/uploads\/2018\/03\/logo-peq-original.png","contentUrl":"https:\/\/acrimat.org.br\/portal\/wp-content\/uploads\/2018\/03\/logo-peq-original.png","width":174,"height":171,"caption":"Associa\u00e7\u00e3o dos Criadores de Mato Grosso"},"image":{"@id":"https:\/\/acrimat.org.br\/portal\/#\/schema\/logo\/image\/"}},{"@type":"Person","@id":"https:\/\/acrimat.org.br\/portal\/#\/schema\/person\/a309b9496344ff991e8e1b1d751fdd7b","name":"Assessoria de comunica\u00e7\u00e3o ACRIMAT","image":{"@type":"ImageObject","inLanguage":"pt-BR","@id":"https:\/\/acrimat.org.br\/portal\/#\/schema\/person\/image\/","url":"https:\/\/secure.gravatar.com\/avatar\/2f9c28e64c317bcd762b25cb1575f1b4?s=96&d=mm&r=g","contentUrl":"https:\/\/secure.gravatar.com\/avatar\/2f9c28e64c317bcd762b25cb1575f1b4?s=96&d=mm&r=g","caption":"Assessoria de comunica\u00e7\u00e3o ACRIMAT"},"sameAs":["http:\/\/acrimat.org.br\/"],"url":"https:\/\/acrimat.org.br\/portal\/author\/ascom\/"}]}},"_links":{"self":[{"href":"https:\/\/acrimat.org.br\/portal\/wp-json\/wp\/v2\/posts\/97986241","targetHints":{"allow":["GET"]}}],"collection":[{"href":"https:\/\/acrimat.org.br\/portal\/wp-json\/wp\/v2\/posts"}],"about":[{"href":"https:\/\/acrimat.org.br\/portal\/wp-json\/wp\/v2\/types\/post"}],"author":[{"embeddable":true,"href":"https:\/\/acrimat.org.br\/portal\/wp-json\/wp\/v2\/users\/7"}],"replies":[{"embeddable":true,"href":"https:\/\/acrimat.org.br\/portal\/wp-json\/wp\/v2\/comments?post=97986241"}],"version-history":[{"count":2,"href":"https:\/\/acrimat.org.br\/portal\/wp-json\/wp\/v2\/posts\/97986241\/revisions"}],"predecessor-version":[{"id":97986258,"href":"https:\/\/acrimat.org.br\/portal\/wp-json\/wp\/v2\/posts\/97986241\/revisions\/97986258"}],"wp:featuredmedia":[{"embeddable":true,"href":"https:\/\/acrimat.org.br\/portal\/wp-json\/wp\/v2\/media\/97986257"}],"wp:attachment":[{"href":"https:\/\/acrimat.org.br\/portal\/wp-json\/wp\/v2\/media?parent=97986241"}],"wp:term":[{"taxonomy":"category","embeddable":true,"href":"https:\/\/acrimat.org.br\/portal\/wp-json\/wp\/v2\/categories?post=97986241"},{"taxonomy":"post_tag","embeddable":true,"href":"https:\/\/acrimat.org.br\/portal\/wp-json\/wp\/v2\/tags?post=97986241"}],"curies":[{"name":"wp","href":"https:\/\/api.w.org\/{rel}","templated":true}]}}