{"id":97986245,"date":"2018-03-05T15:24:18","date_gmt":"2018-03-05T18:24:18","guid":{"rendered":"http:\/\/acrimat.org.br\/portal\/?p=97986245"},"modified":"2018-03-05T15:24:18","modified_gmt":"2018-03-05T18:24:18","slug":"jurista-da-fiemt-diz-que-criacao-de-novo-fundo-emergencial-e-inconstitucional","status":"publish","type":"post","link":"https:\/\/acrimat.org.br\/portal\/jurista-da-fiemt-diz-que-criacao-de-novo-fundo-emergencial-e-inconstitucional\/","title":{"rendered":"Jurista da Fiemt diz que cria\u00e7\u00e3o de novo Fundo Emergencial \u00e9 inconstitucional"},"content":{"rendered":"<p>Ferindo o princ\u00edpio constitucional da Seguran\u00e7a Jur\u00eddica, o Fundo Emergencial de Estabilidade Fiscal (FEEF), que ainda est\u00e1 em fase de discuss\u00e3o e que deve ser enviado na pr\u00f3xima semana \u00e0 Assembleia, j\u00e1 manifesta v\u00edcios de inconstitucionalidade, por reduzir incentivos fiscais j\u00e1 garantidos a empresas instaladas em Mato Grosso.<\/p>\n<p>A tese \u00e9 defendida pelo advogado tributarista Victor Humberto Maizman, que \u00e9 consultor jur\u00eddico da Federa\u00e7\u00e3o das Ind\u00fastrias de Mato Grosso (Fiemt), cujo presidente Jandir Milan j\u00e1 se posicionou de forma contr\u00e1ria ao aumento de tributos, que est\u00e1 na imin\u00eancia de existir com a cria\u00e7\u00e3o do Fundo Emergencial.<\/p>\n<p>\u201cA natureza jur\u00eddica do Fundo Emergencial \u00e9 o mesmo do Fundo de Desenvolvimento S\u00f3cio-Cultural-Desportivo-Tecnol\u00f3gico (Fundestec), que foi suspenso em 2013 por uma a\u00e7\u00e3o impetrada por mim em nome da Federa\u00e7\u00e3o das Ind\u00fastrias de Mato Grosso\u201d, explica.<\/p>\n<p>De acordo com Victor, a cria\u00e7\u00e3o do Fundo tamb\u00e9m fere a l\u00f3gica da pol\u00edtica de incentivo fiscal, uma vez que ao ser beneficiada pelo incentivo, a empresa j\u00e1 calcula por um determinado tempo quais ser\u00e3o os benef\u00edcios e obriga\u00e7\u00f5es em rela\u00e7\u00e3o aos tributos.<\/p>\n<p>\u201cSe o Fundo for criado, estar\u00e1 sendo feita uma redu\u00e7\u00e3o do incentivo fiscal concedido. E isso vai de encontro ao que o setor industri\u00e1rio realmente precisa para manter a atividade de forma s\u00f3lida no Estado. Dessa forma, o governo vai \u00e0 contram\u00e3o do que realmente deveria pautar que \u00e9 a cria\u00e7\u00e3o de uma s\u00f3lida pol\u00edtica de incentivos fiscais. S\u00f3 dessa forma \u00e9 que o Estado conseguir\u00e1, de fato, aumentar a arrecada\u00e7\u00e3o atraindo novos investimentos para o setor industrial\u201d, avalia o jurista.<\/p>\n<p><strong>Articula\u00e7\u00e3o<\/strong><\/p>\n<p>Apesar da evidente inconstitucionalidade, o governo tem empenhado todos os esfor\u00e7os poss\u00edveis para criar o FEEF. As reuni\u00f5es promovidas pelo secret\u00e1rio estadual de Fazenda, Rog\u00e9rio Galo, junto aos setores econ\u00f4micos t\u00eam garantido o apoio de algumas entidades e repelido o de outras.<\/p>\n<p>Al\u00e9m da Fiemt, a Federa\u00e7\u00e3o do Com\u00e9rcio, Servi\u00e7os e Turismo de Mato Grosso (Fecom\u00e9rcio) e a Associa\u00e7\u00e3o dos Produtores de Soja e Milho de Mato Grosso (Aprosoja-MT) j\u00e1 manifestaram posi\u00e7\u00f5es contr\u00e1rias \u00e0 cria\u00e7\u00e3o do Fundo.<\/p>\n<p>\u201cO posicionamento da Fecom\u00e9rcio-MT \u00e9 de que os empres\u00e1rios n\u00e3o est\u00e3o em condi\u00e7\u00f5es de arcar com mais esse imposto. No per\u00edodo mais cr\u00edtico da crise, muitos comerciantes fecharam as portas, e os que permaneceram precisaram cortar gastos, demitir funcion\u00e1rios e reduzir a produ\u00e7\u00e3o. Uma nova taxa\u00e7\u00e3o como essa poderia provocar um efeito desastroso no com\u00e9rcio, como, por exemplo, mais lojas fechando as portas e mais desemprego\u201d, diz em nota.<\/p>\n<p>\u201cA Aprosoja, ap\u00f3s reuni\u00e3o da diretoria plena com o conselho consultivo (formado pelos ex-presidentes), vem a p\u00fablico na defesa do interesse dos seus quase seis mil associados, se manifestar contr\u00e1ria veementemente a qualquer tipo de tributa\u00e7\u00e3o direta ou indireta que afete o setor, particularmente o FEEF\u201d.<\/p>\n<p>A Associa\u00e7\u00e3o Mato-Grossense dos Produtores de Algod\u00e3o (AMPA) e a Associa\u00e7\u00e3o dos Criadores de Mato Grosso (Acrimat) ainda n\u00e3o se posicionaram sobre o assunto.<\/p>\n<p>Por outro lado, a Associa\u00e7\u00e3o dos Comerciantes de Materiais para Constru\u00e7\u00e3o (Acomac-MT) e o Sindicato do Com\u00e9rcio Varejista de Materiais de Constru\u00e7\u00e3o, El\u00e9trica, Hidr\u00e1ulica, Lou\u00e7as, Tintas, Ferragens e Vidra\u00e7aria (Sindcomac-MT) manifestaram apoio \u00e0 cria\u00e7\u00e3o do Fundo Emergencial, concordando com a justificativa do governo, de que o Fundo dever\u00e1 solucionar os problemas or\u00e7ament\u00e1rios do Estado.<\/p>\n<p><strong>Fundo<\/strong><\/p>\n<p>Ainda sem uma minuta consolidada, o FEEF pretende reduzir o d\u00e9ficit or\u00e7ament\u00e1rio e fiscal do Estado, que hoje reside em torno de R$ 1 bilh\u00e3o. De acordo com nota da secretaria estadual de Fazenda (Sefaz), os recursos vir\u00e3o basicamente das empresas que recebem incentivos fiscais. Ficam de fora as pequenas empresas que s\u00e3o adeptas do simples nacional. Isso significa que 92% das empresas instaladas em Mato Grosso n\u00e3o ir\u00e3o participar do aporte de recursos para o FEEF. O per\u00edodo m\u00e1ximo estipulado \u00e9 de 36 meses.<\/p>\n","protected":false},"excerpt":{"rendered":"<p>Ferindo o princ\u00edpio constitucional da Seguran\u00e7a Jur\u00eddica, o Fundo Emergencial de Estabilidade Fiscal (FEEF), que ainda est\u00e1 em fase de discuss\u00e3o e que deve ser enviado na pr\u00f3xima semana \u00e0 Assembleia, j\u00e1 manifesta v\u00edcios de inconstitucionalidade, por reduzir incentivos fiscais j\u00e1 garantidos a empresas instaladas em Mato Grosso. A tese \u00e9 defendida pelo advogado tributarista [&hellip;]<\/p>\n","protected":false},"author":7,"featured_media":97985175,"comment_status":"closed","ping_status":"closed","sticky":false,"template":"","format":"standard","meta":{"footnotes":""},"categories":[6,1],"tags":[],"class_list":["post-97986245","post","type-post","status-publish","format-standard","has-post-thumbnail","hentry","category-destaque","category-noticia"],"yoast_head":"<!-- This site is optimized with the Yoast SEO plugin v24.8.1 - https:\/\/yoast.com\/wordpress\/plugins\/seo\/ -->\n<title>Jurista da Fiemt diz que cria\u00e7\u00e3o de novo Fundo Emergencial \u00e9 inconstitucional - Acrimat<\/title>\n<meta name=\"robots\" content=\"index, follow, max-snippet:-1, max-image-preview:large, max-video-preview:-1\" \/>\n<link rel=\"canonical\" href=\"https:\/\/acrimat.org.br\/portal\/jurista-da-fiemt-diz-que-criacao-de-novo-fundo-emergencial-e-inconstitucional\/\" \/>\n<meta property=\"og:locale\" content=\"pt_BR\" \/>\n<meta property=\"og:type\" content=\"article\" \/>\n<meta property=\"og:title\" content=\"Jurista da Fiemt diz que cria\u00e7\u00e3o de novo Fundo Emergencial \u00e9 inconstitucional - Acrimat\" \/>\n<meta property=\"og:description\" content=\"Ferindo o princ\u00edpio constitucional da Seguran\u00e7a Jur\u00eddica, o Fundo Emergencial de Estabilidade Fiscal (FEEF), que ainda est\u00e1 em fase de discuss\u00e3o e que deve ser enviado na pr\u00f3xima semana \u00e0 Assembleia, j\u00e1 manifesta v\u00edcios de inconstitucionalidade, por reduzir incentivos fiscais j\u00e1 garantidos a empresas instaladas em Mato Grosso. A tese \u00e9 defendida pelo advogado tributarista [&hellip;]\" \/>\n<meta property=\"og:url\" content=\"https:\/\/acrimat.org.br\/portal\/jurista-da-fiemt-diz-que-criacao-de-novo-fundo-emergencial-e-inconstitucional\/\" \/>\n<meta property=\"og:site_name\" content=\"Acrimat\" \/>\n<meta property=\"article:published_time\" content=\"2018-03-05T18:24:18+00:00\" \/>\n<meta property=\"og:image\" content=\"https:\/\/acrimat.org.br\/portal\/wp-content\/uploads\/2017\/12\/agric_money1.jpg\" \/>\n\t<meta property=\"og:image:width\" content=\"500\" \/>\n\t<meta property=\"og:image:height\" content=\"341\" \/>\n\t<meta property=\"og:image:type\" content=\"image\/jpeg\" \/>\n<meta name=\"author\" content=\"Assessoria de comunica\u00e7\u00e3o ACRIMAT\" \/>\n<meta name=\"twitter:card\" content=\"summary_large_image\" \/>\n<meta name=\"twitter:label1\" content=\"Escrito por\" \/>\n\t<meta name=\"twitter:data1\" content=\"Assessoria de comunica\u00e7\u00e3o ACRIMAT\" \/>\n\t<meta name=\"twitter:label2\" content=\"Est. tempo de leitura\" \/>\n\t<meta name=\"twitter:data2\" content=\"3 minutos\" \/>\n<script type=\"application\/ld+json\" class=\"yoast-schema-graph\">{\"@context\":\"https:\/\/schema.org\",\"@graph\":[{\"@type\":\"Article\",\"@id\":\"https:\/\/acrimat.org.br\/portal\/jurista-da-fiemt-diz-que-criacao-de-novo-fundo-emergencial-e-inconstitucional\/#article\",\"isPartOf\":{\"@id\":\"https:\/\/acrimat.org.br\/portal\/jurista-da-fiemt-diz-que-criacao-de-novo-fundo-emergencial-e-inconstitucional\/\"},\"author\":{\"name\":\"Assessoria de comunica\u00e7\u00e3o ACRIMAT\",\"@id\":\"https:\/\/acrimat.org.br\/portal\/#\/schema\/person\/a309b9496344ff991e8e1b1d751fdd7b\"},\"headline\":\"Jurista da Fiemt diz que cria\u00e7\u00e3o de novo Fundo Emergencial \u00e9 inconstitucional\",\"datePublished\":\"2018-03-05T18:24:18+00:00\",\"mainEntityOfPage\":{\"@id\":\"https:\/\/acrimat.org.br\/portal\/jurista-da-fiemt-diz-que-criacao-de-novo-fundo-emergencial-e-inconstitucional\/\"},\"wordCount\":702,\"publisher\":{\"@id\":\"https:\/\/acrimat.org.br\/portal\/#organization\"},\"image\":{\"@id\":\"https:\/\/acrimat.org.br\/portal\/jurista-da-fiemt-diz-que-criacao-de-novo-fundo-emergencial-e-inconstitucional\/#primaryimage\"},\"thumbnailUrl\":\"https:\/\/acrimat.org.br\/portal\/wp-content\/uploads\/2017\/12\/agric_money1.jpg\",\"articleSection\":[\"Destaques\",\"Not\u00edcias\"],\"inLanguage\":\"pt-BR\"},{\"@type\":\"WebPage\",\"@id\":\"https:\/\/acrimat.org.br\/portal\/jurista-da-fiemt-diz-que-criacao-de-novo-fundo-emergencial-e-inconstitucional\/\",\"url\":\"https:\/\/acrimat.org.br\/portal\/jurista-da-fiemt-diz-que-criacao-de-novo-fundo-emergencial-e-inconstitucional\/\",\"name\":\"Jurista da Fiemt diz que cria\u00e7\u00e3o de novo Fundo Emergencial \u00e9 inconstitucional - Acrimat\",\"isPartOf\":{\"@id\":\"https:\/\/acrimat.org.br\/portal\/#website\"},\"primaryImageOfPage\":{\"@id\":\"https:\/\/acrimat.org.br\/portal\/jurista-da-fiemt-diz-que-criacao-de-novo-fundo-emergencial-e-inconstitucional\/#primaryimage\"},\"image\":{\"@id\":\"https:\/\/acrimat.org.br\/portal\/jurista-da-fiemt-diz-que-criacao-de-novo-fundo-emergencial-e-inconstitucional\/#primaryimage\"},\"thumbnailUrl\":\"https:\/\/acrimat.org.br\/portal\/wp-content\/uploads\/2017\/12\/agric_money1.jpg\",\"datePublished\":\"2018-03-05T18:24:18+00:00\",\"breadcrumb\":{\"@id\":\"https:\/\/acrimat.org.br\/portal\/jurista-da-fiemt-diz-que-criacao-de-novo-fundo-emergencial-e-inconstitucional\/#breadcrumb\"},\"inLanguage\":\"pt-BR\",\"potentialAction\":[{\"@type\":\"ReadAction\",\"target\":[\"https:\/\/acrimat.org.br\/portal\/jurista-da-fiemt-diz-que-criacao-de-novo-fundo-emergencial-e-inconstitucional\/\"]}]},{\"@type\":\"ImageObject\",\"inLanguage\":\"pt-BR\",\"@id\":\"https:\/\/acrimat.org.br\/portal\/jurista-da-fiemt-diz-que-criacao-de-novo-fundo-emergencial-e-inconstitucional\/#primaryimage\",\"url\":\"https:\/\/acrimat.org.br\/portal\/wp-content\/uploads\/2017\/12\/agric_money1.jpg\",\"contentUrl\":\"https:\/\/acrimat.org.br\/portal\/wp-content\/uploads\/2017\/12\/agric_money1.jpg\",\"width\":500,\"height\":341},{\"@type\":\"BreadcrumbList\",\"@id\":\"https:\/\/acrimat.org.br\/portal\/jurista-da-fiemt-diz-que-criacao-de-novo-fundo-emergencial-e-inconstitucional\/#breadcrumb\",\"itemListElement\":[{\"@type\":\"ListItem\",\"position\":1,\"name\":\"In\u00edcio\",\"item\":\"https:\/\/acrimat.org.br\/portal\/\"},{\"@type\":\"ListItem\",\"position\":2,\"name\":\"Jurista da Fiemt diz que cria\u00e7\u00e3o de novo Fundo Emergencial \u00e9 inconstitucional\"}]},{\"@type\":\"WebSite\",\"@id\":\"https:\/\/acrimat.org.br\/portal\/#website\",\"url\":\"https:\/\/acrimat.org.br\/portal\/\",\"name\":\"Acrimat\",\"description\":\"Associa\u00e7\u00e3o dos Criadores de Mato Grosso\",\"publisher\":{\"@id\":\"https:\/\/acrimat.org.br\/portal\/#organization\"},\"potentialAction\":[{\"@type\":\"SearchAction\",\"target\":{\"@type\":\"EntryPoint\",\"urlTemplate\":\"https:\/\/acrimat.org.br\/portal\/?s={search_term_string}\"},\"query-input\":{\"@type\":\"PropertyValueSpecification\",\"valueRequired\":true,\"valueName\":\"search_term_string\"}}],\"inLanguage\":\"pt-BR\"},{\"@type\":\"Organization\",\"@id\":\"https:\/\/acrimat.org.br\/portal\/#organization\",\"name\":\"Associa\u00e7\u00e3o dos Criadores de Mato Grosso\",\"url\":\"https:\/\/acrimat.org.br\/portal\/\",\"logo\":{\"@type\":\"ImageObject\",\"inLanguage\":\"pt-BR\",\"@id\":\"https:\/\/acrimat.org.br\/portal\/#\/schema\/logo\/image\/\",\"url\":\"https:\/\/acrimat.org.br\/portal\/wp-content\/uploads\/2018\/03\/logo-peq-original.png\",\"contentUrl\":\"https:\/\/acrimat.org.br\/portal\/wp-content\/uploads\/2018\/03\/logo-peq-original.png\",\"width\":174,\"height\":171,\"caption\":\"Associa\u00e7\u00e3o dos Criadores de Mato Grosso\"},\"image\":{\"@id\":\"https:\/\/acrimat.org.br\/portal\/#\/schema\/logo\/image\/\"}},{\"@type\":\"Person\",\"@id\":\"https:\/\/acrimat.org.br\/portal\/#\/schema\/person\/a309b9496344ff991e8e1b1d751fdd7b\",\"name\":\"Assessoria de comunica\u00e7\u00e3o ACRIMAT\",\"image\":{\"@type\":\"ImageObject\",\"inLanguage\":\"pt-BR\",\"@id\":\"https:\/\/acrimat.org.br\/portal\/#\/schema\/person\/image\/\",\"url\":\"https:\/\/secure.gravatar.com\/avatar\/2f9c28e64c317bcd762b25cb1575f1b4?s=96&d=mm&r=g\",\"contentUrl\":\"https:\/\/secure.gravatar.com\/avatar\/2f9c28e64c317bcd762b25cb1575f1b4?s=96&d=mm&r=g\",\"caption\":\"Assessoria de comunica\u00e7\u00e3o ACRIMAT\"},\"sameAs\":[\"http:\/\/acrimat.org.br\/\"],\"url\":\"https:\/\/acrimat.org.br\/portal\/author\/ascom\/\"}]}<\/script>\n<!-- \/ Yoast SEO plugin. -->","yoast_head_json":{"title":"Jurista da Fiemt diz que cria\u00e7\u00e3o de novo Fundo Emergencial \u00e9 inconstitucional - Acrimat","robots":{"index":"index","follow":"follow","max-snippet":"max-snippet:-1","max-image-preview":"max-image-preview:large","max-video-preview":"max-video-preview:-1"},"canonical":"https:\/\/acrimat.org.br\/portal\/jurista-da-fiemt-diz-que-criacao-de-novo-fundo-emergencial-e-inconstitucional\/","og_locale":"pt_BR","og_type":"article","og_title":"Jurista da Fiemt diz que cria\u00e7\u00e3o de novo Fundo Emergencial \u00e9 inconstitucional - Acrimat","og_description":"Ferindo o princ\u00edpio constitucional da Seguran\u00e7a Jur\u00eddica, o Fundo Emergencial de Estabilidade Fiscal (FEEF), que ainda est\u00e1 em fase de discuss\u00e3o e que deve ser enviado na pr\u00f3xima semana \u00e0 Assembleia, j\u00e1 manifesta v\u00edcios de inconstitucionalidade, por reduzir incentivos fiscais j\u00e1 garantidos a empresas instaladas em Mato Grosso. A tese \u00e9 defendida pelo advogado tributarista [&hellip;]","og_url":"https:\/\/acrimat.org.br\/portal\/jurista-da-fiemt-diz-que-criacao-de-novo-fundo-emergencial-e-inconstitucional\/","og_site_name":"Acrimat","article_published_time":"2018-03-05T18:24:18+00:00","og_image":[{"width":500,"height":341,"url":"https:\/\/acrimat.org.br\/portal\/wp-content\/uploads\/2017\/12\/agric_money1.jpg","type":"image\/jpeg"}],"author":"Assessoria de comunica\u00e7\u00e3o ACRIMAT","twitter_card":"summary_large_image","twitter_misc":{"Escrito por":"Assessoria de comunica\u00e7\u00e3o ACRIMAT","Est. tempo de leitura":"3 minutos"},"schema":{"@context":"https:\/\/schema.org","@graph":[{"@type":"Article","@id":"https:\/\/acrimat.org.br\/portal\/jurista-da-fiemt-diz-que-criacao-de-novo-fundo-emergencial-e-inconstitucional\/#article","isPartOf":{"@id":"https:\/\/acrimat.org.br\/portal\/jurista-da-fiemt-diz-que-criacao-de-novo-fundo-emergencial-e-inconstitucional\/"},"author":{"name":"Assessoria de comunica\u00e7\u00e3o ACRIMAT","@id":"https:\/\/acrimat.org.br\/portal\/#\/schema\/person\/a309b9496344ff991e8e1b1d751fdd7b"},"headline":"Jurista da Fiemt diz que cria\u00e7\u00e3o de novo Fundo Emergencial \u00e9 inconstitucional","datePublished":"2018-03-05T18:24:18+00:00","mainEntityOfPage":{"@id":"https:\/\/acrimat.org.br\/portal\/jurista-da-fiemt-diz-que-criacao-de-novo-fundo-emergencial-e-inconstitucional\/"},"wordCount":702,"publisher":{"@id":"https:\/\/acrimat.org.br\/portal\/#organization"},"image":{"@id":"https:\/\/acrimat.org.br\/portal\/jurista-da-fiemt-diz-que-criacao-de-novo-fundo-emergencial-e-inconstitucional\/#primaryimage"},"thumbnailUrl":"https:\/\/acrimat.org.br\/portal\/wp-content\/uploads\/2017\/12\/agric_money1.jpg","articleSection":["Destaques","Not\u00edcias"],"inLanguage":"pt-BR"},{"@type":"WebPage","@id":"https:\/\/acrimat.org.br\/portal\/jurista-da-fiemt-diz-que-criacao-de-novo-fundo-emergencial-e-inconstitucional\/","url":"https:\/\/acrimat.org.br\/portal\/jurista-da-fiemt-diz-que-criacao-de-novo-fundo-emergencial-e-inconstitucional\/","name":"Jurista da Fiemt diz que cria\u00e7\u00e3o de novo Fundo Emergencial \u00e9 inconstitucional - Acrimat","isPartOf":{"@id":"https:\/\/acrimat.org.br\/portal\/#website"},"primaryImageOfPage":{"@id":"https:\/\/acrimat.org.br\/portal\/jurista-da-fiemt-diz-que-criacao-de-novo-fundo-emergencial-e-inconstitucional\/#primaryimage"},"image":{"@id":"https:\/\/acrimat.org.br\/portal\/jurista-da-fiemt-diz-que-criacao-de-novo-fundo-emergencial-e-inconstitucional\/#primaryimage"},"thumbnailUrl":"https:\/\/acrimat.org.br\/portal\/wp-content\/uploads\/2017\/12\/agric_money1.jpg","datePublished":"2018-03-05T18:24:18+00:00","breadcrumb":{"@id":"https:\/\/acrimat.org.br\/portal\/jurista-da-fiemt-diz-que-criacao-de-novo-fundo-emergencial-e-inconstitucional\/#breadcrumb"},"inLanguage":"pt-BR","potentialAction":[{"@type":"ReadAction","target":["https:\/\/acrimat.org.br\/portal\/jurista-da-fiemt-diz-que-criacao-de-novo-fundo-emergencial-e-inconstitucional\/"]}]},{"@type":"ImageObject","inLanguage":"pt-BR","@id":"https:\/\/acrimat.org.br\/portal\/jurista-da-fiemt-diz-que-criacao-de-novo-fundo-emergencial-e-inconstitucional\/#primaryimage","url":"https:\/\/acrimat.org.br\/portal\/wp-content\/uploads\/2017\/12\/agric_money1.jpg","contentUrl":"https:\/\/acrimat.org.br\/portal\/wp-content\/uploads\/2017\/12\/agric_money1.jpg","width":500,"height":341},{"@type":"BreadcrumbList","@id":"https:\/\/acrimat.org.br\/portal\/jurista-da-fiemt-diz-que-criacao-de-novo-fundo-emergencial-e-inconstitucional\/#breadcrumb","itemListElement":[{"@type":"ListItem","position":1,"name":"In\u00edcio","item":"https:\/\/acrimat.org.br\/portal\/"},{"@type":"ListItem","position":2,"name":"Jurista da Fiemt diz que cria\u00e7\u00e3o de novo Fundo Emergencial \u00e9 inconstitucional"}]},{"@type":"WebSite","@id":"https:\/\/acrimat.org.br\/portal\/#website","url":"https:\/\/acrimat.org.br\/portal\/","name":"Acrimat","description":"Associa\u00e7\u00e3o dos Criadores de Mato Grosso","publisher":{"@id":"https:\/\/acrimat.org.br\/portal\/#organization"},"potentialAction":[{"@type":"SearchAction","target":{"@type":"EntryPoint","urlTemplate":"https:\/\/acrimat.org.br\/portal\/?s={search_term_string}"},"query-input":{"@type":"PropertyValueSpecification","valueRequired":true,"valueName":"search_term_string"}}],"inLanguage":"pt-BR"},{"@type":"Organization","@id":"https:\/\/acrimat.org.br\/portal\/#organization","name":"Associa\u00e7\u00e3o dos Criadores de Mato Grosso","url":"https:\/\/acrimat.org.br\/portal\/","logo":{"@type":"ImageObject","inLanguage":"pt-BR","@id":"https:\/\/acrimat.org.br\/portal\/#\/schema\/logo\/image\/","url":"https:\/\/acrimat.org.br\/portal\/wp-content\/uploads\/2018\/03\/logo-peq-original.png","contentUrl":"https:\/\/acrimat.org.br\/portal\/wp-content\/uploads\/2018\/03\/logo-peq-original.png","width":174,"height":171,"caption":"Associa\u00e7\u00e3o dos Criadores de Mato Grosso"},"image":{"@id":"https:\/\/acrimat.org.br\/portal\/#\/schema\/logo\/image\/"}},{"@type":"Person","@id":"https:\/\/acrimat.org.br\/portal\/#\/schema\/person\/a309b9496344ff991e8e1b1d751fdd7b","name":"Assessoria de comunica\u00e7\u00e3o ACRIMAT","image":{"@type":"ImageObject","inLanguage":"pt-BR","@id":"https:\/\/acrimat.org.br\/portal\/#\/schema\/person\/image\/","url":"https:\/\/secure.gravatar.com\/avatar\/2f9c28e64c317bcd762b25cb1575f1b4?s=96&d=mm&r=g","contentUrl":"https:\/\/secure.gravatar.com\/avatar\/2f9c28e64c317bcd762b25cb1575f1b4?s=96&d=mm&r=g","caption":"Assessoria de comunica\u00e7\u00e3o ACRIMAT"},"sameAs":["http:\/\/acrimat.org.br\/"],"url":"https:\/\/acrimat.org.br\/portal\/author\/ascom\/"}]}},"_links":{"self":[{"href":"https:\/\/acrimat.org.br\/portal\/wp-json\/wp\/v2\/posts\/97986245","targetHints":{"allow":["GET"]}}],"collection":[{"href":"https:\/\/acrimat.org.br\/portal\/wp-json\/wp\/v2\/posts"}],"about":[{"href":"https:\/\/acrimat.org.br\/portal\/wp-json\/wp\/v2\/types\/post"}],"author":[{"embeddable":true,"href":"https:\/\/acrimat.org.br\/portal\/wp-json\/wp\/v2\/users\/7"}],"replies":[{"embeddable":true,"href":"https:\/\/acrimat.org.br\/portal\/wp-json\/wp\/v2\/comments?post=97986245"}],"version-history":[{"count":1,"href":"https:\/\/acrimat.org.br\/portal\/wp-json\/wp\/v2\/posts\/97986245\/revisions"}],"predecessor-version":[{"id":97986246,"href":"https:\/\/acrimat.org.br\/portal\/wp-json\/wp\/v2\/posts\/97986245\/revisions\/97986246"}],"wp:featuredmedia":[{"embeddable":true,"href":"https:\/\/acrimat.org.br\/portal\/wp-json\/wp\/v2\/media\/97985175"}],"wp:attachment":[{"href":"https:\/\/acrimat.org.br\/portal\/wp-json\/wp\/v2\/media?parent=97986245"}],"wp:term":[{"taxonomy":"category","embeddable":true,"href":"https:\/\/acrimat.org.br\/portal\/wp-json\/wp\/v2\/categories?post=97986245"},{"taxonomy":"post_tag","embeddable":true,"href":"https:\/\/acrimat.org.br\/portal\/wp-json\/wp\/v2\/tags?post=97986245"}],"curies":[{"name":"wp","href":"https:\/\/api.w.org\/{rel}","templated":true}]}}