{"id":97986250,"date":"2018-03-05T15:46:06","date_gmt":"2018-03-05T18:46:06","guid":{"rendered":"http:\/\/acrimat.org.br\/portal\/?p=97986250"},"modified":"2018-03-05T15:46:06","modified_gmt":"2018-03-05T18:46:06","slug":"intercorte-beef-week-e-interconf-tem-agenda-divulgada-para-este-ano","status":"publish","type":"post","link":"https:\/\/acrimat.org.br\/portal\/intercorte-beef-week-e-interconf-tem-agenda-divulgada-para-este-ano\/","title":{"rendered":"Intercorte, Beef Week e Interconf t\u00eam agenda divulgada para este ano"},"content":{"rendered":"<p>Com o objetivo de unir iniciativas que fortale\u00e7am a cadeia produtiva da carne bovina, a plataforma Integrar para Crescer divulga o calend\u00e1rio deste ano para os eventos organizados pelo Terraviva Eventos (S\u00e3o Paulo\/SP): InterCorte, Beef Week\u00a0 e Interconf.<\/p>\n<p>\u201cO Integrar para Crescer nasceu da crescente necessidade de unir iniciativas que re\u00fanem os diversos elos da cadeia produtiva, visando n\u00e3o s\u00f3 o crescimento da atividade no pa\u00eds, mas principalmente a melhora da qualidade do produto oferecido, atendendo as demandas vindas do mercado\u201d, ressalta a diretora do Terraviva Eventos, Carla Tuccilio.<\/p>\n<p><strong>Intercorte\/Beef Week.\u00a0<\/strong>O calend\u00e1rio de 2018 ter\u00e1 in\u00edcio em abril com a realiza\u00e7\u00e3o do evento em Cuiab\u00e1 (MT) nos dias 12 e 13 de abril, e a Beef Week, de 9 a 14 de abril. O fechamento dessa etapa ser\u00e1 com a realiza\u00e7\u00e3o do Festival Braseiro, no dia 14. Organizada em conjunto com a Associa\u00e7\u00e3o dos Criadores de Mato Grosso (Acrimat, Cuiab\u00e1\/MT), a edi\u00e7\u00e3o ser\u00e1 realizada este ano em um novo local: o Cenarium Rural, um espa\u00e7o moderno com uma privilegiada vis\u00e3o panor\u00e2mica da cidade e capacidade para at\u00e9 duas mil pessoas.<\/p>\n<p>A pr\u00f3xima cidade a receber a Intercorte ser\u00e1 Marab\u00e1 (PA), que sedia pela primeira vez o evento, nos dias 22 e 23 de maio, em parceria com a Associa\u00e7\u00e3o de Criadores do Estado do Par\u00e1 (Acripar\u00e1). A finaliza\u00e7\u00e3o do calend\u00e1rio 2018 ser\u00e1 em S\u00e3o Paulo com a realiza\u00e7\u00e3o da Intercorte, de 21 a 23 de novembro, no WTC Events Center, e da Angus Beef Week, de 15 a 25 de novembro.<\/p>\n<p><strong>Interconf.\u00a0<\/strong>Em setembro, nos dias 11 e 12, em Goi\u00e2nia (GO), ser\u00e1 promovida a Confer\u00eancia Internacional de Pecuaristas, realizada pela Associa\u00e7\u00e3o Nacional da Pecu\u00e1ria Intensiva (Assocon, S\u00e3o Paulo\/SP) tamb\u00e9m em novo local: o Centro de Conven\u00e7\u00f5es Goi\u00e2nia.<\/p>\n<div id=\"attachment_97986251\" style=\"width: 810px\" class=\"wp-caption aligncenter\"><a href=\"http:\/\/acrimat.org.br\/portal\/wp-content\/uploads\/2018\/03\/programacao-intercorte-interconf.jpg\"><img fetchpriority=\"high\" decoding=\"async\" aria-describedby=\"caption-attachment-97986251\" class=\"wp-image-97986251 size-full\" src=\"http:\/\/acrimat.org.br\/portal\/wp-content\/uploads\/2018\/03\/programacao-intercorte-interconf.jpg\" alt=\"\" width=\"800\" height=\"304\" srcset=\"https:\/\/acrimat.org.br\/portal\/wp-content\/uploads\/2018\/03\/programacao-intercorte-interconf.jpg 800w, https:\/\/acrimat.org.br\/portal\/wp-content\/uploads\/2018\/03\/programacao-intercorte-interconf-300x114.jpg 300w, https:\/\/acrimat.org.br\/portal\/wp-content\/uploads\/2018\/03\/programacao-intercorte-interconf-768x292.jpg 768w, https:\/\/acrimat.org.br\/portal\/wp-content\/uploads\/2018\/03\/programacao-intercorte-interconf-250x95.jpg 250w, https:\/\/acrimat.org.br\/portal\/wp-content\/uploads\/2018\/03\/programacao-intercorte-interconf-550x209.jpg 550w, https:\/\/acrimat.org.br\/portal\/wp-content\/uploads\/2018\/03\/programacao-intercorte-interconf-474x180.jpg 474w, https:\/\/acrimat.org.br\/portal\/wp-content\/uploads\/2018\/03\/programacao-intercorte-interconf-789x300.jpg 789w\" sizes=\"(max-width: 800px) 100vw, 800px\" \/><\/a><p id=\"caption-attachment-97986251\" class=\"wp-caption-text\">Imagem: divulga\u00e7\u00e3o<\/p><\/div>\n<p><strong>Pluralidade.\u00a0<\/strong>A plataforma ainda promove, al\u00e9m dos eventos, a\u00e7\u00f5es nas redes sociais, visando o fortalecimento e o conhecimento da cadeia da carne por parte dos elos do setor e tamb\u00e9m do consumidor final. O movimento #SomosdaCarne nasceu a partir de um manifesto lan\u00e7ado na InterCorte S\u00e3o Paulo em 2016, que sintetiza a motiva\u00e7\u00e3o de toda a cadeia produtiva da carne bovina para a produ\u00e7\u00e3o de um alimento de qualidade, saud\u00e1vel e sustent\u00e1vel. Integrantes dos mais diversos elos dessa cadeia utilizam esse canal de comunica\u00e7\u00e3o para divulgar essa ideia.<\/p>\n<p>Outra a\u00e7\u00e3o, o \u201cVoc\u00ea Sabia\u201d, fundamentada como parte do movimento #SomosdaCarne, divulga periodicamente informa\u00e7\u00f5es sobre os diversos aspectos da cadeia produtiva da carne: sua import\u00e2ncia econ\u00f4mica, sustentabilidade, curiosidades, dicas de preparo e conserva\u00e7\u00e3o, entre outros.\u00a0 Al\u00e9m disso, a plataforma ainda promove o \u201cCaminho do Boi\u201d, um projeto que convida os visitantes a se colocarem no lugar do animal de corte, percorrendo do pasto ao prato, por mio de esta\u00e7\u00f5es interativas. Esta realiza\u00e7\u00e3o demonstra a import\u00e2ncia da integra\u00e7\u00e3o dos elos da cadeia da carne e chama a aten\u00e7\u00e3o para os impactos das boas pr\u00e1ticas na produ\u00e7\u00e3o, frigor\u00edfico, ponto de venda e para o consumidor, de que forma tudo isso impacta na rentabilidade do neg\u00f3cio.<\/p>\n<p>\u201cNossos eventos re\u00fanem a cadeia para debater os desafios da pecu\u00e1ria, trazendo \u00e0 tona as quest\u00f5es mais latentes relacionadas aos temas propostos. Acreditamos que para atender as demandas de mercado \u00e9 preciso construir um aprendizado em conjunto, com a troca de ideias e experi\u00eancias entre os envolvidos neste sistema produtivo, promovendo a cadeia da carne para o setor e aos consumidores em geral\u201d, finaliza Carla.<\/p>\n<p>Encontre mais informa\u00e7\u00f5es nos sites oficias da\u00a0<a href=\"http:\/\/www.intercorte.com.br\/\" target=\"_blank\" rel=\"noopener\">Intercorte<\/a>,\u00a0<a href=\"http:\/\/www.interconf.com.br\/\" target=\"_blank\" rel=\"noopener\">Interconf<\/a>\u00a0e\u00a0<a href=\"http:\/\/www.intercorte.com.br\/beefweek\" target=\"_blank\" rel=\"noopener\">Beef Week<\/a>.<\/p>\n","protected":false},"excerpt":{"rendered":"<p>Plataforma Integrar para Crescer fomenta uni\u00e3o e desenvolvimento do setor<\/p>\n","protected":false},"author":7,"featured_media":97986201,"comment_status":"closed","ping_status":"closed","sticky":false,"template":"","format":"standard","meta":{"footnotes":""},"categories":[6,1],"tags":[],"class_list":["post-97986250","post","type-post","status-publish","format-standard","has-post-thumbnail","hentry","category-destaque","category-noticia"],"yoast_head":"<!-- This site is optimized with the Yoast SEO plugin v24.8.1 - https:\/\/yoast.com\/wordpress\/plugins\/seo\/ -->\n<title>Intercorte, Beef Week e Interconf t\u00eam agenda divulgada para este ano - Acrimat<\/title>\n<meta name=\"robots\" content=\"index, follow, max-snippet:-1, max-image-preview:large, max-video-preview:-1\" \/>\n<link rel=\"canonical\" href=\"https:\/\/acrimat.org.br\/portal\/intercorte-beef-week-e-interconf-tem-agenda-divulgada-para-este-ano\/\" \/>\n<meta property=\"og:locale\" content=\"pt_BR\" \/>\n<meta property=\"og:type\" content=\"article\" \/>\n<meta property=\"og:title\" content=\"Intercorte, Beef Week e Interconf t\u00eam agenda divulgada para este ano - Acrimat\" \/>\n<meta property=\"og:description\" content=\"Plataforma Integrar para Crescer fomenta uni\u00e3o e desenvolvimento do setor\" \/>\n<meta property=\"og:url\" content=\"https:\/\/acrimat.org.br\/portal\/intercorte-beef-week-e-interconf-tem-agenda-divulgada-para-este-ano\/\" \/>\n<meta property=\"og:site_name\" content=\"Acrimat\" \/>\n<meta property=\"article:published_time\" content=\"2018-03-05T18:46:06+00:00\" \/>\n<meta property=\"og:image\" content=\"https:\/\/acrimat.org.br\/portal\/wp-content\/uploads\/2018\/03\/elf2421-e1519929424313.jpg\" \/>\n\t<meta property=\"og:image:width\" content=\"2016\" \/>\n\t<meta property=\"og:image:height\" content=\"1346\" \/>\n\t<meta property=\"og:image:type\" content=\"image\/jpeg\" \/>\n<meta name=\"author\" content=\"Assessoria de comunica\u00e7\u00e3o ACRIMAT\" \/>\n<meta name=\"twitter:card\" content=\"summary_large_image\" \/>\n<meta name=\"twitter:label1\" content=\"Escrito por\" \/>\n\t<meta name=\"twitter:data1\" content=\"Assessoria de comunica\u00e7\u00e3o ACRIMAT\" \/>\n\t<meta name=\"twitter:label2\" content=\"Est. tempo de leitura\" \/>\n\t<meta name=\"twitter:data2\" content=\"3 minutos\" \/>\n<script type=\"application\/ld+json\" class=\"yoast-schema-graph\">{\"@context\":\"https:\/\/schema.org\",\"@graph\":[{\"@type\":\"Article\",\"@id\":\"https:\/\/acrimat.org.br\/portal\/intercorte-beef-week-e-interconf-tem-agenda-divulgada-para-este-ano\/#article\",\"isPartOf\":{\"@id\":\"https:\/\/acrimat.org.br\/portal\/intercorte-beef-week-e-interconf-tem-agenda-divulgada-para-este-ano\/\"},\"author\":{\"name\":\"Assessoria de comunica\u00e7\u00e3o ACRIMAT\",\"@id\":\"https:\/\/acrimat.org.br\/portal\/#\/schema\/person\/a309b9496344ff991e8e1b1d751fdd7b\"},\"headline\":\"Intercorte, Beef Week e Interconf t\u00eam agenda divulgada para este ano\",\"datePublished\":\"2018-03-05T18:46:06+00:00\",\"mainEntityOfPage\":{\"@id\":\"https:\/\/acrimat.org.br\/portal\/intercorte-beef-week-e-interconf-tem-agenda-divulgada-para-este-ano\/\"},\"wordCount\":634,\"publisher\":{\"@id\":\"https:\/\/acrimat.org.br\/portal\/#organization\"},\"image\":{\"@id\":\"https:\/\/acrimat.org.br\/portal\/intercorte-beef-week-e-interconf-tem-agenda-divulgada-para-este-ano\/#primaryimage\"},\"thumbnailUrl\":\"https:\/\/acrimat.org.br\/portal\/wp-content\/uploads\/2018\/03\/elf2421-e1519929424313.jpg\",\"articleSection\":[\"Destaques\",\"Not\u00edcias\"],\"inLanguage\":\"pt-BR\"},{\"@type\":\"WebPage\",\"@id\":\"https:\/\/acrimat.org.br\/portal\/intercorte-beef-week-e-interconf-tem-agenda-divulgada-para-este-ano\/\",\"url\":\"https:\/\/acrimat.org.br\/portal\/intercorte-beef-week-e-interconf-tem-agenda-divulgada-para-este-ano\/\",\"name\":\"Intercorte, Beef Week e Interconf t\u00eam agenda divulgada para este ano - Acrimat\",\"isPartOf\":{\"@id\":\"https:\/\/acrimat.org.br\/portal\/#website\"},\"primaryImageOfPage\":{\"@id\":\"https:\/\/acrimat.org.br\/portal\/intercorte-beef-week-e-interconf-tem-agenda-divulgada-para-este-ano\/#primaryimage\"},\"image\":{\"@id\":\"https:\/\/acrimat.org.br\/portal\/intercorte-beef-week-e-interconf-tem-agenda-divulgada-para-este-ano\/#primaryimage\"},\"thumbnailUrl\":\"https:\/\/acrimat.org.br\/portal\/wp-content\/uploads\/2018\/03\/elf2421-e1519929424313.jpg\",\"datePublished\":\"2018-03-05T18:46:06+00:00\",\"breadcrumb\":{\"@id\":\"https:\/\/acrimat.org.br\/portal\/intercorte-beef-week-e-interconf-tem-agenda-divulgada-para-este-ano\/#breadcrumb\"},\"inLanguage\":\"pt-BR\",\"potentialAction\":[{\"@type\":\"ReadAction\",\"target\":[\"https:\/\/acrimat.org.br\/portal\/intercorte-beef-week-e-interconf-tem-agenda-divulgada-para-este-ano\/\"]}]},{\"@type\":\"ImageObject\",\"inLanguage\":\"pt-BR\",\"@id\":\"https:\/\/acrimat.org.br\/portal\/intercorte-beef-week-e-interconf-tem-agenda-divulgada-para-este-ano\/#primaryimage\",\"url\":\"https:\/\/acrimat.org.br\/portal\/wp-content\/uploads\/2018\/03\/elf2421-e1519929424313.jpg\",\"contentUrl\":\"https:\/\/acrimat.org.br\/portal\/wp-content\/uploads\/2018\/03\/elf2421-e1519929424313.jpg\",\"width\":2016,\"height\":1346},{\"@type\":\"BreadcrumbList\",\"@id\":\"https:\/\/acrimat.org.br\/portal\/intercorte-beef-week-e-interconf-tem-agenda-divulgada-para-este-ano\/#breadcrumb\",\"itemListElement\":[{\"@type\":\"ListItem\",\"position\":1,\"name\":\"In\u00edcio\",\"item\":\"https:\/\/acrimat.org.br\/portal\/\"},{\"@type\":\"ListItem\",\"position\":2,\"name\":\"Intercorte, Beef Week e Interconf t\u00eam agenda divulgada para este ano\"}]},{\"@type\":\"WebSite\",\"@id\":\"https:\/\/acrimat.org.br\/portal\/#website\",\"url\":\"https:\/\/acrimat.org.br\/portal\/\",\"name\":\"Acrimat\",\"description\":\"Associa\u00e7\u00e3o dos Criadores de Mato Grosso\",\"publisher\":{\"@id\":\"https:\/\/acrimat.org.br\/portal\/#organization\"},\"potentialAction\":[{\"@type\":\"SearchAction\",\"target\":{\"@type\":\"EntryPoint\",\"urlTemplate\":\"https:\/\/acrimat.org.br\/portal\/?s={search_term_string}\"},\"query-input\":{\"@type\":\"PropertyValueSpecification\",\"valueRequired\":true,\"valueName\":\"search_term_string\"}}],\"inLanguage\":\"pt-BR\"},{\"@type\":\"Organization\",\"@id\":\"https:\/\/acrimat.org.br\/portal\/#organization\",\"name\":\"Associa\u00e7\u00e3o dos Criadores de Mato Grosso\",\"url\":\"https:\/\/acrimat.org.br\/portal\/\",\"logo\":{\"@type\":\"ImageObject\",\"inLanguage\":\"pt-BR\",\"@id\":\"https:\/\/acrimat.org.br\/portal\/#\/schema\/logo\/image\/\",\"url\":\"https:\/\/acrimat.org.br\/portal\/wp-content\/uploads\/2018\/03\/logo-peq-original.png\",\"contentUrl\":\"https:\/\/acrimat.org.br\/portal\/wp-content\/uploads\/2018\/03\/logo-peq-original.png\",\"width\":174,\"height\":171,\"caption\":\"Associa\u00e7\u00e3o dos Criadores de Mato Grosso\"},\"image\":{\"@id\":\"https:\/\/acrimat.org.br\/portal\/#\/schema\/logo\/image\/\"}},{\"@type\":\"Person\",\"@id\":\"https:\/\/acrimat.org.br\/portal\/#\/schema\/person\/a309b9496344ff991e8e1b1d751fdd7b\",\"name\":\"Assessoria de comunica\u00e7\u00e3o ACRIMAT\",\"image\":{\"@type\":\"ImageObject\",\"inLanguage\":\"pt-BR\",\"@id\":\"https:\/\/acrimat.org.br\/portal\/#\/schema\/person\/image\/\",\"url\":\"https:\/\/secure.gravatar.com\/avatar\/2f9c28e64c317bcd762b25cb1575f1b4?s=96&d=mm&r=g\",\"contentUrl\":\"https:\/\/secure.gravatar.com\/avatar\/2f9c28e64c317bcd762b25cb1575f1b4?s=96&d=mm&r=g\",\"caption\":\"Assessoria de comunica\u00e7\u00e3o ACRIMAT\"},\"sameAs\":[\"http:\/\/acrimat.org.br\/\"],\"url\":\"https:\/\/acrimat.org.br\/portal\/author\/ascom\/\"}]}<\/script>\n<!-- \/ Yoast SEO plugin. -->","yoast_head_json":{"title":"Intercorte, Beef Week e Interconf t\u00eam agenda divulgada para este ano - Acrimat","robots":{"index":"index","follow":"follow","max-snippet":"max-snippet:-1","max-image-preview":"max-image-preview:large","max-video-preview":"max-video-preview:-1"},"canonical":"https:\/\/acrimat.org.br\/portal\/intercorte-beef-week-e-interconf-tem-agenda-divulgada-para-este-ano\/","og_locale":"pt_BR","og_type":"article","og_title":"Intercorte, Beef Week e Interconf t\u00eam agenda divulgada para este ano - Acrimat","og_description":"Plataforma Integrar para Crescer fomenta uni\u00e3o e desenvolvimento do setor","og_url":"https:\/\/acrimat.org.br\/portal\/intercorte-beef-week-e-interconf-tem-agenda-divulgada-para-este-ano\/","og_site_name":"Acrimat","article_published_time":"2018-03-05T18:46:06+00:00","og_image":[{"width":2016,"height":1346,"url":"https:\/\/acrimat.org.br\/portal\/wp-content\/uploads\/2018\/03\/elf2421-e1519929424313.jpg","type":"image\/jpeg"}],"author":"Assessoria de comunica\u00e7\u00e3o ACRIMAT","twitter_card":"summary_large_image","twitter_misc":{"Escrito por":"Assessoria de comunica\u00e7\u00e3o ACRIMAT","Est. tempo de leitura":"3 minutos"},"schema":{"@context":"https:\/\/schema.org","@graph":[{"@type":"Article","@id":"https:\/\/acrimat.org.br\/portal\/intercorte-beef-week-e-interconf-tem-agenda-divulgada-para-este-ano\/#article","isPartOf":{"@id":"https:\/\/acrimat.org.br\/portal\/intercorte-beef-week-e-interconf-tem-agenda-divulgada-para-este-ano\/"},"author":{"name":"Assessoria de comunica\u00e7\u00e3o ACRIMAT","@id":"https:\/\/acrimat.org.br\/portal\/#\/schema\/person\/a309b9496344ff991e8e1b1d751fdd7b"},"headline":"Intercorte, Beef Week e Interconf t\u00eam agenda divulgada para este ano","datePublished":"2018-03-05T18:46:06+00:00","mainEntityOfPage":{"@id":"https:\/\/acrimat.org.br\/portal\/intercorte-beef-week-e-interconf-tem-agenda-divulgada-para-este-ano\/"},"wordCount":634,"publisher":{"@id":"https:\/\/acrimat.org.br\/portal\/#organization"},"image":{"@id":"https:\/\/acrimat.org.br\/portal\/intercorte-beef-week-e-interconf-tem-agenda-divulgada-para-este-ano\/#primaryimage"},"thumbnailUrl":"https:\/\/acrimat.org.br\/portal\/wp-content\/uploads\/2018\/03\/elf2421-e1519929424313.jpg","articleSection":["Destaques","Not\u00edcias"],"inLanguage":"pt-BR"},{"@type":"WebPage","@id":"https:\/\/acrimat.org.br\/portal\/intercorte-beef-week-e-interconf-tem-agenda-divulgada-para-este-ano\/","url":"https:\/\/acrimat.org.br\/portal\/intercorte-beef-week-e-interconf-tem-agenda-divulgada-para-este-ano\/","name":"Intercorte, Beef Week e Interconf t\u00eam agenda divulgada para este ano - Acrimat","isPartOf":{"@id":"https:\/\/acrimat.org.br\/portal\/#website"},"primaryImageOfPage":{"@id":"https:\/\/acrimat.org.br\/portal\/intercorte-beef-week-e-interconf-tem-agenda-divulgada-para-este-ano\/#primaryimage"},"image":{"@id":"https:\/\/acrimat.org.br\/portal\/intercorte-beef-week-e-interconf-tem-agenda-divulgada-para-este-ano\/#primaryimage"},"thumbnailUrl":"https:\/\/acrimat.org.br\/portal\/wp-content\/uploads\/2018\/03\/elf2421-e1519929424313.jpg","datePublished":"2018-03-05T18:46:06+00:00","breadcrumb":{"@id":"https:\/\/acrimat.org.br\/portal\/intercorte-beef-week-e-interconf-tem-agenda-divulgada-para-este-ano\/#breadcrumb"},"inLanguage":"pt-BR","potentialAction":[{"@type":"ReadAction","target":["https:\/\/acrimat.org.br\/portal\/intercorte-beef-week-e-interconf-tem-agenda-divulgada-para-este-ano\/"]}]},{"@type":"ImageObject","inLanguage":"pt-BR","@id":"https:\/\/acrimat.org.br\/portal\/intercorte-beef-week-e-interconf-tem-agenda-divulgada-para-este-ano\/#primaryimage","url":"https:\/\/acrimat.org.br\/portal\/wp-content\/uploads\/2018\/03\/elf2421-e1519929424313.jpg","contentUrl":"https:\/\/acrimat.org.br\/portal\/wp-content\/uploads\/2018\/03\/elf2421-e1519929424313.jpg","width":2016,"height":1346},{"@type":"BreadcrumbList","@id":"https:\/\/acrimat.org.br\/portal\/intercorte-beef-week-e-interconf-tem-agenda-divulgada-para-este-ano\/#breadcrumb","itemListElement":[{"@type":"ListItem","position":1,"name":"In\u00edcio","item":"https:\/\/acrimat.org.br\/portal\/"},{"@type":"ListItem","position":2,"name":"Intercorte, Beef Week e Interconf t\u00eam agenda divulgada para este ano"}]},{"@type":"WebSite","@id":"https:\/\/acrimat.org.br\/portal\/#website","url":"https:\/\/acrimat.org.br\/portal\/","name":"Acrimat","description":"Associa\u00e7\u00e3o dos Criadores de Mato Grosso","publisher":{"@id":"https:\/\/acrimat.org.br\/portal\/#organization"},"potentialAction":[{"@type":"SearchAction","target":{"@type":"EntryPoint","urlTemplate":"https:\/\/acrimat.org.br\/portal\/?s={search_term_string}"},"query-input":{"@type":"PropertyValueSpecification","valueRequired":true,"valueName":"search_term_string"}}],"inLanguage":"pt-BR"},{"@type":"Organization","@id":"https:\/\/acrimat.org.br\/portal\/#organization","name":"Associa\u00e7\u00e3o dos Criadores de Mato Grosso","url":"https:\/\/acrimat.org.br\/portal\/","logo":{"@type":"ImageObject","inLanguage":"pt-BR","@id":"https:\/\/acrimat.org.br\/portal\/#\/schema\/logo\/image\/","url":"https:\/\/acrimat.org.br\/portal\/wp-content\/uploads\/2018\/03\/logo-peq-original.png","contentUrl":"https:\/\/acrimat.org.br\/portal\/wp-content\/uploads\/2018\/03\/logo-peq-original.png","width":174,"height":171,"caption":"Associa\u00e7\u00e3o dos Criadores de Mato Grosso"},"image":{"@id":"https:\/\/acrimat.org.br\/portal\/#\/schema\/logo\/image\/"}},{"@type":"Person","@id":"https:\/\/acrimat.org.br\/portal\/#\/schema\/person\/a309b9496344ff991e8e1b1d751fdd7b","name":"Assessoria de comunica\u00e7\u00e3o ACRIMAT","image":{"@type":"ImageObject","inLanguage":"pt-BR","@id":"https:\/\/acrimat.org.br\/portal\/#\/schema\/person\/image\/","url":"https:\/\/secure.gravatar.com\/avatar\/2f9c28e64c317bcd762b25cb1575f1b4?s=96&d=mm&r=g","contentUrl":"https:\/\/secure.gravatar.com\/avatar\/2f9c28e64c317bcd762b25cb1575f1b4?s=96&d=mm&r=g","caption":"Assessoria de comunica\u00e7\u00e3o ACRIMAT"},"sameAs":["http:\/\/acrimat.org.br\/"],"url":"https:\/\/acrimat.org.br\/portal\/author\/ascom\/"}]}},"_links":{"self":[{"href":"https:\/\/acrimat.org.br\/portal\/wp-json\/wp\/v2\/posts\/97986250","targetHints":{"allow":["GET"]}}],"collection":[{"href":"https:\/\/acrimat.org.br\/portal\/wp-json\/wp\/v2\/posts"}],"about":[{"href":"https:\/\/acrimat.org.br\/portal\/wp-json\/wp\/v2\/types\/post"}],"author":[{"embeddable":true,"href":"https:\/\/acrimat.org.br\/portal\/wp-json\/wp\/v2\/users\/7"}],"replies":[{"embeddable":true,"href":"https:\/\/acrimat.org.br\/portal\/wp-json\/wp\/v2\/comments?post=97986250"}],"version-history":[{"count":1,"href":"https:\/\/acrimat.org.br\/portal\/wp-json\/wp\/v2\/posts\/97986250\/revisions"}],"predecessor-version":[{"id":97986252,"href":"https:\/\/acrimat.org.br\/portal\/wp-json\/wp\/v2\/posts\/97986250\/revisions\/97986252"}],"wp:featuredmedia":[{"embeddable":true,"href":"https:\/\/acrimat.org.br\/portal\/wp-json\/wp\/v2\/media\/97986201"}],"wp:attachment":[{"href":"https:\/\/acrimat.org.br\/portal\/wp-json\/wp\/v2\/media?parent=97986250"}],"wp:term":[{"taxonomy":"category","embeddable":true,"href":"https:\/\/acrimat.org.br\/portal\/wp-json\/wp\/v2\/categories?post=97986250"},{"taxonomy":"post_tag","embeddable":true,"href":"https:\/\/acrimat.org.br\/portal\/wp-json\/wp\/v2\/tags?post=97986250"}],"curies":[{"name":"wp","href":"https:\/\/api.w.org\/{rel}","templated":true}]}}