{"id":97986265,"date":"2018-03-06T15:11:15","date_gmt":"2018-03-06T18:11:15","guid":{"rendered":"http:\/\/acrimat.org.br\/portal\/?p=97986265"},"modified":"2018-03-06T15:22:44","modified_gmt":"2018-03-06T18:22:44","slug":"acrimat-em-acao-chega-ao-medio-norte-e-regiao-do-arinos","status":"publish","type":"post","link":"https:\/\/acrimat.org.br\/portal\/acrimat-em-acao-chega-ao-medio-norte-e-regiao-do-arinos\/","title":{"rendered":"Acrimat em A\u00e7\u00e3o chega ao M\u00e9dio-Norte e regi\u00e3o do Arinos"},"content":{"rendered":"<p>Mais sete munic\u00edpios das regi\u00f5es do M\u00e9dio-Norte e do Arinos ser\u00e3o percorridos nesta semana pelo &#8220;Acrimat em A\u00e7\u00e3o 2018&#8221;. Idealizada pela Associa\u00e7\u00e3o dos Criadores de Mato Grosso (Acrimat), a a\u00e7\u00e3o visa debater com pecuaristas e especialistas as ferramentas dispon\u00edveis para melhorar a qualidade da produ\u00e7\u00e3o e ampliar a renda dos produtores.<\/p>\n<p>Na edi\u00e7\u00e3o de 2018 a Acrimat tem levado aos munic\u00edpios a palestra &#8220;Do pasto ao prato: agrega\u00e7\u00e3o de valor \u00e0 pecu\u00e1ria de corte&#8221;. O tema traz para o campo discuss\u00f5es, como o planejamento e o investimento em tecnologia, que possam melhorar a qualidade do produto e ampliar as vendas, tanto em valores quanto em quantidade.<\/p>\n<div id=\"text-content\" class=\"text-content\">\n<p>Entre os dias 06 e 13 de mar\u00e7o ser\u00e3o percorridos os munic\u00edpios de S\u00e3o Jos\u00e9 do Rio Claro (06.03) e passa por Sinop (07.03), Marcel\u00e2ndia (08.03), Tabapor\u00e3 (09.03), Juara (10.03), Brasnorte (12.03) e Barra do Bugres (13.03).<\/p>\n<p>Juntos, os munic\u00edpios que compreendem a Rota 2 do Acrimat em A\u00e7\u00e3o somam um rebanho bovino de 2,181 milh\u00f5es de cabe\u00e7as e possuem aptid\u00e3o para integra\u00e7\u00e3o visto \u00e0 proximidade com lavouras.<\/p>\n<p>&#8220;O sucesso do neg\u00f3cio depende tanto da gest\u00e3o da propriedade, se ela \u00e9 ou n\u00e3o \u00e9 rent\u00e1vel, quanto da aceita\u00e7\u00e3o do produto, ou seja, se ele tem qualidade. Por isso buscamos um tema que tratasse do melhoramento em todas as etapas da pecu\u00e1ria de corte e em todos os sistemas&#8221;, pontua o presidente da Acrimat, Marco Tulio Duarte Soares.<\/p>\n<p>Desde 2010, o projeto j\u00e1 reuniu cerca de 30 mil produtores, percorreu 100 mil quil\u00f4metros e foi instrumento para consolida\u00e7\u00e3o de conquistas que envolvem \u00e1reas como log\u00edstica, sanidade animal, seguran\u00e7a jur\u00eddica, renda e pol\u00edtica tribut\u00e1ria.<\/p>\n<\/div>\n","protected":false},"excerpt":{"rendered":"<p>Mais sete munic\u00edpios das regi\u00f5es do M\u00e9dio-Norte e do Arinos ser\u00e3o percorridos nesta semana pelo &#8220;Acrimat em A\u00e7\u00e3o 2018&#8221;<\/p>\n","protected":false},"author":7,"featured_media":97985923,"comment_status":"closed","ping_status":"closed","sticky":false,"template":"","format":"standard","meta":{"footnotes":""},"categories":[6,1],"tags":[],"class_list":["post-97986265","post","type-post","status-publish","format-standard","has-post-thumbnail","hentry","category-destaque","category-noticia"],"yoast_head":"<!-- This site is optimized with the Yoast SEO plugin v24.8.1 - https:\/\/yoast.com\/wordpress\/plugins\/seo\/ -->\n<title>Acrimat em A\u00e7\u00e3o chega ao M\u00e9dio-Norte e regi\u00e3o do Arinos - Acrimat<\/title>\n<meta name=\"robots\" content=\"index, follow, max-snippet:-1, max-image-preview:large, max-video-preview:-1\" \/>\n<link rel=\"canonical\" href=\"https:\/\/acrimat.org.br\/portal\/acrimat-em-acao-chega-ao-medio-norte-e-regiao-do-arinos\/\" \/>\n<meta property=\"og:locale\" content=\"pt_BR\" \/>\n<meta property=\"og:type\" content=\"article\" \/>\n<meta property=\"og:title\" content=\"Acrimat em A\u00e7\u00e3o chega ao M\u00e9dio-Norte e regi\u00e3o do Arinos - Acrimat\" \/>\n<meta property=\"og:description\" content=\"Mais sete munic\u00edpios das regi\u00f5es do M\u00e9dio-Norte e do Arinos ser\u00e3o percorridos nesta semana pelo &quot;Acrimat em A\u00e7\u00e3o 2018&quot;\" \/>\n<meta property=\"og:url\" content=\"https:\/\/acrimat.org.br\/portal\/acrimat-em-acao-chega-ao-medio-norte-e-regiao-do-arinos\/\" \/>\n<meta property=\"og:site_name\" content=\"Acrimat\" \/>\n<meta property=\"article:published_time\" content=\"2018-03-06T18:11:15+00:00\" \/>\n<meta property=\"article:modified_time\" content=\"2018-03-06T18:22:44+00:00\" \/>\n<meta property=\"og:image\" content=\"https:\/\/acrimat.org.br\/portal\/wp-content\/uploads\/2018\/02\/acrimatacao2018-1.png\" \/>\n\t<meta property=\"og:image:width\" content=\"460\" \/>\n\t<meta property=\"og:image:height\" content=\"300\" \/>\n\t<meta property=\"og:image:type\" content=\"image\/png\" \/>\n<meta name=\"author\" content=\"Assessoria de comunica\u00e7\u00e3o ACRIMAT\" \/>\n<meta name=\"twitter:card\" content=\"summary_large_image\" \/>\n<meta name=\"twitter:label1\" content=\"Escrito por\" \/>\n\t<meta name=\"twitter:data1\" content=\"Assessoria de comunica\u00e7\u00e3o ACRIMAT\" \/>\n\t<meta name=\"twitter:label2\" content=\"Est. tempo de leitura\" \/>\n\t<meta name=\"twitter:data2\" content=\"1 minuto\" \/>\n<script type=\"application\/ld+json\" class=\"yoast-schema-graph\">{\"@context\":\"https:\/\/schema.org\",\"@graph\":[{\"@type\":\"Article\",\"@id\":\"https:\/\/acrimat.org.br\/portal\/acrimat-em-acao-chega-ao-medio-norte-e-regiao-do-arinos\/#article\",\"isPartOf\":{\"@id\":\"https:\/\/acrimat.org.br\/portal\/acrimat-em-acao-chega-ao-medio-norte-e-regiao-do-arinos\/\"},\"author\":{\"name\":\"Assessoria de comunica\u00e7\u00e3o ACRIMAT\",\"@id\":\"https:\/\/acrimat.org.br\/portal\/#\/schema\/person\/a309b9496344ff991e8e1b1d751fdd7b\"},\"headline\":\"Acrimat em A\u00e7\u00e3o chega ao M\u00e9dio-Norte e regi\u00e3o do Arinos\",\"datePublished\":\"2018-03-06T18:11:15+00:00\",\"dateModified\":\"2018-03-06T18:22:44+00:00\",\"mainEntityOfPage\":{\"@id\":\"https:\/\/acrimat.org.br\/portal\/acrimat-em-acao-chega-ao-medio-norte-e-regiao-do-arinos\/\"},\"wordCount\":299,\"publisher\":{\"@id\":\"https:\/\/acrimat.org.br\/portal\/#organization\"},\"image\":{\"@id\":\"https:\/\/acrimat.org.br\/portal\/acrimat-em-acao-chega-ao-medio-norte-e-regiao-do-arinos\/#primaryimage\"},\"thumbnailUrl\":\"https:\/\/acrimat.org.br\/portal\/wp-content\/uploads\/2018\/02\/acrimatacao2018-1.png\",\"articleSection\":[\"Destaques\",\"Not\u00edcias\"],\"inLanguage\":\"pt-BR\"},{\"@type\":\"WebPage\",\"@id\":\"https:\/\/acrimat.org.br\/portal\/acrimat-em-acao-chega-ao-medio-norte-e-regiao-do-arinos\/\",\"url\":\"https:\/\/acrimat.org.br\/portal\/acrimat-em-acao-chega-ao-medio-norte-e-regiao-do-arinos\/\",\"name\":\"Acrimat em A\u00e7\u00e3o chega ao M\u00e9dio-Norte e regi\u00e3o do Arinos - Acrimat\",\"isPartOf\":{\"@id\":\"https:\/\/acrimat.org.br\/portal\/#website\"},\"primaryImageOfPage\":{\"@id\":\"https:\/\/acrimat.org.br\/portal\/acrimat-em-acao-chega-ao-medio-norte-e-regiao-do-arinos\/#primaryimage\"},\"image\":{\"@id\":\"https:\/\/acrimat.org.br\/portal\/acrimat-em-acao-chega-ao-medio-norte-e-regiao-do-arinos\/#primaryimage\"},\"thumbnailUrl\":\"https:\/\/acrimat.org.br\/portal\/wp-content\/uploads\/2018\/02\/acrimatacao2018-1.png\",\"datePublished\":\"2018-03-06T18:11:15+00:00\",\"dateModified\":\"2018-03-06T18:22:44+00:00\",\"breadcrumb\":{\"@id\":\"https:\/\/acrimat.org.br\/portal\/acrimat-em-acao-chega-ao-medio-norte-e-regiao-do-arinos\/#breadcrumb\"},\"inLanguage\":\"pt-BR\",\"potentialAction\":[{\"@type\":\"ReadAction\",\"target\":[\"https:\/\/acrimat.org.br\/portal\/acrimat-em-acao-chega-ao-medio-norte-e-regiao-do-arinos\/\"]}]},{\"@type\":\"ImageObject\",\"inLanguage\":\"pt-BR\",\"@id\":\"https:\/\/acrimat.org.br\/portal\/acrimat-em-acao-chega-ao-medio-norte-e-regiao-do-arinos\/#primaryimage\",\"url\":\"https:\/\/acrimat.org.br\/portal\/wp-content\/uploads\/2018\/02\/acrimatacao2018-1.png\",\"contentUrl\":\"https:\/\/acrimat.org.br\/portal\/wp-content\/uploads\/2018\/02\/acrimatacao2018-1.png\",\"width\":460,\"height\":300},{\"@type\":\"BreadcrumbList\",\"@id\":\"https:\/\/acrimat.org.br\/portal\/acrimat-em-acao-chega-ao-medio-norte-e-regiao-do-arinos\/#breadcrumb\",\"itemListElement\":[{\"@type\":\"ListItem\",\"position\":1,\"name\":\"In\u00edcio\",\"item\":\"https:\/\/acrimat.org.br\/portal\/\"},{\"@type\":\"ListItem\",\"position\":2,\"name\":\"Acrimat em A\u00e7\u00e3o chega ao M\u00e9dio-Norte e regi\u00e3o do Arinos\"}]},{\"@type\":\"WebSite\",\"@id\":\"https:\/\/acrimat.org.br\/portal\/#website\",\"url\":\"https:\/\/acrimat.org.br\/portal\/\",\"name\":\"Acrimat\",\"description\":\"Associa\u00e7\u00e3o dos Criadores de Mato Grosso\",\"publisher\":{\"@id\":\"https:\/\/acrimat.org.br\/portal\/#organization\"},\"potentialAction\":[{\"@type\":\"SearchAction\",\"target\":{\"@type\":\"EntryPoint\",\"urlTemplate\":\"https:\/\/acrimat.org.br\/portal\/?s={search_term_string}\"},\"query-input\":{\"@type\":\"PropertyValueSpecification\",\"valueRequired\":true,\"valueName\":\"search_term_string\"}}],\"inLanguage\":\"pt-BR\"},{\"@type\":\"Organization\",\"@id\":\"https:\/\/acrimat.org.br\/portal\/#organization\",\"name\":\"Associa\u00e7\u00e3o dos Criadores de Mato Grosso\",\"url\":\"https:\/\/acrimat.org.br\/portal\/\",\"logo\":{\"@type\":\"ImageObject\",\"inLanguage\":\"pt-BR\",\"@id\":\"https:\/\/acrimat.org.br\/portal\/#\/schema\/logo\/image\/\",\"url\":\"https:\/\/acrimat.org.br\/portal\/wp-content\/uploads\/2018\/03\/logo-peq-original.png\",\"contentUrl\":\"https:\/\/acrimat.org.br\/portal\/wp-content\/uploads\/2018\/03\/logo-peq-original.png\",\"width\":174,\"height\":171,\"caption\":\"Associa\u00e7\u00e3o dos Criadores de Mato Grosso\"},\"image\":{\"@id\":\"https:\/\/acrimat.org.br\/portal\/#\/schema\/logo\/image\/\"}},{\"@type\":\"Person\",\"@id\":\"https:\/\/acrimat.org.br\/portal\/#\/schema\/person\/a309b9496344ff991e8e1b1d751fdd7b\",\"name\":\"Assessoria de comunica\u00e7\u00e3o ACRIMAT\",\"image\":{\"@type\":\"ImageObject\",\"inLanguage\":\"pt-BR\",\"@id\":\"https:\/\/acrimat.org.br\/portal\/#\/schema\/person\/image\/\",\"url\":\"https:\/\/secure.gravatar.com\/avatar\/2f9c28e64c317bcd762b25cb1575f1b4?s=96&d=mm&r=g\",\"contentUrl\":\"https:\/\/secure.gravatar.com\/avatar\/2f9c28e64c317bcd762b25cb1575f1b4?s=96&d=mm&r=g\",\"caption\":\"Assessoria de comunica\u00e7\u00e3o ACRIMAT\"},\"sameAs\":[\"http:\/\/acrimat.org.br\/\"],\"url\":\"https:\/\/acrimat.org.br\/portal\/author\/ascom\/\"}]}<\/script>\n<!-- \/ Yoast SEO plugin. -->","yoast_head_json":{"title":"Acrimat em A\u00e7\u00e3o chega ao M\u00e9dio-Norte e regi\u00e3o do Arinos - Acrimat","robots":{"index":"index","follow":"follow","max-snippet":"max-snippet:-1","max-image-preview":"max-image-preview:large","max-video-preview":"max-video-preview:-1"},"canonical":"https:\/\/acrimat.org.br\/portal\/acrimat-em-acao-chega-ao-medio-norte-e-regiao-do-arinos\/","og_locale":"pt_BR","og_type":"article","og_title":"Acrimat em A\u00e7\u00e3o chega ao M\u00e9dio-Norte e regi\u00e3o do Arinos - Acrimat","og_description":"Mais sete munic\u00edpios das regi\u00f5es do M\u00e9dio-Norte e do Arinos ser\u00e3o percorridos nesta semana pelo \"Acrimat em A\u00e7\u00e3o 2018\"","og_url":"https:\/\/acrimat.org.br\/portal\/acrimat-em-acao-chega-ao-medio-norte-e-regiao-do-arinos\/","og_site_name":"Acrimat","article_published_time":"2018-03-06T18:11:15+00:00","article_modified_time":"2018-03-06T18:22:44+00:00","og_image":[{"width":460,"height":300,"url":"https:\/\/acrimat.org.br\/portal\/wp-content\/uploads\/2018\/02\/acrimatacao2018-1.png","type":"image\/png"}],"author":"Assessoria de comunica\u00e7\u00e3o ACRIMAT","twitter_card":"summary_large_image","twitter_misc":{"Escrito por":"Assessoria de comunica\u00e7\u00e3o ACRIMAT","Est. tempo de leitura":"1 minuto"},"schema":{"@context":"https:\/\/schema.org","@graph":[{"@type":"Article","@id":"https:\/\/acrimat.org.br\/portal\/acrimat-em-acao-chega-ao-medio-norte-e-regiao-do-arinos\/#article","isPartOf":{"@id":"https:\/\/acrimat.org.br\/portal\/acrimat-em-acao-chega-ao-medio-norte-e-regiao-do-arinos\/"},"author":{"name":"Assessoria de comunica\u00e7\u00e3o ACRIMAT","@id":"https:\/\/acrimat.org.br\/portal\/#\/schema\/person\/a309b9496344ff991e8e1b1d751fdd7b"},"headline":"Acrimat em A\u00e7\u00e3o chega ao M\u00e9dio-Norte e regi\u00e3o do Arinos","datePublished":"2018-03-06T18:11:15+00:00","dateModified":"2018-03-06T18:22:44+00:00","mainEntityOfPage":{"@id":"https:\/\/acrimat.org.br\/portal\/acrimat-em-acao-chega-ao-medio-norte-e-regiao-do-arinos\/"},"wordCount":299,"publisher":{"@id":"https:\/\/acrimat.org.br\/portal\/#organization"},"image":{"@id":"https:\/\/acrimat.org.br\/portal\/acrimat-em-acao-chega-ao-medio-norte-e-regiao-do-arinos\/#primaryimage"},"thumbnailUrl":"https:\/\/acrimat.org.br\/portal\/wp-content\/uploads\/2018\/02\/acrimatacao2018-1.png","articleSection":["Destaques","Not\u00edcias"],"inLanguage":"pt-BR"},{"@type":"WebPage","@id":"https:\/\/acrimat.org.br\/portal\/acrimat-em-acao-chega-ao-medio-norte-e-regiao-do-arinos\/","url":"https:\/\/acrimat.org.br\/portal\/acrimat-em-acao-chega-ao-medio-norte-e-regiao-do-arinos\/","name":"Acrimat em A\u00e7\u00e3o chega ao M\u00e9dio-Norte e regi\u00e3o do Arinos - Acrimat","isPartOf":{"@id":"https:\/\/acrimat.org.br\/portal\/#website"},"primaryImageOfPage":{"@id":"https:\/\/acrimat.org.br\/portal\/acrimat-em-acao-chega-ao-medio-norte-e-regiao-do-arinos\/#primaryimage"},"image":{"@id":"https:\/\/acrimat.org.br\/portal\/acrimat-em-acao-chega-ao-medio-norte-e-regiao-do-arinos\/#primaryimage"},"thumbnailUrl":"https:\/\/acrimat.org.br\/portal\/wp-content\/uploads\/2018\/02\/acrimatacao2018-1.png","datePublished":"2018-03-06T18:11:15+00:00","dateModified":"2018-03-06T18:22:44+00:00","breadcrumb":{"@id":"https:\/\/acrimat.org.br\/portal\/acrimat-em-acao-chega-ao-medio-norte-e-regiao-do-arinos\/#breadcrumb"},"inLanguage":"pt-BR","potentialAction":[{"@type":"ReadAction","target":["https:\/\/acrimat.org.br\/portal\/acrimat-em-acao-chega-ao-medio-norte-e-regiao-do-arinos\/"]}]},{"@type":"ImageObject","inLanguage":"pt-BR","@id":"https:\/\/acrimat.org.br\/portal\/acrimat-em-acao-chega-ao-medio-norte-e-regiao-do-arinos\/#primaryimage","url":"https:\/\/acrimat.org.br\/portal\/wp-content\/uploads\/2018\/02\/acrimatacao2018-1.png","contentUrl":"https:\/\/acrimat.org.br\/portal\/wp-content\/uploads\/2018\/02\/acrimatacao2018-1.png","width":460,"height":300},{"@type":"BreadcrumbList","@id":"https:\/\/acrimat.org.br\/portal\/acrimat-em-acao-chega-ao-medio-norte-e-regiao-do-arinos\/#breadcrumb","itemListElement":[{"@type":"ListItem","position":1,"name":"In\u00edcio","item":"https:\/\/acrimat.org.br\/portal\/"},{"@type":"ListItem","position":2,"name":"Acrimat em A\u00e7\u00e3o chega ao M\u00e9dio-Norte e regi\u00e3o do Arinos"}]},{"@type":"WebSite","@id":"https:\/\/acrimat.org.br\/portal\/#website","url":"https:\/\/acrimat.org.br\/portal\/","name":"Acrimat","description":"Associa\u00e7\u00e3o dos Criadores de Mato Grosso","publisher":{"@id":"https:\/\/acrimat.org.br\/portal\/#organization"},"potentialAction":[{"@type":"SearchAction","target":{"@type":"EntryPoint","urlTemplate":"https:\/\/acrimat.org.br\/portal\/?s={search_term_string}"},"query-input":{"@type":"PropertyValueSpecification","valueRequired":true,"valueName":"search_term_string"}}],"inLanguage":"pt-BR"},{"@type":"Organization","@id":"https:\/\/acrimat.org.br\/portal\/#organization","name":"Associa\u00e7\u00e3o dos Criadores de Mato Grosso","url":"https:\/\/acrimat.org.br\/portal\/","logo":{"@type":"ImageObject","inLanguage":"pt-BR","@id":"https:\/\/acrimat.org.br\/portal\/#\/schema\/logo\/image\/","url":"https:\/\/acrimat.org.br\/portal\/wp-content\/uploads\/2018\/03\/logo-peq-original.png","contentUrl":"https:\/\/acrimat.org.br\/portal\/wp-content\/uploads\/2018\/03\/logo-peq-original.png","width":174,"height":171,"caption":"Associa\u00e7\u00e3o dos Criadores de Mato Grosso"},"image":{"@id":"https:\/\/acrimat.org.br\/portal\/#\/schema\/logo\/image\/"}},{"@type":"Person","@id":"https:\/\/acrimat.org.br\/portal\/#\/schema\/person\/a309b9496344ff991e8e1b1d751fdd7b","name":"Assessoria de comunica\u00e7\u00e3o ACRIMAT","image":{"@type":"ImageObject","inLanguage":"pt-BR","@id":"https:\/\/acrimat.org.br\/portal\/#\/schema\/person\/image\/","url":"https:\/\/secure.gravatar.com\/avatar\/2f9c28e64c317bcd762b25cb1575f1b4?s=96&d=mm&r=g","contentUrl":"https:\/\/secure.gravatar.com\/avatar\/2f9c28e64c317bcd762b25cb1575f1b4?s=96&d=mm&r=g","caption":"Assessoria de comunica\u00e7\u00e3o ACRIMAT"},"sameAs":["http:\/\/acrimat.org.br\/"],"url":"https:\/\/acrimat.org.br\/portal\/author\/ascom\/"}]}},"_links":{"self":[{"href":"https:\/\/acrimat.org.br\/portal\/wp-json\/wp\/v2\/posts\/97986265","targetHints":{"allow":["GET"]}}],"collection":[{"href":"https:\/\/acrimat.org.br\/portal\/wp-json\/wp\/v2\/posts"}],"about":[{"href":"https:\/\/acrimat.org.br\/portal\/wp-json\/wp\/v2\/types\/post"}],"author":[{"embeddable":true,"href":"https:\/\/acrimat.org.br\/portal\/wp-json\/wp\/v2\/users\/7"}],"replies":[{"embeddable":true,"href":"https:\/\/acrimat.org.br\/portal\/wp-json\/wp\/v2\/comments?post=97986265"}],"version-history":[{"count":1,"href":"https:\/\/acrimat.org.br\/portal\/wp-json\/wp\/v2\/posts\/97986265\/revisions"}],"predecessor-version":[{"id":97986266,"href":"https:\/\/acrimat.org.br\/portal\/wp-json\/wp\/v2\/posts\/97986265\/revisions\/97986266"}],"wp:featuredmedia":[{"embeddable":true,"href":"https:\/\/acrimat.org.br\/portal\/wp-json\/wp\/v2\/media\/97985923"}],"wp:attachment":[{"href":"https:\/\/acrimat.org.br\/portal\/wp-json\/wp\/v2\/media?parent=97986265"}],"wp:term":[{"taxonomy":"category","embeddable":true,"href":"https:\/\/acrimat.org.br\/portal\/wp-json\/wp\/v2\/categories?post=97986265"},{"taxonomy":"post_tag","embeddable":true,"href":"https:\/\/acrimat.org.br\/portal\/wp-json\/wp\/v2\/tags?post=97986265"}],"curies":[{"name":"wp","href":"https:\/\/api.w.org\/{rel}","templated":true}]}}