{"id":97986267,"date":"2018-03-06T15:24:19","date_gmt":"2018-03-06T18:24:19","guid":{"rendered":"http:\/\/acrimat.org.br\/portal\/?p=97986267"},"modified":"2018-03-06T15:24:19","modified_gmt":"2018-03-06T18:24:19","slug":"compra-no-exterior-tem-queda-de-32","status":"publish","type":"post","link":"https:\/\/acrimat.org.br\/portal\/compra-no-exterior-tem-queda-de-32\/","title":{"rendered":"Compra no exterior tem queda de 32%"},"content":{"rendered":"<p>Ao contr\u00e1rio das exporta\u00e7\u00f5es, a aquisi\u00e7\u00e3o de produtos do mercado internacional pelo Estado recuou em 32,39% neste in\u00edcio de 2018. Enquanto no 1o bimestre de 2017 foram investidos US$ 224,116 milh\u00f5es na compra de produtos importa- dos, este ano o investimento n\u00e3o ultrapassou US$ 151,522 milh\u00f5es.<\/p>\n<p>Por meio do Porto Seco de Cuiab\u00e1 foram \u201cdesembara\u00e7adas\u201d a entrada de produtos que resultaram na movimenta\u00e7\u00e3o de US$ 4,694 milh\u00f5es, informa o diretor da esta\u00e7\u00e3o aduaneira, Francisco Almeida. Segundo ele, desde 2014 as importa\u00e7\u00f5es em Mato Grosso t\u00eam diminu\u00eddo gradativamente. De l\u00e1 para c\u00e1, o Porto Seco registra queda de 88,63% nos valores transacionados. Antes do in\u00edcio da crise econ\u00f4mica brasileira, a esta\u00e7\u00e3o aduaneira chegou a movimentar US$ 440 milh\u00f5es e ano passado caiu para US$ 50 milh\u00f5es. Para Almeida, a reformula\u00e7\u00e3o na pol\u00edtica de incentivos fiscais pelo governo afetou os investimentos, especialmente a aquisi\u00e7\u00e3o de maquin\u00e1rios e equipamentos pelas ind\u00fastrias e pelo com\u00e9rcio.<\/p>\n<p>Para o economista Vitor Galesso, a paralisa\u00e7\u00e3o dos auditores fiscais, iniciada em novembro de 2017, prejudica a importa\u00e7\u00e3o e exporta\u00e7\u00e3o de produtos. Para evitar um impacto maior, ele avalia que o governo federal e estadual precisa intervir. Entre os produtos que se sobressaem na pauta de importa\u00e7\u00f5es de Mato Grosso est\u00e3o os componentes para uso agropecu\u00e1rio, como pot\u00e1ssio e ureia e fertilizantes. Em Cuiab\u00e1, o Porto Seco recebe principalmente pneus e equipamentos para atender a demanda do agroneg\u00f3cio, especialmente silos-bolsa, explica Almeida.<\/p>\n","protected":false},"excerpt":{"rendered":"<p>Ao contr\u00e1rio das exporta\u00e7\u00f5es, a aquisi\u00e7\u00e3o de produtos do mercado internacional pelo Estado recuou em 32,39% neste in\u00edcio de 2018<\/p>\n","protected":false},"author":7,"featured_media":97985526,"comment_status":"closed","ping_status":"closed","sticky":false,"template":"","format":"standard","meta":{"footnotes":""},"categories":[6,1],"tags":[],"class_list":["post-97986267","post","type-post","status-publish","format-standard","has-post-thumbnail","hentry","category-destaque","category-noticia"],"yoast_head":"<!-- This site is optimized with the Yoast SEO plugin v24.8.1 - https:\/\/yoast.com\/wordpress\/plugins\/seo\/ -->\n<title>Compra no exterior tem queda de 32% - Acrimat<\/title>\n<meta name=\"robots\" content=\"index, follow, max-snippet:-1, max-image-preview:large, max-video-preview:-1\" \/>\n<link rel=\"canonical\" href=\"https:\/\/acrimat.org.br\/portal\/compra-no-exterior-tem-queda-de-32\/\" \/>\n<meta property=\"og:locale\" content=\"pt_BR\" \/>\n<meta property=\"og:type\" content=\"article\" \/>\n<meta property=\"og:title\" content=\"Compra no exterior tem queda de 32% - Acrimat\" \/>\n<meta property=\"og:description\" content=\"Ao contr\u00e1rio das exporta\u00e7\u00f5es, a aquisi\u00e7\u00e3o de produtos do mercado internacional pelo Estado recuou em 32,39% neste in\u00edcio de 2018\" \/>\n<meta property=\"og:url\" content=\"https:\/\/acrimat.org.br\/portal\/compra-no-exterior-tem-queda-de-32\/\" \/>\n<meta property=\"og:site_name\" content=\"Acrimat\" \/>\n<meta property=\"article:published_time\" content=\"2018-03-06T18:24:19+00:00\" \/>\n<meta property=\"og:image\" content=\"https:\/\/acrimat.org.br\/portal\/wp-content\/uploads\/2018\/01\/navio.jpg\" \/>\n\t<meta property=\"og:image:width\" content=\"1920\" \/>\n\t<meta property=\"og:image:height\" content=\"1281\" \/>\n\t<meta property=\"og:image:type\" content=\"image\/jpeg\" \/>\n<meta name=\"author\" content=\"Assessoria de comunica\u00e7\u00e3o ACRIMAT\" \/>\n<meta name=\"twitter:card\" content=\"summary_large_image\" \/>\n<meta name=\"twitter:label1\" content=\"Escrito por\" \/>\n\t<meta name=\"twitter:data1\" content=\"Assessoria de comunica\u00e7\u00e3o ACRIMAT\" \/>\n\t<meta name=\"twitter:label2\" content=\"Est. tempo de leitura\" \/>\n\t<meta name=\"twitter:data2\" content=\"1 minuto\" \/>\n<script type=\"application\/ld+json\" class=\"yoast-schema-graph\">{\"@context\":\"https:\/\/schema.org\",\"@graph\":[{\"@type\":\"Article\",\"@id\":\"https:\/\/acrimat.org.br\/portal\/compra-no-exterior-tem-queda-de-32\/#article\",\"isPartOf\":{\"@id\":\"https:\/\/acrimat.org.br\/portal\/compra-no-exterior-tem-queda-de-32\/\"},\"author\":{\"name\":\"Assessoria de comunica\u00e7\u00e3o ACRIMAT\",\"@id\":\"https:\/\/acrimat.org.br\/portal\/#\/schema\/person\/a309b9496344ff991e8e1b1d751fdd7b\"},\"headline\":\"Compra no exterior tem queda de 32%\",\"datePublished\":\"2018-03-06T18:24:19+00:00\",\"mainEntityOfPage\":{\"@id\":\"https:\/\/acrimat.org.br\/portal\/compra-no-exterior-tem-queda-de-32\/\"},\"wordCount\":261,\"publisher\":{\"@id\":\"https:\/\/acrimat.org.br\/portal\/#organization\"},\"image\":{\"@id\":\"https:\/\/acrimat.org.br\/portal\/compra-no-exterior-tem-queda-de-32\/#primaryimage\"},\"thumbnailUrl\":\"https:\/\/acrimat.org.br\/portal\/wp-content\/uploads\/2018\/01\/navio.jpg\",\"articleSection\":[\"Destaques\",\"Not\u00edcias\"],\"inLanguage\":\"pt-BR\"},{\"@type\":\"WebPage\",\"@id\":\"https:\/\/acrimat.org.br\/portal\/compra-no-exterior-tem-queda-de-32\/\",\"url\":\"https:\/\/acrimat.org.br\/portal\/compra-no-exterior-tem-queda-de-32\/\",\"name\":\"Compra no exterior tem queda de 32% - Acrimat\",\"isPartOf\":{\"@id\":\"https:\/\/acrimat.org.br\/portal\/#website\"},\"primaryImageOfPage\":{\"@id\":\"https:\/\/acrimat.org.br\/portal\/compra-no-exterior-tem-queda-de-32\/#primaryimage\"},\"image\":{\"@id\":\"https:\/\/acrimat.org.br\/portal\/compra-no-exterior-tem-queda-de-32\/#primaryimage\"},\"thumbnailUrl\":\"https:\/\/acrimat.org.br\/portal\/wp-content\/uploads\/2018\/01\/navio.jpg\",\"datePublished\":\"2018-03-06T18:24:19+00:00\",\"breadcrumb\":{\"@id\":\"https:\/\/acrimat.org.br\/portal\/compra-no-exterior-tem-queda-de-32\/#breadcrumb\"},\"inLanguage\":\"pt-BR\",\"potentialAction\":[{\"@type\":\"ReadAction\",\"target\":[\"https:\/\/acrimat.org.br\/portal\/compra-no-exterior-tem-queda-de-32\/\"]}]},{\"@type\":\"ImageObject\",\"inLanguage\":\"pt-BR\",\"@id\":\"https:\/\/acrimat.org.br\/portal\/compra-no-exterior-tem-queda-de-32\/#primaryimage\",\"url\":\"https:\/\/acrimat.org.br\/portal\/wp-content\/uploads\/2018\/01\/navio.jpg\",\"contentUrl\":\"https:\/\/acrimat.org.br\/portal\/wp-content\/uploads\/2018\/01\/navio.jpg\",\"width\":1920,\"height\":1281},{\"@type\":\"BreadcrumbList\",\"@id\":\"https:\/\/acrimat.org.br\/portal\/compra-no-exterior-tem-queda-de-32\/#breadcrumb\",\"itemListElement\":[{\"@type\":\"ListItem\",\"position\":1,\"name\":\"In\u00edcio\",\"item\":\"https:\/\/acrimat.org.br\/portal\/\"},{\"@type\":\"ListItem\",\"position\":2,\"name\":\"Compra no exterior tem queda de 32%\"}]},{\"@type\":\"WebSite\",\"@id\":\"https:\/\/acrimat.org.br\/portal\/#website\",\"url\":\"https:\/\/acrimat.org.br\/portal\/\",\"name\":\"Acrimat\",\"description\":\"Associa\u00e7\u00e3o dos Criadores de Mato Grosso\",\"publisher\":{\"@id\":\"https:\/\/acrimat.org.br\/portal\/#organization\"},\"potentialAction\":[{\"@type\":\"SearchAction\",\"target\":{\"@type\":\"EntryPoint\",\"urlTemplate\":\"https:\/\/acrimat.org.br\/portal\/?s={search_term_string}\"},\"query-input\":{\"@type\":\"PropertyValueSpecification\",\"valueRequired\":true,\"valueName\":\"search_term_string\"}}],\"inLanguage\":\"pt-BR\"},{\"@type\":\"Organization\",\"@id\":\"https:\/\/acrimat.org.br\/portal\/#organization\",\"name\":\"Associa\u00e7\u00e3o dos Criadores de Mato Grosso\",\"url\":\"https:\/\/acrimat.org.br\/portal\/\",\"logo\":{\"@type\":\"ImageObject\",\"inLanguage\":\"pt-BR\",\"@id\":\"https:\/\/acrimat.org.br\/portal\/#\/schema\/logo\/image\/\",\"url\":\"https:\/\/acrimat.org.br\/portal\/wp-content\/uploads\/2018\/03\/logo-peq-original.png\",\"contentUrl\":\"https:\/\/acrimat.org.br\/portal\/wp-content\/uploads\/2018\/03\/logo-peq-original.png\",\"width\":174,\"height\":171,\"caption\":\"Associa\u00e7\u00e3o dos Criadores de Mato Grosso\"},\"image\":{\"@id\":\"https:\/\/acrimat.org.br\/portal\/#\/schema\/logo\/image\/\"}},{\"@type\":\"Person\",\"@id\":\"https:\/\/acrimat.org.br\/portal\/#\/schema\/person\/a309b9496344ff991e8e1b1d751fdd7b\",\"name\":\"Assessoria de comunica\u00e7\u00e3o ACRIMAT\",\"image\":{\"@type\":\"ImageObject\",\"inLanguage\":\"pt-BR\",\"@id\":\"https:\/\/acrimat.org.br\/portal\/#\/schema\/person\/image\/\",\"url\":\"https:\/\/secure.gravatar.com\/avatar\/2f9c28e64c317bcd762b25cb1575f1b4?s=96&d=mm&r=g\",\"contentUrl\":\"https:\/\/secure.gravatar.com\/avatar\/2f9c28e64c317bcd762b25cb1575f1b4?s=96&d=mm&r=g\",\"caption\":\"Assessoria de comunica\u00e7\u00e3o ACRIMAT\"},\"sameAs\":[\"http:\/\/acrimat.org.br\/\"],\"url\":\"https:\/\/acrimat.org.br\/portal\/author\/ascom\/\"}]}<\/script>\n<!-- \/ Yoast SEO plugin. -->","yoast_head_json":{"title":"Compra no exterior tem queda de 32% - Acrimat","robots":{"index":"index","follow":"follow","max-snippet":"max-snippet:-1","max-image-preview":"max-image-preview:large","max-video-preview":"max-video-preview:-1"},"canonical":"https:\/\/acrimat.org.br\/portal\/compra-no-exterior-tem-queda-de-32\/","og_locale":"pt_BR","og_type":"article","og_title":"Compra no exterior tem queda de 32% - Acrimat","og_description":"Ao contr\u00e1rio das exporta\u00e7\u00f5es, a aquisi\u00e7\u00e3o de produtos do mercado internacional pelo Estado recuou em 32,39% neste in\u00edcio de 2018","og_url":"https:\/\/acrimat.org.br\/portal\/compra-no-exterior-tem-queda-de-32\/","og_site_name":"Acrimat","article_published_time":"2018-03-06T18:24:19+00:00","og_image":[{"width":1920,"height":1281,"url":"https:\/\/acrimat.org.br\/portal\/wp-content\/uploads\/2018\/01\/navio.jpg","type":"image\/jpeg"}],"author":"Assessoria de comunica\u00e7\u00e3o ACRIMAT","twitter_card":"summary_large_image","twitter_misc":{"Escrito por":"Assessoria de comunica\u00e7\u00e3o ACRIMAT","Est. tempo de leitura":"1 minuto"},"schema":{"@context":"https:\/\/schema.org","@graph":[{"@type":"Article","@id":"https:\/\/acrimat.org.br\/portal\/compra-no-exterior-tem-queda-de-32\/#article","isPartOf":{"@id":"https:\/\/acrimat.org.br\/portal\/compra-no-exterior-tem-queda-de-32\/"},"author":{"name":"Assessoria de comunica\u00e7\u00e3o ACRIMAT","@id":"https:\/\/acrimat.org.br\/portal\/#\/schema\/person\/a309b9496344ff991e8e1b1d751fdd7b"},"headline":"Compra no exterior tem queda de 32%","datePublished":"2018-03-06T18:24:19+00:00","mainEntityOfPage":{"@id":"https:\/\/acrimat.org.br\/portal\/compra-no-exterior-tem-queda-de-32\/"},"wordCount":261,"publisher":{"@id":"https:\/\/acrimat.org.br\/portal\/#organization"},"image":{"@id":"https:\/\/acrimat.org.br\/portal\/compra-no-exterior-tem-queda-de-32\/#primaryimage"},"thumbnailUrl":"https:\/\/acrimat.org.br\/portal\/wp-content\/uploads\/2018\/01\/navio.jpg","articleSection":["Destaques","Not\u00edcias"],"inLanguage":"pt-BR"},{"@type":"WebPage","@id":"https:\/\/acrimat.org.br\/portal\/compra-no-exterior-tem-queda-de-32\/","url":"https:\/\/acrimat.org.br\/portal\/compra-no-exterior-tem-queda-de-32\/","name":"Compra no exterior tem queda de 32% - Acrimat","isPartOf":{"@id":"https:\/\/acrimat.org.br\/portal\/#website"},"primaryImageOfPage":{"@id":"https:\/\/acrimat.org.br\/portal\/compra-no-exterior-tem-queda-de-32\/#primaryimage"},"image":{"@id":"https:\/\/acrimat.org.br\/portal\/compra-no-exterior-tem-queda-de-32\/#primaryimage"},"thumbnailUrl":"https:\/\/acrimat.org.br\/portal\/wp-content\/uploads\/2018\/01\/navio.jpg","datePublished":"2018-03-06T18:24:19+00:00","breadcrumb":{"@id":"https:\/\/acrimat.org.br\/portal\/compra-no-exterior-tem-queda-de-32\/#breadcrumb"},"inLanguage":"pt-BR","potentialAction":[{"@type":"ReadAction","target":["https:\/\/acrimat.org.br\/portal\/compra-no-exterior-tem-queda-de-32\/"]}]},{"@type":"ImageObject","inLanguage":"pt-BR","@id":"https:\/\/acrimat.org.br\/portal\/compra-no-exterior-tem-queda-de-32\/#primaryimage","url":"https:\/\/acrimat.org.br\/portal\/wp-content\/uploads\/2018\/01\/navio.jpg","contentUrl":"https:\/\/acrimat.org.br\/portal\/wp-content\/uploads\/2018\/01\/navio.jpg","width":1920,"height":1281},{"@type":"BreadcrumbList","@id":"https:\/\/acrimat.org.br\/portal\/compra-no-exterior-tem-queda-de-32\/#breadcrumb","itemListElement":[{"@type":"ListItem","position":1,"name":"In\u00edcio","item":"https:\/\/acrimat.org.br\/portal\/"},{"@type":"ListItem","position":2,"name":"Compra no exterior tem queda de 32%"}]},{"@type":"WebSite","@id":"https:\/\/acrimat.org.br\/portal\/#website","url":"https:\/\/acrimat.org.br\/portal\/","name":"Acrimat","description":"Associa\u00e7\u00e3o dos Criadores de Mato Grosso","publisher":{"@id":"https:\/\/acrimat.org.br\/portal\/#organization"},"potentialAction":[{"@type":"SearchAction","target":{"@type":"EntryPoint","urlTemplate":"https:\/\/acrimat.org.br\/portal\/?s={search_term_string}"},"query-input":{"@type":"PropertyValueSpecification","valueRequired":true,"valueName":"search_term_string"}}],"inLanguage":"pt-BR"},{"@type":"Organization","@id":"https:\/\/acrimat.org.br\/portal\/#organization","name":"Associa\u00e7\u00e3o dos Criadores de Mato Grosso","url":"https:\/\/acrimat.org.br\/portal\/","logo":{"@type":"ImageObject","inLanguage":"pt-BR","@id":"https:\/\/acrimat.org.br\/portal\/#\/schema\/logo\/image\/","url":"https:\/\/acrimat.org.br\/portal\/wp-content\/uploads\/2018\/03\/logo-peq-original.png","contentUrl":"https:\/\/acrimat.org.br\/portal\/wp-content\/uploads\/2018\/03\/logo-peq-original.png","width":174,"height":171,"caption":"Associa\u00e7\u00e3o dos Criadores de Mato Grosso"},"image":{"@id":"https:\/\/acrimat.org.br\/portal\/#\/schema\/logo\/image\/"}},{"@type":"Person","@id":"https:\/\/acrimat.org.br\/portal\/#\/schema\/person\/a309b9496344ff991e8e1b1d751fdd7b","name":"Assessoria de comunica\u00e7\u00e3o ACRIMAT","image":{"@type":"ImageObject","inLanguage":"pt-BR","@id":"https:\/\/acrimat.org.br\/portal\/#\/schema\/person\/image\/","url":"https:\/\/secure.gravatar.com\/avatar\/2f9c28e64c317bcd762b25cb1575f1b4?s=96&d=mm&r=g","contentUrl":"https:\/\/secure.gravatar.com\/avatar\/2f9c28e64c317bcd762b25cb1575f1b4?s=96&d=mm&r=g","caption":"Assessoria de comunica\u00e7\u00e3o ACRIMAT"},"sameAs":["http:\/\/acrimat.org.br\/"],"url":"https:\/\/acrimat.org.br\/portal\/author\/ascom\/"}]}},"_links":{"self":[{"href":"https:\/\/acrimat.org.br\/portal\/wp-json\/wp\/v2\/posts\/97986267","targetHints":{"allow":["GET"]}}],"collection":[{"href":"https:\/\/acrimat.org.br\/portal\/wp-json\/wp\/v2\/posts"}],"about":[{"href":"https:\/\/acrimat.org.br\/portal\/wp-json\/wp\/v2\/types\/post"}],"author":[{"embeddable":true,"href":"https:\/\/acrimat.org.br\/portal\/wp-json\/wp\/v2\/users\/7"}],"replies":[{"embeddable":true,"href":"https:\/\/acrimat.org.br\/portal\/wp-json\/wp\/v2\/comments?post=97986267"}],"version-history":[{"count":1,"href":"https:\/\/acrimat.org.br\/portal\/wp-json\/wp\/v2\/posts\/97986267\/revisions"}],"predecessor-version":[{"id":97986268,"href":"https:\/\/acrimat.org.br\/portal\/wp-json\/wp\/v2\/posts\/97986267\/revisions\/97986268"}],"wp:featuredmedia":[{"embeddable":true,"href":"https:\/\/acrimat.org.br\/portal\/wp-json\/wp\/v2\/media\/97985526"}],"wp:attachment":[{"href":"https:\/\/acrimat.org.br\/portal\/wp-json\/wp\/v2\/media?parent=97986267"}],"wp:term":[{"taxonomy":"category","embeddable":true,"href":"https:\/\/acrimat.org.br\/portal\/wp-json\/wp\/v2\/categories?post=97986267"},{"taxonomy":"post_tag","embeddable":true,"href":"https:\/\/acrimat.org.br\/portal\/wp-json\/wp\/v2\/tags?post=97986267"}],"curies":[{"name":"wp","href":"https:\/\/api.w.org\/{rel}","templated":true}]}}