{"id":97986270,"date":"2018-03-06T15:40:52","date_gmt":"2018-03-06T18:40:52","guid":{"rendered":"http:\/\/acrimat.org.br\/portal\/?p=97986270"},"modified":"2018-03-06T15:42:02","modified_gmt":"2018-03-06T18:42:02","slug":"soja-e-milho-detem-95-das-exportacoes","status":"publish","type":"post","link":"https:\/\/acrimat.org.br\/portal\/soja-e-milho-detem-95-das-exportacoes\/","title":{"rendered":"Soja e milho det\u00eam 95% das exporta\u00e7\u00f5es"},"content":{"rendered":"<p>Soja e milho lideram as exporta\u00e7\u00f5es de Mato Grosso no 1o bimestre e respondem por quase a totalidade do saldo comercial. De US$ 1,873 bilh\u00e3o faturado com embarque de produtos, os gr\u00e3os foram respons\u00e1veis por US$ 1,778 bilh\u00e3o, 95% do montante. Os valores, informados pelo Minist\u00e9rio da Ind\u00fastria, Com\u00e9rcio Exterior e Servi\u00e7os (Mdic), revelam maior demanda do mercado externo pelos produtos do Estado, j\u00e1 que houve crescimento de 10,37% na receita comercial e de 13,88% na quantidade de produtos negociados, quando comparado a igual per\u00edodo de 2017.<\/p>\n<p>De Mato Grosso sa\u00edram 5,988 milh\u00f5es de toneladas em janeiro e fevereiro, sendo 3,443 milh\u00f5es (t) de milho e 1,421 milh\u00e3o (t) de soja, em gr\u00e3o ou processada na forma de subprodutos como farelo e \u00f3leo. Em igual per\u00edodo de 2017, as expor- ta\u00e7\u00f5es renderam US$ 1,691 bilh\u00e3o com vendas de 4,308 milh\u00f5es (t).<\/p>\n<p>Outros itens que comp\u00f5em a pauta de exporta\u00e7\u00f5es do Estado s\u00e3o algod\u00e3o, madeira e carnes bovina, su\u00edna e de frango. Os produtos locais chegam a 30 pa\u00edses, sendo que 18 deles compraram mais este ano que em 2017. Apesar de Mato Grosso diminuir em 36,49% os neg\u00f3cios com a China neste in\u00edcio de ano, o pa\u00eds asi\u00e1tico se mant\u00e9m como o principal parceiro comercial do Estado. De US$ 1,873 bilh\u00e3o faturado com as exporta\u00e7\u00f5es, o gigante chin\u00eas garantiu US$ 360,093 milh\u00f5es ou 19,22% do total. Conforme observa o economista Vitor Galesso, a economia mundial voltou a crescer e isso reflete no consumo de alimentos, principalmente no mercado chin\u00eas. \u201cMas, a quest\u00e3o da log\u00edstica continua travada e recebendo pequenos investimentos.\u00a0 Precisa de aportes maiores do governo federal e do Estado\u201d.<\/p>\n<p>O secret\u00e1rio de Pol\u00edticas Agr\u00edcolas do Minist\u00e9rio da Agricultura e Pecu\u00e1ria, Neri Geller, observa que em janeiro a venda externa de milho foi recorde, quando atingiu 3 milh\u00f5es (t). Ano passado foram embarcados 19 milh\u00f5es (t) s\u00f3 por Mato Grosso. \u201cEm fevereiro muda a chave para soja e exportamos quase 2 milh\u00f5es\/t. Ent\u00e3o, o Brasil se consolida como grande exportador de milho, al\u00e9m da soja\u201d.<\/p>\n<p>Geller n\u00e3o descarta a possibilidade de igualar as exporta\u00e7\u00f5es do cereal com os volumes de embarques da oleaginosa e derivados. \u201cO melhor milho do mundo est\u00e1 aqui. Se continuar tendo oferta, se o Brasil investir em log\u00edstica para baratear o custo de transporte, o pa\u00eds poder\u00e1 ser um grande exportador e tem espa\u00e7o crescente\u201d. Para ele, em breve ser\u00e1 poss\u00edvel atingir a marca de 120 milh\u00f5es (t) de milho produzidas no Brasil, sendo a metade do volume absorvida no mercado interno.<\/p>\n","protected":false},"excerpt":{"rendered":"<p>Do total de US$ 1,873 bilh\u00e3o faturado, os 2 gr\u00e3os responderam por US$ 1,778 bi<\/p>\n","protected":false},"author":7,"featured_media":97985274,"comment_status":"closed","ping_status":"closed","sticky":false,"template":"","format":"standard","meta":{"footnotes":""},"categories":[6,1],"tags":[],"class_list":["post-97986270","post","type-post","status-publish","format-standard","has-post-thumbnail","hentry","category-destaque","category-noticia"],"yoast_head":"<!-- This site is optimized with the Yoast SEO plugin v24.8.1 - https:\/\/yoast.com\/wordpress\/plugins\/seo\/ -->\n<title>Soja e milho det\u00eam 95% das exporta\u00e7\u00f5es - Acrimat<\/title>\n<meta name=\"robots\" content=\"index, follow, max-snippet:-1, max-image-preview:large, max-video-preview:-1\" \/>\n<link rel=\"canonical\" href=\"https:\/\/acrimat.org.br\/portal\/soja-e-milho-detem-95-das-exportacoes\/\" \/>\n<meta property=\"og:locale\" content=\"pt_BR\" \/>\n<meta property=\"og:type\" content=\"article\" \/>\n<meta property=\"og:title\" content=\"Soja e milho det\u00eam 95% das exporta\u00e7\u00f5es - Acrimat\" \/>\n<meta property=\"og:description\" content=\"Do total de US$ 1,873 bilh\u00e3o faturado, os 2 gr\u00e3os responderam por US$ 1,778 bi\" \/>\n<meta property=\"og:url\" content=\"https:\/\/acrimat.org.br\/portal\/soja-e-milho-detem-95-das-exportacoes\/\" \/>\n<meta property=\"og:site_name\" content=\"Acrimat\" \/>\n<meta property=\"article:published_time\" content=\"2018-03-06T18:40:52+00:00\" \/>\n<meta property=\"article:modified_time\" content=\"2018-03-06T18:42:02+00:00\" \/>\n<meta property=\"og:image\" content=\"https:\/\/acrimat.org.br\/portal\/wp-content\/uploads\/2017\/12\/porto.jpg\" \/>\n\t<meta property=\"og:image:width\" content=\"1280\" \/>\n\t<meta property=\"og:image:height\" content=\"780\" \/>\n\t<meta property=\"og:image:type\" content=\"image\/jpeg\" \/>\n<meta name=\"author\" content=\"Assessoria de comunica\u00e7\u00e3o ACRIMAT\" \/>\n<meta name=\"twitter:card\" content=\"summary_large_image\" \/>\n<meta name=\"twitter:label1\" content=\"Escrito por\" \/>\n\t<meta name=\"twitter:data1\" content=\"Assessoria de comunica\u00e7\u00e3o ACRIMAT\" \/>\n\t<meta name=\"twitter:label2\" content=\"Est. tempo de leitura\" \/>\n\t<meta name=\"twitter:data2\" content=\"2 minutos\" \/>\n<script type=\"application\/ld+json\" class=\"yoast-schema-graph\">{\"@context\":\"https:\/\/schema.org\",\"@graph\":[{\"@type\":\"Article\",\"@id\":\"https:\/\/acrimat.org.br\/portal\/soja-e-milho-detem-95-das-exportacoes\/#article\",\"isPartOf\":{\"@id\":\"https:\/\/acrimat.org.br\/portal\/soja-e-milho-detem-95-das-exportacoes\/\"},\"author\":{\"name\":\"Assessoria de comunica\u00e7\u00e3o ACRIMAT\",\"@id\":\"https:\/\/acrimat.org.br\/portal\/#\/schema\/person\/a309b9496344ff991e8e1b1d751fdd7b\"},\"headline\":\"Soja e milho det\u00eam 95% das exporta\u00e7\u00f5es\",\"datePublished\":\"2018-03-06T18:40:52+00:00\",\"dateModified\":\"2018-03-06T18:42:02+00:00\",\"mainEntityOfPage\":{\"@id\":\"https:\/\/acrimat.org.br\/portal\/soja-e-milho-detem-95-das-exportacoes\/\"},\"wordCount\":456,\"publisher\":{\"@id\":\"https:\/\/acrimat.org.br\/portal\/#organization\"},\"image\":{\"@id\":\"https:\/\/acrimat.org.br\/portal\/soja-e-milho-detem-95-das-exportacoes\/#primaryimage\"},\"thumbnailUrl\":\"https:\/\/acrimat.org.br\/portal\/wp-content\/uploads\/2017\/12\/porto.jpg\",\"articleSection\":[\"Destaques\",\"Not\u00edcias\"],\"inLanguage\":\"pt-BR\"},{\"@type\":\"WebPage\",\"@id\":\"https:\/\/acrimat.org.br\/portal\/soja-e-milho-detem-95-das-exportacoes\/\",\"url\":\"https:\/\/acrimat.org.br\/portal\/soja-e-milho-detem-95-das-exportacoes\/\",\"name\":\"Soja e milho det\u00eam 95% das exporta\u00e7\u00f5es - Acrimat\",\"isPartOf\":{\"@id\":\"https:\/\/acrimat.org.br\/portal\/#website\"},\"primaryImageOfPage\":{\"@id\":\"https:\/\/acrimat.org.br\/portal\/soja-e-milho-detem-95-das-exportacoes\/#primaryimage\"},\"image\":{\"@id\":\"https:\/\/acrimat.org.br\/portal\/soja-e-milho-detem-95-das-exportacoes\/#primaryimage\"},\"thumbnailUrl\":\"https:\/\/acrimat.org.br\/portal\/wp-content\/uploads\/2017\/12\/porto.jpg\",\"datePublished\":\"2018-03-06T18:40:52+00:00\",\"dateModified\":\"2018-03-06T18:42:02+00:00\",\"breadcrumb\":{\"@id\":\"https:\/\/acrimat.org.br\/portal\/soja-e-milho-detem-95-das-exportacoes\/#breadcrumb\"},\"inLanguage\":\"pt-BR\",\"potentialAction\":[{\"@type\":\"ReadAction\",\"target\":[\"https:\/\/acrimat.org.br\/portal\/soja-e-milho-detem-95-das-exportacoes\/\"]}]},{\"@type\":\"ImageObject\",\"inLanguage\":\"pt-BR\",\"@id\":\"https:\/\/acrimat.org.br\/portal\/soja-e-milho-detem-95-das-exportacoes\/#primaryimage\",\"url\":\"https:\/\/acrimat.org.br\/portal\/wp-content\/uploads\/2017\/12\/porto.jpg\",\"contentUrl\":\"https:\/\/acrimat.org.br\/portal\/wp-content\/uploads\/2017\/12\/porto.jpg\",\"width\":1280,\"height\":780},{\"@type\":\"BreadcrumbList\",\"@id\":\"https:\/\/acrimat.org.br\/portal\/soja-e-milho-detem-95-das-exportacoes\/#breadcrumb\",\"itemListElement\":[{\"@type\":\"ListItem\",\"position\":1,\"name\":\"In\u00edcio\",\"item\":\"https:\/\/acrimat.org.br\/portal\/\"},{\"@type\":\"ListItem\",\"position\":2,\"name\":\"Soja e milho det\u00eam 95% das exporta\u00e7\u00f5es\"}]},{\"@type\":\"WebSite\",\"@id\":\"https:\/\/acrimat.org.br\/portal\/#website\",\"url\":\"https:\/\/acrimat.org.br\/portal\/\",\"name\":\"Acrimat\",\"description\":\"Associa\u00e7\u00e3o dos Criadores de Mato Grosso\",\"publisher\":{\"@id\":\"https:\/\/acrimat.org.br\/portal\/#organization\"},\"potentialAction\":[{\"@type\":\"SearchAction\",\"target\":{\"@type\":\"EntryPoint\",\"urlTemplate\":\"https:\/\/acrimat.org.br\/portal\/?s={search_term_string}\"},\"query-input\":{\"@type\":\"PropertyValueSpecification\",\"valueRequired\":true,\"valueName\":\"search_term_string\"}}],\"inLanguage\":\"pt-BR\"},{\"@type\":\"Organization\",\"@id\":\"https:\/\/acrimat.org.br\/portal\/#organization\",\"name\":\"Associa\u00e7\u00e3o dos Criadores de Mato Grosso\",\"url\":\"https:\/\/acrimat.org.br\/portal\/\",\"logo\":{\"@type\":\"ImageObject\",\"inLanguage\":\"pt-BR\",\"@id\":\"https:\/\/acrimat.org.br\/portal\/#\/schema\/logo\/image\/\",\"url\":\"https:\/\/acrimat.org.br\/portal\/wp-content\/uploads\/2018\/03\/logo-peq-original.png\",\"contentUrl\":\"https:\/\/acrimat.org.br\/portal\/wp-content\/uploads\/2018\/03\/logo-peq-original.png\",\"width\":174,\"height\":171,\"caption\":\"Associa\u00e7\u00e3o dos Criadores de Mato Grosso\"},\"image\":{\"@id\":\"https:\/\/acrimat.org.br\/portal\/#\/schema\/logo\/image\/\"}},{\"@type\":\"Person\",\"@id\":\"https:\/\/acrimat.org.br\/portal\/#\/schema\/person\/a309b9496344ff991e8e1b1d751fdd7b\",\"name\":\"Assessoria de comunica\u00e7\u00e3o ACRIMAT\",\"image\":{\"@type\":\"ImageObject\",\"inLanguage\":\"pt-BR\",\"@id\":\"https:\/\/acrimat.org.br\/portal\/#\/schema\/person\/image\/\",\"url\":\"https:\/\/secure.gravatar.com\/avatar\/2f9c28e64c317bcd762b25cb1575f1b4?s=96&d=mm&r=g\",\"contentUrl\":\"https:\/\/secure.gravatar.com\/avatar\/2f9c28e64c317bcd762b25cb1575f1b4?s=96&d=mm&r=g\",\"caption\":\"Assessoria de comunica\u00e7\u00e3o ACRIMAT\"},\"sameAs\":[\"http:\/\/acrimat.org.br\/\"],\"url\":\"https:\/\/acrimat.org.br\/portal\/author\/ascom\/\"}]}<\/script>\n<!-- \/ Yoast SEO plugin. -->","yoast_head_json":{"title":"Soja e milho det\u00eam 95% das exporta\u00e7\u00f5es - Acrimat","robots":{"index":"index","follow":"follow","max-snippet":"max-snippet:-1","max-image-preview":"max-image-preview:large","max-video-preview":"max-video-preview:-1"},"canonical":"https:\/\/acrimat.org.br\/portal\/soja-e-milho-detem-95-das-exportacoes\/","og_locale":"pt_BR","og_type":"article","og_title":"Soja e milho det\u00eam 95% das exporta\u00e7\u00f5es - Acrimat","og_description":"Do total de US$ 1,873 bilh\u00e3o faturado, os 2 gr\u00e3os responderam por US$ 1,778 bi","og_url":"https:\/\/acrimat.org.br\/portal\/soja-e-milho-detem-95-das-exportacoes\/","og_site_name":"Acrimat","article_published_time":"2018-03-06T18:40:52+00:00","article_modified_time":"2018-03-06T18:42:02+00:00","og_image":[{"width":1280,"height":780,"url":"https:\/\/acrimat.org.br\/portal\/wp-content\/uploads\/2017\/12\/porto.jpg","type":"image\/jpeg"}],"author":"Assessoria de comunica\u00e7\u00e3o ACRIMAT","twitter_card":"summary_large_image","twitter_misc":{"Escrito por":"Assessoria de comunica\u00e7\u00e3o ACRIMAT","Est. tempo de leitura":"2 minutos"},"schema":{"@context":"https:\/\/schema.org","@graph":[{"@type":"Article","@id":"https:\/\/acrimat.org.br\/portal\/soja-e-milho-detem-95-das-exportacoes\/#article","isPartOf":{"@id":"https:\/\/acrimat.org.br\/portal\/soja-e-milho-detem-95-das-exportacoes\/"},"author":{"name":"Assessoria de comunica\u00e7\u00e3o ACRIMAT","@id":"https:\/\/acrimat.org.br\/portal\/#\/schema\/person\/a309b9496344ff991e8e1b1d751fdd7b"},"headline":"Soja e milho det\u00eam 95% das exporta\u00e7\u00f5es","datePublished":"2018-03-06T18:40:52+00:00","dateModified":"2018-03-06T18:42:02+00:00","mainEntityOfPage":{"@id":"https:\/\/acrimat.org.br\/portal\/soja-e-milho-detem-95-das-exportacoes\/"},"wordCount":456,"publisher":{"@id":"https:\/\/acrimat.org.br\/portal\/#organization"},"image":{"@id":"https:\/\/acrimat.org.br\/portal\/soja-e-milho-detem-95-das-exportacoes\/#primaryimage"},"thumbnailUrl":"https:\/\/acrimat.org.br\/portal\/wp-content\/uploads\/2017\/12\/porto.jpg","articleSection":["Destaques","Not\u00edcias"],"inLanguage":"pt-BR"},{"@type":"WebPage","@id":"https:\/\/acrimat.org.br\/portal\/soja-e-milho-detem-95-das-exportacoes\/","url":"https:\/\/acrimat.org.br\/portal\/soja-e-milho-detem-95-das-exportacoes\/","name":"Soja e milho det\u00eam 95% das exporta\u00e7\u00f5es - Acrimat","isPartOf":{"@id":"https:\/\/acrimat.org.br\/portal\/#website"},"primaryImageOfPage":{"@id":"https:\/\/acrimat.org.br\/portal\/soja-e-milho-detem-95-das-exportacoes\/#primaryimage"},"image":{"@id":"https:\/\/acrimat.org.br\/portal\/soja-e-milho-detem-95-das-exportacoes\/#primaryimage"},"thumbnailUrl":"https:\/\/acrimat.org.br\/portal\/wp-content\/uploads\/2017\/12\/porto.jpg","datePublished":"2018-03-06T18:40:52+00:00","dateModified":"2018-03-06T18:42:02+00:00","breadcrumb":{"@id":"https:\/\/acrimat.org.br\/portal\/soja-e-milho-detem-95-das-exportacoes\/#breadcrumb"},"inLanguage":"pt-BR","potentialAction":[{"@type":"ReadAction","target":["https:\/\/acrimat.org.br\/portal\/soja-e-milho-detem-95-das-exportacoes\/"]}]},{"@type":"ImageObject","inLanguage":"pt-BR","@id":"https:\/\/acrimat.org.br\/portal\/soja-e-milho-detem-95-das-exportacoes\/#primaryimage","url":"https:\/\/acrimat.org.br\/portal\/wp-content\/uploads\/2017\/12\/porto.jpg","contentUrl":"https:\/\/acrimat.org.br\/portal\/wp-content\/uploads\/2017\/12\/porto.jpg","width":1280,"height":780},{"@type":"BreadcrumbList","@id":"https:\/\/acrimat.org.br\/portal\/soja-e-milho-detem-95-das-exportacoes\/#breadcrumb","itemListElement":[{"@type":"ListItem","position":1,"name":"In\u00edcio","item":"https:\/\/acrimat.org.br\/portal\/"},{"@type":"ListItem","position":2,"name":"Soja e milho det\u00eam 95% das exporta\u00e7\u00f5es"}]},{"@type":"WebSite","@id":"https:\/\/acrimat.org.br\/portal\/#website","url":"https:\/\/acrimat.org.br\/portal\/","name":"Acrimat","description":"Associa\u00e7\u00e3o dos Criadores de Mato Grosso","publisher":{"@id":"https:\/\/acrimat.org.br\/portal\/#organization"},"potentialAction":[{"@type":"SearchAction","target":{"@type":"EntryPoint","urlTemplate":"https:\/\/acrimat.org.br\/portal\/?s={search_term_string}"},"query-input":{"@type":"PropertyValueSpecification","valueRequired":true,"valueName":"search_term_string"}}],"inLanguage":"pt-BR"},{"@type":"Organization","@id":"https:\/\/acrimat.org.br\/portal\/#organization","name":"Associa\u00e7\u00e3o dos Criadores de Mato Grosso","url":"https:\/\/acrimat.org.br\/portal\/","logo":{"@type":"ImageObject","inLanguage":"pt-BR","@id":"https:\/\/acrimat.org.br\/portal\/#\/schema\/logo\/image\/","url":"https:\/\/acrimat.org.br\/portal\/wp-content\/uploads\/2018\/03\/logo-peq-original.png","contentUrl":"https:\/\/acrimat.org.br\/portal\/wp-content\/uploads\/2018\/03\/logo-peq-original.png","width":174,"height":171,"caption":"Associa\u00e7\u00e3o dos Criadores de Mato Grosso"},"image":{"@id":"https:\/\/acrimat.org.br\/portal\/#\/schema\/logo\/image\/"}},{"@type":"Person","@id":"https:\/\/acrimat.org.br\/portal\/#\/schema\/person\/a309b9496344ff991e8e1b1d751fdd7b","name":"Assessoria de comunica\u00e7\u00e3o ACRIMAT","image":{"@type":"ImageObject","inLanguage":"pt-BR","@id":"https:\/\/acrimat.org.br\/portal\/#\/schema\/person\/image\/","url":"https:\/\/secure.gravatar.com\/avatar\/2f9c28e64c317bcd762b25cb1575f1b4?s=96&d=mm&r=g","contentUrl":"https:\/\/secure.gravatar.com\/avatar\/2f9c28e64c317bcd762b25cb1575f1b4?s=96&d=mm&r=g","caption":"Assessoria de comunica\u00e7\u00e3o ACRIMAT"},"sameAs":["http:\/\/acrimat.org.br\/"],"url":"https:\/\/acrimat.org.br\/portal\/author\/ascom\/"}]}},"_links":{"self":[{"href":"https:\/\/acrimat.org.br\/portal\/wp-json\/wp\/v2\/posts\/97986270","targetHints":{"allow":["GET"]}}],"collection":[{"href":"https:\/\/acrimat.org.br\/portal\/wp-json\/wp\/v2\/posts"}],"about":[{"href":"https:\/\/acrimat.org.br\/portal\/wp-json\/wp\/v2\/types\/post"}],"author":[{"embeddable":true,"href":"https:\/\/acrimat.org.br\/portal\/wp-json\/wp\/v2\/users\/7"}],"replies":[{"embeddable":true,"href":"https:\/\/acrimat.org.br\/portal\/wp-json\/wp\/v2\/comments?post=97986270"}],"version-history":[{"count":1,"href":"https:\/\/acrimat.org.br\/portal\/wp-json\/wp\/v2\/posts\/97986270\/revisions"}],"predecessor-version":[{"id":97986271,"href":"https:\/\/acrimat.org.br\/portal\/wp-json\/wp\/v2\/posts\/97986270\/revisions\/97986271"}],"wp:featuredmedia":[{"embeddable":true,"href":"https:\/\/acrimat.org.br\/portal\/wp-json\/wp\/v2\/media\/97985274"}],"wp:attachment":[{"href":"https:\/\/acrimat.org.br\/portal\/wp-json\/wp\/v2\/media?parent=97986270"}],"wp:term":[{"taxonomy":"category","embeddable":true,"href":"https:\/\/acrimat.org.br\/portal\/wp-json\/wp\/v2\/categories?post=97986270"},{"taxonomy":"post_tag","embeddable":true,"href":"https:\/\/acrimat.org.br\/portal\/wp-json\/wp\/v2\/tags?post=97986270"}],"curies":[{"name":"wp","href":"https:\/\/api.w.org\/{rel}","templated":true}]}}