{"id":97986283,"date":"2018-03-07T11:20:32","date_gmt":"2018-03-07T14:20:32","guid":{"rendered":"http:\/\/acrimat.org.br\/portal\/?p=97986283"},"modified":"2018-03-07T11:20:32","modified_gmt":"2018-03-07T14:20:32","slug":"apos-nova-acao-da-pf-governo-federal-centralizara-fiscalizacao-de-frigorificos","status":"publish","type":"post","link":"https:\/\/acrimat.org.br\/portal\/apos-nova-acao-da-pf-governo-federal-centralizara-fiscalizacao-de-frigorificos\/","title":{"rendered":"Ap\u00f3s nova a\u00e7\u00e3o da PF, governo federal centralizar\u00e1 fiscaliza\u00e7\u00e3o de frigor\u00edficos"},"content":{"rendered":"<p>Na esteira da Opera\u00e7\u00e3o Trapa\u00e7a, que teve como alvo a BRF, dona das marcas Sadia e Perdig\u00e3o, o governo federal vai passar a centralizar a fiscaliza\u00e7\u00e3o de frigor\u00edficos. Em 2017, a Opera\u00e7\u00e3o Carne Fraca revelou esquemas de corrup\u00e7\u00e3o envolvendo empresas e superintend\u00eancias estaduais da Agricultura. Ontem, o ministro da Agricultura, Blairo Maggi, assinou regulamento que redistribui o comando das opera\u00e7\u00f5es nos Estados para dez unidades do Sistema de Inspe\u00e7\u00e3o de Produtos de Origem Animal (Sipoa). Hoje, ele pretende oficializar as normas desse novo desenho.<\/p>\n<p>A mudan\u00e7a come\u00e7ou a ser gestada no ano passado, ap\u00f3s a primeira fase da Carne Fraca, que detectou esquemas de corrup\u00e7\u00e3o entre frigor\u00edficos e as superintend\u00eancias estaduais, grande parte delas de indica\u00e7\u00e3o pol\u00edtica. Para reduzir a influ\u00eancia desses superintendentes, a decis\u00e3o sobre fiscaliza\u00e7\u00f5es passar\u00e1 a ter mais influ\u00eancia federal.<\/p>\n<p>Essa decis\u00e3o ser\u00e1 detalhada hoje, em balan\u00e7o que o ministro pretende divulgar sobre as medidas para melhorar a produ\u00e7\u00e3o dos frigor\u00edficos e a fiscaliza\u00e7\u00e3o ap\u00f3s a Carne Fraca. Na noite de ontem, t\u00e9cnicos passavam um pente-fino nos dados, pois Maggi quer ter certeza que sua equipe apertou os controles.<\/p>\n<p>A inten\u00e7\u00e3o \u00e9 tra\u00e7ar uma linha divis\u00f3ria entre a inspe\u00e7\u00e3o sanit\u00e1ria antes e depois da Carne Fraca. Ap\u00f3s o esc\u00e2ndalo do ano passado, disse o ministro, os frigor\u00edficos envolvidos ficaram sob estrita vigil\u00e2ncia. \u201cSubimos muito a r\u00e9gua. Com isso, a ocorr\u00eancia de salmonelas nocivas em carnes de aves exportadas devem ser apenas \u2018epis\u00f3dios\u2019\u201d, explicou Maggi.<\/p>\n<p>Elogios. A BRF, que foi o alvo da opera\u00e7\u00e3o Trapa\u00e7a, deflagrada anteontem, vinha melhorando processos, segundo o ministro. As notifica\u00e7\u00f5es de ocorr\u00eancia de salmonelas por pa\u00edses importadores registravam queda. \u201c\u00c9 quase um castigo para quem deveria receber um pr\u00eamio por ter feito a li\u00e7\u00e3o de casa\u201d, disse.<\/p>\n<p>Maggi lembrou que, at\u00e9 agora, Europa e Hong Kong pediram informa\u00e7\u00f5es adicionais, o que ele considera natural. Maggi disse acreditar que n\u00e3o haver\u00e1 fechamento de mercados \u00e0 carne brasileira, ao contr\u00e1rio do que ocorreu na Carne Fraca. No momento, tr\u00eas unidades da BRF est\u00e3o com as exporta\u00e7\u00f5es suspensas para 12 mercados.<\/p>\n<p>O presidente global da BRF, Jos\u00e9 Aur\u00e9lio Drummond, se reuniu ontem, por duas horas, com Blairo Maggi, em Bras\u00edlia. \u201cTivemos uma conversa t\u00e9cnica bastante importante para esclarecer os eventos\u201d, afirmou o executivo, que disse n\u00e3o estar preocupado com eventuais impactos financeiros \u00e0 companhia.<\/p>\n<p>O mercado financeiro, no entanto, voltou a castigar a BRF. Ap\u00f3s perder 19,75% na segunda-feira, a a\u00e7\u00e3o da BRF caiu 2,46% ontem, para R$ 24,14. O valor de mercado da companhia encolheu em R$ 500 milh\u00f5es, para R$ 19,6 bilh\u00f5es.<\/p>\n","protected":false},"excerpt":{"rendered":"<p>Ministro da Agricultura deve detalhar hoje as mudan\u00e7as que v\u00e3o retirar poder das superintend\u00eancias estaduais<\/p>\n","protected":false},"author":7,"featured_media":97984891,"comment_status":"closed","ping_status":"closed","sticky":false,"template":"","format":"standard","meta":{"footnotes":""},"categories":[6,1],"tags":[],"class_list":["post-97986283","post","type-post","status-publish","format-standard","has-post-thumbnail","hentry","category-destaque","category-noticia"],"yoast_head":"<!-- This site is optimized with the Yoast SEO plugin v24.8.1 - https:\/\/yoast.com\/wordpress\/plugins\/seo\/ -->\n<title>Ap\u00f3s nova a\u00e7\u00e3o da PF, governo federal centralizar\u00e1 fiscaliza\u00e7\u00e3o de frigor\u00edficos - Acrimat<\/title>\n<meta name=\"robots\" content=\"index, follow, max-snippet:-1, max-image-preview:large, max-video-preview:-1\" \/>\n<link rel=\"canonical\" href=\"https:\/\/acrimat.org.br\/portal\/apos-nova-acao-da-pf-governo-federal-centralizara-fiscalizacao-de-frigorificos\/\" \/>\n<meta property=\"og:locale\" content=\"pt_BR\" \/>\n<meta property=\"og:type\" content=\"article\" \/>\n<meta property=\"og:title\" content=\"Ap\u00f3s nova a\u00e7\u00e3o da PF, governo federal centralizar\u00e1 fiscaliza\u00e7\u00e3o de frigor\u00edficos - Acrimat\" \/>\n<meta property=\"og:description\" content=\"Ministro da Agricultura deve detalhar hoje as mudan\u00e7as que v\u00e3o retirar poder das superintend\u00eancias estaduais\" \/>\n<meta property=\"og:url\" content=\"https:\/\/acrimat.org.br\/portal\/apos-nova-acao-da-pf-governo-federal-centralizara-fiscalizacao-de-frigorificos\/\" \/>\n<meta property=\"og:site_name\" content=\"Acrimat\" \/>\n<meta property=\"article:published_time\" content=\"2018-03-07T14:20:32+00:00\" \/>\n<meta property=\"og:image\" content=\"https:\/\/acrimat.org.br\/portal\/wp-content\/uploads\/2017\/11\/22-11-rural-br-chile-paraguai.jpg\" \/>\n\t<meta property=\"og:image:width\" content=\"732\" \/>\n\t<meta property=\"og:image:height\" content=\"487\" \/>\n\t<meta property=\"og:image:type\" content=\"image\/jpeg\" \/>\n<meta name=\"author\" content=\"Assessoria de comunica\u00e7\u00e3o ACRIMAT\" \/>\n<meta name=\"twitter:card\" content=\"summary_large_image\" \/>\n<meta name=\"twitter:label1\" content=\"Escrito por\" \/>\n\t<meta name=\"twitter:data1\" content=\"Assessoria de comunica\u00e7\u00e3o ACRIMAT\" \/>\n\t<meta name=\"twitter:label2\" content=\"Est. tempo de leitura\" \/>\n\t<meta name=\"twitter:data2\" content=\"2 minutos\" \/>\n<script type=\"application\/ld+json\" class=\"yoast-schema-graph\">{\"@context\":\"https:\/\/schema.org\",\"@graph\":[{\"@type\":\"Article\",\"@id\":\"https:\/\/acrimat.org.br\/portal\/apos-nova-acao-da-pf-governo-federal-centralizara-fiscalizacao-de-frigorificos\/#article\",\"isPartOf\":{\"@id\":\"https:\/\/acrimat.org.br\/portal\/apos-nova-acao-da-pf-governo-federal-centralizara-fiscalizacao-de-frigorificos\/\"},\"author\":{\"name\":\"Assessoria de comunica\u00e7\u00e3o ACRIMAT\",\"@id\":\"https:\/\/acrimat.org.br\/portal\/#\/schema\/person\/a309b9496344ff991e8e1b1d751fdd7b\"},\"headline\":\"Ap\u00f3s nova a\u00e7\u00e3o da PF, governo federal centralizar\u00e1 fiscaliza\u00e7\u00e3o de frigor\u00edficos\",\"datePublished\":\"2018-03-07T14:20:32+00:00\",\"mainEntityOfPage\":{\"@id\":\"https:\/\/acrimat.org.br\/portal\/apos-nova-acao-da-pf-governo-federal-centralizara-fiscalizacao-de-frigorificos\/\"},\"wordCount\":484,\"publisher\":{\"@id\":\"https:\/\/acrimat.org.br\/portal\/#organization\"},\"image\":{\"@id\":\"https:\/\/acrimat.org.br\/portal\/apos-nova-acao-da-pf-governo-federal-centralizara-fiscalizacao-de-frigorificos\/#primaryimage\"},\"thumbnailUrl\":\"https:\/\/acrimat.org.br\/portal\/wp-content\/uploads\/2017\/11\/22-11-rural-br-chile-paraguai.jpg\",\"articleSection\":[\"Destaques\",\"Not\u00edcias\"],\"inLanguage\":\"pt-BR\"},{\"@type\":\"WebPage\",\"@id\":\"https:\/\/acrimat.org.br\/portal\/apos-nova-acao-da-pf-governo-federal-centralizara-fiscalizacao-de-frigorificos\/\",\"url\":\"https:\/\/acrimat.org.br\/portal\/apos-nova-acao-da-pf-governo-federal-centralizara-fiscalizacao-de-frigorificos\/\",\"name\":\"Ap\u00f3s nova a\u00e7\u00e3o da PF, governo federal centralizar\u00e1 fiscaliza\u00e7\u00e3o de frigor\u00edficos - Acrimat\",\"isPartOf\":{\"@id\":\"https:\/\/acrimat.org.br\/portal\/#website\"},\"primaryImageOfPage\":{\"@id\":\"https:\/\/acrimat.org.br\/portal\/apos-nova-acao-da-pf-governo-federal-centralizara-fiscalizacao-de-frigorificos\/#primaryimage\"},\"image\":{\"@id\":\"https:\/\/acrimat.org.br\/portal\/apos-nova-acao-da-pf-governo-federal-centralizara-fiscalizacao-de-frigorificos\/#primaryimage\"},\"thumbnailUrl\":\"https:\/\/acrimat.org.br\/portal\/wp-content\/uploads\/2017\/11\/22-11-rural-br-chile-paraguai.jpg\",\"datePublished\":\"2018-03-07T14:20:32+00:00\",\"breadcrumb\":{\"@id\":\"https:\/\/acrimat.org.br\/portal\/apos-nova-acao-da-pf-governo-federal-centralizara-fiscalizacao-de-frigorificos\/#breadcrumb\"},\"inLanguage\":\"pt-BR\",\"potentialAction\":[{\"@type\":\"ReadAction\",\"target\":[\"https:\/\/acrimat.org.br\/portal\/apos-nova-acao-da-pf-governo-federal-centralizara-fiscalizacao-de-frigorificos\/\"]}]},{\"@type\":\"ImageObject\",\"inLanguage\":\"pt-BR\",\"@id\":\"https:\/\/acrimat.org.br\/portal\/apos-nova-acao-da-pf-governo-federal-centralizara-fiscalizacao-de-frigorificos\/#primaryimage\",\"url\":\"https:\/\/acrimat.org.br\/portal\/wp-content\/uploads\/2017\/11\/22-11-rural-br-chile-paraguai.jpg\",\"contentUrl\":\"https:\/\/acrimat.org.br\/portal\/wp-content\/uploads\/2017\/11\/22-11-rural-br-chile-paraguai.jpg\",\"width\":732,\"height\":487},{\"@type\":\"BreadcrumbList\",\"@id\":\"https:\/\/acrimat.org.br\/portal\/apos-nova-acao-da-pf-governo-federal-centralizara-fiscalizacao-de-frigorificos\/#breadcrumb\",\"itemListElement\":[{\"@type\":\"ListItem\",\"position\":1,\"name\":\"In\u00edcio\",\"item\":\"https:\/\/acrimat.org.br\/portal\/\"},{\"@type\":\"ListItem\",\"position\":2,\"name\":\"Ap\u00f3s nova a\u00e7\u00e3o da PF, governo federal centralizar\u00e1 fiscaliza\u00e7\u00e3o de frigor\u00edficos\"}]},{\"@type\":\"WebSite\",\"@id\":\"https:\/\/acrimat.org.br\/portal\/#website\",\"url\":\"https:\/\/acrimat.org.br\/portal\/\",\"name\":\"Acrimat\",\"description\":\"Associa\u00e7\u00e3o dos Criadores de Mato Grosso\",\"publisher\":{\"@id\":\"https:\/\/acrimat.org.br\/portal\/#organization\"},\"potentialAction\":[{\"@type\":\"SearchAction\",\"target\":{\"@type\":\"EntryPoint\",\"urlTemplate\":\"https:\/\/acrimat.org.br\/portal\/?s={search_term_string}\"},\"query-input\":{\"@type\":\"PropertyValueSpecification\",\"valueRequired\":true,\"valueName\":\"search_term_string\"}}],\"inLanguage\":\"pt-BR\"},{\"@type\":\"Organization\",\"@id\":\"https:\/\/acrimat.org.br\/portal\/#organization\",\"name\":\"Associa\u00e7\u00e3o dos Criadores de Mato Grosso\",\"url\":\"https:\/\/acrimat.org.br\/portal\/\",\"logo\":{\"@type\":\"ImageObject\",\"inLanguage\":\"pt-BR\",\"@id\":\"https:\/\/acrimat.org.br\/portal\/#\/schema\/logo\/image\/\",\"url\":\"https:\/\/acrimat.org.br\/portal\/wp-content\/uploads\/2018\/03\/logo-peq-original.png\",\"contentUrl\":\"https:\/\/acrimat.org.br\/portal\/wp-content\/uploads\/2018\/03\/logo-peq-original.png\",\"width\":174,\"height\":171,\"caption\":\"Associa\u00e7\u00e3o dos Criadores de Mato Grosso\"},\"image\":{\"@id\":\"https:\/\/acrimat.org.br\/portal\/#\/schema\/logo\/image\/\"}},{\"@type\":\"Person\",\"@id\":\"https:\/\/acrimat.org.br\/portal\/#\/schema\/person\/a309b9496344ff991e8e1b1d751fdd7b\",\"name\":\"Assessoria de comunica\u00e7\u00e3o ACRIMAT\",\"image\":{\"@type\":\"ImageObject\",\"inLanguage\":\"pt-BR\",\"@id\":\"https:\/\/acrimat.org.br\/portal\/#\/schema\/person\/image\/\",\"url\":\"https:\/\/secure.gravatar.com\/avatar\/2f9c28e64c317bcd762b25cb1575f1b4?s=96&d=mm&r=g\",\"contentUrl\":\"https:\/\/secure.gravatar.com\/avatar\/2f9c28e64c317bcd762b25cb1575f1b4?s=96&d=mm&r=g\",\"caption\":\"Assessoria de comunica\u00e7\u00e3o ACRIMAT\"},\"sameAs\":[\"http:\/\/acrimat.org.br\/\"],\"url\":\"https:\/\/acrimat.org.br\/portal\/author\/ascom\/\"}]}<\/script>\n<!-- \/ Yoast SEO plugin. -->","yoast_head_json":{"title":"Ap\u00f3s nova a\u00e7\u00e3o da PF, governo federal centralizar\u00e1 fiscaliza\u00e7\u00e3o de frigor\u00edficos - Acrimat","robots":{"index":"index","follow":"follow","max-snippet":"max-snippet:-1","max-image-preview":"max-image-preview:large","max-video-preview":"max-video-preview:-1"},"canonical":"https:\/\/acrimat.org.br\/portal\/apos-nova-acao-da-pf-governo-federal-centralizara-fiscalizacao-de-frigorificos\/","og_locale":"pt_BR","og_type":"article","og_title":"Ap\u00f3s nova a\u00e7\u00e3o da PF, governo federal centralizar\u00e1 fiscaliza\u00e7\u00e3o de frigor\u00edficos - Acrimat","og_description":"Ministro da Agricultura deve detalhar hoje as mudan\u00e7as que v\u00e3o retirar poder das superintend\u00eancias estaduais","og_url":"https:\/\/acrimat.org.br\/portal\/apos-nova-acao-da-pf-governo-federal-centralizara-fiscalizacao-de-frigorificos\/","og_site_name":"Acrimat","article_published_time":"2018-03-07T14:20:32+00:00","og_image":[{"width":732,"height":487,"url":"https:\/\/acrimat.org.br\/portal\/wp-content\/uploads\/2017\/11\/22-11-rural-br-chile-paraguai.jpg","type":"image\/jpeg"}],"author":"Assessoria de comunica\u00e7\u00e3o ACRIMAT","twitter_card":"summary_large_image","twitter_misc":{"Escrito por":"Assessoria de comunica\u00e7\u00e3o ACRIMAT","Est. tempo de leitura":"2 minutos"},"schema":{"@context":"https:\/\/schema.org","@graph":[{"@type":"Article","@id":"https:\/\/acrimat.org.br\/portal\/apos-nova-acao-da-pf-governo-federal-centralizara-fiscalizacao-de-frigorificos\/#article","isPartOf":{"@id":"https:\/\/acrimat.org.br\/portal\/apos-nova-acao-da-pf-governo-federal-centralizara-fiscalizacao-de-frigorificos\/"},"author":{"name":"Assessoria de comunica\u00e7\u00e3o ACRIMAT","@id":"https:\/\/acrimat.org.br\/portal\/#\/schema\/person\/a309b9496344ff991e8e1b1d751fdd7b"},"headline":"Ap\u00f3s nova a\u00e7\u00e3o da PF, governo federal centralizar\u00e1 fiscaliza\u00e7\u00e3o de frigor\u00edficos","datePublished":"2018-03-07T14:20:32+00:00","mainEntityOfPage":{"@id":"https:\/\/acrimat.org.br\/portal\/apos-nova-acao-da-pf-governo-federal-centralizara-fiscalizacao-de-frigorificos\/"},"wordCount":484,"publisher":{"@id":"https:\/\/acrimat.org.br\/portal\/#organization"},"image":{"@id":"https:\/\/acrimat.org.br\/portal\/apos-nova-acao-da-pf-governo-federal-centralizara-fiscalizacao-de-frigorificos\/#primaryimage"},"thumbnailUrl":"https:\/\/acrimat.org.br\/portal\/wp-content\/uploads\/2017\/11\/22-11-rural-br-chile-paraguai.jpg","articleSection":["Destaques","Not\u00edcias"],"inLanguage":"pt-BR"},{"@type":"WebPage","@id":"https:\/\/acrimat.org.br\/portal\/apos-nova-acao-da-pf-governo-federal-centralizara-fiscalizacao-de-frigorificos\/","url":"https:\/\/acrimat.org.br\/portal\/apos-nova-acao-da-pf-governo-federal-centralizara-fiscalizacao-de-frigorificos\/","name":"Ap\u00f3s nova a\u00e7\u00e3o da PF, governo federal centralizar\u00e1 fiscaliza\u00e7\u00e3o de frigor\u00edficos - Acrimat","isPartOf":{"@id":"https:\/\/acrimat.org.br\/portal\/#website"},"primaryImageOfPage":{"@id":"https:\/\/acrimat.org.br\/portal\/apos-nova-acao-da-pf-governo-federal-centralizara-fiscalizacao-de-frigorificos\/#primaryimage"},"image":{"@id":"https:\/\/acrimat.org.br\/portal\/apos-nova-acao-da-pf-governo-federal-centralizara-fiscalizacao-de-frigorificos\/#primaryimage"},"thumbnailUrl":"https:\/\/acrimat.org.br\/portal\/wp-content\/uploads\/2017\/11\/22-11-rural-br-chile-paraguai.jpg","datePublished":"2018-03-07T14:20:32+00:00","breadcrumb":{"@id":"https:\/\/acrimat.org.br\/portal\/apos-nova-acao-da-pf-governo-federal-centralizara-fiscalizacao-de-frigorificos\/#breadcrumb"},"inLanguage":"pt-BR","potentialAction":[{"@type":"ReadAction","target":["https:\/\/acrimat.org.br\/portal\/apos-nova-acao-da-pf-governo-federal-centralizara-fiscalizacao-de-frigorificos\/"]}]},{"@type":"ImageObject","inLanguage":"pt-BR","@id":"https:\/\/acrimat.org.br\/portal\/apos-nova-acao-da-pf-governo-federal-centralizara-fiscalizacao-de-frigorificos\/#primaryimage","url":"https:\/\/acrimat.org.br\/portal\/wp-content\/uploads\/2017\/11\/22-11-rural-br-chile-paraguai.jpg","contentUrl":"https:\/\/acrimat.org.br\/portal\/wp-content\/uploads\/2017\/11\/22-11-rural-br-chile-paraguai.jpg","width":732,"height":487},{"@type":"BreadcrumbList","@id":"https:\/\/acrimat.org.br\/portal\/apos-nova-acao-da-pf-governo-federal-centralizara-fiscalizacao-de-frigorificos\/#breadcrumb","itemListElement":[{"@type":"ListItem","position":1,"name":"In\u00edcio","item":"https:\/\/acrimat.org.br\/portal\/"},{"@type":"ListItem","position":2,"name":"Ap\u00f3s nova a\u00e7\u00e3o da PF, governo federal centralizar\u00e1 fiscaliza\u00e7\u00e3o de frigor\u00edficos"}]},{"@type":"WebSite","@id":"https:\/\/acrimat.org.br\/portal\/#website","url":"https:\/\/acrimat.org.br\/portal\/","name":"Acrimat","description":"Associa\u00e7\u00e3o dos Criadores de Mato Grosso","publisher":{"@id":"https:\/\/acrimat.org.br\/portal\/#organization"},"potentialAction":[{"@type":"SearchAction","target":{"@type":"EntryPoint","urlTemplate":"https:\/\/acrimat.org.br\/portal\/?s={search_term_string}"},"query-input":{"@type":"PropertyValueSpecification","valueRequired":true,"valueName":"search_term_string"}}],"inLanguage":"pt-BR"},{"@type":"Organization","@id":"https:\/\/acrimat.org.br\/portal\/#organization","name":"Associa\u00e7\u00e3o dos Criadores de Mato Grosso","url":"https:\/\/acrimat.org.br\/portal\/","logo":{"@type":"ImageObject","inLanguage":"pt-BR","@id":"https:\/\/acrimat.org.br\/portal\/#\/schema\/logo\/image\/","url":"https:\/\/acrimat.org.br\/portal\/wp-content\/uploads\/2018\/03\/logo-peq-original.png","contentUrl":"https:\/\/acrimat.org.br\/portal\/wp-content\/uploads\/2018\/03\/logo-peq-original.png","width":174,"height":171,"caption":"Associa\u00e7\u00e3o dos Criadores de Mato Grosso"},"image":{"@id":"https:\/\/acrimat.org.br\/portal\/#\/schema\/logo\/image\/"}},{"@type":"Person","@id":"https:\/\/acrimat.org.br\/portal\/#\/schema\/person\/a309b9496344ff991e8e1b1d751fdd7b","name":"Assessoria de comunica\u00e7\u00e3o ACRIMAT","image":{"@type":"ImageObject","inLanguage":"pt-BR","@id":"https:\/\/acrimat.org.br\/portal\/#\/schema\/person\/image\/","url":"https:\/\/secure.gravatar.com\/avatar\/2f9c28e64c317bcd762b25cb1575f1b4?s=96&d=mm&r=g","contentUrl":"https:\/\/secure.gravatar.com\/avatar\/2f9c28e64c317bcd762b25cb1575f1b4?s=96&d=mm&r=g","caption":"Assessoria de comunica\u00e7\u00e3o ACRIMAT"},"sameAs":["http:\/\/acrimat.org.br\/"],"url":"https:\/\/acrimat.org.br\/portal\/author\/ascom\/"}]}},"_links":{"self":[{"href":"https:\/\/acrimat.org.br\/portal\/wp-json\/wp\/v2\/posts\/97986283","targetHints":{"allow":["GET"]}}],"collection":[{"href":"https:\/\/acrimat.org.br\/portal\/wp-json\/wp\/v2\/posts"}],"about":[{"href":"https:\/\/acrimat.org.br\/portal\/wp-json\/wp\/v2\/types\/post"}],"author":[{"embeddable":true,"href":"https:\/\/acrimat.org.br\/portal\/wp-json\/wp\/v2\/users\/7"}],"replies":[{"embeddable":true,"href":"https:\/\/acrimat.org.br\/portal\/wp-json\/wp\/v2\/comments?post=97986283"}],"version-history":[{"count":1,"href":"https:\/\/acrimat.org.br\/portal\/wp-json\/wp\/v2\/posts\/97986283\/revisions"}],"predecessor-version":[{"id":97986284,"href":"https:\/\/acrimat.org.br\/portal\/wp-json\/wp\/v2\/posts\/97986283\/revisions\/97986284"}],"wp:featuredmedia":[{"embeddable":true,"href":"https:\/\/acrimat.org.br\/portal\/wp-json\/wp\/v2\/media\/97984891"}],"wp:attachment":[{"href":"https:\/\/acrimat.org.br\/portal\/wp-json\/wp\/v2\/media?parent=97986283"}],"wp:term":[{"taxonomy":"category","embeddable":true,"href":"https:\/\/acrimat.org.br\/portal\/wp-json\/wp\/v2\/categories?post=97986283"},{"taxonomy":"post_tag","embeddable":true,"href":"https:\/\/acrimat.org.br\/portal\/wp-json\/wp\/v2\/tags?post=97986283"}],"curies":[{"name":"wp","href":"https:\/\/api.w.org\/{rel}","templated":true}]}}