{"id":97986285,"date":"2018-03-07T11:22:29","date_gmt":"2018-03-07T14:22:29","guid":{"rendered":"http:\/\/acrimat.org.br\/portal\/?p=97986285"},"modified":"2018-03-07T11:22:29","modified_gmt":"2018-03-07T14:22:29","slug":"show-safra-acontece-no-dia-20-em-lucas-do-rio-verde","status":"publish","type":"post","link":"https:\/\/acrimat.org.br\/portal\/show-safra-acontece-no-dia-20-em-lucas-do-rio-verde\/","title":{"rendered":"Show Safra acontece no dia 20 em Lucas do Rio Verde"},"content":{"rendered":"<p>O Show Safra BR 163 deste ano ter\u00e1 em sua programa\u00e7\u00e3o uma cadeia produtiva que tem participa\u00e7\u00e3o de 28% no Valor Bruto da Produ\u00e7\u00e3o (VBP) de Mato Grosso, a bovinocultura.<\/p>\n<p>No caso tanto a bovinocultura, como a cria\u00e7\u00e3o de aves e da suinocultura est\u00e3o entre as principais consumidoras da produ\u00e7\u00e3o de milho e soja no estado, setores respons\u00e1veis por 61% do VBP mato-grossense.<\/p>\n<p>O presidente da Funda\u00e7\u00e3o Rio Verde, realizadora do evento, Marino Franz, reafirma que o Show Safra BR 163 \u00e9 um evento com dimens\u00f5es nacionais e que sempre teve como intuito agregar toda a cadeia do agroneg\u00f3cio. \u201cAssim como a agricultura, a cadeia de produ\u00e7\u00e3o de prote\u00edna animal est\u00e1 presente em toda a extens\u00e3o da BR 163. Em torno de 15% da nossa estrutura e programa\u00e7\u00e3o ser\u00e3o voltadas para esse segmento nesta edi\u00e7\u00e3o, com discuss\u00f5es relacionadas a mercados, tecnologias, equipamentos, sanidade animal entre outros temas pertinentes a estes setores\u201d, declara Franz.<\/p>\n<p>Cerca de 150 mercados s\u00e3o importadores da carne de frango brasileira. Aproximadamente 4 milh\u00f5es de toneladas do produto s\u00e3o embarcadas para exporta\u00e7\u00e3o anualmente. De acordo com o diretor executivo da Associa\u00e7\u00e3o dos Produtores de Prote\u00edna Animal (Appa) de Mato Grosso, Pablo Artifon, em torno de 60% da alimenta\u00e7\u00e3o das aves no estado vem da cadeia prim\u00e1ria do agro, que \u00e9 a agricultura (soja e principalmente o milho). \u201c\u00c9 uma forma tamb\u00e9m do evento mostrar a verticaliza\u00e7\u00e3o da cadeia do agro, a industrializa\u00e7\u00e3o dos gr\u00e3os e como um segmento agrega ao outro. Avaliamos desde j\u00e1 como uma iniciativa bastante assertiva da Funda\u00e7\u00e3o, com discuss\u00f5es que, com certeza, ir\u00e3o agregar muito aos produtores do nosso segmento\u201d, observa Artifon.<\/p>\n<p>A suinocultura exporta 21% de sua produ\u00e7\u00e3o estadual, com um rebanho de 2,5 milh\u00f5es de cabe\u00e7as, sendo que 82% dos abates s\u00e3o realizados na regi\u00e3o m\u00e9dio norte. Para o diretor executivo da Associa\u00e7\u00e3o dos Criadores de Su\u00ednos de Mato Grosso (Acrismat), Cust\u00f3dio Rodrigues de Castro Junior, o potencial de expans\u00e3o do rebanho su\u00edno est\u00e1 justamente embasado nos n\u00fameros da produ\u00e7\u00e3o de soja e milho do estado. \u201cConseguimos cada vez mais agregar valor ao nosso produto. S\u00e3o cadeias que caminham juntas. \u00c9 um setor tecnificado, com representatividade econ\u00f4mica muito forte. Em 2017, empregamos, diretamente, mais de 9 mil pessoas. O Show Safra ir\u00e1 nos permitir discutir mais amplamente todas as quest\u00f5es ligadas ao segmento, inclusive as de mercado, as quais no atual momento exigem um olhar mais atencioso\u201d, conclui Junior.<\/p>\n<p>As novas pr\u00e1ticas agropecu\u00e1rias, como Integra\u00e7\u00e3o Lavoura-Pecu\u00e1ria e a suplementa\u00e7\u00e3o alimentar de animais, aproximaram ainda mais a agricultura da pecu\u00e1ria de corte e, para muitos produtores, hoje s\u00e3o atividades complementares. Na \u00faltima d\u00e9cada, o rebanho bovino mato-grossense registrou um aumento de 12,4%, passando de 25,7 milh\u00f5es para 29,6 milh\u00f5es de animais. Presente entre os palestrantes, o diretor executivo da Associa\u00e7\u00e3o dos Criadores de Mato Grosso (Acrimat), Luciano Vacari, acrescenta que a institui\u00e7\u00e3o ir\u00e1 apresentar dados que demonstram o aumento de produtividade da atividade, resultados poss\u00edveis por meio da implanta\u00e7\u00e3o de tecnologias. \u201cOutro ponto a ser abordado durante o Show Safra 2018 ser\u00e1 a utiliza\u00e7\u00e3o de subprodutos da agricultura, como \u00e9 o caso do DDG, como fonte proteica na alimenta\u00e7\u00e3o de bovinos de corte. O DDG \u00e9 um derivado da fabrica\u00e7\u00e3o de etanol a partir do milho que possui excelente aproveitamento nutricional pelos bovinos\u201d, complementa Vacari.<\/p>\n<p>&nbsp;<\/p>\n<p><strong>Confira a programa\u00e7\u00e3o do Show Safra BR 163.<\/strong><\/p>\n<p><strong>Dia 20\/03 \u2013 Ter\u00e7a Feira<\/strong><\/p>\n<p>08h \u2013 Abertura dos Port\u00f5es<\/p>\n<p>09h \u2013 Audit\u00f3rio: Mesa Redonda \u2013 Bovinocultura \u2013 Acrimat<\/p>\n<p>Evolu\u00e7\u00e3o da produ\u00e7\u00e3o de carne bovina em Mato Grosso \u2013 Luciano de Souza Vacari \u2013 Diretor Executivo da Acrimat<\/p>\n<p>Efici\u00eancia do DDG na alimenta\u00e7\u00e3o de bovinos de corte \u2013 Prof. Dr Ricardo Andrade Reis \u2013 UNESP Jaboticabal<\/p>\n<p>Case Novapec \u2013 Dr Welton Batista Cabral \u2013 II \u2013 Case Fazenda Santo Ant\u00f4nio do Jauru \u2013 Amarildo Merotti \u2013 C\u00e1ceres<\/p>\n<p>13h \u2013 Audit\u00f3rio: Mesa Redonda \u2013 Desafios para o controle de doen\u00e7as<\/p>\n<p>Carlos Forcelini \u2013 UPF<\/p>\n<p>Luis Henrique Carregal \u2013 FESURV<\/p>\n<p>17h30 \u2013 Ferrovias: A solu\u00e7\u00e3o log\u00edstica para Mato Grosso \u2013 Guilherme Quintela<\/p>\n<p>18h \u2013 Ato Solene de Abertura<\/p>\n<p>&nbsp;<\/p>\n<p><strong>Dia 21\/03 \u2013 Quarta-feira<\/strong><\/p>\n<p>08h \u2013 Abertura dos Port\u00f5es<\/p>\n<p>09h \u2013 Audit\u00f3rio: Mesa Redonda \u2013 Avicultura \u2013 BRF\/APPA<\/p>\n<p>Controle de Salmonella em Frangos de corte \u2013 Marcos Dae Pra BRF<\/p>\n<p>Ambi\u00eancia em Frango de corte \u2013 Rafael Castro \u2013 BRF<\/p>\n<p>Produ\u00e7\u00e3o de frango Sem Antibi\u00f3ticos \u2013 Jo\u00e3o Mitter \u2013 BRF<\/p>\n<p>Uso de alimentos alternativos na produ\u00e7\u00e3o de Frangos \u2013 BRF<\/p>\n<p>13h \u2013 Audit\u00f3rio: Mesa Redonda \u2013 Avan\u00e7os e desafios no manejo de plantas daninhas<\/p>\n<p>Fernando Adegas \u2013 Embrapa\/Londrina<\/p>\n<p>Ruben de Oliveira Jr. \u2013 UEM\/Maring\u00e1<\/p>\n<p>19h \u2013 As explica\u00e7\u00f5es do Brasil \u2013 Marco Ant\u00f4nio Villa \u2013 CBN\/Jovem Pan<\/p>\n<p>&nbsp;<\/p>\n<p><strong>Dia 22\/03 \u2013 Quinta- feira<\/strong><\/p>\n<p>08h \u2013 Abertura dos Port\u00f5es<\/p>\n<p>09h \u2013 Audit\u00f3rio: Mesa Redonda \u2013 Suinocultura \u2013 Acrismat<\/p>\n<p>Tend\u00eancias no Mercado da Carne Su\u00edna \u2013 Jurandi Machado<\/p>\n<p>Gest\u00e3o Ambiental na Suinocultura \u2013 Limite de uso e sistema de monitoramento \u2013 Marco Santos<\/p>\n<p>Sanidade Su\u00eddea e Gest\u00e3o na Embrapa \u2013 Janice Zanella<\/p>\n<p>13h \u2013 Audit\u00f3rio: Mesa Redonda \u2013 Impacto do uso de biotecnologias no manejo de pragas.<\/p>\n<p>Silvestre Bellettini \u2013 UENP<\/p>\n<p>Germison Tomquelski \u2013 Funda\u00e7\u00e3o Chapad\u00e3o<\/p>\n<p>18h \u2013 Do Milho ao Pl\u00e1stico Biodegrad\u00e1vel: Os avan\u00e7os na Biotecnologia. \u2013 Henrique Ubrig \u2013 FS Bioenergia<\/p>\n<p>19h \u2013 \u201cComo as m\u00e1quinas aprendem?\u201d \u2013 Fabio Gandour \u2013 IBM<\/p>\n<p>&nbsp;<\/p>\n<p><strong>Dia 23\/03 \u2013 Sexta-feira<\/strong><\/p>\n<p>07h30 \u00e0s 11h \u2013 Audit\u00f3rio Amaz\u00f4nia: V F\u00f3rum Agricultura Familiar<\/p>\n<p>Cria\u00e7\u00e3o de pequenos Animais \u2013 Natasha Caminha \u2013 Empaer\/MT<\/p>\n<p>Mandioca: Cultura e Agroindustrializa\u00e7\u00e3o \u2013 Lindelzi Lima \u2013 Empaer\/MT<\/p>\n<p>Cooperando para o desenvolvimento local \u2013 Walter Luiz Heck<\/p>\n<p>08h30 \u00e0s 11h \u2013 Audit\u00f3rio Cerrado: Agricultura Digital \u2013 Como posso come\u00e7ar agora?<\/p>\n<p>Otavio Celidonio \u2013 Superintendente Senar\/MT<\/p>\n<p>Daneial Latorraca \u2013 Superintendente IMEA<\/p>\n<p>Rafael K\u00fcmmel \u2013 Produtor Rural<\/p>\n<p>13h \u2013 Audit\u00f3rio: Mesa Redonda \u2013 T\u00e9cnicas de manejo em soja de alto rendimento.<\/p>\n<p>Fabio Pittelkow \u2013 FRV<\/p>\n<p>Gilberto Sander \u2013 GGF<\/p>\n<p>Paulo Assun\u00e7\u00e3o \u2013 PA Consultoria<\/p>\n<p>15h30 \u2013 Audit\u00f3rio:- Debate \u201cPlano Agr\u00edcola e Pecu\u00e1rio \u2013 Propostas para 2018\/2019\u201d \u2013 Minist\u00e9rio da Agricultura, Pecu\u00e1ria e Abastecimento, institui\u00e7\u00f5es financeiras e entidades do agroneg\u00f3cio.<\/p>\n<p>17h45 \u2013 Cerim\u00f4nia de entrega do M\u00e9rito \u201cO Semeador\u201d<\/p>\n<p>18h \u2013 O Futuro do Agro \u2013 Paulo Herrmann (John Deere) e Tarc\u00edsio H\u00fcbner (vice-presidente Agro Banco do Brasil)<\/p>\n","protected":false},"excerpt":{"rendered":"<p> Show Safra BR 163 deste ano ter\u00e1 em sua programa\u00e7\u00e3o uma cadeia produtiva que tem participa\u00e7\u00e3o de 28% no Valor Bruto da Produ\u00e7\u00e3o (VBP) de Mato Grosso, a bovinocultura.<\/p>\n","protected":false},"author":7,"featured_media":97986221,"comment_status":"closed","ping_status":"closed","sticky":false,"template":"","format":"standard","meta":{"footnotes":""},"categories":[6,1],"tags":[],"class_list":["post-97986285","post","type-post","status-publish","format-standard","has-post-thumbnail","hentry","category-destaque","category-noticia"],"yoast_head":"<!-- This site is optimized with the Yoast SEO plugin v24.8.1 - https:\/\/yoast.com\/wordpress\/plugins\/seo\/ -->\n<title>Show Safra acontece no dia 20 em Lucas do Rio Verde - Acrimat<\/title>\n<meta name=\"robots\" content=\"index, follow, max-snippet:-1, max-image-preview:large, max-video-preview:-1\" \/>\n<link rel=\"canonical\" href=\"https:\/\/acrimat.org.br\/portal\/show-safra-acontece-no-dia-20-em-lucas-do-rio-verde\/\" \/>\n<meta property=\"og:locale\" content=\"pt_BR\" \/>\n<meta property=\"og:type\" content=\"article\" \/>\n<meta property=\"og:title\" content=\"Show Safra acontece no dia 20 em Lucas do Rio Verde - Acrimat\" \/>\n<meta property=\"og:description\" content=\"Show Safra BR 163 deste ano ter\u00e1 em sua programa\u00e7\u00e3o uma cadeia produtiva que tem participa\u00e7\u00e3o de 28% no Valor Bruto da Produ\u00e7\u00e3o (VBP) de Mato Grosso, a bovinocultura.\" \/>\n<meta property=\"og:url\" content=\"https:\/\/acrimat.org.br\/portal\/show-safra-acontece-no-dia-20-em-lucas-do-rio-verde\/\" \/>\n<meta property=\"og:site_name\" content=\"Acrimat\" \/>\n<meta property=\"article:published_time\" content=\"2018-03-07T14:22:29+00:00\" \/>\n<meta property=\"og:image\" content=\"https:\/\/acrimat.org.br\/portal\/wp-content\/uploads\/2018\/03\/96.jpg\" \/>\n\t<meta property=\"og:image:width\" content=\"960\" \/>\n\t<meta property=\"og:image:height\" content=\"640\" \/>\n\t<meta property=\"og:image:type\" content=\"image\/jpeg\" \/>\n<meta name=\"author\" content=\"Assessoria de comunica\u00e7\u00e3o ACRIMAT\" \/>\n<meta name=\"twitter:card\" content=\"summary_large_image\" \/>\n<meta name=\"twitter:label1\" content=\"Escrito por\" \/>\n\t<meta name=\"twitter:data1\" content=\"Assessoria de comunica\u00e7\u00e3o ACRIMAT\" \/>\n\t<meta name=\"twitter:label2\" content=\"Est. tempo de leitura\" \/>\n\t<meta name=\"twitter:data2\" content=\"5 minutos\" \/>\n<script type=\"application\/ld+json\" class=\"yoast-schema-graph\">{\"@context\":\"https:\/\/schema.org\",\"@graph\":[{\"@type\":\"Article\",\"@id\":\"https:\/\/acrimat.org.br\/portal\/show-safra-acontece-no-dia-20-em-lucas-do-rio-verde\/#article\",\"isPartOf\":{\"@id\":\"https:\/\/acrimat.org.br\/portal\/show-safra-acontece-no-dia-20-em-lucas-do-rio-verde\/\"},\"author\":{\"name\":\"Assessoria de comunica\u00e7\u00e3o ACRIMAT\",\"@id\":\"https:\/\/acrimat.org.br\/portal\/#\/schema\/person\/a309b9496344ff991e8e1b1d751fdd7b\"},\"headline\":\"Show Safra acontece no dia 20 em Lucas do Rio Verde\",\"datePublished\":\"2018-03-07T14:22:29+00:00\",\"mainEntityOfPage\":{\"@id\":\"https:\/\/acrimat.org.br\/portal\/show-safra-acontece-no-dia-20-em-lucas-do-rio-verde\/\"},\"wordCount\":1054,\"publisher\":{\"@id\":\"https:\/\/acrimat.org.br\/portal\/#organization\"},\"image\":{\"@id\":\"https:\/\/acrimat.org.br\/portal\/show-safra-acontece-no-dia-20-em-lucas-do-rio-verde\/#primaryimage\"},\"thumbnailUrl\":\"https:\/\/acrimat.org.br\/portal\/wp-content\/uploads\/2018\/03\/96.jpg\",\"articleSection\":[\"Destaques\",\"Not\u00edcias\"],\"inLanguage\":\"pt-BR\"},{\"@type\":\"WebPage\",\"@id\":\"https:\/\/acrimat.org.br\/portal\/show-safra-acontece-no-dia-20-em-lucas-do-rio-verde\/\",\"url\":\"https:\/\/acrimat.org.br\/portal\/show-safra-acontece-no-dia-20-em-lucas-do-rio-verde\/\",\"name\":\"Show Safra acontece no dia 20 em Lucas do Rio Verde - Acrimat\",\"isPartOf\":{\"@id\":\"https:\/\/acrimat.org.br\/portal\/#website\"},\"primaryImageOfPage\":{\"@id\":\"https:\/\/acrimat.org.br\/portal\/show-safra-acontece-no-dia-20-em-lucas-do-rio-verde\/#primaryimage\"},\"image\":{\"@id\":\"https:\/\/acrimat.org.br\/portal\/show-safra-acontece-no-dia-20-em-lucas-do-rio-verde\/#primaryimage\"},\"thumbnailUrl\":\"https:\/\/acrimat.org.br\/portal\/wp-content\/uploads\/2018\/03\/96.jpg\",\"datePublished\":\"2018-03-07T14:22:29+00:00\",\"breadcrumb\":{\"@id\":\"https:\/\/acrimat.org.br\/portal\/show-safra-acontece-no-dia-20-em-lucas-do-rio-verde\/#breadcrumb\"},\"inLanguage\":\"pt-BR\",\"potentialAction\":[{\"@type\":\"ReadAction\",\"target\":[\"https:\/\/acrimat.org.br\/portal\/show-safra-acontece-no-dia-20-em-lucas-do-rio-verde\/\"]}]},{\"@type\":\"ImageObject\",\"inLanguage\":\"pt-BR\",\"@id\":\"https:\/\/acrimat.org.br\/portal\/show-safra-acontece-no-dia-20-em-lucas-do-rio-verde\/#primaryimage\",\"url\":\"https:\/\/acrimat.org.br\/portal\/wp-content\/uploads\/2018\/03\/96.jpg\",\"contentUrl\":\"https:\/\/acrimat.org.br\/portal\/wp-content\/uploads\/2018\/03\/96.jpg\",\"width\":960,\"height\":640},{\"@type\":\"BreadcrumbList\",\"@id\":\"https:\/\/acrimat.org.br\/portal\/show-safra-acontece-no-dia-20-em-lucas-do-rio-verde\/#breadcrumb\",\"itemListElement\":[{\"@type\":\"ListItem\",\"position\":1,\"name\":\"In\u00edcio\",\"item\":\"https:\/\/acrimat.org.br\/portal\/\"},{\"@type\":\"ListItem\",\"position\":2,\"name\":\"Show Safra acontece no dia 20 em Lucas do Rio Verde\"}]},{\"@type\":\"WebSite\",\"@id\":\"https:\/\/acrimat.org.br\/portal\/#website\",\"url\":\"https:\/\/acrimat.org.br\/portal\/\",\"name\":\"Acrimat\",\"description\":\"Associa\u00e7\u00e3o dos Criadores de Mato Grosso\",\"publisher\":{\"@id\":\"https:\/\/acrimat.org.br\/portal\/#organization\"},\"potentialAction\":[{\"@type\":\"SearchAction\",\"target\":{\"@type\":\"EntryPoint\",\"urlTemplate\":\"https:\/\/acrimat.org.br\/portal\/?s={search_term_string}\"},\"query-input\":{\"@type\":\"PropertyValueSpecification\",\"valueRequired\":true,\"valueName\":\"search_term_string\"}}],\"inLanguage\":\"pt-BR\"},{\"@type\":\"Organization\",\"@id\":\"https:\/\/acrimat.org.br\/portal\/#organization\",\"name\":\"Associa\u00e7\u00e3o dos Criadores de Mato Grosso\",\"url\":\"https:\/\/acrimat.org.br\/portal\/\",\"logo\":{\"@type\":\"ImageObject\",\"inLanguage\":\"pt-BR\",\"@id\":\"https:\/\/acrimat.org.br\/portal\/#\/schema\/logo\/image\/\",\"url\":\"https:\/\/acrimat.org.br\/portal\/wp-content\/uploads\/2018\/03\/logo-peq-original.png\",\"contentUrl\":\"https:\/\/acrimat.org.br\/portal\/wp-content\/uploads\/2018\/03\/logo-peq-original.png\",\"width\":174,\"height\":171,\"caption\":\"Associa\u00e7\u00e3o dos Criadores de Mato Grosso\"},\"image\":{\"@id\":\"https:\/\/acrimat.org.br\/portal\/#\/schema\/logo\/image\/\"}},{\"@type\":\"Person\",\"@id\":\"https:\/\/acrimat.org.br\/portal\/#\/schema\/person\/a309b9496344ff991e8e1b1d751fdd7b\",\"name\":\"Assessoria de comunica\u00e7\u00e3o ACRIMAT\",\"image\":{\"@type\":\"ImageObject\",\"inLanguage\":\"pt-BR\",\"@id\":\"https:\/\/acrimat.org.br\/portal\/#\/schema\/person\/image\/\",\"url\":\"https:\/\/secure.gravatar.com\/avatar\/2f9c28e64c317bcd762b25cb1575f1b4?s=96&d=mm&r=g\",\"contentUrl\":\"https:\/\/secure.gravatar.com\/avatar\/2f9c28e64c317bcd762b25cb1575f1b4?s=96&d=mm&r=g\",\"caption\":\"Assessoria de comunica\u00e7\u00e3o ACRIMAT\"},\"sameAs\":[\"http:\/\/acrimat.org.br\/\"],\"url\":\"https:\/\/acrimat.org.br\/portal\/author\/ascom\/\"}]}<\/script>\n<!-- \/ Yoast SEO plugin. -->","yoast_head_json":{"title":"Show Safra acontece no dia 20 em Lucas do Rio Verde - Acrimat","robots":{"index":"index","follow":"follow","max-snippet":"max-snippet:-1","max-image-preview":"max-image-preview:large","max-video-preview":"max-video-preview:-1"},"canonical":"https:\/\/acrimat.org.br\/portal\/show-safra-acontece-no-dia-20-em-lucas-do-rio-verde\/","og_locale":"pt_BR","og_type":"article","og_title":"Show Safra acontece no dia 20 em Lucas do Rio Verde - Acrimat","og_description":"Show Safra BR 163 deste ano ter\u00e1 em sua programa\u00e7\u00e3o uma cadeia produtiva que tem participa\u00e7\u00e3o de 28% no Valor Bruto da Produ\u00e7\u00e3o (VBP) de Mato Grosso, a bovinocultura.","og_url":"https:\/\/acrimat.org.br\/portal\/show-safra-acontece-no-dia-20-em-lucas-do-rio-verde\/","og_site_name":"Acrimat","article_published_time":"2018-03-07T14:22:29+00:00","og_image":[{"width":960,"height":640,"url":"https:\/\/acrimat.org.br\/portal\/wp-content\/uploads\/2018\/03\/96.jpg","type":"image\/jpeg"}],"author":"Assessoria de comunica\u00e7\u00e3o ACRIMAT","twitter_card":"summary_large_image","twitter_misc":{"Escrito por":"Assessoria de comunica\u00e7\u00e3o ACRIMAT","Est. tempo de leitura":"5 minutos"},"schema":{"@context":"https:\/\/schema.org","@graph":[{"@type":"Article","@id":"https:\/\/acrimat.org.br\/portal\/show-safra-acontece-no-dia-20-em-lucas-do-rio-verde\/#article","isPartOf":{"@id":"https:\/\/acrimat.org.br\/portal\/show-safra-acontece-no-dia-20-em-lucas-do-rio-verde\/"},"author":{"name":"Assessoria de comunica\u00e7\u00e3o ACRIMAT","@id":"https:\/\/acrimat.org.br\/portal\/#\/schema\/person\/a309b9496344ff991e8e1b1d751fdd7b"},"headline":"Show Safra acontece no dia 20 em Lucas do Rio Verde","datePublished":"2018-03-07T14:22:29+00:00","mainEntityOfPage":{"@id":"https:\/\/acrimat.org.br\/portal\/show-safra-acontece-no-dia-20-em-lucas-do-rio-verde\/"},"wordCount":1054,"publisher":{"@id":"https:\/\/acrimat.org.br\/portal\/#organization"},"image":{"@id":"https:\/\/acrimat.org.br\/portal\/show-safra-acontece-no-dia-20-em-lucas-do-rio-verde\/#primaryimage"},"thumbnailUrl":"https:\/\/acrimat.org.br\/portal\/wp-content\/uploads\/2018\/03\/96.jpg","articleSection":["Destaques","Not\u00edcias"],"inLanguage":"pt-BR"},{"@type":"WebPage","@id":"https:\/\/acrimat.org.br\/portal\/show-safra-acontece-no-dia-20-em-lucas-do-rio-verde\/","url":"https:\/\/acrimat.org.br\/portal\/show-safra-acontece-no-dia-20-em-lucas-do-rio-verde\/","name":"Show Safra acontece no dia 20 em Lucas do Rio Verde - Acrimat","isPartOf":{"@id":"https:\/\/acrimat.org.br\/portal\/#website"},"primaryImageOfPage":{"@id":"https:\/\/acrimat.org.br\/portal\/show-safra-acontece-no-dia-20-em-lucas-do-rio-verde\/#primaryimage"},"image":{"@id":"https:\/\/acrimat.org.br\/portal\/show-safra-acontece-no-dia-20-em-lucas-do-rio-verde\/#primaryimage"},"thumbnailUrl":"https:\/\/acrimat.org.br\/portal\/wp-content\/uploads\/2018\/03\/96.jpg","datePublished":"2018-03-07T14:22:29+00:00","breadcrumb":{"@id":"https:\/\/acrimat.org.br\/portal\/show-safra-acontece-no-dia-20-em-lucas-do-rio-verde\/#breadcrumb"},"inLanguage":"pt-BR","potentialAction":[{"@type":"ReadAction","target":["https:\/\/acrimat.org.br\/portal\/show-safra-acontece-no-dia-20-em-lucas-do-rio-verde\/"]}]},{"@type":"ImageObject","inLanguage":"pt-BR","@id":"https:\/\/acrimat.org.br\/portal\/show-safra-acontece-no-dia-20-em-lucas-do-rio-verde\/#primaryimage","url":"https:\/\/acrimat.org.br\/portal\/wp-content\/uploads\/2018\/03\/96.jpg","contentUrl":"https:\/\/acrimat.org.br\/portal\/wp-content\/uploads\/2018\/03\/96.jpg","width":960,"height":640},{"@type":"BreadcrumbList","@id":"https:\/\/acrimat.org.br\/portal\/show-safra-acontece-no-dia-20-em-lucas-do-rio-verde\/#breadcrumb","itemListElement":[{"@type":"ListItem","position":1,"name":"In\u00edcio","item":"https:\/\/acrimat.org.br\/portal\/"},{"@type":"ListItem","position":2,"name":"Show Safra acontece no dia 20 em Lucas do Rio Verde"}]},{"@type":"WebSite","@id":"https:\/\/acrimat.org.br\/portal\/#website","url":"https:\/\/acrimat.org.br\/portal\/","name":"Acrimat","description":"Associa\u00e7\u00e3o dos Criadores de Mato Grosso","publisher":{"@id":"https:\/\/acrimat.org.br\/portal\/#organization"},"potentialAction":[{"@type":"SearchAction","target":{"@type":"EntryPoint","urlTemplate":"https:\/\/acrimat.org.br\/portal\/?s={search_term_string}"},"query-input":{"@type":"PropertyValueSpecification","valueRequired":true,"valueName":"search_term_string"}}],"inLanguage":"pt-BR"},{"@type":"Organization","@id":"https:\/\/acrimat.org.br\/portal\/#organization","name":"Associa\u00e7\u00e3o dos Criadores de Mato Grosso","url":"https:\/\/acrimat.org.br\/portal\/","logo":{"@type":"ImageObject","inLanguage":"pt-BR","@id":"https:\/\/acrimat.org.br\/portal\/#\/schema\/logo\/image\/","url":"https:\/\/acrimat.org.br\/portal\/wp-content\/uploads\/2018\/03\/logo-peq-original.png","contentUrl":"https:\/\/acrimat.org.br\/portal\/wp-content\/uploads\/2018\/03\/logo-peq-original.png","width":174,"height":171,"caption":"Associa\u00e7\u00e3o dos Criadores de Mato Grosso"},"image":{"@id":"https:\/\/acrimat.org.br\/portal\/#\/schema\/logo\/image\/"}},{"@type":"Person","@id":"https:\/\/acrimat.org.br\/portal\/#\/schema\/person\/a309b9496344ff991e8e1b1d751fdd7b","name":"Assessoria de comunica\u00e7\u00e3o ACRIMAT","image":{"@type":"ImageObject","inLanguage":"pt-BR","@id":"https:\/\/acrimat.org.br\/portal\/#\/schema\/person\/image\/","url":"https:\/\/secure.gravatar.com\/avatar\/2f9c28e64c317bcd762b25cb1575f1b4?s=96&d=mm&r=g","contentUrl":"https:\/\/secure.gravatar.com\/avatar\/2f9c28e64c317bcd762b25cb1575f1b4?s=96&d=mm&r=g","caption":"Assessoria de comunica\u00e7\u00e3o ACRIMAT"},"sameAs":["http:\/\/acrimat.org.br\/"],"url":"https:\/\/acrimat.org.br\/portal\/author\/ascom\/"}]}},"_links":{"self":[{"href":"https:\/\/acrimat.org.br\/portal\/wp-json\/wp\/v2\/posts\/97986285","targetHints":{"allow":["GET"]}}],"collection":[{"href":"https:\/\/acrimat.org.br\/portal\/wp-json\/wp\/v2\/posts"}],"about":[{"href":"https:\/\/acrimat.org.br\/portal\/wp-json\/wp\/v2\/types\/post"}],"author":[{"embeddable":true,"href":"https:\/\/acrimat.org.br\/portal\/wp-json\/wp\/v2\/users\/7"}],"replies":[{"embeddable":true,"href":"https:\/\/acrimat.org.br\/portal\/wp-json\/wp\/v2\/comments?post=97986285"}],"version-history":[{"count":1,"href":"https:\/\/acrimat.org.br\/portal\/wp-json\/wp\/v2\/posts\/97986285\/revisions"}],"predecessor-version":[{"id":97986286,"href":"https:\/\/acrimat.org.br\/portal\/wp-json\/wp\/v2\/posts\/97986285\/revisions\/97986286"}],"wp:featuredmedia":[{"embeddable":true,"href":"https:\/\/acrimat.org.br\/portal\/wp-json\/wp\/v2\/media\/97986221"}],"wp:attachment":[{"href":"https:\/\/acrimat.org.br\/portal\/wp-json\/wp\/v2\/media?parent=97986285"}],"wp:term":[{"taxonomy":"category","embeddable":true,"href":"https:\/\/acrimat.org.br\/portal\/wp-json\/wp\/v2\/categories?post=97986285"},{"taxonomy":"post_tag","embeddable":true,"href":"https:\/\/acrimat.org.br\/portal\/wp-json\/wp\/v2\/tags?post=97986285"}],"curies":[{"name":"wp","href":"https:\/\/api.w.org\/{rel}","templated":true}]}}