{"id":97986287,"date":"2018-03-07T11:36:08","date_gmt":"2018-03-07T14:36:08","guid":{"rendered":"http:\/\/acrimat.org.br\/portal\/?p=97986287"},"modified":"2018-03-07T11:36:08","modified_gmt":"2018-03-07T14:36:08","slug":"preco-da-carne-bovina-sobe-no-mercado-externo","status":"publish","type":"post","link":"https:\/\/acrimat.org.br\/portal\/preco-da-carne-bovina-sobe-no-mercado-externo\/","title":{"rendered":"Pre\u00e7o da carne bovina sobe no mercado externo"},"content":{"rendered":"<p>A exporta\u00e7\u00e3o de carne bovina cresce e, melhor ainda para o produtor, os pre\u00e7os valorizam-se no mercado externo.<\/p>\n<p>Mato Grosso, estado que tem o maior rebanho de gado do Brasil, aumentou em 10% as receitas com as vendas externas de carne bovina nos dois primeiros meses do ano. Nesse mesmo per\u00edodo, o volume exportado teve evolu\u00e7\u00e3o de 7%.<\/p>\n<p>Para Luciano Vacari, diretor-executivo da Acrimat (Associa\u00e7\u00e3o dos Criadores de Mato Grosso), esse ganho de receita tem de chegar tamb\u00e9m aos produtor e n\u00e3o ficar apenas nas ind\u00fastrias.<\/p>\n<p>Para apontar caminhos para a eleva\u00e7\u00e3o de receitas dos produtores, uma expedi\u00e7\u00e3o da Acrimat vai percorrer 33 munic\u00edpios de todas as regi\u00f5es produtoras do estado, mostrando como agregar valor \u00e0 pecu\u00e1ria de corte com o tema &#8220;do pasto ao prato&#8221;.<\/p>\n<p><strong>Sinais trocados<\/strong> A Quaresma sempre afeta o consumo de carnes no Brasil e mexe com os pre\u00e7os. Neste ano, os pre\u00e7os caem no atacado, mas ainda sobem no pasto.<\/p>\n<p><strong>Atacado<\/strong> Comparando os valores da segunda quinzena com os da primeira, o Imea (Instituto Mato-Grossense de Economia Agropecu\u00e1ria) apontou queda de 1,9% na carne no atacado e alta de 0,5% no pre\u00e7o do boi.<\/p>\n<p>&nbsp;<\/p>\n<p><strong>Colheitadeiras t\u00eam menor venda no primeiro bimestre em 11 anos<\/strong><\/p>\n<p>Dois anos de supersafra no Brasil n\u00e3o foram suficientes para reanimar as vendas de m\u00e1quinas agr\u00edcolas neste in\u00edcio de ano.<\/p>\n<p>Os dados divulgados nesta ter\u00e7a-feira (6) pela Anfavea (Associa\u00e7\u00e3o Nacional dos Fabricantes de Ve\u00edculos Automotores) indicam vendas em queda.<\/p>\n<p>As ind\u00fastrias colocaram apenas 4.003 unidades de m\u00e1quinas agr\u00edcolas e rodovi\u00e1rias nas revendedoras no primeiro bimestre. \u00c9 o menor n\u00famero em 13 anos para o per\u00edodo.<\/p>\n<p>A queda ocorre basicamente nas vendas de m\u00e1quinas agr\u00edcolas, uma vez que as para constru\u00e7\u00e3o registram eleva\u00e7\u00f5es de at\u00e9 150% em rela\u00e7\u00e3o \u00e0s de 2017.<\/p>\n<p>Apesar da safra de gr\u00e3os de 240 milh\u00f5es de toneladas no ano passado e de uma previs\u00e3o de volume superior a 230 milh\u00f5es neste ano, as vendas de colheitadeiras recuaram para 599 unidades de janeiro a fevereiro, o menor n\u00famero desde igual per\u00edodo de 2007.<\/p>\n<p>As vendas de tratores no atacado, apesar da maior movimenta\u00e7\u00e3o agr\u00edcola no campo nas duas \u00faltimas safras, recuaram para 3.033 unidades no primeiro bimestre.<\/p>\n<p>Ap\u00f3s a grande renova\u00e7\u00e3o da frota feita pelos produtores \u2014de 2008 a 2015, quando a compra m\u00e9dia de tratores no primeiro bimestre foi de 6.745 unidades por per\u00edodo\u2014, as vendas t\u00eam ficado em patamares menores desde 2016.<\/p>\n<p>As ind\u00fastrias acompanharam a tend\u00eancias de compra dos produtores e reduziram a produ\u00e7\u00e3o de tratores em 34%, a de colheitadeiras em 29% e a de colhedoras de cana em 18% no primeiro bimestre, em rela\u00e7\u00e3o a igual per\u00edodo de 2017.<\/p>\n<p>As ind\u00fastrias esperam que esse novo patamar elevado de produ\u00e7\u00e3o de gr\u00e3os do Brasil e uma necessidade de renova\u00e7\u00e3o da frota de m\u00e1quinas reanimem as vendas.<\/p>\n","protected":false},"excerpt":{"rendered":"<p>A exporta\u00e7\u00e3o de carne bovina cresce e, melhor ainda para o produtor, os pre\u00e7os valorizam-se no mercado externo.<\/p>\n","protected":false},"author":7,"featured_media":97985274,"comment_status":"closed","ping_status":"closed","sticky":false,"template":"","format":"standard","meta":{"footnotes":""},"categories":[6,1],"tags":[],"class_list":["post-97986287","post","type-post","status-publish","format-standard","has-post-thumbnail","hentry","category-destaque","category-noticia"],"yoast_head":"<!-- This site is optimized with the Yoast SEO plugin v24.8.1 - https:\/\/yoast.com\/wordpress\/plugins\/seo\/ -->\n<title>Pre\u00e7o da carne bovina sobe no mercado externo - Acrimat<\/title>\n<meta name=\"robots\" content=\"index, follow, max-snippet:-1, max-image-preview:large, max-video-preview:-1\" \/>\n<link rel=\"canonical\" href=\"https:\/\/acrimat.org.br\/portal\/preco-da-carne-bovina-sobe-no-mercado-externo\/\" \/>\n<meta property=\"og:locale\" content=\"pt_BR\" \/>\n<meta property=\"og:type\" content=\"article\" \/>\n<meta property=\"og:title\" content=\"Pre\u00e7o da carne bovina sobe no mercado externo - Acrimat\" \/>\n<meta property=\"og:description\" content=\"A exporta\u00e7\u00e3o de carne bovina cresce e, melhor ainda para o produtor, os pre\u00e7os valorizam-se no mercado externo.\" \/>\n<meta property=\"og:url\" content=\"https:\/\/acrimat.org.br\/portal\/preco-da-carne-bovina-sobe-no-mercado-externo\/\" \/>\n<meta property=\"og:site_name\" content=\"Acrimat\" \/>\n<meta property=\"article:published_time\" content=\"2018-03-07T14:36:08+00:00\" \/>\n<meta property=\"og:image\" content=\"https:\/\/acrimat.org.br\/portal\/wp-content\/uploads\/2017\/12\/porto.jpg\" \/>\n\t<meta property=\"og:image:width\" content=\"1280\" \/>\n\t<meta property=\"og:image:height\" content=\"780\" \/>\n\t<meta property=\"og:image:type\" content=\"image\/jpeg\" \/>\n<meta name=\"author\" content=\"Assessoria de comunica\u00e7\u00e3o ACRIMAT\" \/>\n<meta name=\"twitter:card\" content=\"summary_large_image\" \/>\n<meta name=\"twitter:label1\" content=\"Escrito por\" \/>\n\t<meta name=\"twitter:data1\" content=\"Assessoria de comunica\u00e7\u00e3o ACRIMAT\" \/>\n\t<meta name=\"twitter:label2\" content=\"Est. tempo de leitura\" \/>\n\t<meta name=\"twitter:data2\" content=\"2 minutos\" \/>\n<script type=\"application\/ld+json\" class=\"yoast-schema-graph\">{\"@context\":\"https:\/\/schema.org\",\"@graph\":[{\"@type\":\"Article\",\"@id\":\"https:\/\/acrimat.org.br\/portal\/preco-da-carne-bovina-sobe-no-mercado-externo\/#article\",\"isPartOf\":{\"@id\":\"https:\/\/acrimat.org.br\/portal\/preco-da-carne-bovina-sobe-no-mercado-externo\/\"},\"author\":{\"name\":\"Assessoria de comunica\u00e7\u00e3o ACRIMAT\",\"@id\":\"https:\/\/acrimat.org.br\/portal\/#\/schema\/person\/a309b9496344ff991e8e1b1d751fdd7b\"},\"headline\":\"Pre\u00e7o da carne bovina sobe no mercado externo\",\"datePublished\":\"2018-03-07T14:36:08+00:00\",\"mainEntityOfPage\":{\"@id\":\"https:\/\/acrimat.org.br\/portal\/preco-da-carne-bovina-sobe-no-mercado-externo\/\"},\"wordCount\":504,\"publisher\":{\"@id\":\"https:\/\/acrimat.org.br\/portal\/#organization\"},\"image\":{\"@id\":\"https:\/\/acrimat.org.br\/portal\/preco-da-carne-bovina-sobe-no-mercado-externo\/#primaryimage\"},\"thumbnailUrl\":\"https:\/\/acrimat.org.br\/portal\/wp-content\/uploads\/2017\/12\/porto.jpg\",\"articleSection\":[\"Destaques\",\"Not\u00edcias\"],\"inLanguage\":\"pt-BR\"},{\"@type\":\"WebPage\",\"@id\":\"https:\/\/acrimat.org.br\/portal\/preco-da-carne-bovina-sobe-no-mercado-externo\/\",\"url\":\"https:\/\/acrimat.org.br\/portal\/preco-da-carne-bovina-sobe-no-mercado-externo\/\",\"name\":\"Pre\u00e7o da carne bovina sobe no mercado externo - Acrimat\",\"isPartOf\":{\"@id\":\"https:\/\/acrimat.org.br\/portal\/#website\"},\"primaryImageOfPage\":{\"@id\":\"https:\/\/acrimat.org.br\/portal\/preco-da-carne-bovina-sobe-no-mercado-externo\/#primaryimage\"},\"image\":{\"@id\":\"https:\/\/acrimat.org.br\/portal\/preco-da-carne-bovina-sobe-no-mercado-externo\/#primaryimage\"},\"thumbnailUrl\":\"https:\/\/acrimat.org.br\/portal\/wp-content\/uploads\/2017\/12\/porto.jpg\",\"datePublished\":\"2018-03-07T14:36:08+00:00\",\"breadcrumb\":{\"@id\":\"https:\/\/acrimat.org.br\/portal\/preco-da-carne-bovina-sobe-no-mercado-externo\/#breadcrumb\"},\"inLanguage\":\"pt-BR\",\"potentialAction\":[{\"@type\":\"ReadAction\",\"target\":[\"https:\/\/acrimat.org.br\/portal\/preco-da-carne-bovina-sobe-no-mercado-externo\/\"]}]},{\"@type\":\"ImageObject\",\"inLanguage\":\"pt-BR\",\"@id\":\"https:\/\/acrimat.org.br\/portal\/preco-da-carne-bovina-sobe-no-mercado-externo\/#primaryimage\",\"url\":\"https:\/\/acrimat.org.br\/portal\/wp-content\/uploads\/2017\/12\/porto.jpg\",\"contentUrl\":\"https:\/\/acrimat.org.br\/portal\/wp-content\/uploads\/2017\/12\/porto.jpg\",\"width\":1280,\"height\":780},{\"@type\":\"BreadcrumbList\",\"@id\":\"https:\/\/acrimat.org.br\/portal\/preco-da-carne-bovina-sobe-no-mercado-externo\/#breadcrumb\",\"itemListElement\":[{\"@type\":\"ListItem\",\"position\":1,\"name\":\"In\u00edcio\",\"item\":\"https:\/\/acrimat.org.br\/portal\/\"},{\"@type\":\"ListItem\",\"position\":2,\"name\":\"Pre\u00e7o da carne bovina sobe no mercado externo\"}]},{\"@type\":\"WebSite\",\"@id\":\"https:\/\/acrimat.org.br\/portal\/#website\",\"url\":\"https:\/\/acrimat.org.br\/portal\/\",\"name\":\"Acrimat\",\"description\":\"Associa\u00e7\u00e3o dos Criadores de Mato Grosso\",\"publisher\":{\"@id\":\"https:\/\/acrimat.org.br\/portal\/#organization\"},\"potentialAction\":[{\"@type\":\"SearchAction\",\"target\":{\"@type\":\"EntryPoint\",\"urlTemplate\":\"https:\/\/acrimat.org.br\/portal\/?s={search_term_string}\"},\"query-input\":{\"@type\":\"PropertyValueSpecification\",\"valueRequired\":true,\"valueName\":\"search_term_string\"}}],\"inLanguage\":\"pt-BR\"},{\"@type\":\"Organization\",\"@id\":\"https:\/\/acrimat.org.br\/portal\/#organization\",\"name\":\"Associa\u00e7\u00e3o dos Criadores de Mato Grosso\",\"url\":\"https:\/\/acrimat.org.br\/portal\/\",\"logo\":{\"@type\":\"ImageObject\",\"inLanguage\":\"pt-BR\",\"@id\":\"https:\/\/acrimat.org.br\/portal\/#\/schema\/logo\/image\/\",\"url\":\"https:\/\/acrimat.org.br\/portal\/wp-content\/uploads\/2018\/03\/logo-peq-original.png\",\"contentUrl\":\"https:\/\/acrimat.org.br\/portal\/wp-content\/uploads\/2018\/03\/logo-peq-original.png\",\"width\":174,\"height\":171,\"caption\":\"Associa\u00e7\u00e3o dos Criadores de Mato Grosso\"},\"image\":{\"@id\":\"https:\/\/acrimat.org.br\/portal\/#\/schema\/logo\/image\/\"}},{\"@type\":\"Person\",\"@id\":\"https:\/\/acrimat.org.br\/portal\/#\/schema\/person\/a309b9496344ff991e8e1b1d751fdd7b\",\"name\":\"Assessoria de comunica\u00e7\u00e3o ACRIMAT\",\"image\":{\"@type\":\"ImageObject\",\"inLanguage\":\"pt-BR\",\"@id\":\"https:\/\/acrimat.org.br\/portal\/#\/schema\/person\/image\/\",\"url\":\"https:\/\/secure.gravatar.com\/avatar\/2f9c28e64c317bcd762b25cb1575f1b4?s=96&d=mm&r=g\",\"contentUrl\":\"https:\/\/secure.gravatar.com\/avatar\/2f9c28e64c317bcd762b25cb1575f1b4?s=96&d=mm&r=g\",\"caption\":\"Assessoria de comunica\u00e7\u00e3o ACRIMAT\"},\"sameAs\":[\"http:\/\/acrimat.org.br\/\"],\"url\":\"https:\/\/acrimat.org.br\/portal\/author\/ascom\/\"}]}<\/script>\n<!-- \/ Yoast SEO plugin. -->","yoast_head_json":{"title":"Pre\u00e7o da carne bovina sobe no mercado externo - Acrimat","robots":{"index":"index","follow":"follow","max-snippet":"max-snippet:-1","max-image-preview":"max-image-preview:large","max-video-preview":"max-video-preview:-1"},"canonical":"https:\/\/acrimat.org.br\/portal\/preco-da-carne-bovina-sobe-no-mercado-externo\/","og_locale":"pt_BR","og_type":"article","og_title":"Pre\u00e7o da carne bovina sobe no mercado externo - Acrimat","og_description":"A exporta\u00e7\u00e3o de carne bovina cresce e, melhor ainda para o produtor, os pre\u00e7os valorizam-se no mercado externo.","og_url":"https:\/\/acrimat.org.br\/portal\/preco-da-carne-bovina-sobe-no-mercado-externo\/","og_site_name":"Acrimat","article_published_time":"2018-03-07T14:36:08+00:00","og_image":[{"width":1280,"height":780,"url":"https:\/\/acrimat.org.br\/portal\/wp-content\/uploads\/2017\/12\/porto.jpg","type":"image\/jpeg"}],"author":"Assessoria de comunica\u00e7\u00e3o ACRIMAT","twitter_card":"summary_large_image","twitter_misc":{"Escrito por":"Assessoria de comunica\u00e7\u00e3o ACRIMAT","Est. tempo de leitura":"2 minutos"},"schema":{"@context":"https:\/\/schema.org","@graph":[{"@type":"Article","@id":"https:\/\/acrimat.org.br\/portal\/preco-da-carne-bovina-sobe-no-mercado-externo\/#article","isPartOf":{"@id":"https:\/\/acrimat.org.br\/portal\/preco-da-carne-bovina-sobe-no-mercado-externo\/"},"author":{"name":"Assessoria de comunica\u00e7\u00e3o ACRIMAT","@id":"https:\/\/acrimat.org.br\/portal\/#\/schema\/person\/a309b9496344ff991e8e1b1d751fdd7b"},"headline":"Pre\u00e7o da carne bovina sobe no mercado externo","datePublished":"2018-03-07T14:36:08+00:00","mainEntityOfPage":{"@id":"https:\/\/acrimat.org.br\/portal\/preco-da-carne-bovina-sobe-no-mercado-externo\/"},"wordCount":504,"publisher":{"@id":"https:\/\/acrimat.org.br\/portal\/#organization"},"image":{"@id":"https:\/\/acrimat.org.br\/portal\/preco-da-carne-bovina-sobe-no-mercado-externo\/#primaryimage"},"thumbnailUrl":"https:\/\/acrimat.org.br\/portal\/wp-content\/uploads\/2017\/12\/porto.jpg","articleSection":["Destaques","Not\u00edcias"],"inLanguage":"pt-BR"},{"@type":"WebPage","@id":"https:\/\/acrimat.org.br\/portal\/preco-da-carne-bovina-sobe-no-mercado-externo\/","url":"https:\/\/acrimat.org.br\/portal\/preco-da-carne-bovina-sobe-no-mercado-externo\/","name":"Pre\u00e7o da carne bovina sobe no mercado externo - Acrimat","isPartOf":{"@id":"https:\/\/acrimat.org.br\/portal\/#website"},"primaryImageOfPage":{"@id":"https:\/\/acrimat.org.br\/portal\/preco-da-carne-bovina-sobe-no-mercado-externo\/#primaryimage"},"image":{"@id":"https:\/\/acrimat.org.br\/portal\/preco-da-carne-bovina-sobe-no-mercado-externo\/#primaryimage"},"thumbnailUrl":"https:\/\/acrimat.org.br\/portal\/wp-content\/uploads\/2017\/12\/porto.jpg","datePublished":"2018-03-07T14:36:08+00:00","breadcrumb":{"@id":"https:\/\/acrimat.org.br\/portal\/preco-da-carne-bovina-sobe-no-mercado-externo\/#breadcrumb"},"inLanguage":"pt-BR","potentialAction":[{"@type":"ReadAction","target":["https:\/\/acrimat.org.br\/portal\/preco-da-carne-bovina-sobe-no-mercado-externo\/"]}]},{"@type":"ImageObject","inLanguage":"pt-BR","@id":"https:\/\/acrimat.org.br\/portal\/preco-da-carne-bovina-sobe-no-mercado-externo\/#primaryimage","url":"https:\/\/acrimat.org.br\/portal\/wp-content\/uploads\/2017\/12\/porto.jpg","contentUrl":"https:\/\/acrimat.org.br\/portal\/wp-content\/uploads\/2017\/12\/porto.jpg","width":1280,"height":780},{"@type":"BreadcrumbList","@id":"https:\/\/acrimat.org.br\/portal\/preco-da-carne-bovina-sobe-no-mercado-externo\/#breadcrumb","itemListElement":[{"@type":"ListItem","position":1,"name":"In\u00edcio","item":"https:\/\/acrimat.org.br\/portal\/"},{"@type":"ListItem","position":2,"name":"Pre\u00e7o da carne bovina sobe no mercado externo"}]},{"@type":"WebSite","@id":"https:\/\/acrimat.org.br\/portal\/#website","url":"https:\/\/acrimat.org.br\/portal\/","name":"Acrimat","description":"Associa\u00e7\u00e3o dos Criadores de Mato Grosso","publisher":{"@id":"https:\/\/acrimat.org.br\/portal\/#organization"},"potentialAction":[{"@type":"SearchAction","target":{"@type":"EntryPoint","urlTemplate":"https:\/\/acrimat.org.br\/portal\/?s={search_term_string}"},"query-input":{"@type":"PropertyValueSpecification","valueRequired":true,"valueName":"search_term_string"}}],"inLanguage":"pt-BR"},{"@type":"Organization","@id":"https:\/\/acrimat.org.br\/portal\/#organization","name":"Associa\u00e7\u00e3o dos Criadores de Mato Grosso","url":"https:\/\/acrimat.org.br\/portal\/","logo":{"@type":"ImageObject","inLanguage":"pt-BR","@id":"https:\/\/acrimat.org.br\/portal\/#\/schema\/logo\/image\/","url":"https:\/\/acrimat.org.br\/portal\/wp-content\/uploads\/2018\/03\/logo-peq-original.png","contentUrl":"https:\/\/acrimat.org.br\/portal\/wp-content\/uploads\/2018\/03\/logo-peq-original.png","width":174,"height":171,"caption":"Associa\u00e7\u00e3o dos Criadores de Mato Grosso"},"image":{"@id":"https:\/\/acrimat.org.br\/portal\/#\/schema\/logo\/image\/"}},{"@type":"Person","@id":"https:\/\/acrimat.org.br\/portal\/#\/schema\/person\/a309b9496344ff991e8e1b1d751fdd7b","name":"Assessoria de comunica\u00e7\u00e3o ACRIMAT","image":{"@type":"ImageObject","inLanguage":"pt-BR","@id":"https:\/\/acrimat.org.br\/portal\/#\/schema\/person\/image\/","url":"https:\/\/secure.gravatar.com\/avatar\/2f9c28e64c317bcd762b25cb1575f1b4?s=96&d=mm&r=g","contentUrl":"https:\/\/secure.gravatar.com\/avatar\/2f9c28e64c317bcd762b25cb1575f1b4?s=96&d=mm&r=g","caption":"Assessoria de comunica\u00e7\u00e3o ACRIMAT"},"sameAs":["http:\/\/acrimat.org.br\/"],"url":"https:\/\/acrimat.org.br\/portal\/author\/ascom\/"}]}},"_links":{"self":[{"href":"https:\/\/acrimat.org.br\/portal\/wp-json\/wp\/v2\/posts\/97986287","targetHints":{"allow":["GET"]}}],"collection":[{"href":"https:\/\/acrimat.org.br\/portal\/wp-json\/wp\/v2\/posts"}],"about":[{"href":"https:\/\/acrimat.org.br\/portal\/wp-json\/wp\/v2\/types\/post"}],"author":[{"embeddable":true,"href":"https:\/\/acrimat.org.br\/portal\/wp-json\/wp\/v2\/users\/7"}],"replies":[{"embeddable":true,"href":"https:\/\/acrimat.org.br\/portal\/wp-json\/wp\/v2\/comments?post=97986287"}],"version-history":[{"count":1,"href":"https:\/\/acrimat.org.br\/portal\/wp-json\/wp\/v2\/posts\/97986287\/revisions"}],"predecessor-version":[{"id":97986288,"href":"https:\/\/acrimat.org.br\/portal\/wp-json\/wp\/v2\/posts\/97986287\/revisions\/97986288"}],"wp:featuredmedia":[{"embeddable":true,"href":"https:\/\/acrimat.org.br\/portal\/wp-json\/wp\/v2\/media\/97985274"}],"wp:attachment":[{"href":"https:\/\/acrimat.org.br\/portal\/wp-json\/wp\/v2\/media?parent=97986287"}],"wp:term":[{"taxonomy":"category","embeddable":true,"href":"https:\/\/acrimat.org.br\/portal\/wp-json\/wp\/v2\/categories?post=97986287"},{"taxonomy":"post_tag","embeddable":true,"href":"https:\/\/acrimat.org.br\/portal\/wp-json\/wp\/v2\/tags?post=97986287"}],"curies":[{"name":"wp","href":"https:\/\/api.w.org\/{rel}","templated":true}]}}