{"id":97986311,"date":"2018-03-09T15:39:36","date_gmt":"2018-03-09T18:39:36","guid":{"rendered":"http:\/\/acrimat.org.br\/portal\/?p=97986311"},"modified":"2018-03-09T15:40:26","modified_gmt":"2018-03-09T18:40:26","slug":"retracao-na-demanda-reduz-preco-no-varejo","status":"publish","type":"post","link":"https:\/\/acrimat.org.br\/portal\/retracao-na-demanda-reduz-preco-no-varejo\/","title":{"rendered":"Retra\u00e7\u00e3o na demanda reduz pre\u00e7o no varejo"},"content":{"rendered":"<p>Redu\u00e7\u00e3o no consumo da carne bovina nesta \u00e9poca do ano, em fun\u00e7\u00e3o da Quaresma, pressiona os pre\u00e7os no varejo. Em fevereiro, a maioria dos cortes ficaram mais baratos para o consumidor final em compara\u00e7\u00e3o com janeiro, se gundo pesquisa mensal realizada pelo Instituto Mato-grossense de Economia Agropecu\u00e1ria (Imea), divulgada esta semana. Dos 16 cortes cotados nos a\u00e7ougues de Cuiab\u00e1, 10 tiveram redu\u00e7\u00e3o de pre\u00e7os. Em m\u00e9dia, o quilo do pro- duto apresentou queda de 1,36% de janeiro para fevereiro.<\/p>\n<p>Entre as op\u00e7\u00f5es que ficaram mais em conta ao consumidor cuiabano destacam-se a costela bovina (-9,39%), a picanha (-6,14%), o contrafil\u00e9 (-4,39%) e o cox\u00e3o duro (-4,30%). O quilo desses itens esteve cotado respectivamente a R$ 11,23, R$ 36,22, R$ 26,82 e 20,67 no m\u00eas passado. Morador de um bairro perif\u00e9rico de Cuiab\u00e1, Jo\u00e3o Rodrigues, 71, compra carne no a\u00e7ougue e n\u00e3o no supermercado e se preocupa em comparar os pre\u00e7os entre os estabelecimentos. Na percep\u00e7\u00e3o dele, os cortes de 2a est\u00e3o mais acess\u00edveis. \u201cCompro mais paleta e costela. Reparei que os pre\u00e7os reduziram, mas pouco. E tem diferen\u00e7a (de valores) entre os a\u00e7ougues\u201d.<\/p>\n<p>De acordo com os analistas do Imea, a absten\u00e7\u00e3o do consumo de carne vermelha no per\u00edodo de 14 de fevereiro a 29 de mar\u00e7o, quando se celebra a Quaresma, eleva a oferta no mercado interno e isso pressiona os pre\u00e7os do produto.\u00a0 \u201cPelo fato de o Brasil ter uma popula\u00e7\u00e3o predominantemente crist\u00e3, tal processo acaba gerando reflexos diretos no mercado c\u00e1rneo, dificultando o escoamento da carne bovina nas g\u00f4ndolas dos supermercados e consequente- mente afetando o pre\u00e7o do boi gordo\u201d, comentam os analistas.<\/p>\n<p>Outro fator que interfere nas vendas de carne bovina no varejo \u00e9 o barateamento da carne de frango, decorrente do aumento da oferta interna com o fechamento do mercado russo para o produto, afirma o vice-presidente do Sindicato das Ind\u00fastrias Frigor\u00edficas de Mato Grosso (Sindifrigo\/MT), Paulo Bellincanta. \u201cHoje \u00e9 poss\u00edvel encontrar coxa de frango a R$ 3 o quilo. Esses valores mais atraentes do frango concorrem para uma press\u00e3o de baixa no pre\u00e7o da carne bovina\u201d. Segundo ele, os cortes de carne bovina est\u00e3o com tend\u00eancia mais forte de queda nos pre\u00e7os.<\/p>\n<p><strong>Impacto<\/strong><\/p>\n<p>Apesar da ligeira queda nos pre\u00e7os da prote\u00edna animal no varejo, o consumo mensal de 6,6 quilos de carne bovina impactou em R$ 123,09 o or\u00e7amento do consumidor cuiabano no \u00faltimo\u00a0 m\u00eas, segundo o Departamento Intersindical de Estat\u00edsticas e Estudos Socioecon\u00f4micos (Dieese). O valor representou 31% do valor da cesta b\u00e1sica em Cuiab\u00e1 em fevereiro, quando alcan\u00e7ou o valor de R$ 395,03.<\/p>\n","protected":false},"excerpt":{"rendered":"<p>Em Cuiab\u00e1, 3 dos 4 cortes de carne bovina cotados pelo Imea tiveram redu\u00e7\u00e3o mensal de pre\u00e7o no atacado<\/p>\n","protected":false},"author":7,"featured_media":97985281,"comment_status":"closed","ping_status":"closed","sticky":false,"template":"","format":"standard","meta":{"footnotes":""},"categories":[6,1],"tags":[],"class_list":["post-97986311","post","type-post","status-publish","format-standard","has-post-thumbnail","hentry","category-destaque","category-noticia"],"yoast_head":"<!-- This site is optimized with the Yoast SEO plugin v24.8.1 - https:\/\/yoast.com\/wordpress\/plugins\/seo\/ -->\n<title>Retra\u00e7\u00e3o na demanda reduz pre\u00e7o no varejo - Acrimat<\/title>\n<meta name=\"robots\" content=\"index, follow, max-snippet:-1, max-image-preview:large, max-video-preview:-1\" \/>\n<link rel=\"canonical\" href=\"https:\/\/acrimat.org.br\/portal\/retracao-na-demanda-reduz-preco-no-varejo\/\" \/>\n<meta property=\"og:locale\" content=\"pt_BR\" \/>\n<meta property=\"og:type\" content=\"article\" \/>\n<meta property=\"og:title\" content=\"Retra\u00e7\u00e3o na demanda reduz pre\u00e7o no varejo - Acrimat\" \/>\n<meta property=\"og:description\" content=\"Em Cuiab\u00e1, 3 dos 4 cortes de carne bovina cotados pelo Imea tiveram redu\u00e7\u00e3o mensal de pre\u00e7o no atacado\" \/>\n<meta property=\"og:url\" content=\"https:\/\/acrimat.org.br\/portal\/retracao-na-demanda-reduz-preco-no-varejo\/\" \/>\n<meta property=\"og:site_name\" content=\"Acrimat\" \/>\n<meta property=\"article:published_time\" content=\"2018-03-09T18:39:36+00:00\" \/>\n<meta property=\"article:modified_time\" content=\"2018-03-09T18:40:26+00:00\" \/>\n<meta property=\"og:image\" content=\"https:\/\/acrimat.org.br\/portal\/wp-content\/uploads\/2017\/12\/frigorifico1.jpg\" \/>\n\t<meta property=\"og:image:width\" content=\"730\" \/>\n\t<meta property=\"og:image:height\" content=\"502\" \/>\n\t<meta property=\"og:image:type\" content=\"image\/jpeg\" \/>\n<meta name=\"author\" content=\"Assessoria de comunica\u00e7\u00e3o ACRIMAT\" \/>\n<meta name=\"twitter:card\" content=\"summary_large_image\" \/>\n<meta name=\"twitter:label1\" content=\"Escrito por\" \/>\n\t<meta name=\"twitter:data1\" content=\"Assessoria de comunica\u00e7\u00e3o ACRIMAT\" \/>\n\t<meta name=\"twitter:label2\" content=\"Est. tempo de leitura\" \/>\n\t<meta name=\"twitter:data2\" content=\"2 minutos\" \/>\n<script type=\"application\/ld+json\" class=\"yoast-schema-graph\">{\"@context\":\"https:\/\/schema.org\",\"@graph\":[{\"@type\":\"Article\",\"@id\":\"https:\/\/acrimat.org.br\/portal\/retracao-na-demanda-reduz-preco-no-varejo\/#article\",\"isPartOf\":{\"@id\":\"https:\/\/acrimat.org.br\/portal\/retracao-na-demanda-reduz-preco-no-varejo\/\"},\"author\":{\"name\":\"Assessoria de comunica\u00e7\u00e3o ACRIMAT\",\"@id\":\"https:\/\/acrimat.org.br\/portal\/#\/schema\/person\/a309b9496344ff991e8e1b1d751fdd7b\"},\"headline\":\"Retra\u00e7\u00e3o na demanda reduz pre\u00e7o no varejo\",\"datePublished\":\"2018-03-09T18:39:36+00:00\",\"dateModified\":\"2018-03-09T18:40:26+00:00\",\"mainEntityOfPage\":{\"@id\":\"https:\/\/acrimat.org.br\/portal\/retracao-na-demanda-reduz-preco-no-varejo\/\"},\"wordCount\":461,\"publisher\":{\"@id\":\"https:\/\/acrimat.org.br\/portal\/#organization\"},\"image\":{\"@id\":\"https:\/\/acrimat.org.br\/portal\/retracao-na-demanda-reduz-preco-no-varejo\/#primaryimage\"},\"thumbnailUrl\":\"https:\/\/acrimat.org.br\/portal\/wp-content\/uploads\/2017\/12\/frigorifico1.jpg\",\"articleSection\":[\"Destaques\",\"Not\u00edcias\"],\"inLanguage\":\"pt-BR\"},{\"@type\":\"WebPage\",\"@id\":\"https:\/\/acrimat.org.br\/portal\/retracao-na-demanda-reduz-preco-no-varejo\/\",\"url\":\"https:\/\/acrimat.org.br\/portal\/retracao-na-demanda-reduz-preco-no-varejo\/\",\"name\":\"Retra\u00e7\u00e3o na demanda reduz pre\u00e7o no varejo - Acrimat\",\"isPartOf\":{\"@id\":\"https:\/\/acrimat.org.br\/portal\/#website\"},\"primaryImageOfPage\":{\"@id\":\"https:\/\/acrimat.org.br\/portal\/retracao-na-demanda-reduz-preco-no-varejo\/#primaryimage\"},\"image\":{\"@id\":\"https:\/\/acrimat.org.br\/portal\/retracao-na-demanda-reduz-preco-no-varejo\/#primaryimage\"},\"thumbnailUrl\":\"https:\/\/acrimat.org.br\/portal\/wp-content\/uploads\/2017\/12\/frigorifico1.jpg\",\"datePublished\":\"2018-03-09T18:39:36+00:00\",\"dateModified\":\"2018-03-09T18:40:26+00:00\",\"breadcrumb\":{\"@id\":\"https:\/\/acrimat.org.br\/portal\/retracao-na-demanda-reduz-preco-no-varejo\/#breadcrumb\"},\"inLanguage\":\"pt-BR\",\"potentialAction\":[{\"@type\":\"ReadAction\",\"target\":[\"https:\/\/acrimat.org.br\/portal\/retracao-na-demanda-reduz-preco-no-varejo\/\"]}]},{\"@type\":\"ImageObject\",\"inLanguage\":\"pt-BR\",\"@id\":\"https:\/\/acrimat.org.br\/portal\/retracao-na-demanda-reduz-preco-no-varejo\/#primaryimage\",\"url\":\"https:\/\/acrimat.org.br\/portal\/wp-content\/uploads\/2017\/12\/frigorifico1.jpg\",\"contentUrl\":\"https:\/\/acrimat.org.br\/portal\/wp-content\/uploads\/2017\/12\/frigorifico1.jpg\",\"width\":730,\"height\":502},{\"@type\":\"BreadcrumbList\",\"@id\":\"https:\/\/acrimat.org.br\/portal\/retracao-na-demanda-reduz-preco-no-varejo\/#breadcrumb\",\"itemListElement\":[{\"@type\":\"ListItem\",\"position\":1,\"name\":\"In\u00edcio\",\"item\":\"https:\/\/acrimat.org.br\/portal\/\"},{\"@type\":\"ListItem\",\"position\":2,\"name\":\"Retra\u00e7\u00e3o na demanda reduz pre\u00e7o no varejo\"}]},{\"@type\":\"WebSite\",\"@id\":\"https:\/\/acrimat.org.br\/portal\/#website\",\"url\":\"https:\/\/acrimat.org.br\/portal\/\",\"name\":\"Acrimat\",\"description\":\"Associa\u00e7\u00e3o dos Criadores de Mato Grosso\",\"publisher\":{\"@id\":\"https:\/\/acrimat.org.br\/portal\/#organization\"},\"potentialAction\":[{\"@type\":\"SearchAction\",\"target\":{\"@type\":\"EntryPoint\",\"urlTemplate\":\"https:\/\/acrimat.org.br\/portal\/?s={search_term_string}\"},\"query-input\":{\"@type\":\"PropertyValueSpecification\",\"valueRequired\":true,\"valueName\":\"search_term_string\"}}],\"inLanguage\":\"pt-BR\"},{\"@type\":\"Organization\",\"@id\":\"https:\/\/acrimat.org.br\/portal\/#organization\",\"name\":\"Associa\u00e7\u00e3o dos Criadores de Mato Grosso\",\"url\":\"https:\/\/acrimat.org.br\/portal\/\",\"logo\":{\"@type\":\"ImageObject\",\"inLanguage\":\"pt-BR\",\"@id\":\"https:\/\/acrimat.org.br\/portal\/#\/schema\/logo\/image\/\",\"url\":\"https:\/\/acrimat.org.br\/portal\/wp-content\/uploads\/2018\/03\/logo-peq-original.png\",\"contentUrl\":\"https:\/\/acrimat.org.br\/portal\/wp-content\/uploads\/2018\/03\/logo-peq-original.png\",\"width\":174,\"height\":171,\"caption\":\"Associa\u00e7\u00e3o dos Criadores de Mato Grosso\"},\"image\":{\"@id\":\"https:\/\/acrimat.org.br\/portal\/#\/schema\/logo\/image\/\"}},{\"@type\":\"Person\",\"@id\":\"https:\/\/acrimat.org.br\/portal\/#\/schema\/person\/a309b9496344ff991e8e1b1d751fdd7b\",\"name\":\"Assessoria de comunica\u00e7\u00e3o ACRIMAT\",\"image\":{\"@type\":\"ImageObject\",\"inLanguage\":\"pt-BR\",\"@id\":\"https:\/\/acrimat.org.br\/portal\/#\/schema\/person\/image\/\",\"url\":\"https:\/\/secure.gravatar.com\/avatar\/2f9c28e64c317bcd762b25cb1575f1b4?s=96&d=mm&r=g\",\"contentUrl\":\"https:\/\/secure.gravatar.com\/avatar\/2f9c28e64c317bcd762b25cb1575f1b4?s=96&d=mm&r=g\",\"caption\":\"Assessoria de comunica\u00e7\u00e3o ACRIMAT\"},\"sameAs\":[\"http:\/\/acrimat.org.br\/\"],\"url\":\"https:\/\/acrimat.org.br\/portal\/author\/ascom\/\"}]}<\/script>\n<!-- \/ Yoast SEO plugin. -->","yoast_head_json":{"title":"Retra\u00e7\u00e3o na demanda reduz pre\u00e7o no varejo - Acrimat","robots":{"index":"index","follow":"follow","max-snippet":"max-snippet:-1","max-image-preview":"max-image-preview:large","max-video-preview":"max-video-preview:-1"},"canonical":"https:\/\/acrimat.org.br\/portal\/retracao-na-demanda-reduz-preco-no-varejo\/","og_locale":"pt_BR","og_type":"article","og_title":"Retra\u00e7\u00e3o na demanda reduz pre\u00e7o no varejo - Acrimat","og_description":"Em Cuiab\u00e1, 3 dos 4 cortes de carne bovina cotados pelo Imea tiveram redu\u00e7\u00e3o mensal de pre\u00e7o no atacado","og_url":"https:\/\/acrimat.org.br\/portal\/retracao-na-demanda-reduz-preco-no-varejo\/","og_site_name":"Acrimat","article_published_time":"2018-03-09T18:39:36+00:00","article_modified_time":"2018-03-09T18:40:26+00:00","og_image":[{"width":730,"height":502,"url":"https:\/\/acrimat.org.br\/portal\/wp-content\/uploads\/2017\/12\/frigorifico1.jpg","type":"image\/jpeg"}],"author":"Assessoria de comunica\u00e7\u00e3o ACRIMAT","twitter_card":"summary_large_image","twitter_misc":{"Escrito por":"Assessoria de comunica\u00e7\u00e3o ACRIMAT","Est. tempo de leitura":"2 minutos"},"schema":{"@context":"https:\/\/schema.org","@graph":[{"@type":"Article","@id":"https:\/\/acrimat.org.br\/portal\/retracao-na-demanda-reduz-preco-no-varejo\/#article","isPartOf":{"@id":"https:\/\/acrimat.org.br\/portal\/retracao-na-demanda-reduz-preco-no-varejo\/"},"author":{"name":"Assessoria de comunica\u00e7\u00e3o ACRIMAT","@id":"https:\/\/acrimat.org.br\/portal\/#\/schema\/person\/a309b9496344ff991e8e1b1d751fdd7b"},"headline":"Retra\u00e7\u00e3o na demanda reduz pre\u00e7o no varejo","datePublished":"2018-03-09T18:39:36+00:00","dateModified":"2018-03-09T18:40:26+00:00","mainEntityOfPage":{"@id":"https:\/\/acrimat.org.br\/portal\/retracao-na-demanda-reduz-preco-no-varejo\/"},"wordCount":461,"publisher":{"@id":"https:\/\/acrimat.org.br\/portal\/#organization"},"image":{"@id":"https:\/\/acrimat.org.br\/portal\/retracao-na-demanda-reduz-preco-no-varejo\/#primaryimage"},"thumbnailUrl":"https:\/\/acrimat.org.br\/portal\/wp-content\/uploads\/2017\/12\/frigorifico1.jpg","articleSection":["Destaques","Not\u00edcias"],"inLanguage":"pt-BR"},{"@type":"WebPage","@id":"https:\/\/acrimat.org.br\/portal\/retracao-na-demanda-reduz-preco-no-varejo\/","url":"https:\/\/acrimat.org.br\/portal\/retracao-na-demanda-reduz-preco-no-varejo\/","name":"Retra\u00e7\u00e3o na demanda reduz pre\u00e7o no varejo - Acrimat","isPartOf":{"@id":"https:\/\/acrimat.org.br\/portal\/#website"},"primaryImageOfPage":{"@id":"https:\/\/acrimat.org.br\/portal\/retracao-na-demanda-reduz-preco-no-varejo\/#primaryimage"},"image":{"@id":"https:\/\/acrimat.org.br\/portal\/retracao-na-demanda-reduz-preco-no-varejo\/#primaryimage"},"thumbnailUrl":"https:\/\/acrimat.org.br\/portal\/wp-content\/uploads\/2017\/12\/frigorifico1.jpg","datePublished":"2018-03-09T18:39:36+00:00","dateModified":"2018-03-09T18:40:26+00:00","breadcrumb":{"@id":"https:\/\/acrimat.org.br\/portal\/retracao-na-demanda-reduz-preco-no-varejo\/#breadcrumb"},"inLanguage":"pt-BR","potentialAction":[{"@type":"ReadAction","target":["https:\/\/acrimat.org.br\/portal\/retracao-na-demanda-reduz-preco-no-varejo\/"]}]},{"@type":"ImageObject","inLanguage":"pt-BR","@id":"https:\/\/acrimat.org.br\/portal\/retracao-na-demanda-reduz-preco-no-varejo\/#primaryimage","url":"https:\/\/acrimat.org.br\/portal\/wp-content\/uploads\/2017\/12\/frigorifico1.jpg","contentUrl":"https:\/\/acrimat.org.br\/portal\/wp-content\/uploads\/2017\/12\/frigorifico1.jpg","width":730,"height":502},{"@type":"BreadcrumbList","@id":"https:\/\/acrimat.org.br\/portal\/retracao-na-demanda-reduz-preco-no-varejo\/#breadcrumb","itemListElement":[{"@type":"ListItem","position":1,"name":"In\u00edcio","item":"https:\/\/acrimat.org.br\/portal\/"},{"@type":"ListItem","position":2,"name":"Retra\u00e7\u00e3o na demanda reduz pre\u00e7o no varejo"}]},{"@type":"WebSite","@id":"https:\/\/acrimat.org.br\/portal\/#website","url":"https:\/\/acrimat.org.br\/portal\/","name":"Acrimat","description":"Associa\u00e7\u00e3o dos Criadores de Mato Grosso","publisher":{"@id":"https:\/\/acrimat.org.br\/portal\/#organization"},"potentialAction":[{"@type":"SearchAction","target":{"@type":"EntryPoint","urlTemplate":"https:\/\/acrimat.org.br\/portal\/?s={search_term_string}"},"query-input":{"@type":"PropertyValueSpecification","valueRequired":true,"valueName":"search_term_string"}}],"inLanguage":"pt-BR"},{"@type":"Organization","@id":"https:\/\/acrimat.org.br\/portal\/#organization","name":"Associa\u00e7\u00e3o dos Criadores de Mato Grosso","url":"https:\/\/acrimat.org.br\/portal\/","logo":{"@type":"ImageObject","inLanguage":"pt-BR","@id":"https:\/\/acrimat.org.br\/portal\/#\/schema\/logo\/image\/","url":"https:\/\/acrimat.org.br\/portal\/wp-content\/uploads\/2018\/03\/logo-peq-original.png","contentUrl":"https:\/\/acrimat.org.br\/portal\/wp-content\/uploads\/2018\/03\/logo-peq-original.png","width":174,"height":171,"caption":"Associa\u00e7\u00e3o dos Criadores de Mato Grosso"},"image":{"@id":"https:\/\/acrimat.org.br\/portal\/#\/schema\/logo\/image\/"}},{"@type":"Person","@id":"https:\/\/acrimat.org.br\/portal\/#\/schema\/person\/a309b9496344ff991e8e1b1d751fdd7b","name":"Assessoria de comunica\u00e7\u00e3o ACRIMAT","image":{"@type":"ImageObject","inLanguage":"pt-BR","@id":"https:\/\/acrimat.org.br\/portal\/#\/schema\/person\/image\/","url":"https:\/\/secure.gravatar.com\/avatar\/2f9c28e64c317bcd762b25cb1575f1b4?s=96&d=mm&r=g","contentUrl":"https:\/\/secure.gravatar.com\/avatar\/2f9c28e64c317bcd762b25cb1575f1b4?s=96&d=mm&r=g","caption":"Assessoria de comunica\u00e7\u00e3o ACRIMAT"},"sameAs":["http:\/\/acrimat.org.br\/"],"url":"https:\/\/acrimat.org.br\/portal\/author\/ascom\/"}]}},"_links":{"self":[{"href":"https:\/\/acrimat.org.br\/portal\/wp-json\/wp\/v2\/posts\/97986311","targetHints":{"allow":["GET"]}}],"collection":[{"href":"https:\/\/acrimat.org.br\/portal\/wp-json\/wp\/v2\/posts"}],"about":[{"href":"https:\/\/acrimat.org.br\/portal\/wp-json\/wp\/v2\/types\/post"}],"author":[{"embeddable":true,"href":"https:\/\/acrimat.org.br\/portal\/wp-json\/wp\/v2\/users\/7"}],"replies":[{"embeddable":true,"href":"https:\/\/acrimat.org.br\/portal\/wp-json\/wp\/v2\/comments?post=97986311"}],"version-history":[{"count":1,"href":"https:\/\/acrimat.org.br\/portal\/wp-json\/wp\/v2\/posts\/97986311\/revisions"}],"predecessor-version":[{"id":97986312,"href":"https:\/\/acrimat.org.br\/portal\/wp-json\/wp\/v2\/posts\/97986311\/revisions\/97986312"}],"wp:featuredmedia":[{"embeddable":true,"href":"https:\/\/acrimat.org.br\/portal\/wp-json\/wp\/v2\/media\/97985281"}],"wp:attachment":[{"href":"https:\/\/acrimat.org.br\/portal\/wp-json\/wp\/v2\/media?parent=97986311"}],"wp:term":[{"taxonomy":"category","embeddable":true,"href":"https:\/\/acrimat.org.br\/portal\/wp-json\/wp\/v2\/categories?post=97986311"},{"taxonomy":"post_tag","embeddable":true,"href":"https:\/\/acrimat.org.br\/portal\/wp-json\/wp\/v2\/tags?post=97986311"}],"curies":[{"name":"wp","href":"https:\/\/api.w.org\/{rel}","templated":true}]}}