{"id":97986328,"date":"2018-03-12T10:20:07","date_gmt":"2018-03-12T13:20:07","guid":{"rendered":"http:\/\/acrimat.org.br\/portal\/?p=97986328"},"modified":"2018-03-12T10:20:07","modified_gmt":"2018-03-12T13:20:07","slug":"pjc-de-barra-do-garcas-integra-programa-que-aproxima-populacao-do-campo-das-forcas-de-seguranca","status":"publish","type":"post","link":"https:\/\/acrimat.org.br\/portal\/pjc-de-barra-do-garcas-integra-programa-que-aproxima-populacao-do-campo-das-forcas-de-seguranca\/","title":{"rendered":"PJC de Barra do Gar\u00e7as integra programa que aproxima popula\u00e7\u00e3o do campo das for\u00e7as de Seguran\u00e7a"},"content":{"rendered":"<p>Com o slogan \u201cAproximando a popula\u00e7\u00e3o do campo das for\u00e7as de Seguran\u00e7a\u201d, a campanha Fazenda Segura foi lan\u00e7ada na quinta-feira (08) pelas Policias Judiciaria Civil e Militar, a Per\u00edcia Oficial e Identifica\u00e7\u00e3o T\u00e9cnica (Politec), em parceria com a Associa\u00e7\u00e3o dos Criadores de Mato Grosso (Acrimat) e Sindicato Rural de Barra do Gar\u00e7as.<\/p>\n<p>O ponto de partida acontece com diversas visita\u00e7\u00f5es dos policiais em propriedades situadas nos munic\u00edpios de Barra do Gar\u00e7as, Torixor\u00e9u, Araguaiana, Ribeir\u00e3ozinho, Pontal do Araguaia, General Carneiro e Novo S\u00e3o Joaquim.<\/p>\n<p>Nas cidades que integram o projeto haver\u00e1 cadastramento das propriedades no programa, mapeamento da regi\u00e3o que ser\u00e1 acompanhada, levando inicialmente orienta\u00e7\u00e3o preventiva para evitar crimes, especialmente o furto de gados. Al\u00e9m de reunir informa\u00e7\u00f5es que podem subsidiar investiga\u00e7\u00f5es conduzidas pela Pol\u00edcia Judici\u00e1ria Civil.<\/p>\n<p>A campanha tamb\u00e9m busca conscientizar os comerciantes sobre a ilicitude do ato de comprar carne clandestina (sem proced\u00eancia comprovada) \u2013 que al\u00e9m do risco \u00e0 sa\u00fade p\u00fablica, configura o crime de recepta\u00e7\u00e3o.<\/p>\n<p>Tamb\u00e9m ser\u00e1 realizado esclarecimento junto \u00e0 popula\u00e7\u00e3o sobre a import\u00e2ncia da den\u00fancia an\u00f4nima para coibir a atividade criminosa. Qualquer cidad\u00e3o pode fazer sua den\u00fancia por meio dos telefones 197 e 190.<\/p>\n<p>O programa foi lan\u00e7ado durante o evento Agrotec Show, maior feira de neg\u00f3cios agropecu\u00e1rios da regi\u00e3o. Para expandir o cadastro de todas as fazendas da regi\u00e3o, propaganda em r\u00e1dios ser\u00e3o vinculadas para conhecimento e propaga\u00e7\u00e3o do projeto.<\/p>\n<p>Est\u00e3o a frente do projeto os delegados Adilson Gon\u00e7alves de Macedo, Joaquim Leit\u00e3o J\u00fanior e Wilyney Santana Borges, que palestrou no evento, al\u00e9m de representantes da Pol\u00edcia Militar, Politec e entidades parceiras.<\/p>\n","protected":false},"excerpt":{"rendered":"<p>Nas cidades que integram o projeto haver\u00e1 cadastramento das propriedades no programa.<\/p>\n","protected":false},"author":7,"featured_media":0,"comment_status":"closed","ping_status":"closed","sticky":false,"template":"","format":"standard","meta":{"footnotes":""},"categories":[6,1],"tags":[],"class_list":["post-97986328","post","type-post","status-publish","format-standard","hentry","category-destaque","category-noticia"],"yoast_head":"<!-- This site is optimized with the Yoast SEO plugin v24.8.1 - https:\/\/yoast.com\/wordpress\/plugins\/seo\/ -->\n<title>PJC de Barra do Gar\u00e7as integra programa que aproxima popula\u00e7\u00e3o do campo das for\u00e7as de Seguran\u00e7a - Acrimat<\/title>\n<meta name=\"robots\" content=\"index, follow, max-snippet:-1, max-image-preview:large, max-video-preview:-1\" \/>\n<link rel=\"canonical\" href=\"https:\/\/acrimat.org.br\/portal\/pjc-de-barra-do-garcas-integra-programa-que-aproxima-populacao-do-campo-das-forcas-de-seguranca\/\" \/>\n<meta property=\"og:locale\" content=\"pt_BR\" \/>\n<meta property=\"og:type\" content=\"article\" \/>\n<meta property=\"og:title\" content=\"PJC de Barra do Gar\u00e7as integra programa que aproxima popula\u00e7\u00e3o do campo das for\u00e7as de Seguran\u00e7a - Acrimat\" \/>\n<meta property=\"og:description\" content=\"Nas cidades que integram o projeto haver\u00e1 cadastramento das propriedades no programa.\" \/>\n<meta property=\"og:url\" content=\"https:\/\/acrimat.org.br\/portal\/pjc-de-barra-do-garcas-integra-programa-que-aproxima-populacao-do-campo-das-forcas-de-seguranca\/\" \/>\n<meta property=\"og:site_name\" content=\"Acrimat\" \/>\n<meta property=\"article:published_time\" content=\"2018-03-12T13:20:07+00:00\" \/>\n<meta name=\"author\" content=\"Assessoria de comunica\u00e7\u00e3o ACRIMAT\" \/>\n<meta name=\"twitter:card\" content=\"summary_large_image\" \/>\n<meta name=\"twitter:label1\" content=\"Escrito por\" \/>\n\t<meta name=\"twitter:data1\" content=\"Assessoria de comunica\u00e7\u00e3o ACRIMAT\" \/>\n\t<meta name=\"twitter:label2\" content=\"Est. tempo de leitura\" \/>\n\t<meta name=\"twitter:data2\" content=\"2 minutos\" \/>\n<script type=\"application\/ld+json\" class=\"yoast-schema-graph\">{\"@context\":\"https:\/\/schema.org\",\"@graph\":[{\"@type\":\"Article\",\"@id\":\"https:\/\/acrimat.org.br\/portal\/pjc-de-barra-do-garcas-integra-programa-que-aproxima-populacao-do-campo-das-forcas-de-seguranca\/#article\",\"isPartOf\":{\"@id\":\"https:\/\/acrimat.org.br\/portal\/pjc-de-barra-do-garcas-integra-programa-que-aproxima-populacao-do-campo-das-forcas-de-seguranca\/\"},\"author\":{\"name\":\"Assessoria de comunica\u00e7\u00e3o ACRIMAT\",\"@id\":\"https:\/\/acrimat.org.br\/portal\/#\/schema\/person\/a309b9496344ff991e8e1b1d751fdd7b\"},\"headline\":\"PJC de Barra do Gar\u00e7as integra programa que aproxima popula\u00e7\u00e3o do campo das for\u00e7as de Seguran\u00e7a\",\"datePublished\":\"2018-03-12T13:20:07+00:00\",\"mainEntityOfPage\":{\"@id\":\"https:\/\/acrimat.org.br\/portal\/pjc-de-barra-do-garcas-integra-programa-que-aproxima-populacao-do-campo-das-forcas-de-seguranca\/\"},\"wordCount\":321,\"publisher\":{\"@id\":\"https:\/\/acrimat.org.br\/portal\/#organization\"},\"articleSection\":[\"Destaques\",\"Not\u00edcias\"],\"inLanguage\":\"pt-BR\"},{\"@type\":\"WebPage\",\"@id\":\"https:\/\/acrimat.org.br\/portal\/pjc-de-barra-do-garcas-integra-programa-que-aproxima-populacao-do-campo-das-forcas-de-seguranca\/\",\"url\":\"https:\/\/acrimat.org.br\/portal\/pjc-de-barra-do-garcas-integra-programa-que-aproxima-populacao-do-campo-das-forcas-de-seguranca\/\",\"name\":\"PJC de Barra do Gar\u00e7as integra programa que aproxima popula\u00e7\u00e3o do campo das for\u00e7as de Seguran\u00e7a - Acrimat\",\"isPartOf\":{\"@id\":\"https:\/\/acrimat.org.br\/portal\/#website\"},\"datePublished\":\"2018-03-12T13:20:07+00:00\",\"breadcrumb\":{\"@id\":\"https:\/\/acrimat.org.br\/portal\/pjc-de-barra-do-garcas-integra-programa-que-aproxima-populacao-do-campo-das-forcas-de-seguranca\/#breadcrumb\"},\"inLanguage\":\"pt-BR\",\"potentialAction\":[{\"@type\":\"ReadAction\",\"target\":[\"https:\/\/acrimat.org.br\/portal\/pjc-de-barra-do-garcas-integra-programa-que-aproxima-populacao-do-campo-das-forcas-de-seguranca\/\"]}]},{\"@type\":\"BreadcrumbList\",\"@id\":\"https:\/\/acrimat.org.br\/portal\/pjc-de-barra-do-garcas-integra-programa-que-aproxima-populacao-do-campo-das-forcas-de-seguranca\/#breadcrumb\",\"itemListElement\":[{\"@type\":\"ListItem\",\"position\":1,\"name\":\"In\u00edcio\",\"item\":\"https:\/\/acrimat.org.br\/portal\/\"},{\"@type\":\"ListItem\",\"position\":2,\"name\":\"PJC de Barra do Gar\u00e7as integra programa que aproxima popula\u00e7\u00e3o do campo das for\u00e7as de Seguran\u00e7a\"}]},{\"@type\":\"WebSite\",\"@id\":\"https:\/\/acrimat.org.br\/portal\/#website\",\"url\":\"https:\/\/acrimat.org.br\/portal\/\",\"name\":\"Acrimat\",\"description\":\"Associa\u00e7\u00e3o dos Criadores de Mato Grosso\",\"publisher\":{\"@id\":\"https:\/\/acrimat.org.br\/portal\/#organization\"},\"potentialAction\":[{\"@type\":\"SearchAction\",\"target\":{\"@type\":\"EntryPoint\",\"urlTemplate\":\"https:\/\/acrimat.org.br\/portal\/?s={search_term_string}\"},\"query-input\":{\"@type\":\"PropertyValueSpecification\",\"valueRequired\":true,\"valueName\":\"search_term_string\"}}],\"inLanguage\":\"pt-BR\"},{\"@type\":\"Organization\",\"@id\":\"https:\/\/acrimat.org.br\/portal\/#organization\",\"name\":\"Associa\u00e7\u00e3o dos Criadores de Mato Grosso\",\"url\":\"https:\/\/acrimat.org.br\/portal\/\",\"logo\":{\"@type\":\"ImageObject\",\"inLanguage\":\"pt-BR\",\"@id\":\"https:\/\/acrimat.org.br\/portal\/#\/schema\/logo\/image\/\",\"url\":\"https:\/\/acrimat.org.br\/portal\/wp-content\/uploads\/2018\/03\/logo-peq-original.png\",\"contentUrl\":\"https:\/\/acrimat.org.br\/portal\/wp-content\/uploads\/2018\/03\/logo-peq-original.png\",\"width\":174,\"height\":171,\"caption\":\"Associa\u00e7\u00e3o dos Criadores de Mato Grosso\"},\"image\":{\"@id\":\"https:\/\/acrimat.org.br\/portal\/#\/schema\/logo\/image\/\"}},{\"@type\":\"Person\",\"@id\":\"https:\/\/acrimat.org.br\/portal\/#\/schema\/person\/a309b9496344ff991e8e1b1d751fdd7b\",\"name\":\"Assessoria de comunica\u00e7\u00e3o ACRIMAT\",\"image\":{\"@type\":\"ImageObject\",\"inLanguage\":\"pt-BR\",\"@id\":\"https:\/\/acrimat.org.br\/portal\/#\/schema\/person\/image\/\",\"url\":\"https:\/\/secure.gravatar.com\/avatar\/2f9c28e64c317bcd762b25cb1575f1b4?s=96&d=mm&r=g\",\"contentUrl\":\"https:\/\/secure.gravatar.com\/avatar\/2f9c28e64c317bcd762b25cb1575f1b4?s=96&d=mm&r=g\",\"caption\":\"Assessoria de comunica\u00e7\u00e3o ACRIMAT\"},\"sameAs\":[\"http:\/\/acrimat.org.br\/\"],\"url\":\"https:\/\/acrimat.org.br\/portal\/author\/ascom\/\"}]}<\/script>\n<!-- \/ Yoast SEO plugin. -->","yoast_head_json":{"title":"PJC de Barra do Gar\u00e7as integra programa que aproxima popula\u00e7\u00e3o do campo das for\u00e7as de Seguran\u00e7a - Acrimat","robots":{"index":"index","follow":"follow","max-snippet":"max-snippet:-1","max-image-preview":"max-image-preview:large","max-video-preview":"max-video-preview:-1"},"canonical":"https:\/\/acrimat.org.br\/portal\/pjc-de-barra-do-garcas-integra-programa-que-aproxima-populacao-do-campo-das-forcas-de-seguranca\/","og_locale":"pt_BR","og_type":"article","og_title":"PJC de Barra do Gar\u00e7as integra programa que aproxima popula\u00e7\u00e3o do campo das for\u00e7as de Seguran\u00e7a - Acrimat","og_description":"Nas cidades que integram o projeto haver\u00e1 cadastramento das propriedades no programa.","og_url":"https:\/\/acrimat.org.br\/portal\/pjc-de-barra-do-garcas-integra-programa-que-aproxima-populacao-do-campo-das-forcas-de-seguranca\/","og_site_name":"Acrimat","article_published_time":"2018-03-12T13:20:07+00:00","author":"Assessoria de comunica\u00e7\u00e3o ACRIMAT","twitter_card":"summary_large_image","twitter_misc":{"Escrito por":"Assessoria de comunica\u00e7\u00e3o ACRIMAT","Est. tempo de leitura":"2 minutos"},"schema":{"@context":"https:\/\/schema.org","@graph":[{"@type":"Article","@id":"https:\/\/acrimat.org.br\/portal\/pjc-de-barra-do-garcas-integra-programa-que-aproxima-populacao-do-campo-das-forcas-de-seguranca\/#article","isPartOf":{"@id":"https:\/\/acrimat.org.br\/portal\/pjc-de-barra-do-garcas-integra-programa-que-aproxima-populacao-do-campo-das-forcas-de-seguranca\/"},"author":{"name":"Assessoria de comunica\u00e7\u00e3o ACRIMAT","@id":"https:\/\/acrimat.org.br\/portal\/#\/schema\/person\/a309b9496344ff991e8e1b1d751fdd7b"},"headline":"PJC de Barra do Gar\u00e7as integra programa que aproxima popula\u00e7\u00e3o do campo das for\u00e7as de Seguran\u00e7a","datePublished":"2018-03-12T13:20:07+00:00","mainEntityOfPage":{"@id":"https:\/\/acrimat.org.br\/portal\/pjc-de-barra-do-garcas-integra-programa-que-aproxima-populacao-do-campo-das-forcas-de-seguranca\/"},"wordCount":321,"publisher":{"@id":"https:\/\/acrimat.org.br\/portal\/#organization"},"articleSection":["Destaques","Not\u00edcias"],"inLanguage":"pt-BR"},{"@type":"WebPage","@id":"https:\/\/acrimat.org.br\/portal\/pjc-de-barra-do-garcas-integra-programa-que-aproxima-populacao-do-campo-das-forcas-de-seguranca\/","url":"https:\/\/acrimat.org.br\/portal\/pjc-de-barra-do-garcas-integra-programa-que-aproxima-populacao-do-campo-das-forcas-de-seguranca\/","name":"PJC de Barra do Gar\u00e7as integra programa que aproxima popula\u00e7\u00e3o do campo das for\u00e7as de Seguran\u00e7a - Acrimat","isPartOf":{"@id":"https:\/\/acrimat.org.br\/portal\/#website"},"datePublished":"2018-03-12T13:20:07+00:00","breadcrumb":{"@id":"https:\/\/acrimat.org.br\/portal\/pjc-de-barra-do-garcas-integra-programa-que-aproxima-populacao-do-campo-das-forcas-de-seguranca\/#breadcrumb"},"inLanguage":"pt-BR","potentialAction":[{"@type":"ReadAction","target":["https:\/\/acrimat.org.br\/portal\/pjc-de-barra-do-garcas-integra-programa-que-aproxima-populacao-do-campo-das-forcas-de-seguranca\/"]}]},{"@type":"BreadcrumbList","@id":"https:\/\/acrimat.org.br\/portal\/pjc-de-barra-do-garcas-integra-programa-que-aproxima-populacao-do-campo-das-forcas-de-seguranca\/#breadcrumb","itemListElement":[{"@type":"ListItem","position":1,"name":"In\u00edcio","item":"https:\/\/acrimat.org.br\/portal\/"},{"@type":"ListItem","position":2,"name":"PJC de Barra do Gar\u00e7as integra programa que aproxima popula\u00e7\u00e3o do campo das for\u00e7as de Seguran\u00e7a"}]},{"@type":"WebSite","@id":"https:\/\/acrimat.org.br\/portal\/#website","url":"https:\/\/acrimat.org.br\/portal\/","name":"Acrimat","description":"Associa\u00e7\u00e3o dos Criadores de Mato Grosso","publisher":{"@id":"https:\/\/acrimat.org.br\/portal\/#organization"},"potentialAction":[{"@type":"SearchAction","target":{"@type":"EntryPoint","urlTemplate":"https:\/\/acrimat.org.br\/portal\/?s={search_term_string}"},"query-input":{"@type":"PropertyValueSpecification","valueRequired":true,"valueName":"search_term_string"}}],"inLanguage":"pt-BR"},{"@type":"Organization","@id":"https:\/\/acrimat.org.br\/portal\/#organization","name":"Associa\u00e7\u00e3o dos Criadores de Mato Grosso","url":"https:\/\/acrimat.org.br\/portal\/","logo":{"@type":"ImageObject","inLanguage":"pt-BR","@id":"https:\/\/acrimat.org.br\/portal\/#\/schema\/logo\/image\/","url":"https:\/\/acrimat.org.br\/portal\/wp-content\/uploads\/2018\/03\/logo-peq-original.png","contentUrl":"https:\/\/acrimat.org.br\/portal\/wp-content\/uploads\/2018\/03\/logo-peq-original.png","width":174,"height":171,"caption":"Associa\u00e7\u00e3o dos Criadores de Mato Grosso"},"image":{"@id":"https:\/\/acrimat.org.br\/portal\/#\/schema\/logo\/image\/"}},{"@type":"Person","@id":"https:\/\/acrimat.org.br\/portal\/#\/schema\/person\/a309b9496344ff991e8e1b1d751fdd7b","name":"Assessoria de comunica\u00e7\u00e3o ACRIMAT","image":{"@type":"ImageObject","inLanguage":"pt-BR","@id":"https:\/\/acrimat.org.br\/portal\/#\/schema\/person\/image\/","url":"https:\/\/secure.gravatar.com\/avatar\/2f9c28e64c317bcd762b25cb1575f1b4?s=96&d=mm&r=g","contentUrl":"https:\/\/secure.gravatar.com\/avatar\/2f9c28e64c317bcd762b25cb1575f1b4?s=96&d=mm&r=g","caption":"Assessoria de comunica\u00e7\u00e3o ACRIMAT"},"sameAs":["http:\/\/acrimat.org.br\/"],"url":"https:\/\/acrimat.org.br\/portal\/author\/ascom\/"}]}},"_links":{"self":[{"href":"https:\/\/acrimat.org.br\/portal\/wp-json\/wp\/v2\/posts\/97986328","targetHints":{"allow":["GET"]}}],"collection":[{"href":"https:\/\/acrimat.org.br\/portal\/wp-json\/wp\/v2\/posts"}],"about":[{"href":"https:\/\/acrimat.org.br\/portal\/wp-json\/wp\/v2\/types\/post"}],"author":[{"embeddable":true,"href":"https:\/\/acrimat.org.br\/portal\/wp-json\/wp\/v2\/users\/7"}],"replies":[{"embeddable":true,"href":"https:\/\/acrimat.org.br\/portal\/wp-json\/wp\/v2\/comments?post=97986328"}],"version-history":[{"count":1,"href":"https:\/\/acrimat.org.br\/portal\/wp-json\/wp\/v2\/posts\/97986328\/revisions"}],"predecessor-version":[{"id":97986329,"href":"https:\/\/acrimat.org.br\/portal\/wp-json\/wp\/v2\/posts\/97986328\/revisions\/97986329"}],"wp:attachment":[{"href":"https:\/\/acrimat.org.br\/portal\/wp-json\/wp\/v2\/media?parent=97986328"}],"wp:term":[{"taxonomy":"category","embeddable":true,"href":"https:\/\/acrimat.org.br\/portal\/wp-json\/wp\/v2\/categories?post=97986328"},{"taxonomy":"post_tag","embeddable":true,"href":"https:\/\/acrimat.org.br\/portal\/wp-json\/wp\/v2\/tags?post=97986328"}],"curies":[{"name":"wp","href":"https:\/\/api.w.org\/{rel}","templated":true}]}}