{"id":97986332,"date":"2018-03-12T10:29:10","date_gmt":"2018-03-12T13:29:10","guid":{"rendered":"http:\/\/acrimat.org.br\/portal\/?p=97986332"},"modified":"2018-03-12T10:29:10","modified_gmt":"2018-03-12T13:29:10","slug":"gazeta-agro-traz-3-ministros-a-cuiaba-para-debater-questoes-do-setor","status":"publish","type":"post","link":"https:\/\/acrimat.org.br\/portal\/gazeta-agro-traz-3-ministros-a-cuiaba-para-debater-questoes-do-setor\/","title":{"rendered":"Gazeta Agro traz 3 ministros a Cuiab\u00e1 para debater quest\u00f5es do setor"},"content":{"rendered":"<p>O Grupo Gazeta de Comunica\u00e7\u00e3o realiza nesta segunda-feira (12) o Gazeta Agro. O evento conta com a presen\u00e7a dos ministros da Agricultura, Blairo Maggi, da Fazenda, Henrique Meirelles, e do Meio Ambiente, Jos\u00e9 Sarney Filho. A programa\u00e7\u00e3o inicia a partir das 8h no Cenarium Rural, em Cuiab\u00e1, e as\u00a0<a href=\"http:\/\/www.gazetadigital.com.br\/sites\/gazetaagro\/index.html\" target=\"_blank\" rel=\"noopener\">inscri\u00e7\u00f5es s\u00e3o gratuitas<\/a>. No evento ser\u00e3o debatidas quest\u00f5es que afetam diretamente o agroneg\u00f3cio, como as perspectivas econ\u00f4micas, a pol\u00edtica agr\u00edcola desenvolvida pelo Mapa e a legisla\u00e7\u00e3o ambiental.<\/p>\n<p>A abertura oficial do evento ser\u00e1 realizada \u00e0s 9h e contar\u00e1 com a participa\u00e7\u00e3o do governador Pedro Taques. Logo ap\u00f3s, os ministros far\u00e3o as suas apresenta\u00e7\u00f5es. Blairo Maggi falar\u00e1 sobre a abertura de mercados, Henrique Meirelles sobre as perspectivas econ\u00f4micas e Jos\u00e9 Sarney Filho sobre o C\u00f3digo Florestal.<\/p>\n<p>Ambos escutar\u00e3o as demandas das entidades agr\u00edcolas, j\u00e1 que o debate contar\u00e1 com a presen\u00e7a de representantes da Aprosoja Brasil; da Confedera\u00e7\u00e3o Nacional da Agricultura (CNA); da Associa\u00e7\u00e3o Brasileira dos Produtores de Algod\u00e3o (Abrapa); da Associa\u00e7\u00e3o Brasileira das Ind\u00fastrias Exportadoras de Carnes (Abiec); e da Associa\u00e7\u00e3o Brasileira de Prote\u00edna Animal (ABPA).<\/p>\n<p>\u201cIniciativas como essa s\u00e3o extremamente importantes para fortalecer o setor que, hoje, sustenta a economia do pa\u00eds. O IBGE divulgou inclusive, que o crescimento do PIB em 2017 foi impulsionado pelo aumento de 13% no setor agropecu\u00e1rio. Esse foi o maior da hist\u00f3ria desse 1996. N\u00e3o h\u00e1 como negar a for\u00e7a do agro brasileiro\u201d, disse o ministro da Agricultura, Blairo Maggi.<\/p>\n<p>Produtos agropecu\u00e1rios de Mato Grosso que j\u00e1 chegam a diversos destinos do mundo poder\u00e3o ampliar ainda mais o seu alcance, com a abertura de novos mercados. No ano passado, o ministro e o secret\u00e1rio-executivo do Mapa, Eumar Novacki, lideraram viagens internacionais com o objetivo de ampliar as rela\u00e7\u00f5es de com\u00e9rcio internacional. Em 2016, as negocia\u00e7\u00f5es comerciais feitas pelo Mapa com 17 pa\u00edses resultaram na abertura de mercado para 22 produtos brasileiros o que representou US$ 8,3 bilh\u00f5es anuais.<\/p>\n<p>Para expandir, o setor conta com a\u00e7\u00f5es de apoio \u00e0 produ\u00e7\u00e3o. No \u00e2mbito da pol\u00edtica agr\u00edcola desenvolvida pelo governo federal, o Mapa executa o Plano Safra (Plano Agr\u00edcola e Pecu\u00e1rio &#8211; PAP) todos os anos. Na safra 2017\/18 foram disponibilizados R$188,3 bilh\u00f5es para o cr\u00e9dito rural em opera\u00e7\u00f5es de plantio, comercializa\u00e7\u00e3o e custeio. Para o Seguro Rural foram destinados R$ 550 milh\u00f5es e R$ 1,4 bilh\u00e3o no apoio \u00e0 comercializa\u00e7\u00e3o da Pol\u00edtica de Garantia de Pre\u00e7os M\u00ednimos (PGPM).<\/p>\n<p>Al\u00e9m disso, as a\u00e7\u00f5es de custeio do milho foram fundamentais para evitar um crise maior ao setor no ano passado. \u201cNo caso do milho neste ano foram mais de R$ 800 milh\u00f5es injetados diretamente ao produtor. \u00c9 um recurso que movimentou toda a economia do Estado\u201d, ressalta o secret\u00e1rio de Pol\u00edtica Agr\u00edcola do Mapa, Neri Geller, que far\u00e1 uma apresenta\u00e7\u00e3o a partir das 14h30, quando iniciar\u00e1 o debate entre as entidades e os representantes do agroneg\u00f3cio em Mato Grosso, como a Associa\u00e7\u00e3o dos Criadores de Mato Grosso (Acrimat), Associa\u00e7\u00e3o dos Produtores de Soja e Milho de Mato Grosso (Aprosoja\/MT), Associa\u00e7\u00e3o Matogrossense dos Produtores de Algod\u00e3o (Ampa), Federa\u00e7\u00e3o da Agricultura e Pecu\u00e1ria de Mato Grosso (Famato) e Associa\u00e7\u00e3o Brasileira do Agroneg\u00f3cio (Abag) e Abrapa.<\/p>\n","protected":false},"excerpt":{"rendered":"<p>O Grupo Gazeta de Comunica\u00e7\u00e3o realiza nesta segunda-feira (12) o Gazeta Agro<\/p>\n","protected":false},"author":7,"featured_media":97986333,"comment_status":"closed","ping_status":"closed","sticky":false,"template":"","format":"standard","meta":{"footnotes":""},"categories":[6,1],"tags":[],"class_list":["post-97986332","post","type-post","status-publish","format-standard","has-post-thumbnail","hentry","category-destaque","category-noticia"],"yoast_head":"<!-- This site is optimized with the Yoast SEO plugin v24.8.1 - https:\/\/yoast.com\/wordpress\/plugins\/seo\/ -->\n<title>Gazeta Agro traz 3 ministros a Cuiab\u00e1 para debater quest\u00f5es do setor - Acrimat<\/title>\n<meta name=\"robots\" content=\"index, follow, max-snippet:-1, max-image-preview:large, max-video-preview:-1\" \/>\n<link rel=\"canonical\" href=\"https:\/\/acrimat.org.br\/portal\/gazeta-agro-traz-3-ministros-a-cuiaba-para-debater-questoes-do-setor\/\" \/>\n<meta property=\"og:locale\" content=\"pt_BR\" \/>\n<meta property=\"og:type\" content=\"article\" \/>\n<meta property=\"og:title\" content=\"Gazeta Agro traz 3 ministros a Cuiab\u00e1 para debater quest\u00f5es do setor - Acrimat\" \/>\n<meta property=\"og:description\" content=\"O Grupo Gazeta de Comunica\u00e7\u00e3o realiza nesta segunda-feira (12) o Gazeta Agro\" \/>\n<meta property=\"og:url\" content=\"https:\/\/acrimat.org.br\/portal\/gazeta-agro-traz-3-ministros-a-cuiaba-para-debater-questoes-do-setor\/\" \/>\n<meta property=\"og:site_name\" content=\"Acrimat\" \/>\n<meta property=\"article:published_time\" content=\"2018-03-12T13:29:10+00:00\" \/>\n<meta property=\"og:image\" content=\"https:\/\/acrimat.org.br\/portal\/wp-content\/uploads\/2018\/03\/landing-page.jpg\" \/>\n\t<meta property=\"og:image:width\" content=\"1200\" \/>\n\t<meta property=\"og:image:height\" content=\"724\" \/>\n\t<meta property=\"og:image:type\" content=\"image\/jpeg\" \/>\n<meta name=\"author\" content=\"Assessoria de comunica\u00e7\u00e3o ACRIMAT\" \/>\n<meta name=\"twitter:card\" content=\"summary_large_image\" \/>\n<meta name=\"twitter:label1\" content=\"Escrito por\" \/>\n\t<meta name=\"twitter:data1\" content=\"Assessoria de comunica\u00e7\u00e3o ACRIMAT\" \/>\n\t<meta name=\"twitter:label2\" content=\"Est. tempo de leitura\" \/>\n\t<meta name=\"twitter:data2\" content=\"3 minutos\" \/>\n<script type=\"application\/ld+json\" class=\"yoast-schema-graph\">{\"@context\":\"https:\/\/schema.org\",\"@graph\":[{\"@type\":\"Article\",\"@id\":\"https:\/\/acrimat.org.br\/portal\/gazeta-agro-traz-3-ministros-a-cuiaba-para-debater-questoes-do-setor\/#article\",\"isPartOf\":{\"@id\":\"https:\/\/acrimat.org.br\/portal\/gazeta-agro-traz-3-ministros-a-cuiaba-para-debater-questoes-do-setor\/\"},\"author\":{\"name\":\"Assessoria de comunica\u00e7\u00e3o ACRIMAT\",\"@id\":\"https:\/\/acrimat.org.br\/portal\/#\/schema\/person\/a309b9496344ff991e8e1b1d751fdd7b\"},\"headline\":\"Gazeta Agro traz 3 ministros a Cuiab\u00e1 para debater quest\u00f5es do setor\",\"datePublished\":\"2018-03-12T13:29:10+00:00\",\"mainEntityOfPage\":{\"@id\":\"https:\/\/acrimat.org.br\/portal\/gazeta-agro-traz-3-ministros-a-cuiaba-para-debater-questoes-do-setor\/\"},\"wordCount\":587,\"publisher\":{\"@id\":\"https:\/\/acrimat.org.br\/portal\/#organization\"},\"image\":{\"@id\":\"https:\/\/acrimat.org.br\/portal\/gazeta-agro-traz-3-ministros-a-cuiaba-para-debater-questoes-do-setor\/#primaryimage\"},\"thumbnailUrl\":\"https:\/\/acrimat.org.br\/portal\/wp-content\/uploads\/2018\/03\/landing-page.jpg\",\"articleSection\":[\"Destaques\",\"Not\u00edcias\"],\"inLanguage\":\"pt-BR\"},{\"@type\":\"WebPage\",\"@id\":\"https:\/\/acrimat.org.br\/portal\/gazeta-agro-traz-3-ministros-a-cuiaba-para-debater-questoes-do-setor\/\",\"url\":\"https:\/\/acrimat.org.br\/portal\/gazeta-agro-traz-3-ministros-a-cuiaba-para-debater-questoes-do-setor\/\",\"name\":\"Gazeta Agro traz 3 ministros a Cuiab\u00e1 para debater quest\u00f5es do setor - Acrimat\",\"isPartOf\":{\"@id\":\"https:\/\/acrimat.org.br\/portal\/#website\"},\"primaryImageOfPage\":{\"@id\":\"https:\/\/acrimat.org.br\/portal\/gazeta-agro-traz-3-ministros-a-cuiaba-para-debater-questoes-do-setor\/#primaryimage\"},\"image\":{\"@id\":\"https:\/\/acrimat.org.br\/portal\/gazeta-agro-traz-3-ministros-a-cuiaba-para-debater-questoes-do-setor\/#primaryimage\"},\"thumbnailUrl\":\"https:\/\/acrimat.org.br\/portal\/wp-content\/uploads\/2018\/03\/landing-page.jpg\",\"datePublished\":\"2018-03-12T13:29:10+00:00\",\"breadcrumb\":{\"@id\":\"https:\/\/acrimat.org.br\/portal\/gazeta-agro-traz-3-ministros-a-cuiaba-para-debater-questoes-do-setor\/#breadcrumb\"},\"inLanguage\":\"pt-BR\",\"potentialAction\":[{\"@type\":\"ReadAction\",\"target\":[\"https:\/\/acrimat.org.br\/portal\/gazeta-agro-traz-3-ministros-a-cuiaba-para-debater-questoes-do-setor\/\"]}]},{\"@type\":\"ImageObject\",\"inLanguage\":\"pt-BR\",\"@id\":\"https:\/\/acrimat.org.br\/portal\/gazeta-agro-traz-3-ministros-a-cuiaba-para-debater-questoes-do-setor\/#primaryimage\",\"url\":\"https:\/\/acrimat.org.br\/portal\/wp-content\/uploads\/2018\/03\/landing-page.jpg\",\"contentUrl\":\"https:\/\/acrimat.org.br\/portal\/wp-content\/uploads\/2018\/03\/landing-page.jpg\",\"width\":1200,\"height\":724},{\"@type\":\"BreadcrumbList\",\"@id\":\"https:\/\/acrimat.org.br\/portal\/gazeta-agro-traz-3-ministros-a-cuiaba-para-debater-questoes-do-setor\/#breadcrumb\",\"itemListElement\":[{\"@type\":\"ListItem\",\"position\":1,\"name\":\"In\u00edcio\",\"item\":\"https:\/\/acrimat.org.br\/portal\/\"},{\"@type\":\"ListItem\",\"position\":2,\"name\":\"Gazeta Agro traz 3 ministros a Cuiab\u00e1 para debater quest\u00f5es do setor\"}]},{\"@type\":\"WebSite\",\"@id\":\"https:\/\/acrimat.org.br\/portal\/#website\",\"url\":\"https:\/\/acrimat.org.br\/portal\/\",\"name\":\"Acrimat\",\"description\":\"Associa\u00e7\u00e3o dos Criadores de Mato Grosso\",\"publisher\":{\"@id\":\"https:\/\/acrimat.org.br\/portal\/#organization\"},\"potentialAction\":[{\"@type\":\"SearchAction\",\"target\":{\"@type\":\"EntryPoint\",\"urlTemplate\":\"https:\/\/acrimat.org.br\/portal\/?s={search_term_string}\"},\"query-input\":{\"@type\":\"PropertyValueSpecification\",\"valueRequired\":true,\"valueName\":\"search_term_string\"}}],\"inLanguage\":\"pt-BR\"},{\"@type\":\"Organization\",\"@id\":\"https:\/\/acrimat.org.br\/portal\/#organization\",\"name\":\"Associa\u00e7\u00e3o dos Criadores de Mato Grosso\",\"url\":\"https:\/\/acrimat.org.br\/portal\/\",\"logo\":{\"@type\":\"ImageObject\",\"inLanguage\":\"pt-BR\",\"@id\":\"https:\/\/acrimat.org.br\/portal\/#\/schema\/logo\/image\/\",\"url\":\"https:\/\/acrimat.org.br\/portal\/wp-content\/uploads\/2018\/03\/logo-peq-original.png\",\"contentUrl\":\"https:\/\/acrimat.org.br\/portal\/wp-content\/uploads\/2018\/03\/logo-peq-original.png\",\"width\":174,\"height\":171,\"caption\":\"Associa\u00e7\u00e3o dos Criadores de Mato Grosso\"},\"image\":{\"@id\":\"https:\/\/acrimat.org.br\/portal\/#\/schema\/logo\/image\/\"}},{\"@type\":\"Person\",\"@id\":\"https:\/\/acrimat.org.br\/portal\/#\/schema\/person\/a309b9496344ff991e8e1b1d751fdd7b\",\"name\":\"Assessoria de comunica\u00e7\u00e3o ACRIMAT\",\"image\":{\"@type\":\"ImageObject\",\"inLanguage\":\"pt-BR\",\"@id\":\"https:\/\/acrimat.org.br\/portal\/#\/schema\/person\/image\/\",\"url\":\"https:\/\/secure.gravatar.com\/avatar\/2f9c28e64c317bcd762b25cb1575f1b4?s=96&d=mm&r=g\",\"contentUrl\":\"https:\/\/secure.gravatar.com\/avatar\/2f9c28e64c317bcd762b25cb1575f1b4?s=96&d=mm&r=g\",\"caption\":\"Assessoria de comunica\u00e7\u00e3o ACRIMAT\"},\"sameAs\":[\"http:\/\/acrimat.org.br\/\"],\"url\":\"https:\/\/acrimat.org.br\/portal\/author\/ascom\/\"}]}<\/script>\n<!-- \/ Yoast SEO plugin. -->","yoast_head_json":{"title":"Gazeta Agro traz 3 ministros a Cuiab\u00e1 para debater quest\u00f5es do setor - Acrimat","robots":{"index":"index","follow":"follow","max-snippet":"max-snippet:-1","max-image-preview":"max-image-preview:large","max-video-preview":"max-video-preview:-1"},"canonical":"https:\/\/acrimat.org.br\/portal\/gazeta-agro-traz-3-ministros-a-cuiaba-para-debater-questoes-do-setor\/","og_locale":"pt_BR","og_type":"article","og_title":"Gazeta Agro traz 3 ministros a Cuiab\u00e1 para debater quest\u00f5es do setor - Acrimat","og_description":"O Grupo Gazeta de Comunica\u00e7\u00e3o realiza nesta segunda-feira (12) o Gazeta Agro","og_url":"https:\/\/acrimat.org.br\/portal\/gazeta-agro-traz-3-ministros-a-cuiaba-para-debater-questoes-do-setor\/","og_site_name":"Acrimat","article_published_time":"2018-03-12T13:29:10+00:00","og_image":[{"width":1200,"height":724,"url":"https:\/\/acrimat.org.br\/portal\/wp-content\/uploads\/2018\/03\/landing-page.jpg","type":"image\/jpeg"}],"author":"Assessoria de comunica\u00e7\u00e3o ACRIMAT","twitter_card":"summary_large_image","twitter_misc":{"Escrito por":"Assessoria de comunica\u00e7\u00e3o ACRIMAT","Est. tempo de leitura":"3 minutos"},"schema":{"@context":"https:\/\/schema.org","@graph":[{"@type":"Article","@id":"https:\/\/acrimat.org.br\/portal\/gazeta-agro-traz-3-ministros-a-cuiaba-para-debater-questoes-do-setor\/#article","isPartOf":{"@id":"https:\/\/acrimat.org.br\/portal\/gazeta-agro-traz-3-ministros-a-cuiaba-para-debater-questoes-do-setor\/"},"author":{"name":"Assessoria de comunica\u00e7\u00e3o ACRIMAT","@id":"https:\/\/acrimat.org.br\/portal\/#\/schema\/person\/a309b9496344ff991e8e1b1d751fdd7b"},"headline":"Gazeta Agro traz 3 ministros a Cuiab\u00e1 para debater quest\u00f5es do setor","datePublished":"2018-03-12T13:29:10+00:00","mainEntityOfPage":{"@id":"https:\/\/acrimat.org.br\/portal\/gazeta-agro-traz-3-ministros-a-cuiaba-para-debater-questoes-do-setor\/"},"wordCount":587,"publisher":{"@id":"https:\/\/acrimat.org.br\/portal\/#organization"},"image":{"@id":"https:\/\/acrimat.org.br\/portal\/gazeta-agro-traz-3-ministros-a-cuiaba-para-debater-questoes-do-setor\/#primaryimage"},"thumbnailUrl":"https:\/\/acrimat.org.br\/portal\/wp-content\/uploads\/2018\/03\/landing-page.jpg","articleSection":["Destaques","Not\u00edcias"],"inLanguage":"pt-BR"},{"@type":"WebPage","@id":"https:\/\/acrimat.org.br\/portal\/gazeta-agro-traz-3-ministros-a-cuiaba-para-debater-questoes-do-setor\/","url":"https:\/\/acrimat.org.br\/portal\/gazeta-agro-traz-3-ministros-a-cuiaba-para-debater-questoes-do-setor\/","name":"Gazeta Agro traz 3 ministros a Cuiab\u00e1 para debater quest\u00f5es do setor - Acrimat","isPartOf":{"@id":"https:\/\/acrimat.org.br\/portal\/#website"},"primaryImageOfPage":{"@id":"https:\/\/acrimat.org.br\/portal\/gazeta-agro-traz-3-ministros-a-cuiaba-para-debater-questoes-do-setor\/#primaryimage"},"image":{"@id":"https:\/\/acrimat.org.br\/portal\/gazeta-agro-traz-3-ministros-a-cuiaba-para-debater-questoes-do-setor\/#primaryimage"},"thumbnailUrl":"https:\/\/acrimat.org.br\/portal\/wp-content\/uploads\/2018\/03\/landing-page.jpg","datePublished":"2018-03-12T13:29:10+00:00","breadcrumb":{"@id":"https:\/\/acrimat.org.br\/portal\/gazeta-agro-traz-3-ministros-a-cuiaba-para-debater-questoes-do-setor\/#breadcrumb"},"inLanguage":"pt-BR","potentialAction":[{"@type":"ReadAction","target":["https:\/\/acrimat.org.br\/portal\/gazeta-agro-traz-3-ministros-a-cuiaba-para-debater-questoes-do-setor\/"]}]},{"@type":"ImageObject","inLanguage":"pt-BR","@id":"https:\/\/acrimat.org.br\/portal\/gazeta-agro-traz-3-ministros-a-cuiaba-para-debater-questoes-do-setor\/#primaryimage","url":"https:\/\/acrimat.org.br\/portal\/wp-content\/uploads\/2018\/03\/landing-page.jpg","contentUrl":"https:\/\/acrimat.org.br\/portal\/wp-content\/uploads\/2018\/03\/landing-page.jpg","width":1200,"height":724},{"@type":"BreadcrumbList","@id":"https:\/\/acrimat.org.br\/portal\/gazeta-agro-traz-3-ministros-a-cuiaba-para-debater-questoes-do-setor\/#breadcrumb","itemListElement":[{"@type":"ListItem","position":1,"name":"In\u00edcio","item":"https:\/\/acrimat.org.br\/portal\/"},{"@type":"ListItem","position":2,"name":"Gazeta Agro traz 3 ministros a Cuiab\u00e1 para debater quest\u00f5es do setor"}]},{"@type":"WebSite","@id":"https:\/\/acrimat.org.br\/portal\/#website","url":"https:\/\/acrimat.org.br\/portal\/","name":"Acrimat","description":"Associa\u00e7\u00e3o dos Criadores de Mato Grosso","publisher":{"@id":"https:\/\/acrimat.org.br\/portal\/#organization"},"potentialAction":[{"@type":"SearchAction","target":{"@type":"EntryPoint","urlTemplate":"https:\/\/acrimat.org.br\/portal\/?s={search_term_string}"},"query-input":{"@type":"PropertyValueSpecification","valueRequired":true,"valueName":"search_term_string"}}],"inLanguage":"pt-BR"},{"@type":"Organization","@id":"https:\/\/acrimat.org.br\/portal\/#organization","name":"Associa\u00e7\u00e3o dos Criadores de Mato Grosso","url":"https:\/\/acrimat.org.br\/portal\/","logo":{"@type":"ImageObject","inLanguage":"pt-BR","@id":"https:\/\/acrimat.org.br\/portal\/#\/schema\/logo\/image\/","url":"https:\/\/acrimat.org.br\/portal\/wp-content\/uploads\/2018\/03\/logo-peq-original.png","contentUrl":"https:\/\/acrimat.org.br\/portal\/wp-content\/uploads\/2018\/03\/logo-peq-original.png","width":174,"height":171,"caption":"Associa\u00e7\u00e3o dos Criadores de Mato Grosso"},"image":{"@id":"https:\/\/acrimat.org.br\/portal\/#\/schema\/logo\/image\/"}},{"@type":"Person","@id":"https:\/\/acrimat.org.br\/portal\/#\/schema\/person\/a309b9496344ff991e8e1b1d751fdd7b","name":"Assessoria de comunica\u00e7\u00e3o ACRIMAT","image":{"@type":"ImageObject","inLanguage":"pt-BR","@id":"https:\/\/acrimat.org.br\/portal\/#\/schema\/person\/image\/","url":"https:\/\/secure.gravatar.com\/avatar\/2f9c28e64c317bcd762b25cb1575f1b4?s=96&d=mm&r=g","contentUrl":"https:\/\/secure.gravatar.com\/avatar\/2f9c28e64c317bcd762b25cb1575f1b4?s=96&d=mm&r=g","caption":"Assessoria de comunica\u00e7\u00e3o ACRIMAT"},"sameAs":["http:\/\/acrimat.org.br\/"],"url":"https:\/\/acrimat.org.br\/portal\/author\/ascom\/"}]}},"_links":{"self":[{"href":"https:\/\/acrimat.org.br\/portal\/wp-json\/wp\/v2\/posts\/97986332","targetHints":{"allow":["GET"]}}],"collection":[{"href":"https:\/\/acrimat.org.br\/portal\/wp-json\/wp\/v2\/posts"}],"about":[{"href":"https:\/\/acrimat.org.br\/portal\/wp-json\/wp\/v2\/types\/post"}],"author":[{"embeddable":true,"href":"https:\/\/acrimat.org.br\/portal\/wp-json\/wp\/v2\/users\/7"}],"replies":[{"embeddable":true,"href":"https:\/\/acrimat.org.br\/portal\/wp-json\/wp\/v2\/comments?post=97986332"}],"version-history":[{"count":1,"href":"https:\/\/acrimat.org.br\/portal\/wp-json\/wp\/v2\/posts\/97986332\/revisions"}],"predecessor-version":[{"id":97986334,"href":"https:\/\/acrimat.org.br\/portal\/wp-json\/wp\/v2\/posts\/97986332\/revisions\/97986334"}],"wp:featuredmedia":[{"embeddable":true,"href":"https:\/\/acrimat.org.br\/portal\/wp-json\/wp\/v2\/media\/97986333"}],"wp:attachment":[{"href":"https:\/\/acrimat.org.br\/portal\/wp-json\/wp\/v2\/media?parent=97986332"}],"wp:term":[{"taxonomy":"category","embeddable":true,"href":"https:\/\/acrimat.org.br\/portal\/wp-json\/wp\/v2\/categories?post=97986332"},{"taxonomy":"post_tag","embeddable":true,"href":"https:\/\/acrimat.org.br\/portal\/wp-json\/wp\/v2\/tags?post=97986332"}],"curies":[{"name":"wp","href":"https:\/\/api.w.org\/{rel}","templated":true}]}}